{"id":511,"date":"2017-09-08T16:11:19","date_gmt":"2017-09-08T14:11:19","guid":{"rendered":"http:\/\/powiazane.tarexperts.net\/?p=511"},"modified":"2024-07-30T07:25:27","modified_gmt":"2024-07-30T05:25:27","slug":"oswiadczenie-o-posiadaniu-dokumentacji-cen-transferowych-wzor","status":"publish","type":"post","link":"https:\/\/pragmatiq.pl\/powiazane\/oswiadczenie-o-posiadaniu-dokumentacji-cen-transferowych-wzor\/","title":{"rendered":"O\u015bwiadczenie o posiadaniu dokumentacji cen transferowych &#8211; wz\u00f3r"},"content":{"rendered":"<p>Od 1 stycznia 2017 r. podatnicy maj\u0105 obowi\u0105zek z\u0142o\u017cenia o\u015bwiadczenia o sporz\u0105dzeniu dokumentacji cen transferowych. Pierwsze o\u015bwiadczenia zostan\u0105 z\u0142o\u017cone ju\u017c do 31 marca 2018 r.<\/p>\n<p><a href=\"https:\/\/pragmatiq.pl\/powiazane\/oferta\/\" target=\"_blank\" rel=\"noopener\"><img loading=\"lazy\" decoding=\"async\" class=\"alignnone size-full wp-image-582\" src=\"https:\/\/pragmatiq.pl\/powiazane\/wp-content\/uploads\/2017\/09\/dctoferta4.png\" alt=\"\" width=\"750\" height=\"278\" srcset=\"https:\/\/pragmatiq.pl\/powiazane\/wp-content\/uploads\/2017\/09\/dctoferta4.png 750w, https:\/\/pragmatiq.pl\/powiazane\/wp-content\/uploads\/2017\/09\/dctoferta4-300x111.png 300w\" sizes=\"auto, (max-width: 750px) 100vw, 750px\" \/><\/a><\/p>\n<h2><strong>O\u015bwiadczenie o sporz\u0105dzeniu dokumentacji podatkowej<\/strong><\/h2>\n<p>Podatnicy zobowi\u0105zani s\u0105 do z\u0142o\u017cenia o\u015bwiadczenia o sporz\u0105dzeniu dokumentacji cen transferowych w terminie przewidzianym do z\u0142o\u017cenia przez nich zeznania podatkowego za poprzedni rok.<\/p>\n<p>W zwi\u0105zku z powy\u017cszym pierwsze o\u015bwiadczenia zostan\u0105 z\u0142o\u017cone do urz\u0119d\u00f3w skarbowych <strong>do 31 marca 2018 r.<\/strong> Dotyczy\u0107 b\u0119dzie do podatnik\u00f3w CIT posiadaj\u0105cych kalendarzowy rok podatkowy. Osoby fizyczne (prowadz\u0105ce dzia\u0142alno\u015b\u0107 gospodarcz\u0105 indywidualnie lub za pomoc\u0105 sp\u00f3\u0142ki osobowej) zobowi\u0105zane s\u0105 z\u0142o\u017cy\u0107 o\u015bwiadczenie o posiadaniu dokumentacji cen transferowych <strong>do 30 kwietnia 2018 r.<\/strong><\/p>\n<blockquote>\n<h2 class=\"section__title\"><a href=\"https:\/\/pragmatiq.pl\/powiazane\/\" target=\"_blank\" rel=\"noopener\">Termin sporz\u0105dzenia dokumentacji cen transferowych zosta\u0142 odroczony! Sprawd\u017a!<\/a><\/h2>\n<\/blockquote>\n<p>ZAPOZNAJ SI\u0118 Z NOWYM WZOREM O\u015aWIADCZENIA W <a href=\"https:\/\/pragmatiq.pl\/powiazane\/nowy-wzor-oswiadczenia-o-posiadaniu-dokumentacji-cen-transferowych\/\" target=\"_blank\" rel=\"noopener\">NASZYM NOWYM ARTYKULE<\/a>!<\/p>\n<h2><strong>O\u015bwiadczenie do US \u2013 kto podpisuje?<\/strong><\/h2>\n<p>Osob\u0105 zobowi\u0105zan\u0105 do podpisania o\u015bwiadczenia jest podatnik. W zale\u017cno\u015bci od jego rodzaju, o\u015bwiadczenie podpisuj\u0105 inne osoby.<\/p>\n<ul>\n<li>przy indywidualnej dzia\u0142alno\u015bci gospodarczej \u2013 osoba prowadz\u0105ca dzia\u0142alno\u015b\u0107 gospodarcz\u0105<\/li>\n<li>przy\u00a0sp\u00f3\u0142ce jawnej lub sp\u00f3\u0142ce cywilnej\u00a0\u2013\u00a0wsp\u00f3lnicy prowadz\u0105cy sprawy sp\u00f3\u0142ki<\/li>\n<li>przy\u00a0sp\u00f3\u0142ce partnerskiej\u00a0\u2013\u00a0wsp\u00f3lnicy prowadz\u0105cy sprawy sp\u00f3\u0142ki albo zarz\u0105d<\/li>\n<li>przy sp\u00f3\u0142ce komandytowej\u00a0\u2013 wszyscy wsp\u00f3lnicy sp\u00f3\u0142ki<\/li>\n<li>komandytowo-akcyjnej \u2013 komplementariusze (SKA), jako reprezentuj\u0105cy sp\u00f3\u0142k\u0119<\/li>\n<li>przy sp\u00f3\u0142ce z ograniczon\u0105 odpowiedzialno\u015bci\u0105 lub sp\u00f3\u0142ce akcyjnej \u2013 zarz\u0105d zgodnie z reprezentacj\u0105<\/li>\n<li>w przypadku likwidowanej sp\u00f3\u0142ki \u2013 likwidator<\/li>\n<li>w przypadku sp\u00f3\u0142ki w trakcie post\u0119powania restrukturyzacyjnego \u2013 syndyk lub zarz\u0105dca<\/li>\n<\/ul>\n<h2><strong>O\u015bwiadczenie o posiadaniu dokumentacji cen transferowych \u2013 wz\u00f3r<\/strong><\/h2>\n<p>Zastanawiasz si\u0119 jak powinno wygl\u0105da\u0107 o\u015bwiadczenie o przygotowaniu dokumentacji cen transferowych sk\u0142adane do urz\u0119du skarbowego? Poni\u017cej zamieszczamy przyk\u0142adowy wz\u00f3r.<\/p>\n<hr \/>\n<p style=\"text-align: right;\"><em>\u2026\u2026miejscowo\u015b\u0107\u2026\u2026., dnia \u2026\u2026\u2026\u2026\u2026.<\/em><\/p>\n<p><em>podatnik:<\/em><\/p>\n<p><em>firma sp\u00f3\u0142ki\/imi\u0119 i nazwisko<br \/>\nadres<br \/>\nkod pocztowy, miasto<br \/>\nNIP: \u2026\u2026\u2026\u2026\u2026\u2026\u2026\u2026..<\/em><em style=\"text-align: right;\">\u2026\u2026\u2026\u2026.<\/em><em><br \/>\n<\/em><\/p>\n<p style=\"text-align: right;\"><em>&#8230;&#8230;&#8230;&#8230;&#8230;&#8230;&#8230;&#8230;&#8230;&#8230;&#8230;&#8230;&#8230;&#8230;&#8230;&#8230;&#8230;&#8230;&#8230;<br \/>\ndane urz\u0119du skarbowego<br \/>\nzgodnie z w\u0142a\u015bciwo\u015bci\u0105 podatnika<\/em><\/p>\n<p style=\"text-align: right;\"><em>\u00a0<\/em><\/p>\n<p><em>Dzia\u0142aj\u0105c jako podatnik\/jako osoba\/y reprezentuj\u0105ca\/ce podatnika o\u015bwiadczam\/y, \u017ce na moment z\u0142o\u017cenia rocznego zeznania podatkowego o wysoko\u015bci osi\u0105gni\u0119tego dochodu (straty) przez podatnika za rok \u2026(rok)\u2026 zosta\u0142a sporz\u0105dzona dokumentacja podatkowa, kt\u00f3ra obejmuje wszystkie transakcje i zdarzenia jednego rodzaju w stosunku do kt\u00f3rych wyst\u0105pi\u0142 obowi\u0105zek dokumentacyjny w \u2026(rok)\u2026 .<\/em><\/p>\n<p><em>Jednocze\u015bnie wskazuj\u0119\/wskazujemy, \u017ce opis danych finansowych zostanie sporz\u0105dzony przez podatnika w terminie 10 dni od dnia zatwierdzenia sprawozdania finansowego. Na moment z\u0142o\u017cenia zeznania podatkowego zgodnie z art. 52 ust 1 oraz art. 53 ust. 1 ustawy z dnia\u00a029 wrze\u015bnia 1994 r. o rachunkowo\u015bci (Dz. U. z 2016 r. poz. 1047 ze zm.) sprawozdanie finansowe podatnika nie zosta\u0142o bowiem zatwierdzone.<\/em><\/p>\n<p>&nbsp;<\/p>\n<p style=\"text-align: center;\"><em>\u2026\u2026\u2026\u2026podpis\/y\u2026\u2026\u2026\u2026<br \/>\nimi\u0119 i nazwisko \/ imiona i nazwiska<br \/>\n<\/em><em>[Prezes Zarz\u0105du, Dyrektor Finansowy, G\u0142\u00f3wny Ksi\u0119gowy lub inna osoba reprezentuj\u0105ca podatnika ze sk\u0142adanie deklaracji podatkowych i\/lub prowadz\u0105ca ksi\u0119gi]<\/em><\/p>\n<hr \/>\n<p>ZAPOZNAJ SI\u0118 Z NOWYM WZOREM O\u015aWIADCZENIA W <a href=\"https:\/\/pragmatiq.pl\/powiazane\/nowy-wzor-oswiadczenia-o-posiadaniu-dokumentacji-cen-transferowych\/\" target=\"_blank\" rel=\"noopener\">NASZYM NOWYM ARTYKULE<\/a>!<\/p>\n<p><strong>Obejrzyj r\u00f3wnie\u017c film, kt\u00f3ry odpowiada m.in. na nast\u0119puj\u0105ce pytania: Czy transakcje pomi\u0119dzy podmiotami powi\u0105zanymi s\u0105 niebezpieczne? Jakie s\u0105 obowi\u0105zki podmiot\u00f3w powi\u0105zanych dokonuj\u0105cych ze sob\u0105 transakcji? Co to jest dokumentacja cen transferowych?<\/strong><\/p>\n<p><iframe loading=\"lazy\" title=\"Transakcje mi\u0119dzy podmiotami powi\u0105zanymi. Dokumentacja cen transferowych bez tajemnic\" width=\"500\" height=\"281\" src=\"https:\/\/www.youtube.com\/embed\/zriBJSFlrO8?feature=oembed\" frameborder=\"0\" allow=\"accelerometer; autoplay; clipboard-write; encrypted-media; gyroscope; picture-in-picture; web-share\" referrerpolicy=\"strict-origin-when-cross-origin\" allowfullscreen><\/iframe><\/p>\n<p>Dominika Jaszczyk<\/p>\n","protected":false},"excerpt":{"rendered":"<p>Chcesz dowiedzie\u0107 si\u0119 w jaki spos\u00f3b przygotowa\u0107 o\u015bwiadczenie o posiadaniu dokumentacji cen transferowych? Zapoznaj si\u0119 z naszym artyku\u0142em. Przygotowali\u015bmy dla Ciebie wz\u00f3r o\u015bwiadczenia!<\/p>\n","protected":false},"author":4,"featured_media":0,"comment_status":"open","ping_status":"open","sticky":false,"template":"","format":"standard","meta":{"footnotes":""},"categories":[2],"tags":[12,11],"class_list":["post-511","post","type-post","status-publish","format-standard","hentry","category-dokumentacja","tag-obowiazki-dokumentacyjne","tag-oswiadczenie"],"yoast_head":"<!-- This site is optimized with the Yoast SEO plugin v22.8 - https:\/\/yoast.com\/wordpress\/plugins\/seo\/ -->\n<title>O\u015bwiadczenie ceny transferowe | Powiazane.pl<\/title>\n<meta name=\"description\" content=\"Chcesz dowiedzie\u0107 si\u0119 w jaki spos\u00f3b przygotowa\u0107 o\u015bwiadczenie o posiadaniu dokumentacji cen transferowych? Zapoznaj si\u0119 z naszym artyku\u0142em. Przygotowali\u015bmy dla Ciebie wz\u00f3r o\u015bwiadczenia!\" \/>\n<meta name=\"robots\" content=\"index, follow, max-snippet:-1, max-image-preview:large, max-video-preview:-1\" \/>\n<link rel=\"canonical\" href=\"https:\/\/pragmatiq.pl\/powiazane\/oswiadczenie-o-posiadaniu-dokumentacji-cen-transferowych-wzor\/\" \/>\n<meta property=\"og:locale\" content=\"pl_PL\" \/>\n<meta property=\"og:type\" content=\"article\" \/>\n<meta property=\"og:title\" content=\"O\u015bwiadczenie ceny transferowe | Powiazane.pl\" \/>\n<meta property=\"og:description\" content=\"Chcesz dowiedzie\u0107 si\u0119 w jaki spos\u00f3b przygotowa\u0107 o\u015bwiadczenie o posiadaniu dokumentacji cen transferowych? Zapoznaj si\u0119 z naszym artyku\u0142em. Przygotowali\u015bmy dla Ciebie wz\u00f3r o\u015bwiadczenia!\" \/>\n<meta property=\"og:url\" content=\"https:\/\/pragmatiq.pl\/powiazane\/oswiadczenie-o-posiadaniu-dokumentacji-cen-transferowych-wzor\/\" \/>\n<meta property=\"og:site_name\" content=\"Powiazane.pl\" \/>\n<meta property=\"article:published_time\" content=\"2017-09-08T14:11:19+00:00\" \/>\n<meta property=\"article:modified_time\" content=\"2024-07-30T05:25:27+00:00\" \/>\n<meta property=\"og:image\" content=\"https:\/\/pragmatiq.pl\/powiazane\/wp-content\/uploads\/2017\/09\/dctoferta4.png\" \/>\n<meta name=\"author\" content=\"Dominika Jaszczyk\" \/>\n<meta name=\"twitter:card\" content=\"summary_large_image\" \/>\n<meta name=\"twitter:label1\" content=\"Napisane przez\" \/>\n\t<meta name=\"twitter:data1\" content=\"Dominika Jaszczyk\" \/>\n\t<meta name=\"twitter:label2\" content=\"Szacowany czas czytania\" \/>\n\t<meta name=\"twitter:data2\" content=\"3 minuty\" \/>\n<script type=\"application\/ld+json\" class=\"yoast-schema-graph\">{\"@context\":\"https:\/\/schema.org\",\"@graph\":[{\"@type\":\"WebPage\",\"@id\":\"https:\/\/pragmatiq.pl\/powiazane\/oswiadczenie-o-posiadaniu-dokumentacji-cen-transferowych-wzor\/\",\"url\":\"https:\/\/pragmatiq.pl\/powiazane\/oswiadczenie-o-posiadaniu-dokumentacji-cen-transferowych-wzor\/\",\"name\":\"O\u015bwiadczenie ceny transferowe | Powiazane.pl\",\"isPartOf\":{\"@id\":\"https:\/\/pragmatiq.pl\/powiazane\/#website\"},\"primaryImageOfPage\":{\"@id\":\"https:\/\/pragmatiq.pl\/powiazane\/oswiadczenie-o-posiadaniu-dokumentacji-cen-transferowych-wzor\/#primaryimage\"},\"image\":{\"@id\":\"https:\/\/pragmatiq.pl\/powiazane\/oswiadczenie-o-posiadaniu-dokumentacji-cen-transferowych-wzor\/#primaryimage\"},\"thumbnailUrl\":\"https:\/\/pragmatiq.pl\/powiazane\/wp-content\/uploads\/2017\/09\/dctoferta4.png\",\"datePublished\":\"2017-09-08T14:11:19+00:00\",\"dateModified\":\"2024-07-30T05:25:27+00:00\",\"author\":{\"@id\":\"https:\/\/pragmatiq.pl\/powiazane\/#\/schema\/person\/e8982b7c0551ba19d722529733044f95\"},\"description\":\"Chcesz dowiedzie\u0107 si\u0119 w jaki spos\u00f3b przygotowa\u0107 o\u015bwiadczenie o posiadaniu dokumentacji cen transferowych? Zapoznaj si\u0119 z naszym artyku\u0142em. Przygotowali\u015bmy dla Ciebie wz\u00f3r o\u015bwiadczenia!\",\"breadcrumb\":{\"@id\":\"https:\/\/pragmatiq.pl\/powiazane\/oswiadczenie-o-posiadaniu-dokumentacji-cen-transferowych-wzor\/#breadcrumb\"},\"inLanguage\":\"pl-PL\",\"potentialAction\":[{\"@type\":\"ReadAction\",\"target\":[\"https:\/\/pragmatiq.pl\/powiazane\/oswiadczenie-o-posiadaniu-dokumentacji-cen-transferowych-wzor\/\"]}]},{\"@type\":\"ImageObject\",\"inLanguage\":\"pl-PL\",\"@id\":\"https:\/\/pragmatiq.pl\/powiazane\/oswiadczenie-o-posiadaniu-dokumentacji-cen-transferowych-wzor\/#primaryimage\",\"url\":\"https:\/\/pragmatiq.pl\/powiazane\/wp-content\/uploads\/2017\/09\/dctoferta4.png\",\"contentUrl\":\"https:\/\/pragmatiq.pl\/powiazane\/wp-content\/uploads\/2017\/09\/dctoferta4.png\",\"width\":750,\"height\":278},{\"@type\":\"BreadcrumbList\",\"@id\":\"https:\/\/pragmatiq.pl\/powiazane\/oswiadczenie-o-posiadaniu-dokumentacji-cen-transferowych-wzor\/#breadcrumb\",\"itemListElement\":[{\"@type\":\"ListItem\",\"position\":1,\"name\":\"Strona g\u0142\u00f3wna\",\"item\":\"https:\/\/pragmatiq.pl\/powiazane\/\"},{\"@type\":\"ListItem\",\"position\":2,\"name\":\"O\u015bwiadczenie o posiadaniu dokumentacji cen transferowych &#8211; wz\u00f3r\"}]},{\"@type\":\"WebSite\",\"@id\":\"https:\/\/pragmatiq.pl\/powiazane\/#website\",\"url\":\"https:\/\/pragmatiq.pl\/powiazane\/\",\"name\":\"Powiazane.pl\",\"description\":\"\",\"potentialAction\":[{\"@type\":\"SearchAction\",\"target\":{\"@type\":\"EntryPoint\",\"urlTemplate\":\"https:\/\/pragmatiq.pl\/powiazane\/?s={search_term_string}\"},\"query-input\":\"required name=search_term_string\"}],\"inLanguage\":\"pl-PL\"},{\"@type\":\"Person\",\"@id\":\"https:\/\/pragmatiq.pl\/powiazane\/#\/schema\/person\/e8982b7c0551ba19d722529733044f95\",\"name\":\"Dominika Jaszczyk\",\"image\":{\"@type\":\"ImageObject\",\"inLanguage\":\"pl-PL\",\"@id\":\"https:\/\/pragmatiq.pl\/powiazane\/#\/schema\/person\/image\/\",\"url\":\"https:\/\/secure.gravatar.com\/avatar\/b861e2835102089d915abf5574d9b394a48fe061991a15b3a39f73b12bc1a8aa?s=96&d=mm&r=g\",\"contentUrl\":\"https:\/\/secure.gravatar.com\/avatar\/b861e2835102089d915abf5574d9b394a48fe061991a15b3a39f73b12bc1a8aa?s=96&d=mm&r=g\",\"caption\":\"Dominika Jaszczyk\"},\"url\":\"https:\/\/pragmatiq.pl\/powiazane\/author\/dwidla\/\"}]}<\/script>\n<!-- \/ Yoast SEO plugin. -->","yoast_head_json":{"title":"O\u015bwiadczenie ceny transferowe | Powiazane.pl","description":"Chcesz dowiedzie\u0107 si\u0119 w jaki spos\u00f3b przygotowa\u0107 o\u015bwiadczenie o posiadaniu dokumentacji cen transferowych? Zapoznaj si\u0119 z naszym artyku\u0142em. Przygotowali\u015bmy dla Ciebie wz\u00f3r o\u015bwiadczenia!","robots":{"index":"index","follow":"follow","max-snippet":"max-snippet:-1","max-image-preview":"max-image-preview:large","max-video-preview":"max-video-preview:-1"},"canonical":"https:\/\/pragmatiq.pl\/powiazane\/oswiadczenie-o-posiadaniu-dokumentacji-cen-transferowych-wzor\/","og_locale":"pl_PL","og_type":"article","og_title":"O\u015bwiadczenie ceny transferowe | Powiazane.pl","og_description":"Chcesz dowiedzie\u0107 si\u0119 w jaki spos\u00f3b przygotowa\u0107 o\u015bwiadczenie o posiadaniu dokumentacji cen transferowych? Zapoznaj si\u0119 z naszym artyku\u0142em. Przygotowali\u015bmy dla Ciebie wz\u00f3r o\u015bwiadczenia!","og_url":"https:\/\/pragmatiq.pl\/powiazane\/oswiadczenie-o-posiadaniu-dokumentacji-cen-transferowych-wzor\/","og_site_name":"Powiazane.pl","article_published_time":"2017-09-08T14:11:19+00:00","article_modified_time":"2024-07-30T05:25:27+00:00","og_image":[{"url":"https:\/\/pragmatiq.pl\/powiazane\/wp-content\/uploads\/2017\/09\/dctoferta4.png"}],"author":"Dominika Jaszczyk","twitter_card":"summary_large_image","twitter_misc":{"Napisane przez":"Dominika Jaszczyk","Szacowany czas czytania":"3 minuty"},"schema":{"@context":"https:\/\/schema.org","@graph":[{"@type":"WebPage","@id":"https:\/\/pragmatiq.pl\/powiazane\/oswiadczenie-o-posiadaniu-dokumentacji-cen-transferowych-wzor\/","url":"https:\/\/pragmatiq.pl\/powiazane\/oswiadczenie-o-posiadaniu-dokumentacji-cen-transferowych-wzor\/","name":"O\u015bwiadczenie ceny transferowe | Powiazane.pl","isPartOf":{"@id":"https:\/\/pragmatiq.pl\/powiazane\/#website"},"primaryImageOfPage":{"@id":"https:\/\/pragmatiq.pl\/powiazane\/oswiadczenie-o-posiadaniu-dokumentacji-cen-transferowych-wzor\/#primaryimage"},"image":{"@id":"https:\/\/pragmatiq.pl\/powiazane\/oswiadczenie-o-posiadaniu-dokumentacji-cen-transferowych-wzor\/#primaryimage"},"thumbnailUrl":"https:\/\/pragmatiq.pl\/powiazane\/wp-content\/uploads\/2017\/09\/dctoferta4.png","datePublished":"2017-09-08T14:11:19+00:00","dateModified":"2024-07-30T05:25:27+00:00","author":{"@id":"https:\/\/pragmatiq.pl\/powiazane\/#\/schema\/person\/e8982b7c0551ba19d722529733044f95"},"description":"Chcesz dowiedzie\u0107 si\u0119 w jaki spos\u00f3b przygotowa\u0107 o\u015bwiadczenie o posiadaniu dokumentacji cen transferowych? Zapoznaj si\u0119 z naszym artyku\u0142em. Przygotowali\u015bmy dla Ciebie wz\u00f3r o\u015bwiadczenia!","breadcrumb":{"@id":"https:\/\/pragmatiq.pl\/powiazane\/oswiadczenie-o-posiadaniu-dokumentacji-cen-transferowych-wzor\/#breadcrumb"},"inLanguage":"pl-PL","potentialAction":[{"@type":"ReadAction","target":["https:\/\/pragmatiq.pl\/powiazane\/oswiadczenie-o-posiadaniu-dokumentacji-cen-transferowych-wzor\/"]}]},{"@type":"ImageObject","inLanguage":"pl-PL","@id":"https:\/\/pragmatiq.pl\/powiazane\/oswiadczenie-o-posiadaniu-dokumentacji-cen-transferowych-wzor\/#primaryimage","url":"https:\/\/pragmatiq.pl\/powiazane\/wp-content\/uploads\/2017\/09\/dctoferta4.png","contentUrl":"https:\/\/pragmatiq.pl\/powiazane\/wp-content\/uploads\/2017\/09\/dctoferta4.png","width":750,"height":278},{"@type":"BreadcrumbList","@id":"https:\/\/pragmatiq.pl\/powiazane\/oswiadczenie-o-posiadaniu-dokumentacji-cen-transferowych-wzor\/#breadcrumb","itemListElement":[{"@type":"ListItem","position":1,"name":"Strona g\u0142\u00f3wna","item":"https:\/\/pragmatiq.pl\/powiazane\/"},{"@type":"ListItem","position":2,"name":"O\u015bwiadczenie o posiadaniu dokumentacji cen transferowych &#8211; wz\u00f3r"}]},{"@type":"WebSite","@id":"https:\/\/pragmatiq.pl\/powiazane\/#website","url":"https:\/\/pragmatiq.pl\/powiazane\/","name":"Powiazane.pl","description":"","potentialAction":[{"@type":"SearchAction","target":{"@type":"EntryPoint","urlTemplate":"https:\/\/pragmatiq.pl\/powiazane\/?s={search_term_string}"},"query-input":"required name=search_term_string"}],"inLanguage":"pl-PL"},{"@type":"Person","@id":"https:\/\/pragmatiq.pl\/powiazane\/#\/schema\/person\/e8982b7c0551ba19d722529733044f95","name":"Dominika Jaszczyk","image":{"@type":"ImageObject","inLanguage":"pl-PL","@id":"https:\/\/pragmatiq.pl\/powiazane\/#\/schema\/person\/image\/","url":"https:\/\/secure.gravatar.com\/avatar\/b861e2835102089d915abf5574d9b394a48fe061991a15b3a39f73b12bc1a8aa?s=96&d=mm&r=g","contentUrl":"https:\/\/secure.gravatar.com\/avatar\/b861e2835102089d915abf5574d9b394a48fe061991a15b3a39f73b12bc1a8aa?s=96&d=mm&r=g","caption":"Dominika Jaszczyk"},"url":"https:\/\/pragmatiq.pl\/powiazane\/author\/dwidla\/"}]}},"_links":{"self":[{"href":"https:\/\/pragmatiq.pl\/powiazane\/wp-json\/wp\/v2\/posts\/511","targetHints":{"allow":["GET"]}}],"collection":[{"href":"https:\/\/pragmatiq.pl\/powiazane\/wp-json\/wp\/v2\/posts"}],"about":[{"href":"https:\/\/pragmatiq.pl\/powiazane\/wp-json\/wp\/v2\/types\/post"}],"author":[{"embeddable":true,"href":"https:\/\/pragmatiq.pl\/powiazane\/wp-json\/wp\/v2\/users\/4"}],"replies":[{"embeddable":true,"href":"https:\/\/pragmatiq.pl\/powiazane\/wp-json\/wp\/v2\/comments?post=511"}],"version-history":[{"count":22,"href":"https:\/\/pragmatiq.pl\/powiazane\/wp-json\/wp\/v2\/posts\/511\/revisions"}],"predecessor-version":[{"id":1265,"href":"https:\/\/pragmatiq.pl\/powiazane\/wp-json\/wp\/v2\/posts\/511\/revisions\/1265"}],"wp:attachment":[{"href":"https:\/\/pragmatiq.pl\/powiazane\/wp-json\/wp\/v2\/media?parent=511"}],"wp:term":[{"taxonomy":"category","embeddable":true,"href":"https:\/\/pragmatiq.pl\/powiazane\/wp-json\/wp\/v2\/categories?post=511"},{"taxonomy":"post_tag","embeddable":true,"href":"https:\/\/pragmatiq.pl\/powiazane\/wp-json\/wp\/v2\/tags?post=511"}],"curies":[{"name":"wp","href":"https:\/\/api.w.org\/{rel}","templated":true}]}}