{"id":416,"date":"2017-09-07T14:44:57","date_gmt":"2017-09-07T12:44:57","guid":{"rendered":"http:\/\/powiazane.tarexperts.net\/?p=416"},"modified":"2024-10-24T11:52:06","modified_gmt":"2024-10-24T09:52:06","slug":"progi-rachunkowe-w-dokumentacji-cen-transferowych","status":"publish","type":"post","link":"https:\/\/pragmatiq.pl\/powiazane\/progi-rachunkowe-w-dokumentacji-cen-transferowych\/","title":{"rendered":"Progi rachunkowe w dokumentacji cen transferowych"},"content":{"rendered":"<p><img loading=\"lazy\" decoding=\"async\" class=\"alignnone wp-image-1338 \" src=\"https:\/\/pragmatiq.pl\/powiazane\/wp-content\/uploads\/2017\/09\/tabelka-300x147.png\" alt=\"\" width=\"576\" height=\"282\" srcset=\"https:\/\/pragmatiq.pl\/powiazane\/wp-content\/uploads\/2017\/09\/tabelka-300x147.png 300w, https:\/\/pragmatiq.pl\/powiazane\/wp-content\/uploads\/2017\/09\/tabelka.png 745w\" sizes=\"auto, (max-width: 576px) 100vw, 576px\" \/><\/p>\n<p>Od 2017 r. zmieni\u0142 si\u0119 zakres obowi\u0105zk\u00f3w zwi\u0105zany z przygotowaniem dokumentacji cen transferowych. Przede wszystkim do ustaw wprowadzono dodatkowe limity &#8211; progi rachunkowe.<\/p>\n<p>&nbsp;<\/p>\n<h2><strong>Limity w dokumentacji cen transferowych<\/strong><\/h2>\n<p>Od 1 stycznia 2017 roku obowi\u0105zuj\u0105 nowe wymogi dotycz\u0105ce sporz\u0105dzania dokumentacji cen transferowych.<\/p>\n<p>W przypadku dokonywania transakcji z podmiotami powi\u0105zanymi, powstanie obowi\u0105zku dokumentacyjnego zosta\u0142o uzale\u017cnione od:<\/p>\n<ol>\n<li>wysoko\u015bci osi\u0105gni\u0119tych przychod\u00f3w lub poniesionych koszt\u00f3w i<\/li>\n<li>istotno\u015bci transakcji.<\/li>\n<\/ol>\n<p>Sprawd\u017a, czy osi\u0105gane przez Ciebie (lub Twoj\u0105 sp\u00f3\u0142k\u0119 nieb\u0119d\u0105c\u0105 osob\u0105 prawn\u0105) przychody lub ponoszone koszty przekraczaj\u0105 pr\u00f3g warto\u015bciowy powoduj\u0105cy powstanie obowi\u0105zku w zakresie dokumentacji cen transferowych.<\/p>\n<h2><strong>Progi rachunkowe a obowi\u0105zek dokumentacyjny<\/strong><\/h2>\n<p>Je\u017celi w roku poprzedzaj\u0105cym rok podatkowy osi\u0105gni\u0119te przez Ciebie przychody lub poniesione koszty, w rozumieniu przepis\u00f3w ustawy o rachunkowo\u015bci, przekroczy\u0142y r\u00f3wnowarto\u015b\u0107 2\u00a0000\u00a0000 euro, mo\u017ce powsta\u0107 u Ciebie obowi\u0105zek posiadania dokumentacji cen transferowych.<\/p>\n<p>W przypadku, gdy prowadzisz dzia\u0142alno\u015b\u0107 gospodarcz\u0105 w formie sp\u00f3\u0142ki nieb\u0119d\u0105cej osob\u0105 prawn\u0105, wy\u017cej wskazany limit nale\u017cy oblicza\u0107 dla tej sp\u00f3\u0142ki.<\/p>\n<p>O tym, jaki kurs przyj\u0105\u0107 dla przeliczenia r\u00f3wnowarto\u015bci euro, dowiesz si\u0119 z artyku\u0142u <a href=\"https:\/\/pragmatiq.pl\/powiazane\/kurs-euro-dokumentacji-cen-transferowych\/\" target=\"_blank\" rel=\"noopener\">Kurs euro w dokumentacji cen transferowych<\/a><\/p>\n<h2><strong>Przychody i koszty w rozumieniu ustawy o rachunkowo\u015bci <\/strong><\/h2>\n<p>Warto\u015bci przychod\u00f3w i koszt\u00f3w ustalane s\u0105 zgodnie z prowadzonymi ksi\u0119gami rachunkowymi.<\/p>\n<p>Ustalaj\u0105c, czy pr\u00f3g w wysoko\u015bci 2\u00a0000\u00a0000 euro, powoduj\u0105cy powstanie obowi\u0105zku dokumentacyjnego zosta\u0142 osi\u0105gni\u0119ty, nale\u017cy wzi\u0105\u0107 pod uwag\u0119 wszystkie przychody i wszystkie koszty zwi\u0105zane z dzia\u0142alno\u015bci\u0105 prowadzon\u0105 przez podatnika lub sp\u00f3\u0142k\u0119 nieb\u0119d\u0105c\u0105 osob\u0105 prawn\u0105.<\/p>\n<p>Nie ma znaczenia, czy przychody te lub koszty s\u0105 zwi\u0105zane z typow\u0105 dzia\u0142alno\u015bci\u0105 gospodarcz\u0105, czy te\u017c s\u0105 pozosta\u0142e przychody i koszty operacyjne lub finansowe &#8211; nale\u017cy zsumowa\u0107 wszystkie zarachowane w ksi\u0119gach rachunkowych.<\/p>\n<h2><strong>Progi rachunkowe ustala si\u0119 oddzielnie <\/strong><\/h2>\n<p>Warto zwr\u00f3ci\u0107 uwag\u0119, \u017ce wym\u00f3g posiadania dokumentacji cen transferowych dla wskazanych wcze\u015bniej transakcji i zdarze\u0144 powstaje wraz z przekroczeniem okre\u015blonej warto\u015bci przychod\u00f3w <u>lub<\/u> koszt\u00f3w. Je\u017celi ani suma osi\u0105gni\u0119tych w danym roku podatkowym przychod\u00f3w, ani poniesionych koszt\u00f3w, nie przekroczy\u0142a r\u00f3wnowarto\u015bci 2\u00a0000\u00a0000 euro, obowi\u0105zek dokumentacyjny nie powstanie, nawet je\u017celi zsumowane ze sob\u0105 razem przychody i koszty przekrocz\u0105 t\u0119 warto\u015b\u0107.<\/p>\n<h2><strong>Przekroczenie prog\u00f3w rachunkowych a dokumentacja cen transferowych <\/strong><\/h2>\n<p>W przypadku przekroczenia wskazanych prog\u00f3w rachunkowych i dokonywania istotnych transakcji z podmiotami powi\u0105zanymi lub ujmowaniu w ksi\u0119gach zdarze\u0144, na kt\u00f3re wp\u0142yw maja podmioty powi\u0105zane, powstaje obowi\u0105zek w zakresie posiadania dokumentacji cen transferowych.<\/p>\n<p>Co wa\u017cne \u2013 obowi\u0105zek to odnosi si\u0119 do kolejnych dw\u00f3ch lat nast\u0119puj\u0105cych po roku, w kt\u00f3rym przekroczono progi rachunkowe.<\/p>\n<p>Pami\u0119taj, \u017ce mo\u017cesz by\u0107 zobowi\u0105zany do posiadania dokumentacji cen transferowych nie tylko wtedy, gdy dokonujesz transakcji z podmiotem powi\u0105zanym. Wi\u0119cej przeczytasz o tym w artykule <a href=\"https:\/\/pragmatiq.pl\/powiazane\/kto-zobowiazany-jest-do-posiadania-dokumentacji-cen-transferowych\/\" target=\"_blank\" rel=\"noopener\">Kto zobowi\u0105zany jest do posiadania dokumentacji cen transferowych?<\/a><\/p>\n<p>Karolina Bojko<br \/>\nMaria Ratajczyk<\/p>\n<p>&nbsp;<\/p>\n","protected":false},"excerpt":{"rendered":"<p>Od 2017 r. w zakresie weryfikacji obowi\u0105zku sporz\u0105dzania dokumentacji cen transferowych w pierwszej kolejno\u015bci istotne jest zweryfikowanie nowo wprowadzonych limit\u00f3w rachunkowych. Sprawd\u017a w jaki spos\u00f3b je obliczy\u0107!<\/p>\n","protected":false},"author":4,"featured_media":0,"comment_status":"open","ping_status":"open","sticky":false,"template":"","format":"standard","meta":{"footnotes":""},"categories":[2],"tags":[9,7,29],"class_list":["post-416","post","type-post","status-publish","format-standard","hentry","category-dokumentacja","tag-ceny-transferowe","tag-dokumentacja-cen-transferowych","tag-progi-rachunkowe"],"yoast_head":"<!-- This site is optimized with the Yoast SEO plugin v22.8 - https:\/\/yoast.com\/wordpress\/plugins\/seo\/ -->\n<title>Progi rachunkowe w dokumentacji cen transferowych | Powiazane.pl<\/title>\n<meta name=\"description\" content=\"Od 2017 r. w zakresie weryfikacji obowi\u0105zku sporz\u0105dzania dokumentacji cen transferowych w pierwszej kolejno\u015bci istotne jest zweryfikowanie nowo wprowadzonych limit\u00f3w rachunkowych. Sprawd\u017a w jaki spos\u00f3b je obliczy\u0107!\" \/>\n<meta name=\"robots\" content=\"index, follow, max-snippet:-1, max-image-preview:large, max-video-preview:-1\" \/>\n<link rel=\"canonical\" href=\"https:\/\/pragmatiq.pl\/powiazane\/progi-rachunkowe-w-dokumentacji-cen-transferowych\/\" \/>\n<meta property=\"og:locale\" content=\"pl_PL\" \/>\n<meta property=\"og:type\" content=\"article\" \/>\n<meta property=\"og:title\" content=\"Progi rachunkowe w dokumentacji cen transferowych | Powiazane.pl\" \/>\n<meta property=\"og:description\" content=\"Od 2017 r. w zakresie weryfikacji obowi\u0105zku sporz\u0105dzania dokumentacji cen transferowych w pierwszej kolejno\u015bci istotne jest zweryfikowanie nowo wprowadzonych limit\u00f3w rachunkowych. Sprawd\u017a w jaki spos\u00f3b je obliczy\u0107!\" \/>\n<meta property=\"og:url\" content=\"https:\/\/pragmatiq.pl\/powiazane\/progi-rachunkowe-w-dokumentacji-cen-transferowych\/\" \/>\n<meta property=\"og:site_name\" content=\"Powiazane.pl\" \/>\n<meta property=\"article:published_time\" content=\"2017-09-07T12:44:57+00:00\" \/>\n<meta property=\"article:modified_time\" content=\"2024-10-24T09:52:06+00:00\" \/>\n<meta property=\"og:image\" content=\"https:\/\/pragmatiq.pl\/powiazane\/wp-content\/uploads\/2017\/09\/tabelka-300x147.png\" \/>\n<meta name=\"author\" content=\"Dominika Jaszczyk\" \/>\n<meta name=\"twitter:card\" content=\"summary_large_image\" \/>\n<meta name=\"twitter:label1\" content=\"Napisane przez\" \/>\n\t<meta name=\"twitter:data1\" content=\"Dominika Jaszczyk\" \/>\n\t<meta name=\"twitter:label2\" content=\"Szacowany czas czytania\" \/>\n\t<meta name=\"twitter:data2\" content=\"3 minuty\" \/>\n<script type=\"application\/ld+json\" class=\"yoast-schema-graph\">{\"@context\":\"https:\/\/schema.org\",\"@graph\":[{\"@type\":\"WebPage\",\"@id\":\"https:\/\/pragmatiq.pl\/powiazane\/progi-rachunkowe-w-dokumentacji-cen-transferowych\/\",\"url\":\"https:\/\/pragmatiq.pl\/powiazane\/progi-rachunkowe-w-dokumentacji-cen-transferowych\/\",\"name\":\"Progi rachunkowe w dokumentacji cen transferowych | Powiazane.pl\",\"isPartOf\":{\"@id\":\"https:\/\/pragmatiq.pl\/powiazane\/#website\"},\"primaryImageOfPage\":{\"@id\":\"https:\/\/pragmatiq.pl\/powiazane\/progi-rachunkowe-w-dokumentacji-cen-transferowych\/#primaryimage\"},\"image\":{\"@id\":\"https:\/\/pragmatiq.pl\/powiazane\/progi-rachunkowe-w-dokumentacji-cen-transferowych\/#primaryimage\"},\"thumbnailUrl\":\"https:\/\/pragmatiq.pl\/powiazane\/wp-content\/uploads\/2017\/09\/tabelka-300x147.png\",\"datePublished\":\"2017-09-07T12:44:57+00:00\",\"dateModified\":\"2024-10-24T09:52:06+00:00\",\"author\":{\"@id\":\"https:\/\/pragmatiq.pl\/powiazane\/#\/schema\/person\/e8982b7c0551ba19d722529733044f95\"},\"description\":\"Od 2017 r. w zakresie weryfikacji obowi\u0105zku sporz\u0105dzania dokumentacji cen transferowych w pierwszej kolejno\u015bci istotne jest zweryfikowanie nowo wprowadzonych limit\u00f3w rachunkowych. Sprawd\u017a w jaki spos\u00f3b je obliczy\u0107!\",\"breadcrumb\":{\"@id\":\"https:\/\/pragmatiq.pl\/powiazane\/progi-rachunkowe-w-dokumentacji-cen-transferowych\/#breadcrumb\"},\"inLanguage\":\"pl-PL\",\"potentialAction\":[{\"@type\":\"ReadAction\",\"target\":[\"https:\/\/pragmatiq.pl\/powiazane\/progi-rachunkowe-w-dokumentacji-cen-transferowych\/\"]}]},{\"@type\":\"ImageObject\",\"inLanguage\":\"pl-PL\",\"@id\":\"https:\/\/pragmatiq.pl\/powiazane\/progi-rachunkowe-w-dokumentacji-cen-transferowych\/#primaryimage\",\"url\":\"https:\/\/pragmatiq.pl\/powiazane\/wp-content\/uploads\/2017\/09\/tabelka.png\",\"contentUrl\":\"https:\/\/pragmatiq.pl\/powiazane\/wp-content\/uploads\/2017\/09\/tabelka.png\",\"width\":745,\"height\":365},{\"@type\":\"BreadcrumbList\",\"@id\":\"https:\/\/pragmatiq.pl\/powiazane\/progi-rachunkowe-w-dokumentacji-cen-transferowych\/#breadcrumb\",\"itemListElement\":[{\"@type\":\"ListItem\",\"position\":1,\"name\":\"Strona g\u0142\u00f3wna\",\"item\":\"https:\/\/pragmatiq.pl\/powiazane\/\"},{\"@type\":\"ListItem\",\"position\":2,\"name\":\"Progi rachunkowe w dokumentacji cen transferowych\"}]},{\"@type\":\"WebSite\",\"@id\":\"https:\/\/pragmatiq.pl\/powiazane\/#website\",\"url\":\"https:\/\/pragmatiq.pl\/powiazane\/\",\"name\":\"Powiazane.pl\",\"description\":\"\",\"potentialAction\":[{\"@type\":\"SearchAction\",\"target\":{\"@type\":\"EntryPoint\",\"urlTemplate\":\"https:\/\/pragmatiq.pl\/powiazane\/?s={search_term_string}\"},\"query-input\":\"required name=search_term_string\"}],\"inLanguage\":\"pl-PL\"},{\"@type\":\"Person\",\"@id\":\"https:\/\/pragmatiq.pl\/powiazane\/#\/schema\/person\/e8982b7c0551ba19d722529733044f95\",\"name\":\"Dominika Jaszczyk\",\"image\":{\"@type\":\"ImageObject\",\"inLanguage\":\"pl-PL\",\"@id\":\"https:\/\/pragmatiq.pl\/powiazane\/#\/schema\/person\/image\/\",\"url\":\"https:\/\/secure.gravatar.com\/avatar\/b861e2835102089d915abf5574d9b394a48fe061991a15b3a39f73b12bc1a8aa?s=96&d=mm&r=g\",\"contentUrl\":\"https:\/\/secure.gravatar.com\/avatar\/b861e2835102089d915abf5574d9b394a48fe061991a15b3a39f73b12bc1a8aa?s=96&d=mm&r=g\",\"caption\":\"Dominika Jaszczyk\"},\"url\":\"https:\/\/pragmatiq.pl\/powiazane\/author\/dwidla\/\"}]}<\/script>\n<!-- \/ Yoast SEO plugin. -->","yoast_head_json":{"title":"Progi rachunkowe w dokumentacji cen transferowych | Powiazane.pl","description":"Od 2017 r. w zakresie weryfikacji obowi\u0105zku sporz\u0105dzania dokumentacji cen transferowych w pierwszej kolejno\u015bci istotne jest zweryfikowanie nowo wprowadzonych limit\u00f3w rachunkowych. Sprawd\u017a w jaki spos\u00f3b je obliczy\u0107!","robots":{"index":"index","follow":"follow","max-snippet":"max-snippet:-1","max-image-preview":"max-image-preview:large","max-video-preview":"max-video-preview:-1"},"canonical":"https:\/\/pragmatiq.pl\/powiazane\/progi-rachunkowe-w-dokumentacji-cen-transferowych\/","og_locale":"pl_PL","og_type":"article","og_title":"Progi rachunkowe w dokumentacji cen transferowych | Powiazane.pl","og_description":"Od 2017 r. w zakresie weryfikacji obowi\u0105zku sporz\u0105dzania dokumentacji cen transferowych w pierwszej kolejno\u015bci istotne jest zweryfikowanie nowo wprowadzonych limit\u00f3w rachunkowych. Sprawd\u017a w jaki spos\u00f3b je obliczy\u0107!","og_url":"https:\/\/pragmatiq.pl\/powiazane\/progi-rachunkowe-w-dokumentacji-cen-transferowych\/","og_site_name":"Powiazane.pl","article_published_time":"2017-09-07T12:44:57+00:00","article_modified_time":"2024-10-24T09:52:06+00:00","og_image":[{"url":"https:\/\/pragmatiq.pl\/powiazane\/wp-content\/uploads\/2017\/09\/tabelka-300x147.png"}],"author":"Dominika Jaszczyk","twitter_card":"summary_large_image","twitter_misc":{"Napisane przez":"Dominika Jaszczyk","Szacowany czas czytania":"3 minuty"},"schema":{"@context":"https:\/\/schema.org","@graph":[{"@type":"WebPage","@id":"https:\/\/pragmatiq.pl\/powiazane\/progi-rachunkowe-w-dokumentacji-cen-transferowych\/","url":"https:\/\/pragmatiq.pl\/powiazane\/progi-rachunkowe-w-dokumentacji-cen-transferowych\/","name":"Progi rachunkowe w dokumentacji cen transferowych | Powiazane.pl","isPartOf":{"@id":"https:\/\/pragmatiq.pl\/powiazane\/#website"},"primaryImageOfPage":{"@id":"https:\/\/pragmatiq.pl\/powiazane\/progi-rachunkowe-w-dokumentacji-cen-transferowych\/#primaryimage"},"image":{"@id":"https:\/\/pragmatiq.pl\/powiazane\/progi-rachunkowe-w-dokumentacji-cen-transferowych\/#primaryimage"},"thumbnailUrl":"https:\/\/pragmatiq.pl\/powiazane\/wp-content\/uploads\/2017\/09\/tabelka-300x147.png","datePublished":"2017-09-07T12:44:57+00:00","dateModified":"2024-10-24T09:52:06+00:00","author":{"@id":"https:\/\/pragmatiq.pl\/powiazane\/#\/schema\/person\/e8982b7c0551ba19d722529733044f95"},"description":"Od 2017 r. w zakresie weryfikacji obowi\u0105zku sporz\u0105dzania dokumentacji cen transferowych w pierwszej kolejno\u015bci istotne jest zweryfikowanie nowo wprowadzonych limit\u00f3w rachunkowych. Sprawd\u017a w jaki spos\u00f3b je obliczy\u0107!","breadcrumb":{"@id":"https:\/\/pragmatiq.pl\/powiazane\/progi-rachunkowe-w-dokumentacji-cen-transferowych\/#breadcrumb"},"inLanguage":"pl-PL","potentialAction":[{"@type":"ReadAction","target":["https:\/\/pragmatiq.pl\/powiazane\/progi-rachunkowe-w-dokumentacji-cen-transferowych\/"]}]},{"@type":"ImageObject","inLanguage":"pl-PL","@id":"https:\/\/pragmatiq.pl\/powiazane\/progi-rachunkowe-w-dokumentacji-cen-transferowych\/#primaryimage","url":"https:\/\/pragmatiq.pl\/powiazane\/wp-content\/uploads\/2017\/09\/tabelka.png","contentUrl":"https:\/\/pragmatiq.pl\/powiazane\/wp-content\/uploads\/2017\/09\/tabelka.png","width":745,"height":365},{"@type":"BreadcrumbList","@id":"https:\/\/pragmatiq.pl\/powiazane\/progi-rachunkowe-w-dokumentacji-cen-transferowych\/#breadcrumb","itemListElement":[{"@type":"ListItem","position":1,"name":"Strona g\u0142\u00f3wna","item":"https:\/\/pragmatiq.pl\/powiazane\/"},{"@type":"ListItem","position":2,"name":"Progi rachunkowe w dokumentacji cen transferowych"}]},{"@type":"WebSite","@id":"https:\/\/pragmatiq.pl\/powiazane\/#website","url":"https:\/\/pragmatiq.pl\/powiazane\/","name":"Powiazane.pl","description":"","potentialAction":[{"@type":"SearchAction","target":{"@type":"EntryPoint","urlTemplate":"https:\/\/pragmatiq.pl\/powiazane\/?s={search_term_string}"},"query-input":"required name=search_term_string"}],"inLanguage":"pl-PL"},{"@type":"Person","@id":"https:\/\/pragmatiq.pl\/powiazane\/#\/schema\/person\/e8982b7c0551ba19d722529733044f95","name":"Dominika Jaszczyk","image":{"@type":"ImageObject","inLanguage":"pl-PL","@id":"https:\/\/pragmatiq.pl\/powiazane\/#\/schema\/person\/image\/","url":"https:\/\/secure.gravatar.com\/avatar\/b861e2835102089d915abf5574d9b394a48fe061991a15b3a39f73b12bc1a8aa?s=96&d=mm&r=g","contentUrl":"https:\/\/secure.gravatar.com\/avatar\/b861e2835102089d915abf5574d9b394a48fe061991a15b3a39f73b12bc1a8aa?s=96&d=mm&r=g","caption":"Dominika Jaszczyk"},"url":"https:\/\/pragmatiq.pl\/powiazane\/author\/dwidla\/"}]}},"_links":{"self":[{"href":"https:\/\/pragmatiq.pl\/powiazane\/wp-json\/wp\/v2\/posts\/416","targetHints":{"allow":["GET"]}}],"collection":[{"href":"https:\/\/pragmatiq.pl\/powiazane\/wp-json\/wp\/v2\/posts"}],"about":[{"href":"https:\/\/pragmatiq.pl\/powiazane\/wp-json\/wp\/v2\/types\/post"}],"author":[{"embeddable":true,"href":"https:\/\/pragmatiq.pl\/powiazane\/wp-json\/wp\/v2\/users\/4"}],"replies":[{"embeddable":true,"href":"https:\/\/pragmatiq.pl\/powiazane\/wp-json\/wp\/v2\/comments?post=416"}],"version-history":[{"count":20,"href":"https:\/\/pragmatiq.pl\/powiazane\/wp-json\/wp\/v2\/posts\/416\/revisions"}],"predecessor-version":[{"id":1379,"href":"https:\/\/pragmatiq.pl\/powiazane\/wp-json\/wp\/v2\/posts\/416\/revisions\/1379"}],"wp:attachment":[{"href":"https:\/\/pragmatiq.pl\/powiazane\/wp-json\/wp\/v2\/media?parent=416"}],"wp:term":[{"taxonomy":"category","embeddable":true,"href":"https:\/\/pragmatiq.pl\/powiazane\/wp-json\/wp\/v2\/categories?post=416"},{"taxonomy":"post_tag","embeddable":true,"href":"https:\/\/pragmatiq.pl\/powiazane\/wp-json\/wp\/v2\/tags?post=416"}],"curies":[{"name":"wp","href":"https:\/\/api.w.org\/{rel}","templated":true}]}}