{"id":1073,"date":"2022-10-27T14:00:47","date_gmt":"2022-10-27T12:00:47","guid":{"rendered":"https:\/\/powiazane.pl\/?p=1073"},"modified":"2024-06-17T08:24:31","modified_gmt":"2024-06-17T06:24:31","slug":"informacja-tpr-za-2021-r-a-spolki-komandytowe","status":"publish","type":"post","link":"https:\/\/pragmatiq.pl\/powiazane\/informacja-tpr-za-2021-r-a-spolki-komandytowe\/","title":{"rendered":"Informacja TPR za 2021 r. a sp\u00f3\u0142ki komandytowe"},"content":{"rendered":"<p style=\"text-align: center;\"><strong>Ministerstwo Finans\u00f3w zaktualizowa\u0142o odpowiedzi na pytania w zakresie obowi\u0105zk\u00f3w dotycz\u0105cych raportowania cen transferowych. Podatnicy uzyskali ostateczn\u0105 odpowied\u017a kto i w jakim terminie powinien z\u0142o\u017cy\u0107 informacj\u0119 TPR za 2021 r. &#8211; sp\u00f3\u0142ka komandytowa czy jej wsp\u00f3lnicy<\/strong><\/p>\n<h2><\/h2>\n<h2>Sp\u00f3\u0142ki komandytowe opodatkowane CIT<\/h2>\n<p>Sp\u00f3\u0142ki komandytowe nieb\u0119d\u0105ce podatnikami CIT mog\u0142y by\u0107 zobowi\u0105zane do sporz\u0105dzenia dokumentacji cen transferowych oraz o\u015bwiadczenia i informacji TPR ze wzgl\u0119du na ich uczestnictwo w transakcjach kontrolowanych. Zgodnie z przepisami ustawy o CIT obowi\u0105zek z\u0142o\u017cenia Informacji TPR w odniesieniu do\u00a0sp\u00f3\u0142ek niemaj\u0105cych osobowo\u015bci prawnej spoczywa na wyznaczonym wsp\u00f3lniku za\u015b informacj\u0119 o cenach transferowych TPR sk\u0142ada si\u0119 za rok obrotowy takiej sp\u00f3\u0142ki. Do 2021 roku sytuacja sp\u00f3\u0142ek komandytowych by\u0142a przejrzysta, bowiem przepisy wyra\u017anie wskazywa\u0142y na kim ci\u0105\u017cy wype\u0142nienie obowi\u0105zk\u00f3w z zakresu cen transferowych i w jakim terminie nale\u017cy je\u00a0z\u0142o\u017cy\u0107.<\/p>\n<p>Jednak\u017ce, w 2021 roku wesz\u0142y w \u017cycie przepisy, kt\u00f3re nada\u0142y sp\u00f3\u0142ce komandytowej status podatnika podatku dochodowego od os\u00f3b prawnych. W\u00f3wczas, wsp\u00f3lnicy tych sp\u00f3\u0142ek mogli zdecydowa\u0107, \u017ce nowe przepisy zastosuj\u0105 w sp\u00f3\u0142ce dopiero od dnia 1 maja 2021 r. Tym samym, niekt\u00f3re sp\u00f3\u0142ki komandytowe uzyska\u0142y status podatnika CIT od 1 stycznia 2021 r. a niekt\u00f3re od 1 maja 2021 r. Dodatkowo, przepisy nowelizuj\u0105ce wprowadzi\u0142y tak\u017ce mo\u017cliwo\u015b\u0107 przed\u0142u\u017cenia przez sp\u00f3\u0142k\u0119 komandytow\u0105 jej roku obrotowego 2020 do 30 kwietnia 2021 r. W\u00a0rezultacie przed\u0142u\u017cony rok obrotowy trwa\u0142 od 1 stycznia 2020 r. do 30 kwietnia 2021 r. i za ten okres nale\u017ca\u0142o sporz\u0105dzi\u0107 sprawozdanie finansowe. Wi\u0119cej informacji na ten temat znajdziesz na naszym portalu <em><a href=\"https:\/\/www.doradzamy.to\/\" target=\"_blank\" rel=\"noopener\">doradzamy.to<\/a>\u00a0 <\/em>w artykule <a href=\"https:\/\/www.doradzamy.to\/artykuly\/spolki-komandytowe-i-ich-wspolnicy-po-zmianach-przepisow-jak-sa-opodatkowani-od-2021-r\" target=\"_blank\" rel=\"noopener\"><em>Sp\u00f3\u0142ki komandytowe i\u00a0 ich wsp\u00f3lnicy po zmianach przepis\u00f3w \u2013 jak s\u0105 opodatkowani od 2021 r.? <\/em><\/a><\/p>\n<h2>Przed\u0142u\u017cenie termin\u00f3w na z\u0142o\u017cenie informacji TPR za 2021 r.<\/h2>\n<p>Warto tak\u017ce przypomnie\u0107, \u017ce analogicznie do lat ubieg\u0142ych termin na sporz\u0105dzenie lokalnej oraz grupowej dokumentacji, a\u00a0tak\u017ce na z\u0142o\u017cenie o\u015bwiadczenia i informacji TPR zosta\u0142 wyd\u0142u\u017cony wskutek przyj\u0119tych przez Sejm przepis\u00f3w.<\/p>\n<p>Podatnicy, kt\u00f3rych termin ten up\u0142ywa\u0142 w okresie od 1 stycznia 2022 r. do 30 czerwca 2022 r. mieli czas na wykonanie obowi\u0105zk\u00f3w w zakresie dokumentacji cen transferowych do 30 wrze\u015bnia 2022 r. Z kolei dla podatnik\u00f3w, kt\u00f3rych rok podatkowy w 2021 r. pokrywa\u0142 si\u0119 z rokiem kalendarzowym, termin na wype\u0142nienie obowi\u0105zk\u00f3w z zakresu cen transferowych dla transakcji realizowanych z podmiotami powi\u0105zanymi nie up\u0142ywa z ko\u0144cem wrze\u015bnia, a dopiero 31 grudnia 2022 r. Wi\u0119cej na ten temat przeczytasz w artykule <a href=\"https:\/\/pragmatiq.pl\/powiazane\/terminy-sporzadzenia-dokumentacji-cen-transferowych\/\" target=\"_blank\" rel=\"noopener\"><em>Terminy sporz\u0105dzenia dokumentacji cen transferowych<\/em><\/a>.<\/p>\n<h2>W\u0105tpliwo\u015bci w sprawie sk\u0142adania TPR przez sp\u00f3\u0142ki komandytowe<strong>\u00a0<\/strong><\/h2>\n<p>Wskutek wprowadzonych zmian w przepisach pojawi\u0142a si\u0119 niepewno\u015b\u0107 w zakresie wype\u0142niania obowi\u0105zk\u00f3w dotycz\u0105cych raportowania cen transferowych (sk\u0142adania informacji TPR). Przede wszystkim, przepisy ustawy o CIT wskazuj\u0105, \u017ce\u00a0 w zakresie obowi\u0105zku z\u0142o\u017cenia informacji TPR stosown\u0105 informacj\u0119 sk\u0142ada si\u0119 za rok podatkowy podmiotu powi\u0105zanego. W przypadku sp\u00f3\u0142ek komandytowych, kt\u00f3re przesz\u0142y na CIT od 1 maja 2021 r. powsta\u0142a w\u0105tpliwo\u015b\u0107 czy TPR powinno si\u0119 z\u0142o\u017cy\u0107 za ca\u0142y rok czy dopiero od maja.<\/p>\n<p>Tym samym, z ko\u0144cem wrze\u015bnia 2022 r. wielu podatnik\u00f3w zacz\u0119\u0142o si\u0119 zastanawia\u0107 jakie obowi\u0105zki ci\u0105\u017c\u0105 na sp\u00f3\u0142kach komandytowych, b\u0119d\u0105cych podatnikami CIT w przypadku, gdy zamkn\u0119\u0142y lub nie zamkn\u0119\u0142y ksi\u0105g rachunkowych na 31.12.2020 r. W zwi\u0105zku z tym Ministerstwo Finans\u00f3w zdecydowa\u0142o si\u0119 na publikacj\u0119 zaktualizowanej wersji informatora TPR, w kt\u00f3rym przedstawione s\u0105 odpowiedzi na najcz\u0119\u015bciej pojawiaj\u0105ce si\u0119 pytania dotycz\u0105ce informacji o cenach transferowych. Z tre\u015bci\u0105 pyta\u0144 i odpowiedzi udzielonych przez Ministerstwo mo\u017cna zapozna\u0107 si\u0119 pod publikowanym przez nas <a href=\"https:\/\/www.podatki.gov.pl\/media\/8625\/informator-tpr-2021.pdf\" target=\"_blank\" rel=\"noopener\"><em>LINKIEM<\/em><\/a>.<\/p>\n<h2>Obowi\u0105zek sporz\u0105dzenia informacji TPR<\/h2>\n<p>Zgodnie ze stanowiskiem Ministerstwa Finans\u00f3w, je\u015bli sp\u00f3\u0142ka komandytowa sta\u0142a si\u0119 podatnikiem CIT z dniem 1 maja 2021 r. oraz nie sporz\u0105dzi\u0142a sprawozdania finansowego na dzie\u0144 30 kwietnia 2021 r. (nie przed\u0142u\u017cy\u0142a roku obrotowego), powinna ona z\u0142o\u017cy\u0107 jedn\u0105 informacj\u0119 TPR za ca\u0142y jej rok obrotowy 2021.<\/p>\n<p>Powy\u017cszy obowi\u0105zek b\u0119dzie ci\u0105\u017cy\u0142 na sp\u00f3\u0142ce komandytowej, b\u0119d\u0105cej ju\u017c w tym okresie podatnikiem CIT, nie za\u015b na jej wsp\u00f3lnikach. Jak wskazuje Ministerstwo, w tym zakresie sp\u00f3\u0142ka komandytowa powinna wykaza\u0107 jedynie dane pochodz\u0105ce z zatwierdzonego sprawozdania finansowego za ca\u0142y rok obrotowy 2021.<\/p>\n<p>W przypadku, gdy sp\u00f3\u0142ka komandytowa nie przed\u0142u\u017cy\u0142a swojego roku obrotowego (sporz\u0105dzi\u0142a sprawozdanie finansowe na dzie\u0144 31 grudnia 2020 r.) informacj\u0119 o cenach transferowych TPR powinna z\u0142o\u017cy\u0107 sp\u00f3\u0142ka do 31 grudnia 2022 r. za okres od 1 stycznia 2021 r. do 31 grudnia 2021 r.<\/p>\n<h2>Przed\u0142u\u017cony rok obrotowy sp\u00f3\u0142ki komandytowej a informacja TPR<\/h2>\n<p>Je\u015bli jednak sp\u00f3\u0142ka komandytowa przed\u0142u\u017cy\u0142a rok obrotowy 2020, a tym samym nie zamkn\u0119\u0142a ksi\u0105g 30 grudnia 2020 r., to wed\u0142ug Ministerstwa Finans\u00f3w powinna z\u0142o\u017cy\u0107 dwie informacje TPR. Pierwsz\u0105 za okres przed\u0142u\u017conego roku obrotowego, a zatem od 1 stycznia 2020 r. do 30 kwietnia 2021 r., za\u015b drug\u0105 za okres od 1 maja 2021 r. do 31 grudnia 2021 r. Tym samym, pierwsza informacja TPR obejmuj\u0105ca okres, w kt\u00f3rym sp\u00f3\u0142ka komandytowa nie by\u0142a podatnikiem CIT powinna zosta\u0107 z\u0142o\u017cona przez wyznaczonego wsp\u00f3lnika sp\u00f3\u0142ki w terminie do 30 wrze\u015bnia 2022 r.. Natomiast w przypadku drugiej informacji TPR obejmuj\u0105cej okres od 1 maja do 31 grudnia 2021, powy\u017cszy obowi\u0105zek powinien zosta\u0107 zrealizowany do 31 grudnia 2022 r. i b\u0119dzie ci\u0105\u017cy\u0142 na sp\u00f3\u0142ce komandytowej, b\u0119d\u0105cej ju\u017c w tym okresie podatnikiem CIT.<\/p>\n<p>Zastanawiasz si\u0119 czy Twoja firma jest zobowi\u0105zana do z\u0142o\u017cenia informacji TPR? <em><a href=\"https:\/\/pragmatiq.pl\/powiazane\/#kontakt\" target=\"_blank\" rel=\"noopener\">Skontaktuj si\u0119<\/a> <\/em>\u00a0ze Specjalistami z Kancelarii PragmatIQ!<\/p>\n<p>Arkadiusz Raducki<br \/>\nDominika Jaszczyk<\/p>\n","protected":false},"excerpt":{"rendered":"<p>Ministerstwo Finans\u00f3w zaktualizowa\u0142o odpowiedzi na pytania w zakresie obowi\u0105zk\u00f3w dotycz\u0105cych raportowania cen transferowych. Podatnicy uzyskali ostateczn\u0105 odpowied\u017a kto i w jakim terminie powinien z\u0142o\u017cy\u0107 informacj\u0119 TPR za 2021 r. &#8211; sp\u00f3\u0142ka komandytowa czy jej wsp\u00f3lnicy Sp\u00f3\u0142ki komandytowe opodatkowane CIT Sp\u00f3\u0142ki komandytowe nieb\u0119d\u0105ce podatnikami CIT mog\u0142y by\u0107 zobowi\u0105zane do sporz\u0105dzenia dokumentacji cen transferowych oraz o\u015bwiadczenia i&hellip;<\/p>\n","protected":false},"author":11,"featured_media":0,"comment_status":"open","ping_status":"open","sticky":false,"template":"","format":"standard","meta":{"footnotes":""},"categories":[2],"tags":[9,107,100],"class_list":["post-1073","post","type-post","status-publish","format-standard","hentry","category-dokumentacja","tag-ceny-transferowe","tag-spolka-komandytowa","tag-tpr"],"yoast_head":"<!-- This site is optimized with the Yoast SEO plugin v22.8 - https:\/\/yoast.com\/wordpress\/plugins\/seo\/ -->\n<title>Raportowanie TPR sp\u00f3\u0142ek komandytowych za 2021 r. | Powiazane.pl<\/title>\n<meta name=\"description\" content=\"W odniesieniu do sp\u00f3\u0142ek komandytowych, kt\u00f3re zosta\u0142y podatnikiem CIT od 1 maja 2021 r. kto i w jakim terminie w powinien z\u0142o\u017cy\u0107 Informacj\u0119 TPR?\" \/>\n<meta name=\"robots\" content=\"index, follow, max-snippet:-1, max-image-preview:large, max-video-preview:-1\" \/>\n<link rel=\"canonical\" href=\"https:\/\/pragmatiq.pl\/powiazane\/informacja-tpr-za-2021-r-a-spolki-komandytowe\/\" \/>\n<meta property=\"og:locale\" content=\"pl_PL\" \/>\n<meta property=\"og:type\" content=\"article\" \/>\n<meta property=\"og:title\" content=\"Raportowanie TPR sp\u00f3\u0142ek komandytowych za 2021 r. | Powiazane.pl\" \/>\n<meta property=\"og:description\" content=\"W odniesieniu do sp\u00f3\u0142ek komandytowych, kt\u00f3re zosta\u0142y podatnikiem CIT od 1 maja 2021 r. kto i w jakim terminie w powinien z\u0142o\u017cy\u0107 Informacj\u0119 TPR?\" \/>\n<meta property=\"og:url\" content=\"https:\/\/pragmatiq.pl\/powiazane\/informacja-tpr-za-2021-r-a-spolki-komandytowe\/\" \/>\n<meta property=\"og:site_name\" content=\"Powiazane.pl\" \/>\n<meta property=\"article:published_time\" content=\"2022-10-27T12:00:47+00:00\" \/>\n<meta property=\"article:modified_time\" content=\"2024-06-17T06:24:31+00:00\" \/>\n<meta name=\"author\" content=\"MPiasecka\" \/>\n<meta name=\"twitter:card\" content=\"summary_large_image\" \/>\n<meta name=\"twitter:label1\" content=\"Napisane przez\" \/>\n\t<meta name=\"twitter:data1\" content=\"MPiasecka\" \/>\n\t<meta name=\"twitter:label2\" content=\"Szacowany czas czytania\" \/>\n\t<meta name=\"twitter:data2\" content=\"5 minut\" \/>\n<script type=\"application\/ld+json\" class=\"yoast-schema-graph\">{\"@context\":\"https:\/\/schema.org\",\"@graph\":[{\"@type\":\"WebPage\",\"@id\":\"https:\/\/pragmatiq.pl\/powiazane\/informacja-tpr-za-2021-r-a-spolki-komandytowe\/\",\"url\":\"https:\/\/pragmatiq.pl\/powiazane\/informacja-tpr-za-2021-r-a-spolki-komandytowe\/\",\"name\":\"Raportowanie TPR sp\u00f3\u0142ek komandytowych za 2021 r. | Powiazane.pl\",\"isPartOf\":{\"@id\":\"https:\/\/pragmatiq.pl\/powiazane\/#website\"},\"datePublished\":\"2022-10-27T12:00:47+00:00\",\"dateModified\":\"2024-06-17T06:24:31+00:00\",\"author\":{\"@id\":\"https:\/\/pragmatiq.pl\/powiazane\/#\/schema\/person\/8c9837071112e8d190cd91666e4021bb\"},\"description\":\"W odniesieniu do sp\u00f3\u0142ek komandytowych, kt\u00f3re zosta\u0142y podatnikiem CIT od 1 maja 2021 r. kto i w jakim terminie w powinien z\u0142o\u017cy\u0107 Informacj\u0119 TPR?\",\"breadcrumb\":{\"@id\":\"https:\/\/pragmatiq.pl\/powiazane\/informacja-tpr-za-2021-r-a-spolki-komandytowe\/#breadcrumb\"},\"inLanguage\":\"pl-PL\",\"potentialAction\":[{\"@type\":\"ReadAction\",\"target\":[\"https:\/\/pragmatiq.pl\/powiazane\/informacja-tpr-za-2021-r-a-spolki-komandytowe\/\"]}]},{\"@type\":\"BreadcrumbList\",\"@id\":\"https:\/\/pragmatiq.pl\/powiazane\/informacja-tpr-za-2021-r-a-spolki-komandytowe\/#breadcrumb\",\"itemListElement\":[{\"@type\":\"ListItem\",\"position\":1,\"name\":\"Strona g\u0142\u00f3wna\",\"item\":\"https:\/\/pragmatiq.pl\/powiazane\/\"},{\"@type\":\"ListItem\",\"position\":2,\"name\":\"Informacja TPR za 2021 r. a sp\u00f3\u0142ki komandytowe\"}]},{\"@type\":\"WebSite\",\"@id\":\"https:\/\/pragmatiq.pl\/powiazane\/#website\",\"url\":\"https:\/\/pragmatiq.pl\/powiazane\/\",\"name\":\"Powiazane.pl\",\"description\":\"\",\"potentialAction\":[{\"@type\":\"SearchAction\",\"target\":{\"@type\":\"EntryPoint\",\"urlTemplate\":\"https:\/\/pragmatiq.pl\/powiazane\/?s={search_term_string}\"},\"query-input\":\"required name=search_term_string\"}],\"inLanguage\":\"pl-PL\"},{\"@type\":\"Person\",\"@id\":\"https:\/\/pragmatiq.pl\/powiazane\/#\/schema\/person\/8c9837071112e8d190cd91666e4021bb\",\"name\":\"MPiasecka\",\"image\":{\"@type\":\"ImageObject\",\"inLanguage\":\"pl-PL\",\"@id\":\"https:\/\/pragmatiq.pl\/powiazane\/#\/schema\/person\/image\/\",\"url\":\"https:\/\/secure.gravatar.com\/avatar\/6d24b7dcdb2aa81c311c2677433612c2566b3bbf8d7f5abdcd807de80d5f1fdc?s=96&d=mm&r=g\",\"contentUrl\":\"https:\/\/secure.gravatar.com\/avatar\/6d24b7dcdb2aa81c311c2677433612c2566b3bbf8d7f5abdcd807de80d5f1fdc?s=96&d=mm&r=g\",\"caption\":\"MPiasecka\"},\"url\":\"https:\/\/pragmatiq.pl\/powiazane\/author\/mpiasecka\/\"}]}<\/script>\n<!-- \/ Yoast SEO plugin. -->","yoast_head_json":{"title":"Raportowanie TPR sp\u00f3\u0142ek komandytowych za 2021 r. | Powiazane.pl","description":"W odniesieniu do sp\u00f3\u0142ek komandytowych, kt\u00f3re zosta\u0142y podatnikiem CIT od 1 maja 2021 r. kto i w jakim terminie w powinien z\u0142o\u017cy\u0107 Informacj\u0119 TPR?","robots":{"index":"index","follow":"follow","max-snippet":"max-snippet:-1","max-image-preview":"max-image-preview:large","max-video-preview":"max-video-preview:-1"},"canonical":"https:\/\/pragmatiq.pl\/powiazane\/informacja-tpr-za-2021-r-a-spolki-komandytowe\/","og_locale":"pl_PL","og_type":"article","og_title":"Raportowanie TPR sp\u00f3\u0142ek komandytowych za 2021 r. | Powiazane.pl","og_description":"W odniesieniu do sp\u00f3\u0142ek komandytowych, kt\u00f3re zosta\u0142y podatnikiem CIT od 1 maja 2021 r. kto i w jakim terminie w powinien z\u0142o\u017cy\u0107 Informacj\u0119 TPR?","og_url":"https:\/\/pragmatiq.pl\/powiazane\/informacja-tpr-za-2021-r-a-spolki-komandytowe\/","og_site_name":"Powiazane.pl","article_published_time":"2022-10-27T12:00:47+00:00","article_modified_time":"2024-06-17T06:24:31+00:00","author":"MPiasecka","twitter_card":"summary_large_image","twitter_misc":{"Napisane przez":"MPiasecka","Szacowany czas czytania":"5 minut"},"schema":{"@context":"https:\/\/schema.org","@graph":[{"@type":"WebPage","@id":"https:\/\/pragmatiq.pl\/powiazane\/informacja-tpr-za-2021-r-a-spolki-komandytowe\/","url":"https:\/\/pragmatiq.pl\/powiazane\/informacja-tpr-za-2021-r-a-spolki-komandytowe\/","name":"Raportowanie TPR sp\u00f3\u0142ek komandytowych za 2021 r. | Powiazane.pl","isPartOf":{"@id":"https:\/\/pragmatiq.pl\/powiazane\/#website"},"datePublished":"2022-10-27T12:00:47+00:00","dateModified":"2024-06-17T06:24:31+00:00","author":{"@id":"https:\/\/pragmatiq.pl\/powiazane\/#\/schema\/person\/8c9837071112e8d190cd91666e4021bb"},"description":"W odniesieniu do sp\u00f3\u0142ek komandytowych, kt\u00f3re zosta\u0142y podatnikiem CIT od 1 maja 2021 r. kto i w jakim terminie w powinien z\u0142o\u017cy\u0107 Informacj\u0119 TPR?","breadcrumb":{"@id":"https:\/\/pragmatiq.pl\/powiazane\/informacja-tpr-za-2021-r-a-spolki-komandytowe\/#breadcrumb"},"inLanguage":"pl-PL","potentialAction":[{"@type":"ReadAction","target":["https:\/\/pragmatiq.pl\/powiazane\/informacja-tpr-za-2021-r-a-spolki-komandytowe\/"]}]},{"@type":"BreadcrumbList","@id":"https:\/\/pragmatiq.pl\/powiazane\/informacja-tpr-za-2021-r-a-spolki-komandytowe\/#breadcrumb","itemListElement":[{"@type":"ListItem","position":1,"name":"Strona g\u0142\u00f3wna","item":"https:\/\/pragmatiq.pl\/powiazane\/"},{"@type":"ListItem","position":2,"name":"Informacja TPR za 2021 r. a sp\u00f3\u0142ki komandytowe"}]},{"@type":"WebSite","@id":"https:\/\/pragmatiq.pl\/powiazane\/#website","url":"https:\/\/pragmatiq.pl\/powiazane\/","name":"Powiazane.pl","description":"","potentialAction":[{"@type":"SearchAction","target":{"@type":"EntryPoint","urlTemplate":"https:\/\/pragmatiq.pl\/powiazane\/?s={search_term_string}"},"query-input":"required name=search_term_string"}],"inLanguage":"pl-PL"},{"@type":"Person","@id":"https:\/\/pragmatiq.pl\/powiazane\/#\/schema\/person\/8c9837071112e8d190cd91666e4021bb","name":"MPiasecka","image":{"@type":"ImageObject","inLanguage":"pl-PL","@id":"https:\/\/pragmatiq.pl\/powiazane\/#\/schema\/person\/image\/","url":"https:\/\/secure.gravatar.com\/avatar\/6d24b7dcdb2aa81c311c2677433612c2566b3bbf8d7f5abdcd807de80d5f1fdc?s=96&d=mm&r=g","contentUrl":"https:\/\/secure.gravatar.com\/avatar\/6d24b7dcdb2aa81c311c2677433612c2566b3bbf8d7f5abdcd807de80d5f1fdc?s=96&d=mm&r=g","caption":"MPiasecka"},"url":"https:\/\/pragmatiq.pl\/powiazane\/author\/mpiasecka\/"}]}},"_links":{"self":[{"href":"https:\/\/pragmatiq.pl\/powiazane\/wp-json\/wp\/v2\/posts\/1073","targetHints":{"allow":["GET"]}}],"collection":[{"href":"https:\/\/pragmatiq.pl\/powiazane\/wp-json\/wp\/v2\/posts"}],"about":[{"href":"https:\/\/pragmatiq.pl\/powiazane\/wp-json\/wp\/v2\/types\/post"}],"author":[{"embeddable":true,"href":"https:\/\/pragmatiq.pl\/powiazane\/wp-json\/wp\/v2\/users\/11"}],"replies":[{"embeddable":true,"href":"https:\/\/pragmatiq.pl\/powiazane\/wp-json\/wp\/v2\/comments?post=1073"}],"version-history":[{"count":7,"href":"https:\/\/pragmatiq.pl\/powiazane\/wp-json\/wp\/v2\/posts\/1073\/revisions"}],"predecessor-version":[{"id":1080,"href":"https:\/\/pragmatiq.pl\/powiazane\/wp-json\/wp\/v2\/posts\/1073\/revisions\/1080"}],"wp:attachment":[{"href":"https:\/\/pragmatiq.pl\/powiazane\/wp-json\/wp\/v2\/media?parent=1073"}],"wp:term":[{"taxonomy":"category","embeddable":true,"href":"https:\/\/pragmatiq.pl\/powiazane\/wp-json\/wp\/v2\/categories?post=1073"},{"taxonomy":"post_tag","embeddable":true,"href":"https:\/\/pragmatiq.pl\/powiazane\/wp-json\/wp\/v2\/tags?post=1073"}],"curies":[{"name":"wp","href":"https:\/\/api.w.org\/{rel}","templated":true}]}}