{"id":1063,"date":"2022-09-09T13:40:10","date_gmt":"2022-09-09T11:40:10","guid":{"rendered":"https:\/\/powiazane.pl\/?p=1063"},"modified":"2024-06-17T08:24:59","modified_gmt":"2024-06-17T06:24:59","slug":"terminy-sporzadzenia-dokumentacji-cen-transferowych","status":"publish","type":"post","link":"https:\/\/pragmatiq.pl\/powiazane\/terminy-sporzadzenia-dokumentacji-cen-transferowych\/","title":{"rendered":"Terminy sporz\u0105dzenia dokumentacji cen transferowych"},"content":{"rendered":"<p><strong>Termin na sporz\u0105dzenie lokalnej oraz grupowej dokumentacji, a tak\u017ce na z\u0142o\u017cenie o\u015bwiadczenia o sporz\u0105dzeniu dokumentacji zosta\u0142 wyd\u0142u\u017cony <\/strong><strong>wskutek przyj\u0119tych przez Sejm przepis\u00f3w.\u00a0 Analogicznie do lat ubieg\u0142ych, podatnicy zyskali wi\u0119cej czasu na wype\u0142nienie obowi\u0105zk\u00f3w z zakresu cen transferowych.<\/strong><\/p>\n<h2>Polski \u0141ad \u2013 terminy w cenach transferowych<\/h2>\n<p>Przepisy \u201ePolskiego \u0141adu\u201d zaktualizowa\u0142y terminy dotycz\u0105ce wype\u0142nienia obowi\u0105zk\u00f3w z zakresu cen transferowych. Przede wszystkim, zmianie uleg\u0142 termin na sporz\u0105dzenie lokalnej dokumentacji cen transferowych. Wyd\u0142u\u017cono tak\u017ce czas na z\u0142o\u017cenie informacji o cenach transferowych TPR.<\/p>\n<p>Polski \u0141ad zmieni\u0142 r\u00f3wnie\u017c termin na przed\u0142o\u017cenie lokalnej dokumentacji cen transferowych na \u017c\u0105danie organu podatkowego. Dotychczas, czyli przed 1 stycznia 2022 r., podatnik by\u0142 zobowi\u0105zany dokona\u0107 tej czynno\u015bci w ci\u0105gu 7 dni. Obecnie okres ten wynosi 14 dni.<\/p>\n<p>Zwracamy r\u00f3wnie\u017c uwag\u0119, \u017ce od 1 stycznia 2022 r. zlikwidowano obowi\u0105zek sk\u0142adania urz\u0119dom skarbowym odr\u0119bnego o\u015bwiadczenia o sporz\u0105dzeniu lokalnej dokumentacji cen transferowych. Zgodnie z obowi\u0105zuj\u0105cymi przepisami Polskiego \u0141adu o\u015bwiadczenie umieszcza si\u0119 w informacji o cenach transferowych TPR, o czym pisali\u015bmy rok temu przy okazji <a href=\"https:\/\/pragmatiq.pl\/powiazane\/oswiadczenie-o-sporzadzeniu-dokumentacji-cen-transferowych-za-2020-r\/\" target=\"_blank\" rel=\"noopener\">o\u015bwiadczenia o sporz\u0105dzeniu dokumentacji cen transferowych za 2020 r.<\/a><\/p>\n<p><strong>Przepisy te b\u0119d\u0105 jednak obowi\u0105zywa\u0107 dopiero przy wype\u0142nianiu obowi\u0105zk\u00f3w za 2022 r., czyli przy dokumentacjach sporz\u0105dzanych w 2023 r.<\/strong> Niezale\u017cnie od postanowie\u0144 Polskiego \u0141adu wyd\u0142u\u017ceniu uleg\u0142y tak\u017ce terminy wype\u0142nienia obowi\u0105zk\u00f3w dokumentacyjnych za 2021 r.<\/p>\n<h2>Wyd\u0142u\u017cenie termin\u00f3w dla lokalnej dokumentacji cen transferowych za 2021 r.<\/h2>\n<p>Wskutek noweli uchwalonej przez Sejm terminy na sporz\u0105dzenie lokalnej dokumentacji, a tak\u017ce na z\u0142o\u017cenie o\u015bwiadczenia i informacji TP-R za 2021 r. zosta\u0142y przed\u0142u\u017cone:<\/p>\n<ul>\n<li><strong>do 30 wrze\u015bnia 2022 r. \u2013 w przypadku, gdy termin przed przed\u0142u\u017ceniem up\u0142ywa od 1 stycznia do 30 czerwca 2022 r.,<\/strong><\/li>\n<\/ul>\n<ul>\n<li><strong>o 3 miesi\u0105ce \u2013 w przypadku, gdy termin przed przed\u0142u\u017ceniem up\u0142ywa od 1 lipca do 31 grudnia 2022 r. <\/strong><\/li>\n<\/ul>\n<p>Tym samym, dla podatnik\u00f3w, kt\u00f3rych rok podatkowy w 2021 r. pokrywa\u0142 si\u0119 z rokiem kalendarzowym, termin na sporz\u0105dzenie lokalnej dokumentacji oraz wype\u0142nienie innych obowi\u0105zk\u00f3w z zakresu cen transferowych dla transakcji realizowanych z podmiotami powi\u0105zanymi <strong>nie up\u0142ywa z ko\u0144cem wrze\u015bnia, a dopiero 31 grudnia 2022 r.<\/strong><\/p>\n<h2>Wyd\u0142u\u017cenie termin\u00f3w dla grupowej dokumentacji cen transferowych za 2021 r.<\/h2>\n<p>Konsekwencj\u0105 zmiany termin\u00f3w do z\u0142o\u017cenia o\u015bwiadczenia o sporz\u0105dzeniu dokumentacji lokalnej jest wyd\u0142u\u017cenie termin\u00f3w na przygotowanie dokumentacji grupowej. Podatnicy zobowi\u0105zani s\u0105 do\u0142\u0105czy\u0107 do lokalnej dokumentacji grupow\u0105 dokumentacj\u0119 cen transferowych do ko\u0144ca trzeciego miesi\u0105ca licz\u0105c od dnia nast\u0119puj\u0105cego po dniu, w kt\u00f3rym up\u0142yn\u0105\u0142 termin do z\u0142o\u017cenia o\u015bwiadczenia o sporz\u0105dzeniu dokumentacji lokalnej. To oznacza, \u017ce dla wi\u0119kszo\u015bci podatnik\u00f3w, kt\u00f3rych rok podatkowy zako\u0144czy\u0142 si\u0119 31 grudnia 2021 r., termin przesuni\u0119to na koniec marca 2023 r.<\/p>\n<p>Pomimo wyd\u0142u\u017cenia termin\u00f3w na sporz\u0105dzenie dokumentacji cen transferowych, nale\u017cy pami\u0119ta\u0107, \u017ce od 2021 roku zwi\u0119kszy\u0142 si\u0119 zakres obowi\u0105zk\u00f3w spoczywaj\u0105cych na podatnikach w zwi\u0105zku z wprowadzeniem przepis\u00f3w dotycz\u0105cych tzw. po\u015brednich transakcji rajowych. Dodatkowo, znowelizowano formularz TP-R za 2021 rok, kt\u00f3ry wymaga od podatnik\u00f3w wskazania wielu dodatkowych informacji. Dlatego te\u017c, zalecamy aby proces przygotowywania dokumentacji cen transferowych rozpocz\u0105\u0107 jak najszybciej, poniewa\u017c ko\u0144cowy termin nieub\u0142agalnie si\u0119 zbli\u017ca.<\/p>\n<p>Zastanawiasz si\u0119 czy jeste\u015b zobowi\u0105zany do przygotowania dokumentacji cen transferowych za 2021 r.? Pomimo przed\u0142u\u017conego terminu \u2013 warto skonsultowa\u0107 to ze swoim doradc\u0105. Nie zwlekaj! <a href=\"https:\/\/pragmatiq.pl\/powiazane\/oferta\/\" target=\"_blank\" rel=\"noopener\">Skontaktuj si\u0119 ze Specjalistami i zapoznaj si\u0119 z nasz\u0105 ofert\u0105<\/a>!<\/p>\n<p>Zach\u0119camy do <a href=\"https:\/\/www.doradzamy.to\/artykuly\/newsletter-z-nowosciami-2\" target=\"_blank\" rel=\"noopener\">subskrybowania naszego newslettera<\/a>, w kt\u00f3rym omawiamy formy wsparcia, z kt\u00f3rych mog\u0105 skorzysta\u0107 przedsi\u0119biorcy.<\/p>\n<p>Pawe\u0142 Malewski<\/p>\n<p>Arkadiusz Raducki<\/p>\n","protected":false},"excerpt":{"rendered":"<p>Termin na sporz\u0105dzenie lokalnej oraz grupowej dokumentacji, a tak\u017ce na z\u0142o\u017cenie o\u015bwiadczenia o sporz\u0105dzeniu dokumentacji zosta\u0142 wyd\u0142u\u017cony wskutek przyj\u0119tych przez Sejm przepis\u00f3w.\u00a0 Analogicznie do lat ubieg\u0142ych, podatnicy zyskali wi\u0119cej czasu na wype\u0142nienie obowi\u0105zk\u00f3w z zakresu cen transferowych. Polski \u0141ad \u2013 terminy w cenach transferowych Przepisy \u201ePolskiego \u0141adu\u201d zaktualizowa\u0142y terminy dotycz\u0105ce wype\u0142nienia obowi\u0105zk\u00f3w z zakresu cen&hellip;<\/p>\n","protected":false},"author":11,"featured_media":0,"comment_status":"open","ping_status":"open","sticky":false,"template":"","format":"standard","meta":{"footnotes":""},"categories":[2],"tags":[9,7,105],"class_list":["post-1063","post","type-post","status-publish","format-standard","hentry","category-dokumentacja","tag-ceny-transferowe","tag-dokumentacja-cen-transferowych","tag-polski-lad"],"yoast_head":"<!-- This site is optimized with the Yoast SEO plugin v22.8 - https:\/\/yoast.com\/wordpress\/plugins\/seo\/ -->\n<title>Terminy sporz\u0105dzenia dokumentacji cen transferowych | Powiazane.pl<\/title>\n<meta name=\"description\" content=\"Sprawd\u017a do kiedy nale\u017cy sporz\u0105dzi\u0107 dokumentacj\u0119 cen transferowych oraz informacj\u0119 o cenach transferowych (TPR) \u2013 terminy zosta\u0142y wyd\u0142u\u017cone\" \/>\n<meta name=\"robots\" content=\"index, follow, max-snippet:-1, max-image-preview:large, max-video-preview:-1\" \/>\n<link rel=\"canonical\" href=\"https:\/\/pragmatiq.pl\/powiazane\/terminy-sporzadzenia-dokumentacji-cen-transferowych\/\" \/>\n<meta property=\"og:locale\" content=\"pl_PL\" \/>\n<meta property=\"og:type\" content=\"article\" \/>\n<meta property=\"og:title\" content=\"Terminy sporz\u0105dzenia dokumentacji cen transferowych | Powiazane.pl\" \/>\n<meta property=\"og:description\" content=\"Sprawd\u017a do kiedy nale\u017cy sporz\u0105dzi\u0107 dokumentacj\u0119 cen transferowych oraz informacj\u0119 o cenach transferowych (TPR) \u2013 terminy zosta\u0142y wyd\u0142u\u017cone\" \/>\n<meta property=\"og:url\" content=\"https:\/\/pragmatiq.pl\/powiazane\/terminy-sporzadzenia-dokumentacji-cen-transferowych\/\" \/>\n<meta property=\"og:site_name\" content=\"Powiazane.pl\" \/>\n<meta property=\"article:published_time\" content=\"2022-09-09T11:40:10+00:00\" \/>\n<meta property=\"article:modified_time\" content=\"2024-06-17T06:24:59+00:00\" \/>\n<meta name=\"author\" content=\"MPiasecka\" \/>\n<meta name=\"twitter:card\" content=\"summary_large_image\" \/>\n<meta name=\"twitter:label1\" content=\"Napisane przez\" \/>\n\t<meta name=\"twitter:data1\" content=\"MPiasecka\" \/>\n\t<meta name=\"twitter:label2\" content=\"Szacowany czas czytania\" \/>\n\t<meta name=\"twitter:data2\" content=\"4 minuty\" \/>\n<script type=\"application\/ld+json\" class=\"yoast-schema-graph\">{\"@context\":\"https:\/\/schema.org\",\"@graph\":[{\"@type\":\"WebPage\",\"@id\":\"https:\/\/pragmatiq.pl\/powiazane\/terminy-sporzadzenia-dokumentacji-cen-transferowych\/\",\"url\":\"https:\/\/pragmatiq.pl\/powiazane\/terminy-sporzadzenia-dokumentacji-cen-transferowych\/\",\"name\":\"Terminy sporz\u0105dzenia dokumentacji cen transferowych | Powiazane.pl\",\"isPartOf\":{\"@id\":\"https:\/\/pragmatiq.pl\/powiazane\/#website\"},\"datePublished\":\"2022-09-09T11:40:10+00:00\",\"dateModified\":\"2024-06-17T06:24:59+00:00\",\"author\":{\"@id\":\"https:\/\/pragmatiq.pl\/powiazane\/#\/schema\/person\/8c9837071112e8d190cd91666e4021bb\"},\"description\":\"Sprawd\u017a do kiedy nale\u017cy sporz\u0105dzi\u0107 dokumentacj\u0119 cen transferowych oraz informacj\u0119 o cenach transferowych (TPR) \u2013 terminy zosta\u0142y wyd\u0142u\u017cone\",\"breadcrumb\":{\"@id\":\"https:\/\/pragmatiq.pl\/powiazane\/terminy-sporzadzenia-dokumentacji-cen-transferowych\/#breadcrumb\"},\"inLanguage\":\"pl-PL\",\"potentialAction\":[{\"@type\":\"ReadAction\",\"target\":[\"https:\/\/pragmatiq.pl\/powiazane\/terminy-sporzadzenia-dokumentacji-cen-transferowych\/\"]}]},{\"@type\":\"BreadcrumbList\",\"@id\":\"https:\/\/pragmatiq.pl\/powiazane\/terminy-sporzadzenia-dokumentacji-cen-transferowych\/#breadcrumb\",\"itemListElement\":[{\"@type\":\"ListItem\",\"position\":1,\"name\":\"Strona g\u0142\u00f3wna\",\"item\":\"https:\/\/pragmatiq.pl\/powiazane\/\"},{\"@type\":\"ListItem\",\"position\":2,\"name\":\"Terminy sporz\u0105dzenia dokumentacji cen transferowych\"}]},{\"@type\":\"WebSite\",\"@id\":\"https:\/\/pragmatiq.pl\/powiazane\/#website\",\"url\":\"https:\/\/pragmatiq.pl\/powiazane\/\",\"name\":\"Powiazane.pl\",\"description\":\"\",\"potentialAction\":[{\"@type\":\"SearchAction\",\"target\":{\"@type\":\"EntryPoint\",\"urlTemplate\":\"https:\/\/pragmatiq.pl\/powiazane\/?s={search_term_string}\"},\"query-input\":\"required name=search_term_string\"}],\"inLanguage\":\"pl-PL\"},{\"@type\":\"Person\",\"@id\":\"https:\/\/pragmatiq.pl\/powiazane\/#\/schema\/person\/8c9837071112e8d190cd91666e4021bb\",\"name\":\"MPiasecka\",\"image\":{\"@type\":\"ImageObject\",\"inLanguage\":\"pl-PL\",\"@id\":\"https:\/\/pragmatiq.pl\/powiazane\/#\/schema\/person\/image\/\",\"url\":\"https:\/\/secure.gravatar.com\/avatar\/6d24b7dcdb2aa81c311c2677433612c2566b3bbf8d7f5abdcd807de80d5f1fdc?s=96&d=mm&r=g\",\"contentUrl\":\"https:\/\/secure.gravatar.com\/avatar\/6d24b7dcdb2aa81c311c2677433612c2566b3bbf8d7f5abdcd807de80d5f1fdc?s=96&d=mm&r=g\",\"caption\":\"MPiasecka\"},\"url\":\"https:\/\/pragmatiq.pl\/powiazane\/author\/mpiasecka\/\"}]}<\/script>\n<!-- \/ Yoast SEO plugin. -->","yoast_head_json":{"title":"Terminy sporz\u0105dzenia dokumentacji cen transferowych | Powiazane.pl","description":"Sprawd\u017a do kiedy nale\u017cy sporz\u0105dzi\u0107 dokumentacj\u0119 cen transferowych oraz informacj\u0119 o cenach transferowych (TPR) \u2013 terminy zosta\u0142y wyd\u0142u\u017cone","robots":{"index":"index","follow":"follow","max-snippet":"max-snippet:-1","max-image-preview":"max-image-preview:large","max-video-preview":"max-video-preview:-1"},"canonical":"https:\/\/pragmatiq.pl\/powiazane\/terminy-sporzadzenia-dokumentacji-cen-transferowych\/","og_locale":"pl_PL","og_type":"article","og_title":"Terminy sporz\u0105dzenia dokumentacji cen transferowych | Powiazane.pl","og_description":"Sprawd\u017a do kiedy nale\u017cy sporz\u0105dzi\u0107 dokumentacj\u0119 cen transferowych oraz informacj\u0119 o cenach transferowych (TPR) \u2013 terminy zosta\u0142y wyd\u0142u\u017cone","og_url":"https:\/\/pragmatiq.pl\/powiazane\/terminy-sporzadzenia-dokumentacji-cen-transferowych\/","og_site_name":"Powiazane.pl","article_published_time":"2022-09-09T11:40:10+00:00","article_modified_time":"2024-06-17T06:24:59+00:00","author":"MPiasecka","twitter_card":"summary_large_image","twitter_misc":{"Napisane przez":"MPiasecka","Szacowany czas czytania":"4 minuty"},"schema":{"@context":"https:\/\/schema.org","@graph":[{"@type":"WebPage","@id":"https:\/\/pragmatiq.pl\/powiazane\/terminy-sporzadzenia-dokumentacji-cen-transferowych\/","url":"https:\/\/pragmatiq.pl\/powiazane\/terminy-sporzadzenia-dokumentacji-cen-transferowych\/","name":"Terminy sporz\u0105dzenia dokumentacji cen transferowych | Powiazane.pl","isPartOf":{"@id":"https:\/\/pragmatiq.pl\/powiazane\/#website"},"datePublished":"2022-09-09T11:40:10+00:00","dateModified":"2024-06-17T06:24:59+00:00","author":{"@id":"https:\/\/pragmatiq.pl\/powiazane\/#\/schema\/person\/8c9837071112e8d190cd91666e4021bb"},"description":"Sprawd\u017a do kiedy nale\u017cy sporz\u0105dzi\u0107 dokumentacj\u0119 cen transferowych oraz informacj\u0119 o cenach transferowych (TPR) \u2013 terminy zosta\u0142y wyd\u0142u\u017cone","breadcrumb":{"@id":"https:\/\/pragmatiq.pl\/powiazane\/terminy-sporzadzenia-dokumentacji-cen-transferowych\/#breadcrumb"},"inLanguage":"pl-PL","potentialAction":[{"@type":"ReadAction","target":["https:\/\/pragmatiq.pl\/powiazane\/terminy-sporzadzenia-dokumentacji-cen-transferowych\/"]}]},{"@type":"BreadcrumbList","@id":"https:\/\/pragmatiq.pl\/powiazane\/terminy-sporzadzenia-dokumentacji-cen-transferowych\/#breadcrumb","itemListElement":[{"@type":"ListItem","position":1,"name":"Strona g\u0142\u00f3wna","item":"https:\/\/pragmatiq.pl\/powiazane\/"},{"@type":"ListItem","position":2,"name":"Terminy sporz\u0105dzenia dokumentacji cen transferowych"}]},{"@type":"WebSite","@id":"https:\/\/pragmatiq.pl\/powiazane\/#website","url":"https:\/\/pragmatiq.pl\/powiazane\/","name":"Powiazane.pl","description":"","potentialAction":[{"@type":"SearchAction","target":{"@type":"EntryPoint","urlTemplate":"https:\/\/pragmatiq.pl\/powiazane\/?s={search_term_string}"},"query-input":"required name=search_term_string"}],"inLanguage":"pl-PL"},{"@type":"Person","@id":"https:\/\/pragmatiq.pl\/powiazane\/#\/schema\/person\/8c9837071112e8d190cd91666e4021bb","name":"MPiasecka","image":{"@type":"ImageObject","inLanguage":"pl-PL","@id":"https:\/\/pragmatiq.pl\/powiazane\/#\/schema\/person\/image\/","url":"https:\/\/secure.gravatar.com\/avatar\/6d24b7dcdb2aa81c311c2677433612c2566b3bbf8d7f5abdcd807de80d5f1fdc?s=96&d=mm&r=g","contentUrl":"https:\/\/secure.gravatar.com\/avatar\/6d24b7dcdb2aa81c311c2677433612c2566b3bbf8d7f5abdcd807de80d5f1fdc?s=96&d=mm&r=g","caption":"MPiasecka"},"url":"https:\/\/pragmatiq.pl\/powiazane\/author\/mpiasecka\/"}]}},"_links":{"self":[{"href":"https:\/\/pragmatiq.pl\/powiazane\/wp-json\/wp\/v2\/posts\/1063","targetHints":{"allow":["GET"]}}],"collection":[{"href":"https:\/\/pragmatiq.pl\/powiazane\/wp-json\/wp\/v2\/posts"}],"about":[{"href":"https:\/\/pragmatiq.pl\/powiazane\/wp-json\/wp\/v2\/types\/post"}],"author":[{"embeddable":true,"href":"https:\/\/pragmatiq.pl\/powiazane\/wp-json\/wp\/v2\/users\/11"}],"replies":[{"embeddable":true,"href":"https:\/\/pragmatiq.pl\/powiazane\/wp-json\/wp\/v2\/comments?post=1063"}],"version-history":[{"count":2,"href":"https:\/\/pragmatiq.pl\/powiazane\/wp-json\/wp\/v2\/posts\/1063\/revisions"}],"predecessor-version":[{"id":1069,"href":"https:\/\/pragmatiq.pl\/powiazane\/wp-json\/wp\/v2\/posts\/1063\/revisions\/1069"}],"wp:attachment":[{"href":"https:\/\/pragmatiq.pl\/powiazane\/wp-json\/wp\/v2\/media?parent=1063"}],"wp:term":[{"taxonomy":"category","embeddable":true,"href":"https:\/\/pragmatiq.pl\/powiazane\/wp-json\/wp\/v2\/categories?post=1063"},{"taxonomy":"post_tag","embeddable":true,"href":"https:\/\/pragmatiq.pl\/powiazane\/wp-json\/wp\/v2\/tags?post=1063"}],"curies":[{"name":"wp","href":"https:\/\/api.w.org\/{rel}","templated":true}]}}