{"id":1044,"date":"2021-09-14T14:09:42","date_gmt":"2021-09-14T12:09:42","guid":{"rendered":"https:\/\/powiazane.pl\/?p=1044"},"modified":"2024-06-18T07:53:32","modified_gmt":"2024-06-18T05:53:32","slug":"oswiadczenie-o-sporzadzeniu-dokumentacji-cen-transferowych-za-2020-r","status":"publish","type":"post","link":"https:\/\/pragmatiq.pl\/powiazane\/oswiadczenie-o-sporzadzeniu-dokumentacji-cen-transferowych-za-2020-r\/","title":{"rendered":"O\u015bwiadczenie o sporz\u0105dzeniu dokumentacji cen transferowych za 2020 r."},"content":{"rendered":"<p><strong>Podatnicy, kt\u00f3rzy maj\u0105 obowi\u0105zek sporz\u0105dzenia dokumentacji cen transferowych, s\u0105 zobowi\u0105zani do elektronicznego z\u0142o\u017cenia o\u015bwiadczenie o jej sporz\u0105dzeniu. <\/strong><strong>Dla podmiot\u00f3w powi\u0105zanych, kt\u00f3rych\u00a0rok podatkowy jest rokiem kalendarzowym, termin z\u0142o\u017cenia o\u015bwiadczenia za\u00a02020\u00a0r. up\u0142ywa 31\u00a0grudnia 2021\u00a0r.<\/strong><\/p>\n<h2>O\u015bwiadczenie o cenach transferowych 2020 r. \u2013 termin<\/h2>\n<p>Na podstawie tzw. Tarczy 4.0, termin na\u00a0z\u0142o\u017cenie o\u015bwiadczenia o\u00a0sporz\u0105dzeniu dokumentacji cen transferowych zosta\u0142 wyd\u0142u\u017cony:<\/p>\n<ul>\n<li><strong>do 31\u00a0grudnia 2021\u00a0r.<\/strong> \u2013 gdy ustawowy termin na\u00a0jego z\u0142o\u017cenie up\u0142ywa\u0142 od\u00a031\u00a0marca 2020\u00a0r. do\u00a030\u00a0wrze\u015bnia 2020\u00a0r.,<\/li>\n<li><strong>o 3\u00a0miesi\u0105ce<\/strong> \u2013 gdy ustawowy termin up\u0142ywa\u0142 od\u00a01\u00a0pa\u017adziernika 2020\u00a0r. do\u00a031\u00a0stycznia 2021\u00a0r.<\/li>\n<\/ul>\n<p>W\u00a0tym samym terminie nale\u017cy sporz\u0105dzi\u0107 informacj\u0119 o\u00a0cenach transferowych TPR-C\/TPR-P. Wi\u0119cej na temat informacji <em>TPR przeczytasz w artykule <a href=\"https:\/\/pragmatiq.pl\/powiazane\/tpr-o-czym-warto-wiedziec\/\" target=\"_blank\" rel=\"noopener\">TPR \u2013 o czym warto wiedzie\u0107?<\/a><\/em><\/p>\n<h2>O\u015bwiadczenie o dokumentacji cen transferowych \u2013 kto podpisuje?<\/h2>\n<p>Obowi\u0105zek\u00a0o\u015bwiadczenia o przygotowaniu dokumentacji cen transferowych spoczywa na podmiocie powi\u0105zanym.<\/p>\n<p>Zasadniczo o\u015bwiadczenie\u00a0podpisuje<u> za\u00a0pomoc\u0105 podpisu zaufanego, kwalifikowanego podpisu elektronicznego lub podpisu osobistego <\/u><strong>kierownik jednostki w\u00a0rozumieniu ustawy o\u00a0rachunkowo\u015bci, podaj\u0105c pe\u0142nion\u0105 przez\u00a0siebie funkcj\u0119.<\/strong><\/p>\n<p>Kierownikiem jednostki uprawnionym do podpisania o\u015bwiadczenia jest:<\/p>\n<ul>\n<li>przy indywidualnej dzia\u0142alno\u015bci gospodarczej \u2013 osoba fizyczna prowadz\u0105ca t\u0119 dzia\u0142alno\u015b\u0107 gospodarcz\u0105,<\/li>\n<li>przy\u00a0sp\u00f3\u0142ce jawnej lub sp\u00f3\u0142ce cywilnej\u00a0\u2013\u00a0wsp\u00f3lnicy sp\u00f3\u0142ki,<\/li>\n<li>przy\u00a0sp\u00f3\u0142ce partnerskiej\u00a0\u2013\u00a0wsp\u00f3lnicy sp\u00f3\u0142ki albo\u00a0zarz\u0105d,<\/li>\n<li>przy sp\u00f3\u0142ce komandytowej\u00a0\u2013 komplementariusze (ew. zarz\u0105d komplementariusza w\u00a0przypadku sp\u00f3\u0142ki z\u00a0o.o. sp. k.),<\/li>\n<li>przy sp\u00f3\u0142ce komandytowo-akcyjnej \u2013 komplementariusze,<\/li>\n<li>przy sp\u00f3\u0142ce z\u00a0ograniczon\u0105 odpowiedzialno\u015bci\u0105 lub sp\u00f3\u0142ce akcyjnej \u2013 zarz\u0105d zgodnie z\u00a0reprezentacj\u0105,<\/li>\n<li>w\u00a0przypadku likwidowanej sp\u00f3\u0142ki \u2013 likwidator,<\/li>\n<li>w\u00a0przypadku sp\u00f3\u0142ki w\u00a0trakcie post\u0119powania restrukturyzacyjnego \u2013 syndyk lub zarz\u0105dca.<\/li>\n<\/ul>\n<p><strong><u>Uwaga!<\/u><\/strong> Ze wzgl\u0119du na obowi\u0105zuj\u0105ce w 2020 r. stan zagro\u017cenia epidemicznego oraz stan epidemii COVID-19, <strong>o\u015bwiadczenie o sporz\u0105dzeniu dokumentacji cen transferowych za 2020 r. mo\u017ce zosta\u0107 podpisane przez:<\/strong><\/p>\n<ul>\n<li>osob\u0119 fizyczn\u0105 &#8211; w przypadku podmiotu powi\u0105zanego b\u0119d\u0105cego osob\u0105 fizyczn\u0105,<\/li>\n<li>osob\u0119 upowa\u017cnion\u0105 przez przedsi\u0119biorc\u0119 zagranicznego do reprezentowania go w oddziale &#8211; w przypadku podmiotu powi\u0105zanego b\u0119d\u0105cego przedsi\u0119biorc\u0105 zagranicznym posiadaj\u0105cym oddzia\u0142 na terytorium Rzeczypospolitej Polskiej,<\/li>\n<li><strong>osob\u0119 uprawnion\u0105 do reprezentacji &#8211; w przypadku pozosta\u0142ych podmiot\u00f3w powi\u0105zanych.<\/strong><\/li>\n<\/ul>\n<p><strong>O\u015bwiadczenia w \u017cadnym przypadku nie\u00a0mo\u017ce podpisa\u0107 pe\u0142nomocnik.<\/strong><\/p>\n<h3>O\u015bwiadczenie o\u00a0przygotowaniu lokalnej dokumentacji podatkowej \u2013 ryzyko i odpowiedzialno\u015b\u0107<\/h3>\n<p>W\u00a0o\u015bwiadczeniu o\u00a0przygotowaniu dokumentacji cen transferowych podmiot powi\u0105zany o\u015bwiadcza nie\u00a0tylko, \u017ce\u00a0sporz\u0105dzi\u0142 dokumentacj\u0119 podatkow\u0105, ale\u00a0r\u00f3wnie\u017c\u00a0<strong>zapewnia, \u017ce\u00a0ceny transferowe zosta\u0142y ustalane na\u00a0warunkach rynkowych<\/strong>, czyli takich jakie ustali\u0142yby mi\u0119dzy sob\u0105 podmioty niepowi\u0105zane.<\/p>\n<p>Z\u0142o\u017cenie nieprawid\u0142owego o\u015bwiadczenia lub niedope\u0142nienie obowi\u0105zku jego z\u0142o\u017cenia podlega odpowiedzialno\u015bci karno-skarbowej. Sankcje za\u00a0tego typu czyny mog\u0105 si\u0119ga\u0107 720\u00a0stawek dziennych, co w\u00a02021\u00a0r. oznacza odpowiedzialno\u015b\u0107 do\u00a0wysoko\u015bci ok. 26\u00a0mln z\u0142.<\/p>\n<h3><strong>O\u015bwiadczenie ceny transferowe ePUAP<\/strong><\/h3>\n<p>O\u015bwiadczenie o sporz\u0105dzeniu dokumentacji cen transferowych sk\u0142ada si\u0119 wy\u0142\u0105cznie za\u00a0pomoc\u0105 \u015brodk\u00f3w komunikacji elektronicznej. Bez\u00a0wzgl\u0119du na\u00a0spos\u00f3b podpisania (podpisem zaufanym, podpisem kwalifikowanym lub podpisem osobistym) o\u015bwiadczenie nale\u017cy wys\u0142a\u0107 za\u00a0po\u015brednictwem platformy ePUAP\u00a0na adres elektronicznej skrzynki podawczej w\u0142a\u015bciwego urz\u0119du skarbowego, przy u\u017cyciu opcji \u201ePismo og\u00f3lne do\u00a0podmiotu publicznego\u201d (\u201dInne pismo\u201d). Podpisane o\u015bwiadczenie powinno stanowi\u0107 za\u0142\u0105cznik do pisma og\u00f3lnego.<\/p>\n<h2><strong>O\u015bwiadczenie o przygotowaniu dokumentacji cen transferowych za 2020 \u2013 wz\u00f3r<\/strong><\/h2>\n<p>W celu uzyskania szczeg\u00f3\u0142owych informacji zach\u0119camy do zapoznania si\u0119 z <a href=\"https:\/\/www.podatki.gov.pl\/ceny-transferowe\/wyjasnienia\/oswiadczenie-o-sporzadzeniu-lokalnej-dokumentacji-cen-transferowych\/\" target=\"_blank\" rel=\"noopener\"><em>wyja\u015bnieniami opublikowanymi przez Ministerstwo Finans\u00f3w dnia 23\u00a0grudnia 2020\u00a0r.<\/em><\/a><\/p>\n<p style=\"text-align: right;\"><em>miejscowo\u015b\u0107, data<\/em><\/p>\n<p><em>podatnik:<\/em><\/p>\n<p><em>firma sp\u00f3\u0142ki\/imi\u0119 i\u00a0nazwisko<\/em><br \/>\n<em>adres<\/em><br \/>\n<em>kod pocztowy, miasto<\/em><br \/>\n<em>NIP<\/em><\/p>\n<p style=\"text-align: right;\"><em>dane urz\u0119du skarbowego<\/em><br \/>\n<em>zgodnie z\u00a0w\u0142a\u015bciwo\u015bci\u0105 podatnika<\/em><\/p>\n<p style=\"text-align: center;\"><em><strong>O\u015bwiadczenie o\u00a0sporz\u0105dzeniu lokalnej dokumentacji cen transferowych<\/strong><\/em><\/p>\n<p style=\"text-align: center;\"><em>Dzia\u0142aj\u0105c\u00a0jako podatnik\/jako osoba\/y reprezentuj\u0105ca\/ce podatnika pe\u0142ni\u0105ca funkcj\u0119 \u2026\u2026\u2026\u2026\u2026\u00a0o\u015bwiadczam\/y, \u017ce\u00a0<strong>zosta\u0142a sporz\u0105dzona dokumentacja cen transferowych za\u00a0rok\u00a0podatkowy\u00a02020<\/strong>, o\u00a0kt\u00f3rej\u00a0mowa w\u00a0art. 23w\/art.23za ust.1\u00a0ustawy o\u00a0podatku dochodowym od\u00a0os\u00f3b fizycznych\u00a0\/ art.11k\/11o ust.1\u00a0ustawy o\u00a0podatku dochodowym od\u00a0os\u00f3b prawnych.<\/em><\/p>\n<p style=\"text-align: center;\"><em>Ceny transferowe transakcji kontrolowanych obj\u0119tych lokaln\u0105 dokumentacj\u0105 cen transferowych s\u0105\u00a0<strong>ustalane na\u00a0warunkach, kt\u00f3re ustali\u0142yby mi\u0119dzy sob\u0105 podmioty niepowi\u0105zane<\/strong>\u00a0(zgodnie z\u00a0art. 23w updof i\u00a0art. 11k updop).<\/em><\/p>\n<p style=\"text-align: center;\"><em>Dodatkowo\u00a0o\u015bwiadczam\/y, \u017ce\u00a0ceny transferowe w\u00a0zakresie nale\u017cno\u015bci i\u00a0um\u00f3w wskazanych w\u00a0art. 23za ust. ustawy o\u00a0podatku dochodowym od\u00a0os\u00f3b fizycznych \/ 11o ust. 1\u00a0ustawy o\u00a0podatku dochodowym od\u00a0os\u00f3b prawnych i\u00a0obj\u0119tych dokumentacj\u0105 cen transferowych s\u0105 ustalane na\u00a0warunkach, kt\u00f3re ustali\u0142yby mi\u0119dzy sob\u0105\u00a0<strong>podmioty niepowi\u0105zane, z\u00a0kt\u00f3rych\u00a0\u017caden nie\u00a0ma miejsca zamieszkania, siedziby lub zarz\u0105du na\u00a0terytorium lub w\u00a0kraju stosuj\u0105cym szkodliw\u0105 konkurencj\u0119 podatkow\u0105<\/strong>.<\/em><\/p>\n<p>&nbsp;<\/p>\n<p style=\"text-align: center;\"><em>\u2026\u2026.imi\u0119 i\u00a0nazwisko \/ imiona i\u00a0nazwiska\u2026\u2026.<\/em><br \/>\n<em>[prezes zarz\u0105du, cz\u0142onek zarz\u0105du, wsp\u00f3lnik, prowadz\u0105cy dzia\u0142alno\u015b\u0107 gospodarcz\u0105, komplementariusz]<\/em><\/p>\n<p>&nbsp;<\/p>\n<h2>Ostatnie o\u015bwiadczenie o cenach transferowych \u2013 Polski \u0141ad<\/h2>\n<p>Projekt Polskiego \u0141adu przewiduje <strong>umieszczenie o\u015bwiadczenia w\u00a0informacji o cenach transferowych TPR, zatem o\u015bwiadczenie sk\u0142adane w 2021 r. jest prawdopodobnie ostatnim o\u015bwiadczeniem sk\u0142adanym w formie odr\u0119bnego dokumentu. <\/strong><\/p>\n<p>Wi\u0119cej na temat zmian planowanych w ramach Polskiego \u0141adu przeczytasz w artykule <a href=\"https:\/\/pragmatiq.pl\/powiazane\/polski-lad-a-planowane-zmiany-w-przepisach-o-cenach-transferowych\/\" target=\"_blank\" rel=\"noopener\"><em>Polski \u0141ad a planowane zmiany w przepisach o cenach transferowych<\/em><\/a><\/p>\n<p>Masz w\u0105tpliwo\u015bci w jaki spos\u00f3b ustali\u0107 rynkow\u0105 warto\u015b\u0107 realizowanych transakcji? Zastanawiasz si\u0119 czy jeste\u015b zobowi\u0105zany do przygotowania dokumentacji cen transferowych za 2020 r.? Nie\u00a0zwlekaj!\u00a0<a href=\"https:\/\/pragmatiq.pl\/powiazane\/oferta\/\" target=\"_blank\" rel=\"noopener\">Skontaktuj si\u0119 ze specjalistami!\u00a0<\/a><\/p>\n<p>Paulina Miko\u0142ajczak<\/p>\n","protected":false},"excerpt":{"rendered":"<p>Zastanawiasz si\u0119 co z\u0142o\u017cy\u0107 do urz\u0119du skarbowego w zakresie cen transferowych? Sprawd\u017a jak sporz\u0105dzi\u0107 i w jakim terminie z\u0142o\u017cy\u0107 o\u015bwiadczenie o sporz\u0105dzeniu dokumentacji cen transferowych za 2020 r.  <\/p>\n","protected":false},"author":4,"featured_media":0,"comment_status":"open","ping_status":"open","sticky":false,"template":"","format":"standard","meta":{"footnotes":""},"categories":[2,6,103,90],"tags":[12,11,30],"class_list":["post-1044","post","type-post","status-publish","format-standard","hentry","category-dokumentacja","category-informacje-ogolne","category-oswiadczenie","category-tarcza-antykryzysowa","tag-obowiazki-dokumentacyjne","tag-oswiadczenie","tag-oswiadczenie-o-posiadaniu-dokumentacji-podatkowej"],"yoast_head":"<!-- This site is optimized with the Yoast SEO plugin v22.8 - https:\/\/yoast.com\/wordpress\/plugins\/seo\/ -->\n<title>O\u015bwiadczenie o sporz\u0105dzeniu dokumentacji cen transferowych za 2020 r. - Powiazane.pl<\/title>\n<meta name=\"description\" content=\"O\u015bwiadczenie o sporz\u0105dzeniu dokumentacji cen transferowych za 2020 r. \u2013 sprawd\u017a jak sporz\u0105dzi\u0107 i w jakim terminie z\u0142o\u017cy\u0107.\" \/>\n<meta name=\"robots\" content=\"index, follow, max-snippet:-1, max-image-preview:large, max-video-preview:-1\" \/>\n<link rel=\"canonical\" href=\"https:\/\/pragmatiq.pl\/powiazane\/oswiadczenie-o-sporzadzeniu-dokumentacji-cen-transferowych-za-2020-r\/\" \/>\n<meta property=\"og:locale\" content=\"pl_PL\" \/>\n<meta property=\"og:type\" content=\"article\" \/>\n<meta property=\"og:title\" content=\"O\u015bwiadczenie o sporz\u0105dzeniu dokumentacji cen transferowych za 2020 r. - Powiazane.pl\" \/>\n<meta property=\"og:description\" content=\"O\u015bwiadczenie o sporz\u0105dzeniu dokumentacji cen transferowych za 2020 r. \u2013 sprawd\u017a jak sporz\u0105dzi\u0107 i w jakim terminie z\u0142o\u017cy\u0107.\" \/>\n<meta property=\"og:url\" content=\"https:\/\/pragmatiq.pl\/powiazane\/oswiadczenie-o-sporzadzeniu-dokumentacji-cen-transferowych-za-2020-r\/\" \/>\n<meta property=\"og:site_name\" content=\"Powiazane.pl\" \/>\n<meta property=\"article:published_time\" content=\"2021-09-14T12:09:42+00:00\" \/>\n<meta property=\"article:modified_time\" content=\"2024-06-18T05:53:32+00:00\" \/>\n<meta name=\"author\" content=\"Dominika Jaszczyk\" \/>\n<meta name=\"twitter:card\" content=\"summary_large_image\" \/>\n<meta name=\"twitter:label1\" content=\"Napisane przez\" \/>\n\t<meta name=\"twitter:data1\" content=\"Dominika Jaszczyk\" \/>\n\t<meta name=\"twitter:label2\" content=\"Szacowany czas czytania\" \/>\n\t<meta name=\"twitter:data2\" content=\"5 minut\" \/>\n<script type=\"application\/ld+json\" class=\"yoast-schema-graph\">{\"@context\":\"https:\/\/schema.org\",\"@graph\":[{\"@type\":\"WebPage\",\"@id\":\"https:\/\/pragmatiq.pl\/powiazane\/oswiadczenie-o-sporzadzeniu-dokumentacji-cen-transferowych-za-2020-r\/\",\"url\":\"https:\/\/pragmatiq.pl\/powiazane\/oswiadczenie-o-sporzadzeniu-dokumentacji-cen-transferowych-za-2020-r\/\",\"name\":\"O\u015bwiadczenie o sporz\u0105dzeniu dokumentacji cen transferowych za 2020 r. - Powiazane.pl\",\"isPartOf\":{\"@id\":\"https:\/\/pragmatiq.pl\/powiazane\/#website\"},\"datePublished\":\"2021-09-14T12:09:42+00:00\",\"dateModified\":\"2024-06-18T05:53:32+00:00\",\"author\":{\"@id\":\"https:\/\/pragmatiq.pl\/powiazane\/#\/schema\/person\/e8982b7c0551ba19d722529733044f95\"},\"description\":\"O\u015bwiadczenie o sporz\u0105dzeniu dokumentacji cen transferowych za 2020 r. \u2013 sprawd\u017a jak sporz\u0105dzi\u0107 i w jakim terminie z\u0142o\u017cy\u0107.\",\"breadcrumb\":{\"@id\":\"https:\/\/pragmatiq.pl\/powiazane\/oswiadczenie-o-sporzadzeniu-dokumentacji-cen-transferowych-za-2020-r\/#breadcrumb\"},\"inLanguage\":\"pl-PL\",\"potentialAction\":[{\"@type\":\"ReadAction\",\"target\":[\"https:\/\/pragmatiq.pl\/powiazane\/oswiadczenie-o-sporzadzeniu-dokumentacji-cen-transferowych-za-2020-r\/\"]}]},{\"@type\":\"BreadcrumbList\",\"@id\":\"https:\/\/pragmatiq.pl\/powiazane\/oswiadczenie-o-sporzadzeniu-dokumentacji-cen-transferowych-za-2020-r\/#breadcrumb\",\"itemListElement\":[{\"@type\":\"ListItem\",\"position\":1,\"name\":\"Strona g\u0142\u00f3wna\",\"item\":\"https:\/\/pragmatiq.pl\/powiazane\/\"},{\"@type\":\"ListItem\",\"position\":2,\"name\":\"O\u015bwiadczenie o sporz\u0105dzeniu dokumentacji cen transferowych za 2020 r.\"}]},{\"@type\":\"WebSite\",\"@id\":\"https:\/\/pragmatiq.pl\/powiazane\/#website\",\"url\":\"https:\/\/pragmatiq.pl\/powiazane\/\",\"name\":\"Powiazane.pl\",\"description\":\"\",\"potentialAction\":[{\"@type\":\"SearchAction\",\"target\":{\"@type\":\"EntryPoint\",\"urlTemplate\":\"https:\/\/pragmatiq.pl\/powiazane\/?s={search_term_string}\"},\"query-input\":\"required name=search_term_string\"}],\"inLanguage\":\"pl-PL\"},{\"@type\":\"Person\",\"@id\":\"https:\/\/pragmatiq.pl\/powiazane\/#\/schema\/person\/e8982b7c0551ba19d722529733044f95\",\"name\":\"Dominika Jaszczyk\",\"image\":{\"@type\":\"ImageObject\",\"inLanguage\":\"pl-PL\",\"@id\":\"https:\/\/pragmatiq.pl\/powiazane\/#\/schema\/person\/image\/\",\"url\":\"https:\/\/secure.gravatar.com\/avatar\/b861e2835102089d915abf5574d9b394a48fe061991a15b3a39f73b12bc1a8aa?s=96&d=mm&r=g\",\"contentUrl\":\"https:\/\/secure.gravatar.com\/avatar\/b861e2835102089d915abf5574d9b394a48fe061991a15b3a39f73b12bc1a8aa?s=96&d=mm&r=g\",\"caption\":\"Dominika Jaszczyk\"},\"url\":\"https:\/\/pragmatiq.pl\/powiazane\/author\/dwidla\/\"}]}<\/script>\n<!-- \/ Yoast SEO plugin. -->","yoast_head_json":{"title":"O\u015bwiadczenie o sporz\u0105dzeniu dokumentacji cen transferowych za 2020 r. - Powiazane.pl","description":"O\u015bwiadczenie o sporz\u0105dzeniu dokumentacji cen transferowych za 2020 r. \u2013 sprawd\u017a jak sporz\u0105dzi\u0107 i w jakim terminie z\u0142o\u017cy\u0107.","robots":{"index":"index","follow":"follow","max-snippet":"max-snippet:-1","max-image-preview":"max-image-preview:large","max-video-preview":"max-video-preview:-1"},"canonical":"https:\/\/pragmatiq.pl\/powiazane\/oswiadczenie-o-sporzadzeniu-dokumentacji-cen-transferowych-za-2020-r\/","og_locale":"pl_PL","og_type":"article","og_title":"O\u015bwiadczenie o sporz\u0105dzeniu dokumentacji cen transferowych za 2020 r. - Powiazane.pl","og_description":"O\u015bwiadczenie o sporz\u0105dzeniu dokumentacji cen transferowych za 2020 r. \u2013 sprawd\u017a jak sporz\u0105dzi\u0107 i w jakim terminie z\u0142o\u017cy\u0107.","og_url":"https:\/\/pragmatiq.pl\/powiazane\/oswiadczenie-o-sporzadzeniu-dokumentacji-cen-transferowych-za-2020-r\/","og_site_name":"Powiazane.pl","article_published_time":"2021-09-14T12:09:42+00:00","article_modified_time":"2024-06-18T05:53:32+00:00","author":"Dominika Jaszczyk","twitter_card":"summary_large_image","twitter_misc":{"Napisane przez":"Dominika Jaszczyk","Szacowany czas czytania":"5 minut"},"schema":{"@context":"https:\/\/schema.org","@graph":[{"@type":"WebPage","@id":"https:\/\/pragmatiq.pl\/powiazane\/oswiadczenie-o-sporzadzeniu-dokumentacji-cen-transferowych-za-2020-r\/","url":"https:\/\/pragmatiq.pl\/powiazane\/oswiadczenie-o-sporzadzeniu-dokumentacji-cen-transferowych-za-2020-r\/","name":"O\u015bwiadczenie o sporz\u0105dzeniu dokumentacji cen transferowych za 2020 r. - Powiazane.pl","isPartOf":{"@id":"https:\/\/pragmatiq.pl\/powiazane\/#website"},"datePublished":"2021-09-14T12:09:42+00:00","dateModified":"2024-06-18T05:53:32+00:00","author":{"@id":"https:\/\/pragmatiq.pl\/powiazane\/#\/schema\/person\/e8982b7c0551ba19d722529733044f95"},"description":"O\u015bwiadczenie o sporz\u0105dzeniu dokumentacji cen transferowych za 2020 r. \u2013 sprawd\u017a jak sporz\u0105dzi\u0107 i w jakim terminie z\u0142o\u017cy\u0107.","breadcrumb":{"@id":"https:\/\/pragmatiq.pl\/powiazane\/oswiadczenie-o-sporzadzeniu-dokumentacji-cen-transferowych-za-2020-r\/#breadcrumb"},"inLanguage":"pl-PL","potentialAction":[{"@type":"ReadAction","target":["https:\/\/pragmatiq.pl\/powiazane\/oswiadczenie-o-sporzadzeniu-dokumentacji-cen-transferowych-za-2020-r\/"]}]},{"@type":"BreadcrumbList","@id":"https:\/\/pragmatiq.pl\/powiazane\/oswiadczenie-o-sporzadzeniu-dokumentacji-cen-transferowych-za-2020-r\/#breadcrumb","itemListElement":[{"@type":"ListItem","position":1,"name":"Strona g\u0142\u00f3wna","item":"https:\/\/pragmatiq.pl\/powiazane\/"},{"@type":"ListItem","position":2,"name":"O\u015bwiadczenie o sporz\u0105dzeniu dokumentacji cen transferowych za 2020 r."}]},{"@type":"WebSite","@id":"https:\/\/pragmatiq.pl\/powiazane\/#website","url":"https:\/\/pragmatiq.pl\/powiazane\/","name":"Powiazane.pl","description":"","potentialAction":[{"@type":"SearchAction","target":{"@type":"EntryPoint","urlTemplate":"https:\/\/pragmatiq.pl\/powiazane\/?s={search_term_string}"},"query-input":"required name=search_term_string"}],"inLanguage":"pl-PL"},{"@type":"Person","@id":"https:\/\/pragmatiq.pl\/powiazane\/#\/schema\/person\/e8982b7c0551ba19d722529733044f95","name":"Dominika Jaszczyk","image":{"@type":"ImageObject","inLanguage":"pl-PL","@id":"https:\/\/pragmatiq.pl\/powiazane\/#\/schema\/person\/image\/","url":"https:\/\/secure.gravatar.com\/avatar\/b861e2835102089d915abf5574d9b394a48fe061991a15b3a39f73b12bc1a8aa?s=96&d=mm&r=g","contentUrl":"https:\/\/secure.gravatar.com\/avatar\/b861e2835102089d915abf5574d9b394a48fe061991a15b3a39f73b12bc1a8aa?s=96&d=mm&r=g","caption":"Dominika Jaszczyk"},"url":"https:\/\/pragmatiq.pl\/powiazane\/author\/dwidla\/"}]}},"_links":{"self":[{"href":"https:\/\/pragmatiq.pl\/powiazane\/wp-json\/wp\/v2\/posts\/1044","targetHints":{"allow":["GET"]}}],"collection":[{"href":"https:\/\/pragmatiq.pl\/powiazane\/wp-json\/wp\/v2\/posts"}],"about":[{"href":"https:\/\/pragmatiq.pl\/powiazane\/wp-json\/wp\/v2\/types\/post"}],"author":[{"embeddable":true,"href":"https:\/\/pragmatiq.pl\/powiazane\/wp-json\/wp\/v2\/users\/4"}],"replies":[{"embeddable":true,"href":"https:\/\/pragmatiq.pl\/powiazane\/wp-json\/wp\/v2\/comments?post=1044"}],"version-history":[{"count":4,"href":"https:\/\/pragmatiq.pl\/powiazane\/wp-json\/wp\/v2\/posts\/1044\/revisions"}],"predecessor-version":[{"id":1182,"href":"https:\/\/pragmatiq.pl\/powiazane\/wp-json\/wp\/v2\/posts\/1044\/revisions\/1182"}],"wp:attachment":[{"href":"https:\/\/pragmatiq.pl\/powiazane\/wp-json\/wp\/v2\/media?parent=1044"}],"wp:term":[{"taxonomy":"category","embeddable":true,"href":"https:\/\/pragmatiq.pl\/powiazane\/wp-json\/wp\/v2\/categories?post=1044"},{"taxonomy":"post_tag","embeddable":true,"href":"https:\/\/pragmatiq.pl\/powiazane\/wp-json\/wp\/v2\/tags?post=1044"}],"curies":[{"name":"wp","href":"https:\/\/api.w.org\/{rel}","templated":true}]}}