{"id":958,"date":"2025-02-13T10:19:38","date_gmt":"2025-02-13T09:19:38","guid":{"rendered":"https:\/\/pragmatiq.pl\/mniejszosciowi\/?p=958"},"modified":"2025-02-13T10:44:02","modified_gmt":"2025-02-13T09:44:02","slug":"zgromadzenie-wspolnikow-krok-po-kroku-od-organizacji-po-ochrone-praw-wspolnika-mniejszosciowego","status":"publish","type":"post","link":"https:\/\/pragmatiq.pl\/mniejszosciowi\/zgromadzenie-wspolnikow-krok-po-kroku-od-organizacji-po-ochrone-praw-wspolnika-mniejszosciowego\/","title":{"rendered":"Zgromadzenie wsp\u00f3lnik\u00f3w krok po kroku \u2013 od organizacji po ochron\u0119 praw wsp\u00f3lnika mniejszo\u015bciowego"},"content":{"rendered":"\n<p><strong>Kluczowe decyzje dotycz\u0105ce sp\u00f3\u0142ki z o.o. i jej wsp\u00f3lnik\u00f3w podejmowane s\u0105 zazwyczaj podczas zgromadze\u0144 wsp\u00f3lnik\u00f3w. Z tego powodu wa\u017cne jest, aby wsp\u00f3lnik wiedzia\u0142, jak powinno przebiega\u0107 zwo\u0142ywanie obrad zgromadzenia wsp\u00f3lnik\u00f3w, podejmowanie uchwa\u0142 oraz ich zaskar\u017canie. Znajomo\u015b\u0107 w\u0142asnych praw jest szczeg\u00f3lnie istotna dla wsp\u00f3lnik\u00f3w mniejszo\u015bciowych.<\/strong><\/p>\n\n\n\n<div id=\"ez-toc-container\" class=\"ez-toc-v2_0_82_2 counter-hierarchy ez-toc-counter ez-toc-grey ez-toc-container-direction\">\n<nav><ul class='ez-toc-list ez-toc-list-level-1 ' ><li class='ez-toc-page-1 ez-toc-heading-level-2'><a class=\"ez-toc-link ez-toc-heading-1\" href=\"https:\/\/pragmatiq.pl\/mniejszosciowi\/zgromadzenie-wspolnikow-krok-po-kroku-od-organizacji-po-ochrone-praw-wspolnika-mniejszosciowego\/#Zgromadzenie_zwyczajne_i_nadzwyczajne_%E2%80%94_czym_sie_roznia\" >Zgromadzenie zwyczajne i nadzwyczajne \u2014 czym si\u0119 r\u00f3\u017cni\u0105?&nbsp;<\/a><\/li><li class='ez-toc-page-1 ez-toc-heading-level-2'><a class=\"ez-toc-link ez-toc-heading-2\" href=\"https:\/\/pragmatiq.pl\/mniejszosciowi\/zgromadzenie-wspolnikow-krok-po-kroku-od-organizacji-po-ochrone-praw-wspolnika-mniejszosciowego\/#Organizacja_i_zwolanie_zgromadzenia_wspolnikow_spolki_z_oo\" >Organizacja i zwo\u0142anie zgromadzenia wsp\u00f3lnik\u00f3w sp\u00f3\u0142ki z o.o.<\/a><ul class='ez-toc-list-level-3' ><li class='ez-toc-heading-level-3'><a class=\"ez-toc-link ez-toc-heading-3\" href=\"https:\/\/pragmatiq.pl\/mniejszosciowi\/zgromadzenie-wspolnikow-krok-po-kroku-od-organizacji-po-ochrone-praw-wspolnika-mniejszosciowego\/#Zwolanie_zgromadzenia_wspolnikow_%E2%80%94_kto_za_to_odpowiada\" >Zwo\u0142anie zgromadzenia wsp\u00f3lnik\u00f3w \u2014 kto za to odpowiada?<\/a><\/li><li class='ez-toc-page-1 ez-toc-heading-level-3'><a class=\"ez-toc-link ez-toc-heading-4\" href=\"https:\/\/pragmatiq.pl\/mniejszosciowi\/zgromadzenie-wspolnikow-krok-po-kroku-od-organizacji-po-ochrone-praw-wspolnika-mniejszosciowego\/#Prawo_wspolnika_do_zadania_zwolania_zgromadzenia\" >Prawo wsp\u00f3lnika do \u017c\u0105dania zwo\u0142ania zgromadzenia<\/a><\/li><li class='ez-toc-page-1 ez-toc-heading-level-3'><a class=\"ez-toc-link ez-toc-heading-5\" href=\"https:\/\/pragmatiq.pl\/mniejszosciowi\/zgromadzenie-wspolnikow-krok-po-kroku-od-organizacji-po-ochrone-praw-wspolnika-mniejszosciowego\/#Zwolanie_zgromadzenia_wspolnikow_spolki_z_oo_%E2%80%93_procedura\" >Zwo\u0142anie zgromadzenia wsp\u00f3lnik\u00f3w sp\u00f3\u0142ki z o.o. &#8211; procedura<\/a><\/li><li class='ez-toc-page-1 ez-toc-heading-level-3'><a class=\"ez-toc-link ez-toc-heading-6\" href=\"https:\/\/pragmatiq.pl\/mniejszosciowi\/zgromadzenie-wspolnikow-krok-po-kroku-od-organizacji-po-ochrone-praw-wspolnika-mniejszosciowego\/#Zaproszenia_na_zgromadzenie_wspolnikow_spolki_%E2%80%94_termin_na_wyslanie\" >Zaproszenia na zgromadzenie wsp\u00f3lnik\u00f3w sp\u00f3\u0142ki \u2014 termin na wys\u0142anie<\/a><\/li><li class='ez-toc-page-1 ez-toc-heading-level-3'><a class=\"ez-toc-link ez-toc-heading-7\" href=\"https:\/\/pragmatiq.pl\/mniejszosciowi\/zgromadzenie-wspolnikow-krok-po-kroku-od-organizacji-po-ochrone-praw-wspolnika-mniejszosciowego\/#Zgromadzenie_wspolnikow_spolki_bez_formalnego_zwolania\" >Zgromadzenie wsp\u00f3lnik\u00f3w sp\u00f3\u0142ki bez formalnego zwo\u0142ania<\/a><\/li><\/ul><\/li><li class='ez-toc-page-1 ez-toc-heading-level-2'><a class=\"ez-toc-link ez-toc-heading-8\" href=\"https:\/\/pragmatiq.pl\/mniejszosciowi\/zgromadzenie-wspolnikow-krok-po-kroku-od-organizacji-po-ochrone-praw-wspolnika-mniejszosciowego\/#Przebieg_zgromadzenia_wspolnikow_spolki\" >Przebieg zgromadzenia wsp\u00f3lnik\u00f3w sp\u00f3\u0142ki<\/a><ul class='ez-toc-list-level-3' ><li class='ez-toc-heading-level-3'><a class=\"ez-toc-link ez-toc-heading-9\" href=\"https:\/\/pragmatiq.pl\/mniejszosciowi\/zgromadzenie-wspolnikow-krok-po-kroku-od-organizacji-po-ochrone-praw-wspolnika-mniejszosciowego\/#Uczestnictwo_pelnomocnika_w_zgromadzeniu_wspolnikow_spolki\" >Uczestnictwo pe\u0142nomocnika w zgromadzeniu wsp\u00f3lnik\u00f3w sp\u00f3\u0142ki<\/a><\/li><li class='ez-toc-page-1 ez-toc-heading-level-3'><a class=\"ez-toc-link ez-toc-heading-10\" href=\"https:\/\/pragmatiq.pl\/mniejszosciowi\/zgromadzenie-wspolnikow-krok-po-kroku-od-organizacji-po-ochrone-praw-wspolnika-mniejszosciowego\/#Podejmowanie_uchwal_zgromadzenia_wspolnikow_spolki\" >Podejmowanie uchwa\u0142 zgromadzenia wsp\u00f3lnik\u00f3w sp\u00f3\u0142ki<\/a><ul class='ez-toc-list-level-4' ><li class='ez-toc-heading-level-4'><a class=\"ez-toc-link ez-toc-heading-11\" href=\"https:\/\/pragmatiq.pl\/mniejszosciowi\/zgromadzenie-wspolnikow-krok-po-kroku-od-organizacji-po-ochrone-praw-wspolnika-mniejszosciowego\/#Odpowiednia_wiekszosc\" >Odpowiednia wi\u0119kszo\u015b\u0107<\/a><\/li><li class='ez-toc-page-1 ez-toc-heading-level-4'><a class=\"ez-toc-link ez-toc-heading-12\" href=\"https:\/\/pragmatiq.pl\/mniejszosciowi\/zgromadzenie-wspolnikow-krok-po-kroku-od-organizacji-po-ochrone-praw-wspolnika-mniejszosciowego\/#Kworum\" >Kworum&nbsp;<\/a><\/li><\/ul><\/li><li class='ez-toc-page-1 ez-toc-heading-level-3'><a class=\"ez-toc-link ez-toc-heading-13\" href=\"https:\/\/pragmatiq.pl\/mniejszosciowi\/zgromadzenie-wspolnikow-krok-po-kroku-od-organizacji-po-ochrone-praw-wspolnika-mniejszosciowego\/#Sposob_glosowania_na_zgromadzeniu_wspolnikow_spolki\" >Spos\u00f3b g\u0142osowania na zgromadzeniu wsp\u00f3lnik\u00f3w sp\u00f3\u0142ki<\/a><\/li><\/ul><\/li><li class='ez-toc-page-1 ez-toc-heading-level-2'><a class=\"ez-toc-link ez-toc-heading-14\" href=\"https:\/\/pragmatiq.pl\/mniejszosciowi\/zgromadzenie-wspolnikow-krok-po-kroku-od-organizacji-po-ochrone-praw-wspolnika-mniejszosciowego\/#Zaskarzanie_uchwal_zgromadzenia_wspolnikow_spolki\" >Zaskar\u017canie uchwa\u0142 zgromadzenia wsp\u00f3lnik\u00f3w sp\u00f3\u0142ki<\/a><ul class='ez-toc-list-level-3' ><li class='ez-toc-heading-level-3'><a class=\"ez-toc-link ez-toc-heading-15\" href=\"https:\/\/pragmatiq.pl\/mniejszosciowi\/zgromadzenie-wspolnikow-krok-po-kroku-od-organizacji-po-ochrone-praw-wspolnika-mniejszosciowego\/#Zaskarzenie_uchwaly_zgromadzenia_wspolnikow_spolki_%E2%80%94_uchylenie_a_stwierdzenie_niewaznosci\" >Zaskar\u017cenie uchwa\u0142y zgromadzenia wsp\u00f3lnik\u00f3w sp\u00f3\u0142ki \u2014 uchylenie a stwierdzenie niewa\u017cno\u015bci<\/a><ul class='ez-toc-list-level-4' ><li class='ez-toc-heading-level-4'><a class=\"ez-toc-link ez-toc-heading-16\" href=\"https:\/\/pragmatiq.pl\/mniejszosciowi\/zgromadzenie-wspolnikow-krok-po-kroku-od-organizacji-po-ochrone-praw-wspolnika-mniejszosciowego\/#Powodztwo_o_uchylenie_uchwaly_zgromadzenia_wspolnikow_spolki\" >Pow\u00f3dztwo o uchylenie uchwa\u0142y zgromadzenia wsp\u00f3lnik\u00f3w sp\u00f3\u0142ki<\/a><\/li><li class='ez-toc-page-1 ez-toc-heading-level-4'><a class=\"ez-toc-link ez-toc-heading-17\" href=\"https:\/\/pragmatiq.pl\/mniejszosciowi\/zgromadzenie-wspolnikow-krok-po-kroku-od-organizacji-po-ochrone-praw-wspolnika-mniejszosciowego\/#Powodztwo_o_stwierdzenie_niewaznosci_uchwaly_zgromadzenia_wspolnikow_spolki\" >Pow\u00f3dztwo o stwierdzenie niewa\u017cno\u015bci uchwa\u0142y zgromadzenia wsp\u00f3lnik\u00f3w sp\u00f3\u0142ki<\/a><\/li><li class='ez-toc-page-1 ez-toc-heading-level-4'><a class=\"ez-toc-link ez-toc-heading-18\" href=\"https:\/\/pragmatiq.pl\/mniejszosciowi\/zgromadzenie-wspolnikow-krok-po-kroku-od-organizacji-po-ochrone-praw-wspolnika-mniejszosciowego\/#Kto_moze_zadac_uchylenia_lub_stwierdzenia_niewaznosci_uchwaly_zgromadzenia_wspolnikow_spolki\" >Kto mo\u017ce \u017c\u0105da\u0107 uchylenia lub stwierdzenia niewa\u017cno\u015bci uchwa\u0142y zgromadzenia wsp\u00f3lnik\u00f3w sp\u00f3\u0142ki?<\/a><\/li><\/ul><\/li><\/ul><\/li><\/ul><\/nav><\/div>\n<h2 class=\"wp-block-heading\"><span class=\"ez-toc-section\" id=\"Zgromadzenie_zwyczajne_i_nadzwyczajne_%E2%80%94_czym_sie_roznia\"><\/span><strong>Zgromadzenie zwyczajne i nadzwyczajne \u2014 czym si\u0119 r\u00f3\u017cni\u0105?&nbsp;<\/strong><span class=\"ez-toc-section-end\"><\/span><\/h2>\n\n\n\n<p><\/p>\n\n\n\n<figure class=\"wp-block-image size-large\"><img loading=\"lazy\" decoding=\"async\" width=\"1024\" height=\"683\" src=\"https:\/\/pragmatiq.pl\/mniejszosciowi\/wp-content\/uploads\/2025\/02\/IMG_1591-1024x683.jpeg\" alt=\"\" class=\"wp-image-953\" srcset=\"https:\/\/pragmatiq.pl\/mniejszosciowi\/wp-content\/uploads\/2025\/02\/IMG_1591-1024x683.jpeg 1024w, https:\/\/pragmatiq.pl\/mniejszosciowi\/wp-content\/uploads\/2025\/02\/IMG_1591-300x200.jpeg 300w, https:\/\/pragmatiq.pl\/mniejszosciowi\/wp-content\/uploads\/2025\/02\/IMG_1591-768x512.jpeg 768w, https:\/\/pragmatiq.pl\/mniejszosciowi\/wp-content\/uploads\/2025\/02\/IMG_1591-1536x1024.jpeg 1536w, https:\/\/pragmatiq.pl\/mniejszosciowi\/wp-content\/uploads\/2025\/02\/IMG_1591-2048x1365.jpeg 2048w\" sizes=\"auto, (max-width: 767px) 89vw, (max-width: 1000px) 54vw, (max-width: 1071px) 543px, 580px\" \/><\/figure>\n\n\n\n<p><\/p>\n\n\n\n<p>Zgromadzenie wsp\u00f3lnik\u00f3w sp\u00f3\u0142ki z o.o. mo\u017ce by\u0107 zwyczajne lub nadzwyczajne.<\/p>\n\n\n\n<p><\/p>\n\n\n\n<p><strong>Zwyczajne zgromadzenie wsp\u00f3lnik\u00f3w sp\u00f3\u0142ki z o.o.<\/strong> odbywa si\u0119 co do zasady raz do roku w terminie sze\u015bciu miesi\u0119cy po zako\u0144czeniu roku obrotowego. W wi\u0119kszo\u015bci sp\u00f3\u0142ek ma wi\u0119c ono miejsce w czerwcu. Podczas zwyczajnego zgromadzenia wsp\u00f3lnik\u00f3w sp\u00f3\u0142ki podejmowane s\u0105 uchwa\u0142y dotycz\u0105ce:<\/p>\n\n\n\n<ul class=\"wp-block-list\">\n<li>rozpatrzenia i zatwierdzenia sprawozdania zarz\u0105du z dzia\u0142alno\u015bci sp\u00f3\u0142ki,<\/li>\n\n\n\n<li>rozpatrzenia i zatwierdzenia sprawozdania finansowego za ubieg\u0142y rok obrotowy,<\/li>\n\n\n\n<li>podzia\u0142u zysku b\u0105d\u017a pokrycia straty wykazanej w ubieg\u0142ym roku obrotowym,<\/li>\n\n\n\n<li>udzielenia absolutorium cz\u0142onkom organ\u00f3w sp\u00f3\u0142ki z wykonania przez nich obowi\u0105zk\u00f3w.<\/li>\n<\/ul>\n\n\n\n<p><\/p>\n\n\n\n<p>O odpowiednie zabezpieczenie swoich praw w trakcie zwyczajnego zgromadzenia wsp\u00f3lnik\u00f3w powinien zadba\u0107 szczeg\u00f3lnie wsp\u00f3lnik mniejszo\u015bciowy. O tym, jak zabezpieczy\u0107 swoje interesy przed i w trakcie zwyczajnego zgromadzania wsp\u00f3lnik\u00f3w piszemy w artykule: <strong><a href=\"https:\/\/www.doradzamy.to\/artykuly\/zwyczajne-zgromadzenie-wspolnikow-nie-popelniaj-bledow-w-trakcie-sporu-wspolnikow\" target=\"_blank\" rel=\"noreferrer noopener\">&nbsp;<\/a><\/strong><a href=\"https:\/\/www.doradzamy.to\/artykuly\/zwyczajne-zgromadzenie-wspolnikow-nie-popelniaj-bledow-w-trakcie-sporu-wspolnikow\"><strong>Zwyczajne zgromadzenie wsp\u00f3lnik\u00f3w \u2013 nie pope\u0142niaj b\u0142\u0119d\u00f3w w trakcie k\u0142\u00f3tni ze wsp\u00f3lnikiem!<\/strong><\/a><\/p>\n\n\n\n<p><\/p>\n\n\n\n<p><strong>Nadzwyczajne<\/strong> <strong>zgromadzenie<\/strong> <strong>wsp\u00f3lnik\u00f3w <\/strong>zarz\u0105d zwo\u0142uje w celu podj\u0119cia uchwa\u0142 innych ni\u017c te, kt\u00f3re powinny zapa\u015b\u0107 na zwyczajnym zgromadzeniu wsp\u00f3lnik\u00f3w. Nadzwyczajne zgromadzenia wsp\u00f3lnik\u00f3w mog\u0105 si\u0119 odbywa\u0107 wielokrotnie w ci\u0105gu roku, w zale\u017cno\u015bci od konkretnej sytuacji i potrzeb sp\u00f3\u0142ki z o.o.<\/p>\n\n\n\n<p><\/p>\n\n\n\n<h2 class=\"wp-block-heading\"><span class=\"ez-toc-section\" id=\"Organizacja_i_zwolanie_zgromadzenia_wspolnikow_spolki_z_oo\"><\/span><strong>Organizacja i zwo\u0142anie zgromadzenia wsp\u00f3lnik\u00f3w sp\u00f3\u0142ki z o.o.<\/strong><span class=\"ez-toc-section-end\"><\/span><\/h2>\n\n\n\n<figure class=\"wp-block-image size-large\"><img loading=\"lazy\" decoding=\"async\" width=\"1024\" height=\"683\" src=\"https:\/\/pragmatiq.pl\/mniejszosciowi\/wp-content\/uploads\/2025\/02\/IMG_1586-1024x683.jpeg\" alt=\"\" class=\"wp-image-949\" srcset=\"https:\/\/pragmatiq.pl\/mniejszosciowi\/wp-content\/uploads\/2025\/02\/IMG_1586-1024x683.jpeg 1024w, https:\/\/pragmatiq.pl\/mniejszosciowi\/wp-content\/uploads\/2025\/02\/IMG_1586-300x200.jpeg 300w, https:\/\/pragmatiq.pl\/mniejszosciowi\/wp-content\/uploads\/2025\/02\/IMG_1586-768x512.jpeg 768w, https:\/\/pragmatiq.pl\/mniejszosciowi\/wp-content\/uploads\/2025\/02\/IMG_1586-1536x1024.jpeg 1536w, https:\/\/pragmatiq.pl\/mniejszosciowi\/wp-content\/uploads\/2025\/02\/IMG_1586-2048x1365.jpeg 2048w\" sizes=\"auto, (max-width: 767px) 89vw, (max-width: 1000px) 54vw, (max-width: 1071px) 543px, 580px\" \/><\/figure>\n\n\n\n<p><\/p>\n\n\n\n<h3 class=\"wp-block-heading\"><span class=\"ez-toc-section\" id=\"Zwolanie_zgromadzenia_wspolnikow_%E2%80%94_kto_za_to_odpowiada\"><\/span><strong>Zwo\u0142anie zgromadzenia wsp\u00f3lnik\u00f3w \u2014 kto za to odpowiada?<\/strong><span class=\"ez-toc-section-end\"><\/span><\/h3>\n\n\n\n<p><\/p>\n\n\n\n<p>Zwo\u0142ywanie zgromadzenia wsp\u00f3lnik\u00f3w to co do zasady obowi\u0105zek <strong>zarz\u0105du<\/strong>. W szczeg\u00f3lnych przypadkach zgromadzenie wsp\u00f3lnik\u00f3w sp\u00f3\u0142ki z o.o. mo\u017ce zwo\u0142a\u0107 <strong>rada nadzorcza<\/strong> lub <strong>komisja rewizyjna<\/strong>, je\u017celi organy te wyst\u0119puj\u0105 w danej sp\u00f3\u0142ce z o.o. Rada nadzorcza lub komisja rewizyjna mog\u0105 zwo\u0142a\u0107:<\/p>\n\n\n\n<ul class=\"wp-block-list\">\n<li><strong>zwyczajne zgromadzenie wsp\u00f3lnik\u00f3w<\/strong>, gdy zarz\u0105d nie zwo\u0142a go w terminie okre\u015blonym w kodeksie sp\u00f3\u0142ek handlowych lub w umowie sp\u00f3\u0142ki,<\/li>\n\n\n\n<li><strong>nadzwyczajne zgromadzenie wsp\u00f3lnik\u00f3w<\/strong>, gdy rada nadzorcza lub komisja rewizyjna uznaj\u0105 zwo\u0142anie takiego zgromadzenia za konieczne, a zarz\u0105d go nie zwo\u0142a w terminie dw\u00f3ch tygodni od dnia zg\u0142oszenia takiego \u017c\u0105dania.<\/li>\n<\/ul>\n\n\n\n<h3 class=\"wp-block-heading\"><span class=\"ez-toc-section\" id=\"Prawo_wspolnika_do_zadania_zwolania_zgromadzenia\"><\/span><strong>Prawo wsp\u00f3lnika do \u017c\u0105dania zwo\u0142ania zgromadzenia<\/strong><span class=\"ez-toc-section-end\"><\/span><\/h3>\n\n\n\n<p><\/p>\n\n\n\n<p>W okre\u015blonych sytuacjach wsp\u00f3lnik ma prawo \u017c\u0105da\u0107 zwo\u0142ania zgromadzenia wsp\u00f3lnik\u00f3w. Takie uprawnienie przys\u0142uguje wsp\u00f3lnikowi, kt\u00f3ry posiada co najmniej <strong>1\/10 kapita\u0142u zak\u0142adowego<\/strong> sp\u00f3\u0142ki z o.o. &nbsp;Aby zwo\u0142a\u0107 zgromadzenie, wsp\u00f3lnik musi z\u0142o\u017cy\u0107 pisemny wniosek do zarz\u0105du na minimum miesi\u0105c przed planowanym terminem zgromadzenia.&nbsp;<\/p>\n\n\n\n<p><\/p>\n\n\n\n<p>Dodatkowo, wsp\u00f3lnicy posiadaj\u0105cy co najmniej <strong>1\/20 kapita\u0142u zak\u0142adowego<\/strong> mog\u0105 domaga\u0107 si\u0119<strong> umieszczenia konkretnych spraw w porz\u0105dku obrad<\/strong> najbli\u017cszego zgromadzenia, sk\u0142adaj\u0105c wniosek na pi\u015bmie co najmniej na trzy tygodnie przed terminem zgromadzenia.<\/p>\n\n\n\n<p><\/p>\n\n\n\n<p>Umowa sp\u00f3\u0142ki mo\u017ce przyzna\u0107 opisane uprawnienia wsp\u00f3lnikom reprezentuj\u0105cym ni\u017cszy udzia\u0142 w kapitale zak\u0142adowym.<\/p>\n\n\n\n<p><\/p>\n\n\n\n<p>Je\u015bli:<\/p>\n\n\n\n<ul class=\"wp-block-list\">\n<li>zarz\u0105d sp\u00f3\u0142ki nie zwo\u0142a nadzwyczajnego zgromadzenia wsp\u00f3lnik\u00f3w w ci\u0105gu dw\u00f3ch tygodni, albo<\/li>\n\n\n\n<li>nie uwzgl\u0119dni w porz\u0105dku obrad spraw zg\u0142oszonych przez wsp\u00f3lnika sp\u00f3\u0142ki,<\/li>\n<\/ul>\n\n\n\n<p>wsp\u00f3lnicy mog\u0105 <strong>zwr\u00f3ci\u0107 si\u0119 do s\u0105du<\/strong>. S\u0105d mo\u017ce wtedy upowa\u017cni\u0107 ich do zwo\u0142ania zgromadzenia i wyznaczy\u0107 jego przewodnicz\u0105cego.<\/p>\n\n\n\n<p><\/p>\n\n\n\n<h3 class=\"wp-block-heading\"><span class=\"ez-toc-section\" id=\"Zwolanie_zgromadzenia_wspolnikow_spolki_z_oo_%E2%80%93_procedura\"><\/span><strong>Zwo\u0142anie zgromadzenia wsp\u00f3lnik\u00f3w sp\u00f3\u0142ki z o.o. &#8211; procedura<\/strong><span class=\"ez-toc-section-end\"><\/span><\/h3>\n\n\n\n<p><\/p>\n\n\n\n<p>Zgromadzenie wsp\u00f3lnik\u00f3w sp\u00f3\u0142ki z o.o. zwo\u0142uje si\u0119 za pomoc\u0105<strong> list\u00f3w poleconych<\/strong> lub <strong>przesy\u0142k\u0105&nbsp;kuriersk\u0105<\/strong>. Zawiadomienie mo\u017ce by\u0107 te\u017c wys\u0142ane wsp\u00f3lnikowi na adres do dor\u0119cze\u0144 elektronicznych albo <strong>poczt\u0105 elektroniczn\u0105<\/strong>, je\u017celi wyrazi\u0142 na to uprzednio pisemn\u0105 zgod\u0119 i poda\u0142 odpowiedni adres. Oba warunki musz\u0105 zosta\u0107 spe\u0142nione \u0142\u0105cznie.&nbsp;<\/p>\n\n\n\n<p><\/p>\n\n\n\n<p>Zaproszenie powinno wskazywa\u0107 dat\u0119 i godzin\u0119 zgromadzenia,&nbsp;miejsce odbycia zgromadzenia wsp\u00f3lnik\u00f3w oraz szczeg\u00f3\u0142owy porz\u0105dek obrad. W przypadku zamierzonej zmiany umowy sp\u00f3\u0142ki nale\u017cy wskaza\u0107 istotne elementy tre\u015bci proponowanych zmian.&nbsp;<\/p>\n\n\n\n<p><\/p>\n\n\n\n<h3 class=\"wp-block-heading\"><span class=\"ez-toc-section\" id=\"Zaproszenia_na_zgromadzenie_wspolnikow_spolki_%E2%80%94_termin_na_wyslanie\"><\/span><strong>Zaproszenia na zgromadzenie wsp\u00f3lnik\u00f3w sp\u00f3\u0142ki \u2014 termin na wys\u0142anie<\/strong><span class=\"ez-toc-section-end\"><\/span><\/h3>\n\n\n\n<p><\/p>\n\n\n\n<p>Zaproszenie na zgromadzenie wsp\u00f3lnik\u00f3w sp\u00f3\u0142ki zarz\u0105d powinien wys\u0142a\u0107 co najmniej <strong>dwa tygodnie<\/strong> przed terminem zgromadzenia. Do biegu terminu na zwo\u0142anie zgromadzenia wlicza si\u0119 dzie\u0144 wys\u0142ania zaproszenia. Termin zostanie zatem zachowany, je\u015bli ko\u0144czy si\u0119 najp\u00f3\u017aniej z up\u0142ywem dnia poprzedzaj\u0105cego wskazany w zaproszeniu dzie\u0144 odbycia zgromadzenia.&nbsp;<\/p>\n\n\n\n<p><\/p>\n\n\n\n<p>Nale\u017cy pami\u0119ta\u0107, \u017ce przepisy kodeksu sp\u00f3\u0142ek handlowych odnosz\u0105ce si\u0119 do terminu zwo\u0142ania zgromadzenia wsp\u00f3lnik\u00f3w sp\u00f3\u0142ki m\u00f3wi\u0105 o <strong>wys\u0142aniu zaproszenia<\/strong>, a nie jego dor\u0119czeniu wsp\u00f3lnikowi.&nbsp;<\/p>\n\n\n\n<p>Nieprzestrzeganie przez zarz\u0105d terminu wysy\u0142ki zaprosze\u0144 na zgromadzenie wsp\u00f3lnik\u00f3w sp\u00f3\u0142ki mo\u017ce wp\u0142yn\u0105\u0107 na<strong> wa\u017cno\u015b\u0107 podj\u0119tych uchwa\u0142<\/strong>. B\u0142\u0119dy w zwo\u0142aniu zgromadzenia mog\u0105 by\u0107 wykorzystane w sporach mi\u0119dzy wsp\u00f3lnikami. Dlatego szczeg\u00f3lnie w sp\u00f3\u0142kach, w kt\u00f3rych mo\u017ce zaistnie\u0107 sp\u00f3r na zgromadzeniu wsp\u00f3lnik\u00f3w, wa\u017cne jest dok\u0142adne przestrzeganie wymog\u00f3w formalnych ju\u017c na etapie zwo\u0142ywania zgromadzenia wsp\u00f3lnik\u00f3w sp\u00f3\u0142ki.<\/p>\n\n\n\n<p><\/p>\n\n\n\n<h3 class=\"wp-block-heading\"><span class=\"ez-toc-section\" id=\"Zgromadzenie_wspolnikow_spolki_bez_formalnego_zwolania\"><\/span><strong>Zgromadzenie wsp\u00f3lnik\u00f3w sp\u00f3\u0142ki bez formalnego zwo\u0142ania<\/strong><span class=\"ez-toc-section-end\"><\/span><\/h3>\n\n\n\n<p><\/p>\n\n\n\n<p>Zgromadzenie wsp\u00f3lnik\u00f3w, zar\u00f3wno zwyczajne, jak i nadzwyczajne, <strong>mo\u017cna <\/strong>przeprowadzi\u0107 bez formalnego zwo\u0142ania <strong>pod dwoma warunkami<\/strong>. Po pierwsze, wszyscy wsp\u00f3lnicy musz\u0105 by\u0107 obecni lub reprezentowani na zgromadzeniu, a po drugie, nikt nie mo\u017ce zg\u0142osi\u0107 sprzeciwu wobec jego odbycia bez formalnego zwo\u0142ania ani wobec proponowanego porz\u0105dku obrad.<\/p>\n\n\n\n<p><\/p>\n\n\n\n<h2 class=\"wp-block-heading\"><span class=\"ez-toc-section\" id=\"Przebieg_zgromadzenia_wspolnikow_spolki\"><\/span><strong>Przebieg zgromadzenia wsp\u00f3lnik\u00f3w sp\u00f3\u0142ki<\/strong><span class=\"ez-toc-section-end\"><\/span><\/h2>\n\n\n\n<figure class=\"wp-block-image size-large\"><img loading=\"lazy\" decoding=\"async\" width=\"1024\" height=\"683\" src=\"https:\/\/pragmatiq.pl\/mniejszosciowi\/wp-content\/uploads\/2025\/02\/IMG_1542-1024x683.jpeg\" alt=\"\" class=\"wp-image-948\" srcset=\"https:\/\/pragmatiq.pl\/mniejszosciowi\/wp-content\/uploads\/2025\/02\/IMG_1542-1024x683.jpeg 1024w, https:\/\/pragmatiq.pl\/mniejszosciowi\/wp-content\/uploads\/2025\/02\/IMG_1542-300x200.jpeg 300w, https:\/\/pragmatiq.pl\/mniejszosciowi\/wp-content\/uploads\/2025\/02\/IMG_1542-768x512.jpeg 768w, https:\/\/pragmatiq.pl\/mniejszosciowi\/wp-content\/uploads\/2025\/02\/IMG_1542-1536x1024.jpeg 1536w, https:\/\/pragmatiq.pl\/mniejszosciowi\/wp-content\/uploads\/2025\/02\/IMG_1542-2048x1365.jpeg 2048w\" sizes=\"auto, (max-width: 767px) 89vw, (max-width: 1000px) 54vw, (max-width: 1071px) 543px, 580px\" \/><\/figure>\n\n\n\n<p><\/p>\n\n\n\n<h3 class=\"wp-block-heading\"><span class=\"ez-toc-section\" id=\"Uczestnictwo_pelnomocnika_w_zgromadzeniu_wspolnikow_spolki\"><\/span><strong>Uczestnictwo pe\u0142nomocnika w zgromadzeniu wsp\u00f3lnik\u00f3w sp\u00f3\u0142ki<\/strong><span class=\"ez-toc-section-end\"><\/span><\/h3>\n\n\n\n<p><\/p>\n\n\n\n<p>Co do zasady, wsp\u00f3lnik mo\u017ce by\u0107 reprezentowany na zgromadzeniu wsp\u00f3lnik\u00f3w sp\u00f3\u0142ki przez pe\u0142nomocnika. Pe\u0142nomocnictwo powinno by\u0107 udzielone na pi\u015bmie.&nbsp;<\/p>\n\n\n\n<p><\/p>\n\n\n\n<p>W sp\u00f3\u0142kach, w kt\u00f3rych wyst\u0119puje konflikt mi\u0119dzy wsp\u00f3lnikami albo mo\u017ce zaistnie\u0107 sp\u00f3r na zgromadzeniu wsp\u00f3lnik\u00f3w, warto rozwa\u017cy\u0107 skorzystanie ze wsparcia <strong>profesjonalnego pe\u0142nomocnika<\/strong>. Dzi\u0119ki swojej wiedzy zadba on o prawid\u0142owy przebieg zgromadzenia, a jego obecno\u015b\u0107 mo\u017ce pom\u00f3c z\u0142agodzi\u0107 napi\u0119cia mi\u0119dzy stronami.<\/p>\n\n\n\n<p><\/p>\n\n\n\n<p>Je\u015bli chcesz si\u0119 dowiedzie\u0107, w jaki spos\u00f3b profesjonalny pe\u0142nomocnik mo\u017ce wesprze\u0107 wsp\u00f3lnik\u00f3w mniejszo\u015bciowych na zgromadzeniu wsp\u00f3lnik\u00f3w sp\u00f3\u0142ki, przeczytaj nasz artyku\u0142 <a href=\"https:\/\/www.doradzamy.to\/artykuly\/emocje-podczas-zgromadzenia-wspolnikow-siegaja-zenitu-wyslij-pelnomocnika\" target=\"_blank\" rel=\"noreferrer noopener\"><strong>Emocje podczas zgromadzenia wsp\u00f3lnik\u00f3w si\u0119gaj\u0105 zenitu? Wy\u015blij pe\u0142nomocnika!<\/strong><\/a><\/p>\n\n\n\n<p><\/p>\n\n\n\n<p>Pe\u0142nomocnikiem na zgromadzeniu wsp\u00f3lnik\u00f3w sp\u00f3\u0142ki nie mo\u017ce by\u0107 cz\u0142onek zarz\u0105du ani pracownik sp\u00f3\u0142ki. Podobne ograniczenia dotycz\u0105 likwidatora.<\/p>\n\n\n\n<p><\/p>\n\n\n\n<h3 class=\"wp-block-heading\"><span class=\"ez-toc-section\" id=\"Podejmowanie_uchwal_zgromadzenia_wspolnikow_spolki\"><\/span><strong>Podejmowanie uchwa\u0142 zgromadzenia wsp\u00f3lnik\u00f3w sp\u00f3\u0142ki<\/strong><span class=\"ez-toc-section-end\"><\/span><\/h3>\n\n\n\n<p><\/p>\n\n\n\n<h4 class=\"wp-block-heading\"><span class=\"ez-toc-section\" id=\"Odpowiednia_wiekszosc\"><\/span><strong>Odpowiednia wi\u0119kszo\u015b\u0107<\/strong><span class=\"ez-toc-section-end\"><\/span><\/h4>\n\n\n\n<p><\/p>\n\n\n\n<p>Uchwa\u0142y zgromadzenia wsp\u00f3lnik\u00f3w sp\u00f3\u0142ki podejmowane s\u0105 co do zasady bezwzgl\u0119dn\u0105 wi\u0119kszo\u015bci\u0105 g\u0142os\u00f3w. Oznacza to, \u017ce liczba g\u0142os\u00f3w \u201eza\u201d musi stanowi\u0107 wi\u0119cej ni\u017c po\u0142ow\u0119 wszystkich g\u0142os\u00f3w oddanych (w tym g\u0142os\u00f3w \u201ewstrzymuj\u0105cych si\u0119\u201d).&nbsp;<\/p>\n\n\n\n<p>Przepisy kodeksu sp\u00f3\u0142ek handlowych lub postanowienia umowy sp\u00f3\u0142ki przewiduj\u0105 czasami kwalifikowan\u0105 wi\u0119kszo\u015b\u0107 konieczn\u0105 dla podj\u0119cia okre\u015blonej uchwa\u0142y. Przyk\u0142adem kwalifikowanej wi\u0119kszo\u015bci w sp\u00f3\u0142ce z o.o. jest uchwa\u0142a dotycz\u0105ca zmiany umowy sp\u00f3\u0142ki. Zgodnie z art. 246 \u00a7 1 kodeksu sp\u00f3\u0142ek handlowych taka uchwa\u0142a wymaga wi\u0119kszo\u015bci 2\/3 g\u0142os\u00f3w, chyba \u017ce umowa sp\u00f3\u0142ki przewiduje surowsze wymagania.<\/p>\n\n\n\n<p><\/p>\n\n\n\n<h4 class=\"wp-block-heading\"><span class=\"ez-toc-section\" id=\"Kworum\"><\/span><strong>Kworum&nbsp;<\/strong><span class=\"ez-toc-section-end\"><\/span><\/h4>\n\n\n\n<p><\/p>\n\n\n\n<p>Dodatkowo umowa sp\u00f3\u0142ki lub przepisy prawa mog\u0105 czasami wskazywa\u0107 wymagane kworum. Jest to minimalna liczba uczestnik\u00f3w zgromadzenia, kt\u00f3rzy musz\u0105 by\u0107 obecni, aby zgromadzenie wsp\u00f3lnik\u00f3w sp\u00f3\u0142ki oraz podejmowane na nim uchwa\u0142y by\u0142y wa\u017cne.&nbsp;<\/p>\n\n\n\n<p><\/p>\n\n\n\n<h3 class=\"wp-block-heading\"><span class=\"ez-toc-section\" id=\"Sposob_glosowania_na_zgromadzeniu_wspolnikow_spolki\"><\/span><strong>Spos\u00f3b g\u0142osowania na zgromadzeniu wsp\u00f3lnik\u00f3w sp\u00f3\u0142ki<\/strong><span class=\"ez-toc-section-end\"><\/span><\/h3>\n\n\n\n<p><\/p>\n\n\n\n<p>G\u0142osowania na zgromadzeniach s\u0105 zwykle jawne. Niekt\u00f3re uchwa\u0142y musz\u0105 by\u0107 jednak podejmowane w trybie tajnym. Tajne g\u0142osowanie odbywa si\u0119 przy powo\u0142ywaniu i odwo\u0142ywaniu cz\u0142onk\u00f3w organ\u00f3w lub likwidator\u00f3w, poci\u0105ganiu ich do odpowiedzialno\u015bci oraz w sprawach osobowych. Poza tym nale\u017cy zarz\u0105dzi\u0107 tajne g\u0142osowanie na \u017c\u0105danie cho\u0107by jednego ze wsp\u00f3lnik\u00f3w obecnych lub reprezentowanych na zgromadzeniu wsp\u00f3lnik\u00f3w sp\u00f3\u0142ki.<\/p>\n\n\n\n<p><\/p>\n\n\n\n<h2 class=\"wp-block-heading\"><span class=\"ez-toc-section\" id=\"Zaskarzanie_uchwal_zgromadzenia_wspolnikow_spolki\"><\/span><strong>Zaskar\u017canie uchwa\u0142 zgromadzenia wsp\u00f3lnik\u00f3w sp\u00f3\u0142ki<\/strong><span class=\"ez-toc-section-end\"><\/span><\/h2>\n\n\n\n<p><\/p>\n\n\n\n<h3 class=\"wp-block-heading\"><span class=\"ez-toc-section\" id=\"Zaskarzenie_uchwaly_zgromadzenia_wspolnikow_spolki_%E2%80%94_uchylenie_a_stwierdzenie_niewaznosci\"><\/span><strong>Zaskar\u017cenie uchwa\u0142y zgromadzenia wsp\u00f3lnik\u00f3w sp\u00f3\u0142ki \u2014 uchylenie a stwierdzenie niewa\u017cno\u015bci<\/strong><span class=\"ez-toc-section-end\"><\/span><\/h3>\n\n\n\n<p><\/p>\n\n\n\n<p>Uchwa\u0142\u0119 mo\u017cna zakwestionowa\u0107 na dwa sposoby w zale\u017cno\u015bci od tego, do jakich dosz\u0142o uchybie\u0144. W zale\u017cno\u015bci od przypadku mo\u017cna wnie\u015b\u0107: pow\u00f3dztwo o uchylenie uchwa\u0142y albo pow\u00f3dztwo o stwierdzenie niewa\u017cno\u015bci uchwa\u0142y.<\/p>\n\n\n\n<p><\/p>\n\n\n\n<h4 class=\"wp-block-heading\"><span class=\"ez-toc-section\" id=\"Powodztwo_o_uchylenie_uchwaly_zgromadzenia_wspolnikow_spolki\"><\/span><strong>Pow\u00f3dztwo o uchylenie uchwa\u0142y zgromadzenia wsp\u00f3lnik\u00f3w sp\u00f3\u0142ki<\/strong><span class=\"ez-toc-section-end\"><\/span><\/h4>\n\n\n\n<p><\/p>\n\n\n\n<p>Uchwa\u0142a mo\u017ce by\u0107 zaskar\u017cona w drodze pow\u00f3dztwa o uchylenie uchwa\u0142y, je\u015bli jest:<\/p>\n\n\n\n<ul class=\"wp-block-list\">\n<li>sprzeczna z umow\u0105 sp\u00f3\u0142ki b\u0105d\u017a dobrymi obyczajami, i<\/li>\n\n\n\n<li>godz\u0105ca w interesy sp\u00f3\u0142ki lub maj\u0105ca na celu pokrzywdzenie wsp\u00f3lnika.<\/li>\n<\/ul>\n\n\n\n<p><\/p>\n\n\n\n<p><strong>Przyk\u0142ad:<\/strong><\/p>\n\n\n\n<p><\/p>\n\n\n\n<p><em>Zgromadzenie wsp\u00f3lnik\u00f3w sp\u00f3\u0142ki z o.o. podj\u0119\u0142o uchwa\u0142\u0119 w sprawie podwy\u017cszenia kapita\u0142u zak\u0142adowego bez zmiany umowy sp\u00f3\u0142ki.<\/em><\/p>\n\n\n\n<p><\/p>\n\n\n\n<p><em>Uchwa\u0142a przewiduje jednak podwy\u017cszenie kapita\u0142u o kwot\u0119 wy\u017csz\u0105 ni\u017c przewidziana w umowie sp\u00f3\u0142ki. Wsp\u00f3lnik mniejszo\u015bciowy, kt\u00f3ry odda\u0142 g\u0142os przeciwko uchwale i zg\u0142osi\u0142 sw\u00f3j sprzeciw do protoko\u0142u, mo\u017ce rozwa\u017cy\u0107 z\u0142o\u017cenie pow\u00f3dztwa o uchylenie uchwa\u0142y, poniewa\u017c jest ona sprzeczna z umow\u0105 sp\u00f3\u0142ki. Wsp\u00f3lnik b\u0119dzie musia\u0142 dodatkowo wykaza\u0107, \u017ce uchwa\u0142a o uchylenie kt\u00f3rej wnosi, godzi w interesy sp\u00f3\u0142ki lub ma na celu pokrzywdzenie wsp\u00f3lnika.<\/em><\/p>\n\n\n\n<p><\/p>\n\n\n\n<p>Termin na wniesienie pow\u00f3dztwa wynosi <strong>miesi\u0105c <\/strong>od dnia otrzymania wiadomo\u015bci o uchwale. Pow\u00f3dztwa nie mo\u017cna jednak wnie\u015b\u0107, je\u015bli od dnia powzi\u0119cia uchwa\u0142y min\u0119\u0142o ponad sze\u015b\u0107 miesi\u0119cy.&nbsp;<\/p>\n\n\n\n<p><\/p>\n\n\n\n<h4 class=\"wp-block-heading\"><span class=\"ez-toc-section\" id=\"Powodztwo_o_stwierdzenie_niewaznosci_uchwaly_zgromadzenia_wspolnikow_spolki\"><\/span><strong>Pow\u00f3dztwo o stwierdzenie niewa\u017cno\u015bci uchwa\u0142y zgromadzenia wsp\u00f3lnik\u00f3w sp\u00f3\u0142ki<\/strong><span class=\"ez-toc-section-end\"><\/span><\/h4>\n\n\n\n<p><\/p>\n\n\n\n<p>Uchwa\u0142a mo\u017ce by\u0107 zaskar\u017cona w drodze pow\u00f3dztwa o stwierdzenie niewa\u017cno\u015bci uchwa\u0142y, je\u015bli jest sprzeczna z ustaw\u0105.&nbsp;<\/p>\n\n\n\n<p><\/p>\n\n\n\n<p>Termin na zaskar\u017cenie uchwa\u0142y w drodze pow\u00f3dztwa o stwierdzenie niewa\u017cno\u015bci wynosi <strong>sze\u015b\u0107 miesi\u0119cy<\/strong> od dnia otrzymania wiadomo\u015bci o uchwale. Nie mo\u017cna jednak wnie\u015b\u0107 pow\u00f3dztwa o stwierdzenie niewa\u017cno\u015bci uchwa\u0142y, je\u015bli od dnia jej powzi\u0119cia min\u0119\u0142y ponad trzy lata.&nbsp;<\/p>\n\n\n\n<p><\/p>\n\n\n\n<h4 class=\"wp-block-heading\"><span class=\"ez-toc-section\" id=\"Kto_moze_zadac_uchylenia_lub_stwierdzenia_niewaznosci_uchwaly_zgromadzenia_wspolnikow_spolki\"><\/span><strong>Kto mo\u017ce \u017c\u0105da\u0107 uchylenia lub stwierdzenia niewa\u017cno\u015bci uchwa\u0142y zgromadzenia wsp\u00f3lnik\u00f3w sp\u00f3\u0142ki?<\/strong><span class=\"ez-toc-section-end\"><\/span><\/h4>\n\n\n\n<p><\/p>\n\n\n\n<p>Prawo do wniesienia pow\u00f3dztwa przys\u0142uguje <strong>wsp\u00f3lnikowi sp\u00f3\u0142ki<\/strong>, kt\u00f3ry:<\/p>\n\n\n\n<ul class=\"wp-block-list\">\n<li>g\u0142osowa\u0142 przeciwko uchwale, a po jej powzi\u0119ciu za\u017c\u0105da\u0142 zaprotoko\u0142owania sprzeciwu,<\/li>\n\n\n\n<li>bezzasadnie nie zosta\u0142 dopuszczony do udzia\u0142u w zgromadzeniu,<\/li>\n\n\n\n<li>nie by\u0142 obecny na zgromadzeniu, ale tylko w przypadku, gdy zosta\u0142o ono nieprawid\u0142owo zwo\u0142ane lub podj\u0119to uchwa\u0142\u0119, kt\u00f3ra nie by\u0142a wskazana w porz\u0105dku obrad,<\/li>\n\n\n\n<li>w przypadku pisemnego g\u0142osowania \u2014 wsp\u00f3lnikowi, kt\u00f3rego pomini\u0119to przy g\u0142osowaniu lub kt\u00f3ry nie zgodzi\u0142 si\u0119 na g\u0142osowanie pisemne. Prawo z\u0142o\u017cenia pow\u00f3dztwa przys\u0142uguje tak\u017ce wsp\u00f3lnikowi, kt\u00f3ry g\u0142osowa\u0142 przeciwko uchwale i po otrzymaniu wiadomo\u015bci o uchwale w terminie dw\u00f3ch tygodni zg\u0142osi\u0142 sprzeciw.<\/li>\n<\/ul>\n\n\n\n<p><\/p>\n\n\n\n<p>Uchwa\u0142\u0119 mo\u017ce zaskar\u017cy\u0107 r\u00f3wnie\u017c zarz\u0105d sp\u00f3\u0142ki, rada nadzorcza i komisja rewizyjna oraz cz\u0142onkowie tych organ\u00f3w.&nbsp;<\/p>\n\n\n\n<p><\/p>\n\n\n\n<p><strong>Sp\u00f3r na zgromadzeniu wsp\u00f3lnik\u00f3w \u2014 skuteczny sprzeciw do uchwa\u0142y<\/strong><\/p>\n\n\n\n<p><\/p>\n\n\n\n<p>W trakcie zgromadzenia wsp\u00f3lnik\u00f3w sp\u00f3\u0142ki sprzeciw do uchwa\u0142y nale\u017cy zg\u0142osi\u0107 od razu po jej podj\u0119ciu, a wi\u0119c zanim przejdzie si\u0119 do kolejnego punktu porz\u0105dku obrad. Je\u015bli g\u0142osowanie by\u0142o przeprowadzone w trybie pisemnym, wsp\u00f3lnik mo\u017ce zg\u0142osi\u0107 sprzeciw w ci\u0105gu dw\u00f3ch tygodni, odk\u0105d dowiedzia\u0142 si\u0119, \u017ce uchwa\u0142a zosta\u0142a podj\u0119ta.<\/p>\n\n\n\n<p><\/p>\n\n\n\n<p>Sprzeciw, koniecznie wraz z \u017c\u0105daniem jego zaprotoko\u0142owania, nale\u017cy zg\u0142osi\u0107 w spos\u00f3b stanowczy i jednoznaczny. Aby zaskar\u017cenie uchwa\u0142y by\u0142o dopuszczalne, sprzeciw nie mo\u017ce by\u0107 dorozumiany.<\/p>\n\n\n\n<p><\/p>\n\n\n\n<p><strong>Jak wsp\u00f3lnik mniejszo\u015bciowy mo\u017ce zabezpieczy\u0107 swoje prawa jeszcze przed sporem?<\/strong> Ochrona interes\u00f3w wsp\u00f3lnika mniejszo\u015bciowego nie zaczyna si\u0119 dopiero na zgromadzeniu wsp\u00f3lnik\u00f3w \u2013 warto dzia\u0142a\u0107 wcze\u015bniej. Sprawd\u017a, jakie mechanizmy mo\u017cesz wdro\u017cy\u0107, aby skutecznie zabezpieczy\u0107 swoje prawa ju\u017c na etapie kszta\u0142towania umowy sp\u00f3\u0142ki i relacji mi\u0119dzy wsp\u00f3lnikami. Przeczytaj nasz artyku\u0142: <strong><a href=\"https:\/\/pragmatiq.pl\/mniejszosciowi\/lepiej-zapobiegac-niz-leczyc-czyli-jak-zabezpieczyc-sie-przed-sporem-wspolnikow\/\" target=\"_blank\" rel=\"noreferrer noopener\">L<\/a><\/strong><a href=\"https:\/\/pragmatiq.pl\/mniejszosciowi\/lepiej-zapobiegac-niz-leczyc-czyli-jak-zabezpieczyc-sie-przed-sporem-wspolnikow\/\"><strong>epiej zapobiega\u0107 ni\u017c leczy\u0107 \u2013 czyli jak zabezpieczy\u0107 si\u0119 przed sporem wsp\u00f3lnik\u00f3w?<\/strong><\/a><\/p>\n\n\n\n<p><\/p>\n\n\n\n<p>Marta B\u0142otny-B\u0142aszak, Martyna Kunke<\/p>\n","protected":false},"excerpt":{"rendered":"<p>Kluczowe decyzje dotycz\u0105ce sp\u00f3\u0142ki z o.o. i jej wsp\u00f3lnik\u00f3w podejmowane s\u0105 zazwyczaj podczas zgromadze\u0144 wsp\u00f3lnik\u00f3w. Z tego powodu wa\u017cne jest, aby wsp\u00f3lnik wiedzia\u0142, jak powinno przebiega\u0107 zwo\u0142ywanie obrad zgromadzenia wsp\u00f3lnik\u00f3w, podejmowanie uchwa\u0142 oraz ich zaskar\u017canie. Znajomo\u015b\u0107 w\u0142asnych praw jest szczeg\u00f3lnie istotna dla wsp\u00f3lnik\u00f3w mniejszo\u015bciowych. Zgromadzenie zwyczajne i nadzwyczajne \u2014 czym si\u0119 r\u00f3\u017cni\u0105?&nbsp; Zgromadzenie wsp\u00f3lnik\u00f3w sp\u00f3\u0142ki &hellip; <\/p>\n<p class=\"link-more\"><a href=\"https:\/\/pragmatiq.pl\/mniejszosciowi\/zgromadzenie-wspolnikow-krok-po-kroku-od-organizacji-po-ochrone-praw-wspolnika-mniejszosciowego\/\" class=\"more-link\">Continue reading<span class=\"screen-reader-text\"> &#8222;Zgromadzenie wsp\u00f3lnik\u00f3w krok po kroku \u2013 od organizacji po ochron\u0119 praw wsp\u00f3lnika mniejszo\u015bciowego&#8221;<\/span><\/a><\/p>\n","protected":false},"author":11,"featured_media":205,"comment_status":"open","ping_status":"open","sticky":false,"template":"","format":"standard","meta":{"_acf_changed":false,"footnotes":""},"categories":[1],"tags":[],"class_list":["post-958","post","type-post","status-publish","format-standard","has-post-thumbnail","hentry","category-bez-kategorii"],"acf":[],"yoast_head":"<!-- This site is optimized with the Yoast SEO plugin v27.3 - https:\/\/yoast.com\/product\/yoast-seo-wordpress\/ -->\n<title>Zgromadzenie wsp\u00f3lnik\u00f3w krok po kroku \u2013 od organizacji po ochron\u0119 praw wsp\u00f3lnika mniejszo\u015bciowego | mniejszosciowi.pl<\/title>\n<meta name=\"description\" content=\"Jak prawid\u0142owo zorganizowa\u0107 zgromadzenie wsp\u00f3lnik\u00f3w sp\u00f3\u0142ki z o.o.? Sprawd\u017a krok po kroku zasady zwo\u0142ywania obrad, podejmowania uchwa\u0142 i ochrony praw wsp\u00f3lnika mniejszo\u015bciowego.\" \/>\n<meta name=\"robots\" content=\"index, follow, max-snippet:-1, max-image-preview:large, max-video-preview:-1\" \/>\n<link rel=\"canonical\" href=\"https:\/\/pragmatiq.pl\/mniejszosciowi\/zgromadzenie-wspolnikow-krok-po-kroku-od-organizacji-po-ochrone-praw-wspolnika-mniejszosciowego\/\" \/>\n<meta property=\"og:locale\" content=\"pl_PL\" \/>\n<meta property=\"og:type\" content=\"article\" \/>\n<meta property=\"og:title\" content=\"Zgromadzenie wsp\u00f3lnik\u00f3w krok po kroku \u2013 od organizacji po ochron\u0119 praw wsp\u00f3lnika mniejszo\u015bciowego | mniejszosciowi.pl\" \/>\n<meta property=\"og:description\" content=\"Jak prawid\u0142owo zorganizowa\u0107 zgromadzenie wsp\u00f3lnik\u00f3w sp\u00f3\u0142ki z o.o.? Sprawd\u017a krok po kroku zasady zwo\u0142ywania obrad, podejmowania uchwa\u0142 i ochrony praw wsp\u00f3lnika mniejszo\u015bciowego.\" \/>\n<meta property=\"og:url\" content=\"https:\/\/pragmatiq.pl\/mniejszosciowi\/zgromadzenie-wspolnikow-krok-po-kroku-od-organizacji-po-ochrone-praw-wspolnika-mniejszosciowego\/\" \/>\n<meta property=\"og:site_name\" content=\"Mniejszo\u015bciowi\" \/>\n<meta property=\"article:published_time\" content=\"2025-02-13T09:19:38+00:00\" \/>\n<meta property=\"article:modified_time\" content=\"2025-02-13T09:44:02+00:00\" \/>\n<meta property=\"og:image\" content=\"https:\/\/pragmatiq.pl\/mniejszosciowi\/wp-content\/uploads\/2019\/05\/udzia\u0142y.png\" \/>\n\t<meta property=\"og:image:width\" content=\"2000\" \/>\n\t<meta property=\"og:image:height\" content=\"625\" \/>\n\t<meta property=\"og:image:type\" content=\"image\/png\" \/>\n<meta name=\"author\" content=\"magda\" \/>\n<meta name=\"twitter:card\" content=\"summary_large_image\" \/>\n<meta name=\"twitter:label1\" content=\"Napisane przez\" \/>\n\t<meta name=\"twitter:data1\" content=\"magda\" \/>\n\t<meta name=\"twitter:label2\" content=\"Szacowany czas czytania\" \/>\n\t<meta name=\"twitter:data2\" content=\"10 minut\" \/>\n<script type=\"application\/ld+json\" class=\"yoast-schema-graph\">{\"@context\":\"https:\\\/\\\/schema.org\",\"@graph\":[{\"@type\":\"Article\",\"@id\":\"https:\\\/\\\/pragmatiq.pl\\\/mniejszosciowi\\\/zgromadzenie-wspolnikow-krok-po-kroku-od-organizacji-po-ochrone-praw-wspolnika-mniejszosciowego\\\/#article\",\"isPartOf\":{\"@id\":\"https:\\\/\\\/pragmatiq.pl\\\/mniejszosciowi\\\/zgromadzenie-wspolnikow-krok-po-kroku-od-organizacji-po-ochrone-praw-wspolnika-mniejszosciowego\\\/\"},\"author\":{\"name\":\"magda\",\"@id\":\"https:\\\/\\\/pragmatiq.pl\\\/mniejszosciowi\\\/#\\\/schema\\\/person\\\/ce906c20de720157b60733e123391613\"},\"headline\":\"Zgromadzenie wsp\u00f3lnik\u00f3w krok po kroku \u2013 od organizacji po ochron\u0119 praw wsp\u00f3lnika mniejszo\u015bciowego\",\"datePublished\":\"2025-02-13T09:19:38+00:00\",\"dateModified\":\"2025-02-13T09:44:02+00:00\",\"mainEntityOfPage\":{\"@id\":\"https:\\\/\\\/pragmatiq.pl\\\/mniejszosciowi\\\/zgromadzenie-wspolnikow-krok-po-kroku-od-organizacji-po-ochrone-praw-wspolnika-mniejszosciowego\\\/\"},\"wordCount\":2165,\"commentCount\":0,\"publisher\":{\"@id\":\"https:\\\/\\\/pragmatiq.pl\\\/mniejszosciowi\\\/#organization\"},\"image\":{\"@id\":\"https:\\\/\\\/pragmatiq.pl\\\/mniejszosciowi\\\/zgromadzenie-wspolnikow-krok-po-kroku-od-organizacji-po-ochrone-praw-wspolnika-mniejszosciowego\\\/#primaryimage\"},\"thumbnailUrl\":\"https:\\\/\\\/pragmatiq.pl\\\/mniejszosciowi\\\/wp-content\\\/uploads\\\/2019\\\/05\\\/udzia\u0142y.png\",\"inLanguage\":\"pl-PL\",\"potentialAction\":[{\"@type\":\"CommentAction\",\"name\":\"Comment\",\"target\":[\"https:\\\/\\\/pragmatiq.pl\\\/mniejszosciowi\\\/zgromadzenie-wspolnikow-krok-po-kroku-od-organizacji-po-ochrone-praw-wspolnika-mniejszosciowego\\\/#respond\"]}]},{\"@type\":\"WebPage\",\"@id\":\"https:\\\/\\\/pragmatiq.pl\\\/mniejszosciowi\\\/zgromadzenie-wspolnikow-krok-po-kroku-od-organizacji-po-ochrone-praw-wspolnika-mniejszosciowego\\\/\",\"url\":\"https:\\\/\\\/pragmatiq.pl\\\/mniejszosciowi\\\/zgromadzenie-wspolnikow-krok-po-kroku-od-organizacji-po-ochrone-praw-wspolnika-mniejszosciowego\\\/\",\"name\":\"Zgromadzenie wsp\u00f3lnik\u00f3w krok po kroku \u2013 od organizacji po ochron\u0119 praw wsp\u00f3lnika mniejszo\u015bciowego | mniejszosciowi.pl\",\"isPartOf\":{\"@id\":\"https:\\\/\\\/pragmatiq.pl\\\/mniejszosciowi\\\/#website\"},\"primaryImageOfPage\":{\"@id\":\"https:\\\/\\\/pragmatiq.pl\\\/mniejszosciowi\\\/zgromadzenie-wspolnikow-krok-po-kroku-od-organizacji-po-ochrone-praw-wspolnika-mniejszosciowego\\\/#primaryimage\"},\"image\":{\"@id\":\"https:\\\/\\\/pragmatiq.pl\\\/mniejszosciowi\\\/zgromadzenie-wspolnikow-krok-po-kroku-od-organizacji-po-ochrone-praw-wspolnika-mniejszosciowego\\\/#primaryimage\"},\"thumbnailUrl\":\"https:\\\/\\\/pragmatiq.pl\\\/mniejszosciowi\\\/wp-content\\\/uploads\\\/2019\\\/05\\\/udzia\u0142y.png\",\"datePublished\":\"2025-02-13T09:19:38+00:00\",\"dateModified\":\"2025-02-13T09:44:02+00:00\",\"description\":\"Jak prawid\u0142owo zorganizowa\u0107 zgromadzenie wsp\u00f3lnik\u00f3w sp\u00f3\u0142ki z o.o.? Sprawd\u017a krok po kroku zasady zwo\u0142ywania obrad, podejmowania uchwa\u0142 i ochrony praw wsp\u00f3lnika mniejszo\u015bciowego.\",\"breadcrumb\":{\"@id\":\"https:\\\/\\\/pragmatiq.pl\\\/mniejszosciowi\\\/zgromadzenie-wspolnikow-krok-po-kroku-od-organizacji-po-ochrone-praw-wspolnika-mniejszosciowego\\\/#breadcrumb\"},\"inLanguage\":\"pl-PL\",\"potentialAction\":[{\"@type\":\"ReadAction\",\"target\":[\"https:\\\/\\\/pragmatiq.pl\\\/mniejszosciowi\\\/zgromadzenie-wspolnikow-krok-po-kroku-od-organizacji-po-ochrone-praw-wspolnika-mniejszosciowego\\\/\"]}]},{\"@type\":\"ImageObject\",\"inLanguage\":\"pl-PL\",\"@id\":\"https:\\\/\\\/pragmatiq.pl\\\/mniejszosciowi\\\/zgromadzenie-wspolnikow-krok-po-kroku-od-organizacji-po-ochrone-praw-wspolnika-mniejszosciowego\\\/#primaryimage\",\"url\":\"https:\\\/\\\/pragmatiq.pl\\\/mniejszosciowi\\\/wp-content\\\/uploads\\\/2019\\\/05\\\/udzia\u0142y.png\",\"contentUrl\":\"https:\\\/\\\/pragmatiq.pl\\\/mniejszosciowi\\\/wp-content\\\/uploads\\\/2019\\\/05\\\/udzia\u0142y.png\",\"width\":2000,\"height\":625,\"caption\":\"Sprzeda\u017c (zbycie) udzia\u0142\u00f3w w sp\u00f3\u0142ce z o.o.\"},{\"@type\":\"BreadcrumbList\",\"@id\":\"https:\\\/\\\/pragmatiq.pl\\\/mniejszosciowi\\\/zgromadzenie-wspolnikow-krok-po-kroku-od-organizacji-po-ochrone-praw-wspolnika-mniejszosciowego\\\/#breadcrumb\",\"itemListElement\":[{\"@type\":\"ListItem\",\"position\":1,\"name\":\"Strona g\u0142\u00f3wna\",\"item\":\"https:\\\/\\\/pragmatiq.pl\\\/mniejszosciowi\\\/\"},{\"@type\":\"ListItem\",\"position\":2,\"name\":\"Zgromadzenie wsp\u00f3lnik\u00f3w krok po kroku \u2013 od organizacji po ochron\u0119 praw wsp\u00f3lnika mniejszo\u015bciowego\"}]},{\"@type\":\"WebSite\",\"@id\":\"https:\\\/\\\/pragmatiq.pl\\\/mniejszosciowi\\\/#website\",\"url\":\"https:\\\/\\\/pragmatiq.pl\\\/mniejszosciowi\\\/\",\"name\":\"Mniejszo\u015bciowi\",\"description\":\"\",\"publisher\":{\"@id\":\"https:\\\/\\\/pragmatiq.pl\\\/mniejszosciowi\\\/#organization\"},\"potentialAction\":[{\"@type\":\"SearchAction\",\"target\":{\"@type\":\"EntryPoint\",\"urlTemplate\":\"https:\\\/\\\/pragmatiq.pl\\\/mniejszosciowi\\\/?s={search_term_string}\"},\"query-input\":{\"@type\":\"PropertyValueSpecification\",\"valueRequired\":true,\"valueName\":\"search_term_string\"}}],\"inLanguage\":\"pl-PL\"},{\"@type\":\"Organization\",\"@id\":\"https:\\\/\\\/pragmatiq.pl\\\/mniejszosciowi\\\/#organization\",\"name\":\"Mniejszo\u015bciowi\",\"url\":\"https:\\\/\\\/pragmatiq.pl\\\/mniejszosciowi\\\/\",\"logo\":{\"@type\":\"ImageObject\",\"inLanguage\":\"pl-PL\",\"@id\":\"https:\\\/\\\/pragmatiq.pl\\\/mniejszosciowi\\\/#\\\/schema\\\/logo\\\/image\\\/\",\"url\":\"https:\\\/\\\/pragmatiq.pl\\\/mniejszosciowi\\\/wp-content\\\/uploads\\\/2018\\\/05\\\/cropped-logo.png\",\"contentUrl\":\"https:\\\/\\\/pragmatiq.pl\\\/mniejszosciowi\\\/wp-content\\\/uploads\\\/2018\\\/05\\\/cropped-logo.png\",\"width\":952,\"height\":250,\"caption\":\"Mniejszo\u015bciowi\"},\"image\":{\"@id\":\"https:\\\/\\\/pragmatiq.pl\\\/mniejszosciowi\\\/#\\\/schema\\\/logo\\\/image\\\/\"}},{\"@type\":\"Person\",\"@id\":\"https:\\\/\\\/pragmatiq.pl\\\/mniejszosciowi\\\/#\\\/schema\\\/person\\\/ce906c20de720157b60733e123391613\",\"name\":\"magda\",\"image\":{\"@type\":\"ImageObject\",\"inLanguage\":\"pl-PL\",\"@id\":\"https:\\\/\\\/secure.gravatar.com\\\/avatar\\\/6d24b7dcdb2aa81c311c2677433612c2566b3bbf8d7f5abdcd807de80d5f1fdc?s=96&d=mm&r=g\",\"url\":\"https:\\\/\\\/secure.gravatar.com\\\/avatar\\\/6d24b7dcdb2aa81c311c2677433612c2566b3bbf8d7f5abdcd807de80d5f1fdc?s=96&d=mm&r=g\",\"contentUrl\":\"https:\\\/\\\/secure.gravatar.com\\\/avatar\\\/6d24b7dcdb2aa81c311c2677433612c2566b3bbf8d7f5abdcd807de80d5f1fdc?s=96&d=mm&r=g\",\"caption\":\"magda\"},\"url\":\"https:\\\/\\\/pragmatiq.pl\\\/mniejszosciowi\\\/author\\\/magda\\\/\"}]}<\/script>\n<!-- \/ Yoast SEO plugin. -->","yoast_head_json":{"title":"Zgromadzenie wsp\u00f3lnik\u00f3w krok po kroku \u2013 od organizacji po ochron\u0119 praw wsp\u00f3lnika mniejszo\u015bciowego | mniejszosciowi.pl","description":"Jak prawid\u0142owo zorganizowa\u0107 zgromadzenie wsp\u00f3lnik\u00f3w sp\u00f3\u0142ki z o.o.? Sprawd\u017a krok po kroku zasady zwo\u0142ywania obrad, podejmowania uchwa\u0142 i ochrony praw wsp\u00f3lnika mniejszo\u015bciowego.","robots":{"index":"index","follow":"follow","max-snippet":"max-snippet:-1","max-image-preview":"max-image-preview:large","max-video-preview":"max-video-preview:-1"},"canonical":"https:\/\/pragmatiq.pl\/mniejszosciowi\/zgromadzenie-wspolnikow-krok-po-kroku-od-organizacji-po-ochrone-praw-wspolnika-mniejszosciowego\/","og_locale":"pl_PL","og_type":"article","og_title":"Zgromadzenie wsp\u00f3lnik\u00f3w krok po kroku \u2013 od organizacji po ochron\u0119 praw wsp\u00f3lnika mniejszo\u015bciowego | mniejszosciowi.pl","og_description":"Jak prawid\u0142owo zorganizowa\u0107 zgromadzenie wsp\u00f3lnik\u00f3w sp\u00f3\u0142ki z o.o.? Sprawd\u017a krok po kroku zasady zwo\u0142ywania obrad, podejmowania uchwa\u0142 i ochrony praw wsp\u00f3lnika mniejszo\u015bciowego.","og_url":"https:\/\/pragmatiq.pl\/mniejszosciowi\/zgromadzenie-wspolnikow-krok-po-kroku-od-organizacji-po-ochrone-praw-wspolnika-mniejszosciowego\/","og_site_name":"Mniejszo\u015bciowi","article_published_time":"2025-02-13T09:19:38+00:00","article_modified_time":"2025-02-13T09:44:02+00:00","og_image":[{"width":2000,"height":625,"url":"https:\/\/pragmatiq.pl\/mniejszosciowi\/wp-content\/uploads\/2019\/05\/udzia\u0142y.png","type":"image\/png"}],"author":"magda","twitter_card":"summary_large_image","twitter_misc":{"Napisane przez":"magda","Szacowany czas czytania":"10 minut"},"schema":{"@context":"https:\/\/schema.org","@graph":[{"@type":"Article","@id":"https:\/\/pragmatiq.pl\/mniejszosciowi\/zgromadzenie-wspolnikow-krok-po-kroku-od-organizacji-po-ochrone-praw-wspolnika-mniejszosciowego\/#article","isPartOf":{"@id":"https:\/\/pragmatiq.pl\/mniejszosciowi\/zgromadzenie-wspolnikow-krok-po-kroku-od-organizacji-po-ochrone-praw-wspolnika-mniejszosciowego\/"},"author":{"name":"magda","@id":"https:\/\/pragmatiq.pl\/mniejszosciowi\/#\/schema\/person\/ce906c20de720157b60733e123391613"},"headline":"Zgromadzenie wsp\u00f3lnik\u00f3w krok po kroku \u2013 od organizacji po ochron\u0119 praw wsp\u00f3lnika mniejszo\u015bciowego","datePublished":"2025-02-13T09:19:38+00:00","dateModified":"2025-02-13T09:44:02+00:00","mainEntityOfPage":{"@id":"https:\/\/pragmatiq.pl\/mniejszosciowi\/zgromadzenie-wspolnikow-krok-po-kroku-od-organizacji-po-ochrone-praw-wspolnika-mniejszosciowego\/"},"wordCount":2165,"commentCount":0,"publisher":{"@id":"https:\/\/pragmatiq.pl\/mniejszosciowi\/#organization"},"image":{"@id":"https:\/\/pragmatiq.pl\/mniejszosciowi\/zgromadzenie-wspolnikow-krok-po-kroku-od-organizacji-po-ochrone-praw-wspolnika-mniejszosciowego\/#primaryimage"},"thumbnailUrl":"https:\/\/pragmatiq.pl\/mniejszosciowi\/wp-content\/uploads\/2019\/05\/udzia\u0142y.png","inLanguage":"pl-PL","potentialAction":[{"@type":"CommentAction","name":"Comment","target":["https:\/\/pragmatiq.pl\/mniejszosciowi\/zgromadzenie-wspolnikow-krok-po-kroku-od-organizacji-po-ochrone-praw-wspolnika-mniejszosciowego\/#respond"]}]},{"@type":"WebPage","@id":"https:\/\/pragmatiq.pl\/mniejszosciowi\/zgromadzenie-wspolnikow-krok-po-kroku-od-organizacji-po-ochrone-praw-wspolnika-mniejszosciowego\/","url":"https:\/\/pragmatiq.pl\/mniejszosciowi\/zgromadzenie-wspolnikow-krok-po-kroku-od-organizacji-po-ochrone-praw-wspolnika-mniejszosciowego\/","name":"Zgromadzenie wsp\u00f3lnik\u00f3w krok po kroku \u2013 od organizacji po ochron\u0119 praw wsp\u00f3lnika mniejszo\u015bciowego | mniejszosciowi.pl","isPartOf":{"@id":"https:\/\/pragmatiq.pl\/mniejszosciowi\/#website"},"primaryImageOfPage":{"@id":"https:\/\/pragmatiq.pl\/mniejszosciowi\/zgromadzenie-wspolnikow-krok-po-kroku-od-organizacji-po-ochrone-praw-wspolnika-mniejszosciowego\/#primaryimage"},"image":{"@id":"https:\/\/pragmatiq.pl\/mniejszosciowi\/zgromadzenie-wspolnikow-krok-po-kroku-od-organizacji-po-ochrone-praw-wspolnika-mniejszosciowego\/#primaryimage"},"thumbnailUrl":"https:\/\/pragmatiq.pl\/mniejszosciowi\/wp-content\/uploads\/2019\/05\/udzia\u0142y.png","datePublished":"2025-02-13T09:19:38+00:00","dateModified":"2025-02-13T09:44:02+00:00","description":"Jak prawid\u0142owo zorganizowa\u0107 zgromadzenie wsp\u00f3lnik\u00f3w sp\u00f3\u0142ki z o.o.? Sprawd\u017a krok po kroku zasady zwo\u0142ywania obrad, podejmowania uchwa\u0142 i ochrony praw wsp\u00f3lnika mniejszo\u015bciowego.","breadcrumb":{"@id":"https:\/\/pragmatiq.pl\/mniejszosciowi\/zgromadzenie-wspolnikow-krok-po-kroku-od-organizacji-po-ochrone-praw-wspolnika-mniejszosciowego\/#breadcrumb"},"inLanguage":"pl-PL","potentialAction":[{"@type":"ReadAction","target":["https:\/\/pragmatiq.pl\/mniejszosciowi\/zgromadzenie-wspolnikow-krok-po-kroku-od-organizacji-po-ochrone-praw-wspolnika-mniejszosciowego\/"]}]},{"@type":"ImageObject","inLanguage":"pl-PL","@id":"https:\/\/pragmatiq.pl\/mniejszosciowi\/zgromadzenie-wspolnikow-krok-po-kroku-od-organizacji-po-ochrone-praw-wspolnika-mniejszosciowego\/#primaryimage","url":"https:\/\/pragmatiq.pl\/mniejszosciowi\/wp-content\/uploads\/2019\/05\/udzia\u0142y.png","contentUrl":"https:\/\/pragmatiq.pl\/mniejszosciowi\/wp-content\/uploads\/2019\/05\/udzia\u0142y.png","width":2000,"height":625,"caption":"Sprzeda\u017c (zbycie) udzia\u0142\u00f3w w sp\u00f3\u0142ce z o.o."},{"@type":"BreadcrumbList","@id":"https:\/\/pragmatiq.pl\/mniejszosciowi\/zgromadzenie-wspolnikow-krok-po-kroku-od-organizacji-po-ochrone-praw-wspolnika-mniejszosciowego\/#breadcrumb","itemListElement":[{"@type":"ListItem","position":1,"name":"Strona g\u0142\u00f3wna","item":"https:\/\/pragmatiq.pl\/mniejszosciowi\/"},{"@type":"ListItem","position":2,"name":"Zgromadzenie wsp\u00f3lnik\u00f3w krok po kroku \u2013 od organizacji po ochron\u0119 praw wsp\u00f3lnika mniejszo\u015bciowego"}]},{"@type":"WebSite","@id":"https:\/\/pragmatiq.pl\/mniejszosciowi\/#website","url":"https:\/\/pragmatiq.pl\/mniejszosciowi\/","name":"Mniejszo\u015bciowi","description":"","publisher":{"@id":"https:\/\/pragmatiq.pl\/mniejszosciowi\/#organization"},"potentialAction":[{"@type":"SearchAction","target":{"@type":"EntryPoint","urlTemplate":"https:\/\/pragmatiq.pl\/mniejszosciowi\/?s={search_term_string}"},"query-input":{"@type":"PropertyValueSpecification","valueRequired":true,"valueName":"search_term_string"}}],"inLanguage":"pl-PL"},{"@type":"Organization","@id":"https:\/\/pragmatiq.pl\/mniejszosciowi\/#organization","name":"Mniejszo\u015bciowi","url":"https:\/\/pragmatiq.pl\/mniejszosciowi\/","logo":{"@type":"ImageObject","inLanguage":"pl-PL","@id":"https:\/\/pragmatiq.pl\/mniejszosciowi\/#\/schema\/logo\/image\/","url":"https:\/\/pragmatiq.pl\/mniejszosciowi\/wp-content\/uploads\/2018\/05\/cropped-logo.png","contentUrl":"https:\/\/pragmatiq.pl\/mniejszosciowi\/wp-content\/uploads\/2018\/05\/cropped-logo.png","width":952,"height":250,"caption":"Mniejszo\u015bciowi"},"image":{"@id":"https:\/\/pragmatiq.pl\/mniejszosciowi\/#\/schema\/logo\/image\/"}},{"@type":"Person","@id":"https:\/\/pragmatiq.pl\/mniejszosciowi\/#\/schema\/person\/ce906c20de720157b60733e123391613","name":"magda","image":{"@type":"ImageObject","inLanguage":"pl-PL","@id":"https:\/\/secure.gravatar.com\/avatar\/6d24b7dcdb2aa81c311c2677433612c2566b3bbf8d7f5abdcd807de80d5f1fdc?s=96&d=mm&r=g","url":"https:\/\/secure.gravatar.com\/avatar\/6d24b7dcdb2aa81c311c2677433612c2566b3bbf8d7f5abdcd807de80d5f1fdc?s=96&d=mm&r=g","contentUrl":"https:\/\/secure.gravatar.com\/avatar\/6d24b7dcdb2aa81c311c2677433612c2566b3bbf8d7f5abdcd807de80d5f1fdc?s=96&d=mm&r=g","caption":"magda"},"url":"https:\/\/pragmatiq.pl\/mniejszosciowi\/author\/magda\/"}]}},"_links":{"self":[{"href":"https:\/\/pragmatiq.pl\/mniejszosciowi\/wp-json\/wp\/v2\/posts\/958","targetHints":{"allow":["GET"]}}],"collection":[{"href":"https:\/\/pragmatiq.pl\/mniejszosciowi\/wp-json\/wp\/v2\/posts"}],"about":[{"href":"https:\/\/pragmatiq.pl\/mniejszosciowi\/wp-json\/wp\/v2\/types\/post"}],"author":[{"embeddable":true,"href":"https:\/\/pragmatiq.pl\/mniejszosciowi\/wp-json\/wp\/v2\/users\/11"}],"replies":[{"embeddable":true,"href":"https:\/\/pragmatiq.pl\/mniejszosciowi\/wp-json\/wp\/v2\/comments?post=958"}],"version-history":[{"count":2,"href":"https:\/\/pragmatiq.pl\/mniejszosciowi\/wp-json\/wp\/v2\/posts\/958\/revisions"}],"predecessor-version":[{"id":960,"href":"https:\/\/pragmatiq.pl\/mniejszosciowi\/wp-json\/wp\/v2\/posts\/958\/revisions\/960"}],"wp:featuredmedia":[{"embeddable":true,"href":"https:\/\/pragmatiq.pl\/mniejszosciowi\/wp-json\/wp\/v2\/media\/205"}],"wp:attachment":[{"href":"https:\/\/pragmatiq.pl\/mniejszosciowi\/wp-json\/wp\/v2\/media?parent=958"}],"wp:term":[{"taxonomy":"category","embeddable":true,"href":"https:\/\/pragmatiq.pl\/mniejszosciowi\/wp-json\/wp\/v2\/categories?post=958"},{"taxonomy":"post_tag","embeddable":true,"href":"https:\/\/pragmatiq.pl\/mniejszosciowi\/wp-json\/wp\/v2\/tags?post=958"}],"curies":[{"name":"wp","href":"https:\/\/api.w.org\/{rel}","templated":true}]}}