{"id":951,"date":"2026-07-09T10:51:42","date_gmt":"2026-07-09T08:51:42","guid":{"rendered":"https:\/\/pragmatiq.pl\/mniejszosciowi\/?p=951"},"modified":"2026-08-13T13:29:31","modified_gmt":"2026-08-13T11:29:31","slug":"sukcesja-po-smierci-wspolnika-spolki","status":"publish","type":"post","link":"https:\/\/pragmatiq.pl\/mniejszosciowi\/sukcesja-po-smierci-wspolnika-spolki\/","title":{"rendered":"\u015amier\u0107 wsp\u00f3lnika sp\u00f3\u0142ki \u2013 jak chroni\u0107 firm\u0119 przed konfliktem spadkobierc\u00f3w?\u00a0"},"content":{"rendered":"\n<p class=\"wp-block-paragraph\">\u0179le zaplanowana sukcesja mo\u017ce prowadzi\u0107 do spor\u00f3w mi\u0119dzy spadkobiercami i utrudni\u0107 bie\u017c\u0105ce zarz\u0105dzanie firm\u0105. Warto wi\u0119c odpowiednio wcze\u015bniej ustali\u0107, co stanie si\u0119 ze sp\u00f3\u0142k\u0105 w razie \u015bmierci wsp\u00f3lnika. Jasne zasady w tym zakresie pozwalaj\u0105 ograniczy\u0107 ryzyko konflikt\u00f3w, chroni\u0105 interesy pozosta\u0142ych wsp\u00f3lnik\u00f3w i pomagaj\u0105 zachowa\u0107 ci\u0105g\u0142o\u015b\u0107 dzia\u0142alno\u015bci sp\u00f3\u0142ki.<\/p>\n\n\n\n<p class=\"wp-block-paragraph\"><strong>Z tego artyku\u0142u dowiesz si\u0119:<\/strong><\/p>\n\n\n\n<ul class=\"wp-block-list\">\n<li>co dzieje si\u0119 ze sp\u00f3\u0142k\u0105, gdy umiera jeden ze wsp\u00f3lnik\u00f3w,<\/li>\n\n\n\n<li>jak z wyprzedzeniem zabezpieczy\u0107 sp\u00f3\u0142k\u0119, \u017ceby \u015bmier\u0107 wsp\u00f3lnika nie zablokowa\u0142a jej dzia\u0142ania,<\/li>\n\n\n\n<li>czy spadkobiercy automatycznie wchodz\u0105 do sp\u00f3\u0142ki,<\/li>\n\n\n\n<li>jak unikn\u0105\u0107 spor\u00f3w mi\u0119dzy spadkobiercami, kt\u00f3re mog\u0105 sparali\u017cowa\u0107 podejmowanie decyzji w firmie,<\/li>\n\n\n\n<li>w jaki spos\u00f3b testament mo\u017ce u\u0142atwi\u0107 przekazanie udzia\u0142\u00f3w wybranej osobie.<\/li>\n<\/ul>\n\n\n\n<div id=\"ez-toc-container\" class=\"ez-toc-v2_0_87 counter-hierarchy ez-toc-counter ez-toc-grey ez-toc-container-direction\">\n<nav><ul class='ez-toc-list ez-toc-list-level-1 ' ><li class='ez-toc-page-1 ez-toc-heading-level-2'><a class=\"ez-toc-link ez-toc-heading-1\" href=\"https:\/\/pragmatiq.pl\/mniejszosciowi\/sukcesja-po-smierci-wspolnika-spolki\/#Smierc_wspolnika_spolki_osobowej_%E2%80%93_kiedy_grozi_rozwiazaniem_spolki\" >\u015amier\u0107 wsp\u00f3lnika sp\u00f3\u0142ki osobowej &#8211; kiedy grozi rozwi\u0105zaniem sp\u00f3\u0142ki?&nbsp;<\/a><ul class='ez-toc-list-level-3' ><li class='ez-toc-heading-level-3'><a class=\"ez-toc-link ez-toc-heading-2\" href=\"https:\/\/pragmatiq.pl\/mniejszosciowi\/sukcesja-po-smierci-wspolnika-spolki\/#Smierc_wspolnika_spolki_jawnej\" >\u015amier\u0107 wsp\u00f3lnika sp\u00f3\u0142ki jawnej<\/a><\/li><li class='ez-toc-page-1 ez-toc-heading-level-3'><a class=\"ez-toc-link ez-toc-heading-3\" href=\"https:\/\/pragmatiq.pl\/mniejszosciowi\/sukcesja-po-smierci-wspolnika-spolki\/#Smierc_wspolnika_spolki_komandytowej\" >\u015amier\u0107 wsp\u00f3lnika sp\u00f3\u0142ki komandytowej<\/a><\/li><\/ul><\/li><li class='ez-toc-page-1 ez-toc-heading-level-2'><a class=\"ez-toc-link ez-toc-heading-4\" href=\"https:\/\/pragmatiq.pl\/mniejszosciowi\/sukcesja-po-smierci-wspolnika-spolki\/#Jak_uregulowac_sukcesje_w_umowie_spolki\" >Jak uregulowa\u0107 sukcesj\u0119 w umowie sp\u00f3\u0142ki?<\/a><\/li><li class='ez-toc-page-1 ez-toc-heading-level-2'><a class=\"ez-toc-link ez-toc-heading-5\" href=\"https:\/\/pragmatiq.pl\/mniejszosciowi\/sukcesja-po-smierci-wspolnika-spolki\/#Dziedziczenie_udzialow_zmarlego_wspolnika_spolki_z_oo\" >Dziedziczenie udzia\u0142\u00f3w zmar\u0142ego wsp\u00f3lnika sp\u00f3\u0142ki z o.o.<\/a><ul class='ez-toc-list-level-3' ><li class='ez-toc-heading-level-3'><a class=\"ez-toc-link ez-toc-heading-6\" href=\"https:\/\/pragmatiq.pl\/mniejszosciowi\/sukcesja-po-smierci-wspolnika-spolki\/#Czy_umowa_spolki_z_oo_moze_ograniczyc_wstapienie_spadkobiercow_do_spolki\" >Czy umowa sp\u00f3\u0142ki z o.o. mo\u017ce ograniczy\u0107 wst\u0105pienie spadkobierc\u00f3w do sp\u00f3\u0142ki?<\/a><\/li><\/ul><\/li><li class='ez-toc-page-1 ez-toc-heading-level-2'><a class=\"ez-toc-link ez-toc-heading-7\" href=\"https:\/\/pragmatiq.pl\/mniejszosciowi\/sukcesja-po-smierci-wspolnika-spolki\/#Spadkobiercy_zmarlego_wspolnika_a_wspolny_przedstawiciel\" >Spadkobiercy zmar\u0142ego wsp\u00f3lnika a wsp\u00f3lny przedstawiciel<\/a><ul class='ez-toc-list-level-3' ><li class='ez-toc-heading-level-3'><a class=\"ez-toc-link ez-toc-heading-8\" href=\"https:\/\/pragmatiq.pl\/mniejszosciowi\/sukcesja-po-smierci-wspolnika-spolki\/#Konflikt_spadkobiercow_a_kworum_na_zgromadzeniu_wspolnikow\" >Konflikt spadkobierc\u00f3w a kworum na zgromadzeniu wsp\u00f3lnik\u00f3w<\/a><\/li><\/ul><\/li><li class='ez-toc-page-1 ez-toc-heading-level-2'><a class=\"ez-toc-link ez-toc-heading-9\" href=\"https:\/\/pragmatiq.pl\/mniejszosciowi\/sukcesja-po-smierci-wspolnika-spolki\/#Jak_zabezpieczyc_spolke_na_wypadek_smierci_wspolnika\" >Jak zabezpieczy\u0107 sp\u00f3\u0142k\u0119 na wypadek \u015bmierci wsp\u00f3lnika?&nbsp;<\/a><\/li><li class='ez-toc-page-1 ez-toc-heading-level-2'><a class=\"ez-toc-link ez-toc-heading-10\" href=\"https:\/\/pragmatiq.pl\/mniejszosciowi\/sukcesja-po-smierci-wspolnika-spolki\/#A_co_w_przypadku_jednoosobowej_dzialalnosci_gospodarczej\" >A co w przypadku jednoosobowej dzia\u0142alno\u015bci gospodarczej?<\/a><\/li><li class='ez-toc-page-1 ez-toc-heading-level-2'><a class=\"ez-toc-link ez-toc-heading-11\" href=\"https:\/\/pragmatiq.pl\/mniejszosciowi\/sukcesja-po-smierci-wspolnika-spolki\/#Dobrze_przygotowana_sukcesja_chroni_spolke_i_spadkobiercow\" >Dobrze przygotowana sukcesja chroni sp\u00f3\u0142k\u0119 i spadkobierc\u00f3w&nbsp;<\/a><\/li><\/ul><\/nav><\/div>\n<h2 class=\"wp-block-heading\"><span class=\"ez-toc-section\" id=\"Smierc_wspolnika_spolki_osobowej_%E2%80%93_kiedy_grozi_rozwiazaniem_spolki\"><\/span><strong>\u015amier\u0107 wsp\u00f3lnika sp\u00f3\u0142ki osobowej &#8211; kiedy grozi rozwi\u0105zaniem sp\u00f3\u0142ki?&nbsp;<\/strong><span class=\"ez-toc-section-end\"><\/span><\/h2>\n\n\n\n<p class=\"wp-block-paragraph\">Skutki \u015bmierci wsp\u00f3lnika zale\u017c\u0105 przede wszystkim od rodzaju sp\u00f3\u0142ki oraz postanowie\u0144 jej umowy. <strong>Odpowiednio uregulowane zasady sukcesji mog\u0105 zapobiec rozwi\u0105zaniu sp\u00f3\u0142ki, sporom ze spadkobiercami i problemom w podejmowaniu decyzji.<\/strong><\/p>\n\n\n\n<h3 class=\"wp-block-heading\"><span class=\"ez-toc-section\" id=\"Smierc_wspolnika_spolki_jawnej\"><\/span><strong>\u015amier\u0107 wsp\u00f3lnika sp\u00f3\u0142ki jawnej<\/strong><span class=\"ez-toc-section-end\"><\/span><\/h3>\n\n\n\n<p class=\"wp-block-paragraph\">\u015amier\u0107 wsp\u00f3lnika sp\u00f3\u0142ki jawnej co do zasady stanowi jedn\u0105 z przes\u0142anek rozwi\u0105zania sp\u00f3\u0142ki. Wsp\u00f3lnicy mog\u0105 jednak zabezpieczy\u0107 dalsze funkcjonowanie sp\u00f3\u0142ki, wprowadzaj\u0105c do umowy sp\u00f3\u0142ki postanowienie o kontynuacji dzia\u0142alno\u015bci mimo \u015bmierci jednego z nich.<\/p>\n\n\n\n<p class=\"wp-block-paragraph\">Je\u015bli umowa sp\u00f3\u0142ki nie przewiduje takiego rozwi\u0105zania, pozostali wsp\u00f3lnicy mog\u0105 zdecydowa\u0107 o dalszym prowadzeniu dzia\u0142alno\u015bci. Je\u017celi cho\u0107by jeden z pozosta\u0142ych wsp\u00f3lnik\u00f3w nie wyrazi zgody na kontynuacj\u0119, sp\u00f3\u0142ka ulega rozwi\u0105zaniu.<\/p>\n\n\n\n<p class=\"wp-block-paragraph\"><strong>Trzeba te\u017c pami\u0119ta\u0107, \u017ce sp\u00f3\u0142ka osobowa nie mo\u017ce istnie\u0107 jako sp\u00f3\u0142ka jednoosobowa.<\/strong> Je\u017celi po \u015bmierci wsp\u00f3lnika w sp\u00f3\u0142ce pozostaje tylko jedna osoba, mo\u017ce ona wyst\u0105pi\u0107 do s\u0105du o przej\u0119cie maj\u0105tku sp\u00f3\u0142ki w celu dalszego prowadzenia dzia\u0142alno\u015bci.<\/p>\n\n\n\n<p class=\"wp-block-paragraph\">W sytuacji gdy pozostali wsp\u00f3lnicy nie zdecyduj\u0105 si\u0119 na kontynuowanie dzia\u0142alno\u015bci sp\u00f3\u0142ki, konieczne mo\u017ce by\u0107 przeprowadzenie jej likwidacji. Maj\u0105tek pozosta\u0142y po likwidacji jest w\u00f3wczas dzielony mi\u0119dzy wsp\u00f3lnik\u00f3w oraz spadkobierc\u00f3w zmar\u0142ego wsp\u00f3lnika. W sp\u00f3\u0142kach osobowych mo\u017cliwe jest r\u00f3wnie\u017c zako\u0144czenie dzia\u0142alno\u015bci bez przeprowadzania likwidacji. Takie rozwi\u0105zanie wymaga jednak zgody wsp\u00f3lnik\u00f3w i odpowiedniego ustalenia sposobu zako\u0144czenia spraw sp\u00f3\u0142ki. Wi\u0119cej na ten temat piszemy w artykule&nbsp;<strong><em><a href=\"https:\/\/www.doradzamy.to\/artykuly\/rozwiazanie-spolki-bez-przeprowadzania-likwidacji\" target=\"_blank\" rel=\"noreferrer noopener\">Rozwi\u0105zanie sp\u00f3\u0142ki bez&nbsp;przeprowadzania likwidacji<\/a><\/em><\/strong><\/p>\n\n\n\n<p class=\"wp-block-paragraph\">Warto tak\u017ce pami\u0119ta\u0107, \u017ce w przypadku sp\u00f3\u0142ki jawnej spadkobiercy zmar\u0142ego wsp\u00f3lnika mog\u0105 \u017c\u0105da\u0107 przekszta\u0142cenia sp\u00f3\u0142ki w sp\u00f3\u0142k\u0119 komandytow\u0105. Takie rozwi\u0105zanie mo\u017ce by\u0107 istotne zw\u0142aszcza wtedy, gdy spadkobiercy nie chc\u0105 ponosi\u0107 odpowiedzialno\u015bci na takich samych zasadach jak wsp\u00f3lnik sp\u00f3\u0142ki jawnej. Wi\u0119cej na ten temat piszemy w artykule&nbsp;<strong><em><a href=\"https:\/\/pragmatiq.pl\/mniejszosciowi\/przeksztalcenie-spolki-jawnej-na-zadanie-spadkobiercy\/\" target=\"_blank\" rel=\"noreferrer noopener\">Przekszta\u0142cenie sp\u00f3\u0142ki jawnej na&nbsp;\u017c\u0105danie spadkobiercy<\/a>.<\/em><\/strong><\/p>\n\n\n\n<figure class=\"wp-block-image size-large\"><a href=\"https:\/\/pragmatiq.pl\/mniejszosciowi\/#kontakty\"><img loading=\"lazy\" decoding=\"async\" width=\"1024\" height=\"480\" src=\"https:\/\/pragmatiq.pl\/mniejszosciowi\/wp-content\/uploads\/2026\/05\/spor-wspolnikow-cta-kontakt-pragmatiq-1024x480.png\" alt=\"\" class=\"wp-image-1116\" srcset=\"https:\/\/pragmatiq.pl\/mniejszosciowi\/wp-content\/uploads\/2026\/05\/spor-wspolnikow-cta-kontakt-pragmatiq-1024x480.png 1024w, https:\/\/pragmatiq.pl\/mniejszosciowi\/wp-content\/uploads\/2026\/05\/spor-wspolnikow-cta-kontakt-pragmatiq-300x141.png 300w, https:\/\/pragmatiq.pl\/mniejszosciowi\/wp-content\/uploads\/2026\/05\/spor-wspolnikow-cta-kontakt-pragmatiq-768x360.png 768w, https:\/\/pragmatiq.pl\/mniejszosciowi\/wp-content\/uploads\/2026\/05\/spor-wspolnikow-cta-kontakt-pragmatiq-1536x720.png 1536w, https:\/\/pragmatiq.pl\/mniejszosciowi\/wp-content\/uploads\/2026\/05\/spor-wspolnikow-cta-kontakt-pragmatiq.png 2048w\" sizes=\"auto, (max-width: 767px) 89vw, (max-width: 1000px) 54vw, (max-width: 1071px) 543px, 580px\" \/><\/a><\/figure>\n\n\n\n<h3 class=\"wp-block-heading\"><span class=\"ez-toc-section\" id=\"Smierc_wspolnika_spolki_komandytowej\"><\/span><strong>\u015amier\u0107 wsp\u00f3lnika sp\u00f3\u0142ki komandytowej<\/strong><span class=\"ez-toc-section-end\"><\/span><\/h3>\n\n\n\n<p class=\"wp-block-paragraph\"><strong>W sp\u00f3\u0142ce komandytowej skutki \u015bmierci wsp\u00f3lnika zale\u017c\u0105 od tego, czy zmar\u0142y by\u0142 komplementariuszem, czy komandytariuszem<\/strong>.<\/p>\n\n\n\n<p class=\"wp-block-paragraph\">\u015amier\u0107 komplementariusza co do zasady prowadzi do rozwi\u0105zania sp\u00f3\u0142ki komandytowej, chyba \u017ce umowa sp\u00f3\u0142ki przewiduje jej dalsze trwanie. Inaczej wygl\u0105da sytuacja w przypadku komandytariusza, kt\u00f3rego og\u00f3\u0142 praw i obowi\u0105zk\u00f3w co do zasady przechodzi na spadkobierc\u00f3w.<\/p>\n\n\n\n<p class=\"wp-block-paragraph\">Wi\u0119cej na temat sukcesji w sp\u00f3\u0142ce komandytowej piszemy w artykule <em><a href=\"https:\/\/www.komandytowa.pl\/sukcesja-w-spolce-komandytowej.html\">Sukcesja w sp\u00f3\u0142ce komandytowej<\/a><\/em><\/p>\n\n\n\n<h2 class=\"wp-block-heading\"><span class=\"ez-toc-section\" id=\"Jak_uregulowac_sukcesje_w_umowie_spolki\"><\/span>Jak uregulowa\u0107 sukcesj\u0119 w umowie sp\u00f3\u0142ki?<span class=\"ez-toc-section-end\"><\/span><\/h2>\n\n\n\n<p class=\"wp-block-paragraph\">Wsp\u00f3lnicy maj\u0105 du\u017c\u0105 swobod\u0119 w okre\u015blaniu zasad sukcesji w umowie sp\u00f3\u0142ki osobowej.&nbsp;<\/p>\n\n\n\n<p class=\"wp-block-paragraph\"><strong>Umowa mo\u017ce przewidywa\u0107 dalsze trwanie sp\u00f3\u0142ki mimo \u015bmierci wsp\u00f3lnika. Mo\u017ce tak\u017ce ogranicza\u0107 albo wy\u0142\u0105cza\u0107 mo\u017cliwo\u015b\u0107 wst\u0105pienia spadkobierc\u00f3w do sp\u00f3\u0142ki. <\/strong>Takie ograniczenie mo\u017ce polega\u0107 m.in. na wskazaniu konkretnej osoby uprawnionej do wej\u015bcia do sp\u00f3\u0142ki w miejsce zmar\u0142ego wsp\u00f3lnika albo na okre\u015bleniu konkretnych warunk\u00f3w, kt\u00f3re musi spe\u0142ni\u0107 przysz\u0142y wsp\u00f3lnik.<\/p>\n\n\n\n<p class=\"wp-block-paragraph\">Je\u017celi umowa sp\u00f3\u0142ki wy\u0142\u0105cza wst\u0105pienie spadkobierc\u00f3w do sp\u00f3\u0142ki, powinna jednocze\u015bnie okre\u015bla\u0107 zasady ich sp\u0142aty. W umowie sp\u00f3\u0142ki mo\u017cna wskaza\u0107 spos\u00f3b obliczenia warto\u015bci udzia\u0142u zmar\u0142ego wsp\u00f3lnika. Mo\u017cna tak\u017ce przewidzie\u0107 roz\u0142o\u017cenie p\u0142atno\u015bci w czasie, aby jednorazowa wyp\u0142ata znacznej kwoty nie zagrozi\u0142a p\u0142ynno\u015bci finansowej sp\u00f3\u0142ki.<\/p>\n\n\n\n<p class=\"wp-block-paragraph\">Dobrze przygotowana umowa sp\u00f3\u0142ki ogranicza ryzyko konfliktu mi\u0119dzy pozosta\u0142ymi wsp\u00f3lnikami a spadkobiercami. Pozwala te\u017c unikn\u0105\u0107 sytuacji, w kt\u00f3rej \u015bmier\u0107 jednego wsp\u00f3lnika prowadzi do parali\u017cu decyzyjnego albo konieczno\u015bci zako\u0144czenia dzia\u0142alno\u015bci ca\u0142ej sp\u00f3\u0142ki.<\/p>\n\n\n\n<p class=\"wp-block-paragraph\">Wi\u0119cej na ten temat piszemy w artykule <em><a href=\"https:\/\/pragmatiq.pl\/mniejszosciowi\/jak-umowy-i-statuty-wplywaja-na-dziedziczenie\/\">Jak umowy i statuty wp\u0142ywaj\u0105 na dziedziczenie?<\/a><\/em><\/p>\n\n\n\n<h2 class=\"wp-block-heading\"><span class=\"ez-toc-section\" id=\"Dziedziczenie_udzialow_zmarlego_wspolnika_spolki_z_oo\"><\/span><strong>Dziedziczenie udzia\u0142\u00f3w zmar\u0142ego wsp\u00f3lnika sp\u00f3\u0142ki z o.o.<\/strong><span class=\"ez-toc-section-end\"><\/span><\/h2>\n\n\n\n<p class=\"wp-block-paragraph\">W sp\u00f3\u0142kach kapita\u0142owych \u015bmier\u0107 wsp\u00f3lnika wywo\u0142uje inne skutki ni\u017c w przypadku sp\u00f3\u0142ek osobowych. <strong>Co do zasady nie prowadzi do rozwi\u0105zania sp\u00f3\u0142ki, chyba \u017ce umowa sp\u00f3\u0142ki stanowi inaczej<\/strong>. Kluczowe staje si\u0119 natomiast ustalenie, kto odziedziczy\u0142 udzia\u0142y zmar\u0142ego wsp\u00f3lnika i w jaki spos\u00f3b b\u0119dzie m\u00f3g\u0142 wykonywa\u0107 zwi\u0105zane z nimi prawa.<\/p>\n\n\n\n<p class=\"wp-block-paragraph\">Dziedziczenie udzia\u0142\u00f3w w sp\u00f3\u0142ce z o.o. mo\u017ce nast\u0105pi\u0107 na podstawie ustawy albo testamentu.&nbsp;Je\u015bli spadkobierc\u00f3w jest kilku, mog\u0105 oni sta\u0107 si\u0119 wsp\u00f3\u0142uprawnionymi z odziedziczonych udzia\u0142\u00f3w. Taki stan trwa zazwyczaj do chwili dzia\u0142u spadku. W praktyce mo\u017ce to powodowa\u0107 problemy, zw\u0142aszcza gdy spadkobiercy nie s\u0105 zgodni co do tego, jak wykonywa\u0107 prawa z udzia\u0142\u00f3w albo kto powinien reprezentowa\u0107 ich wobec sp\u00f3\u0142ki.<\/p>\n\n\n\n<h3 class=\"wp-block-heading\"><span class=\"ez-toc-section\" id=\"Czy_umowa_spolki_z_oo_moze_ograniczyc_wstapienie_spadkobiercow_do_spolki\"><\/span>Czy umowa sp\u00f3\u0142ki z o.o. mo\u017ce ograniczy\u0107 wst\u0105pienie spadkobierc\u00f3w do sp\u00f3\u0142ki?<span class=\"ez-toc-section-end\"><\/span><\/h3>\n\n\n\n<p class=\"wp-block-paragraph\">Umowa sp\u00f3\u0142ki z o.o. mo\u017ce ograniczy\u0107 albo wy\u0142\u0105czy\u0107 wst\u0105pienie spadkobierc\u00f3w zmar\u0142ego wsp\u00f3lnika do sp\u00f3\u0142ki. Je\u017celi umowa przewiduje takie ograniczenie lub wy\u0142\u0105czenie, powinna jednocze\u015bnie okre\u015bla\u0107 zasady sp\u0142aty spadkobierc\u00f3w.<\/p>\n\n\n\n<p class=\"wp-block-paragraph\">Ograniczenie mo\u017cliwo\u015bci wst\u0105pienia spadkobierc\u00f3w do sp\u00f3\u0142ki mo\u017ce polega\u0107 na przyk\u0142ad na zastrze\u017ceniu, \u017ce udzia\u0142y mog\u0105 przej\u015b\u0107 wy\u0142\u0105cznie na dotychczasowych wsp\u00f3lnik\u00f3w albo na osoby spe\u0142niaj\u0105ce okre\u015blone kryteria.&nbsp;<\/p>\n\n\n\n<figure class=\"wp-block-image size-large\"><img loading=\"lazy\" decoding=\"async\" width=\"1024\" height=\"640\" src=\"https:\/\/pragmatiq.pl\/mniejszosciowi\/wp-content\/uploads\/2025\/02\/Dziedziczenie-udzialow-zmarlego-wspolnika-spolki-z-o.o-1024x640.avif\" alt=\"\" class=\"wp-image-1138\" srcset=\"https:\/\/pragmatiq.pl\/mniejszosciowi\/wp-content\/uploads\/2025\/02\/Dziedziczenie-udzialow-zmarlego-wspolnika-spolki-z-o.o-1024x640.avif 1024w, https:\/\/pragmatiq.pl\/mniejszosciowi\/wp-content\/uploads\/2025\/02\/Dziedziczenie-udzialow-zmarlego-wspolnika-spolki-z-o.o-300x188.avif 300w, https:\/\/pragmatiq.pl\/mniejszosciowi\/wp-content\/uploads\/2025\/02\/Dziedziczenie-udzialow-zmarlego-wspolnika-spolki-z-o.o-768x480.avif 768w, https:\/\/pragmatiq.pl\/mniejszosciowi\/wp-content\/uploads\/2025\/02\/Dziedziczenie-udzialow-zmarlego-wspolnika-spolki-z-o.o.avif 1440w\" sizes=\"auto, (max-width: 767px) 89vw, (max-width: 1000px) 54vw, (max-width: 1071px) 543px, 580px\" \/><\/figure>\n\n\n\n<h2 class=\"wp-block-heading\"><span class=\"ez-toc-section\" id=\"Spadkobiercy_zmarlego_wspolnika_a_wspolny_przedstawiciel\"><\/span>Spadkobiercy zmar\u0142ego wsp\u00f3lnika a wsp\u00f3lny przedstawiciel<span class=\"ez-toc-section-end\"><\/span><\/h2>\n\n\n\n<p class=\"wp-block-paragraph\">Je\u017celi kilka os\u00f3b dziedziczy udzia\u0142y w sp\u00f3\u0142ce z o.o. albo og\u00f3\u0142 praw i obowi\u0105zk\u00f3w w sp\u00f3\u0142ce osobowej, konieczne jest wykonywanie praw spadkobierc\u00f3w przez wsp\u00f3lnego przedstawiciela. W sp\u00f3\u0142kach kapita\u0142owych wsp\u00f3lnym przedstawicielem mo\u017ce by\u0107 zar\u00f3wno jeden ze spadkobierc\u00f3w, jak i osoba trzecia. W sp\u00f3\u0142kach osobowych kwestia ta budzi wi\u0119cej w\u0105tpliwo\u015bci, ale co do zasady przyjmuje si\u0119, \u017ce przedstawicielem powinna by\u0107 osoba nale\u017c\u0105ca do kr\u0119gu spadkobierc\u00f3w.<\/p>\n\n\n\n<p class=\"wp-block-paragraph\"><strong>Problem pojawia si\u0119 wtedy, gdy spadkobiercy nie s\u0105 w stanie zgodnie wybra\u0107 wsp\u00f3lnego przedstawiciela.<\/strong> W takiej sytuacji wykonywanie praw z odziedziczonych udzia\u0142\u00f3w albo og\u00f3\u0142u praw i obowi\u0105zk\u00f3w mo\u017ce zosta\u0107 zablokowane. Ryzyko z tym zwi\u0105zane dotyczy nie tylko samych spadkobierc\u00f3w, kt\u00f3rzy nie mog\u0105 korzysta\u0107 ze swoich uprawnie\u0144, ale tak\u017ce pozosta\u0142ych wsp\u00f3lnik\u00f3w i ca\u0142ej sp\u00f3\u0142ki.<\/p>\n\n\n\n<p class=\"wp-block-paragraph\">Wi\u0119cej na temat wykonywania praw przez wsp\u00f3lnego przedstawiciela spadkobierc\u00f3w przeczytasz w naszym artykule: <strong><em><a href=\"https:\/\/pragmatiq.pl\/mniejszosciowi\/wspolny-przedstawiciel-spadkobiercow-czyli-jak-spadkobiercy-zmarlego-wspolnika-wykonuja-prawa-w-spolce\/\" target=\"_blank\" rel=\"noreferrer noopener\">Wsp\u00f3lny przedstawiciel spadkobierc\u00f3w \u2013 czyli jak spadkobiercy zmar\u0142ego wsp\u00f3lnika wykonuj\u0105 prawa w&nbsp;sp\u00f3\u0142ce<\/a><\/em><\/strong>.<\/p>\n\n\n\n<h3 class=\"wp-block-heading\"><span class=\"ez-toc-section\" id=\"Konflikt_spadkobiercow_a_kworum_na_zgromadzeniu_wspolnikow\"><\/span>Konflikt spadkobierc\u00f3w a kworum na zgromadzeniu wsp\u00f3lnik\u00f3w<span class=\"ez-toc-section-end\"><\/span><\/h3>\n\n\n\n<p class=\"wp-block-paragraph\">Problem z wyborem wsp\u00f3lnego przedstawiciela mo\u017ce mie\u0107 szczeg\u00f3lne znaczenie wtedy, gdy umowa sp\u00f3\u0142ki przewiduje wym\u00f3g uzyskania kworum na zgromadzeniu wsp\u00f3lnik\u00f3w. Kworum oznacza, \u017ce do skutecznego podejmowania uchwa\u0142 konieczna jest obecno\u015b\u0107 wsp\u00f3lnik\u00f3w reprezentuj\u0105cych okre\u015blon\u0105 cz\u0119\u015b\u0107 kapita\u0142u zak\u0142adowego.<\/p>\n\n\n\n<p class=\"wp-block-paragraph\">Je\u017celi udzia\u0142y po zmar\u0142ym wsp\u00f3lniku przypadaj\u0105 kilku spadkobiercom, ale nie wyznacz\u0105 oni wsp\u00f3lnego przedstawiciela, ich udzia\u0142y nie b\u0119d\u0105 mog\u0142y by\u0107 skutecznie reprezentowane na zgromadzeniu wsp\u00f3lnik\u00f3w. W konsekwencji nie zostanie osi\u0105gni\u0119te wymagane kworum, a podejmowanie uchwa\u0142 stanie si\u0119 niemo\u017cliwe.<\/p>\n\n\n\n<p class=\"wp-block-paragraph\">Przyk\u0142ad:&nbsp;<\/p>\n\n\n\n<p class=\"wp-block-paragraph\"><em>Jan Kowalski i Anna Kowalska odziedziczyli 50 udzia\u0142\u00f3w w sp\u00f3\u0142ce XYZ sp. z o.o. po zmar\u0142ym wsp\u00f3lniku Jakubie Kowalskim. Kapita\u0142 zak\u0142adowy sp\u00f3\u0142ki dzieli si\u0119 na 100 udzia\u0142\u00f3w, z czego pozosta\u0142e 50 udzia\u0142\u00f3w przys\u0142uguje Karolinie Kruk.<\/em>&nbsp;<\/p>\n\n\n\n<p class=\"wp-block-paragraph\"><em>Jan Kowalski i&nbsp;Anna Kowalska nie&nbsp;s\u0105&nbsp;w&nbsp;stanie doj\u015b\u0107 do&nbsp;porozumienia co&nbsp;do&nbsp;wyboru wsp\u00f3lnego przedstawiciela. Nie&nbsp;mog\u0105 tym samym wykonywa\u0107 prawa g\u0142osu z&nbsp;przys\u0142uguj\u0105cych im&nbsp;udzia\u0142\u00f3w.<\/em>&nbsp;<\/p>\n\n\n\n<p class=\"wp-block-paragraph\"><em>Umowa sp\u00f3\u0142ki wskazuje, \u017ce&nbsp;do&nbsp;podejmowania uchwa\u0142 przez&nbsp;zgromadzenie wymagana jest obecno\u015b\u0107 wsp\u00f3lnik\u00f3w reprezentuj\u0105cych co&nbsp;najmniej 65% kapita\u0142u zak\u0142adowego. Bez&nbsp;udzia\u0142u spadkobierc\u00f3w na&nbsp;zgromadzeniu reprezentowane jest jedynie 50% kapita\u0142u.<\/em>&nbsp;<em>Zatem<\/em>&nbsp;<em>dop\u00f3ki spadkobiercy nie&nbsp;wyznacz\u0105 wsp\u00f3lnego przedstawiciela, zgromadzenie wsp\u00f3lnik\u00f3w nie&nbsp;mo\u017ce podejmowa\u0107 uchwa\u0142.<\/em>&nbsp;<\/p>\n\n\n\n<p class=\"wp-block-paragraph\">Taka sytuacja mo\u017ce mie\u0107 powa\u017cne skutki dla dzia\u0142ania sp\u00f3\u0142ki. Brak kworum mo\u017ce uniemo\u017cliwi\u0107 m.in. zatwierdzenie sprawozdania finansowego, powo\u0142anie cz\u0142onk\u00f3w zarz\u0105du albo podj\u0119cie innych istotnych decyzji korporacyjnych. W praktyce konflikt mi\u0119dzy spadkobiercami mo\u017ce wi\u0119c prze\u0142o\u017cy\u0107 si\u0119 na parali\u017c decyzyjny ca\u0142ej sp\u00f3\u0142ki.<\/p>\n\n\n\n<p class=\"wp-block-paragraph\">Nie ka\u017cda umowa sp\u00f3\u0142ki przewiduje jednak wym\u00f3g kworum. Je\u017celi takiego postanowienia nie ma, brak wsp\u00f3lnego przedstawiciela spadkobierc\u00f3w nie musi blokowa\u0107 podejmowania uchwa\u0142. Pozostali wsp\u00f3lnicy, kt\u00f3rych udzia\u0142y s\u0105 prawid\u0142owo reprezentowane na zgromadzeniu, mog\u0105 co do zasady podejmowa\u0107 uchwa\u0142y bez udzia\u0142u spadkobierc\u00f3w zmar\u0142ego wsp\u00f3lnika. Dla spadkobierc\u00f3w mo\u017ce to by\u0107 niekorzystne, poniewa\u017c do czasu wyznaczenia wsp\u00f3lnego przedstawiciela mog\u0105 nie mie\u0107 realnego wp\u0142ywu na decyzje podejmowane w sp\u00f3\u0142ce.<\/p>\n\n\n\n<p class=\"wp-block-paragraph\"><strong><em>\u015amier\u0107 wsp\u00f3lnika mo\u017ce sta\u0107 si\u0119 pocz\u0105tkiem powa\u017cnego konfliktu w sp\u00f3\u0142ce. W poni\u017cszym materiale pokazujemy, jak rozwijaj\u0105 si\u0119 spory mi\u0119dzy wsp\u00f3lnikami, jakie sygna\u0142y powinny zwr\u00f3ci\u0107 uwag\u0119 oraz dlaczego warto zawczasu zadba\u0107 o rozwi\u0105zania, kt\u00f3re ogranicz\u0105 ryzyko parali\u017cu firmy i utraty jej warto\u015bci.<\/em><\/strong><\/p>\n\n\n\n<figure class=\"wp-block-embed is-type-video is-provider-youtube wp-block-embed-youtube wp-embed-aspect-16-9 wp-has-aspect-ratio\"><div class=\"wp-block-embed__wrapper\">\n<iframe loading=\"lazy\" title=\"Konflikt wsp\u00f3lnik\u00f3w w sp\u00f3\u0142ce \u2013 jak chroni\u0107 firm\u0119 i swoje prawa?\" width=\"525\" height=\"295\" src=\"https:\/\/www.youtube.com\/embed\/2qINuWMIAPg?feature=oembed&#038;enablejsapi=1&#038;origin=https:\/\/pragmatiq.pl\" frameborder=\"0\" allow=\"accelerometer; autoplay; clipboard-write; encrypted-media; gyroscope; picture-in-picture; web-share\" referrerpolicy=\"strict-origin-when-cross-origin\" allowfullscreen><\/iframe>\n<\/div><\/figure>\n\n\n\n<h2 class=\"wp-block-heading\"><span class=\"ez-toc-section\" id=\"Jak_zabezpieczyc_spolke_na_wypadek_smierci_wspolnika\"><\/span><strong>Jak zabezpieczy\u0107 sp\u00f3\u0142k\u0119 na wypadek \u015bmierci wsp\u00f3lnika?&nbsp;<\/strong><span class=\"ez-toc-section-end\"><\/span><\/h2>\n\n\n\n<p class=\"wp-block-paragraph\"><strong>Aby ograniczy\u0107 ryzyko konfliktu po \u015bmierci wsp\u00f3lnika, warto wcze\u015bniej wprowadzi\u0107 mechanizmy zabezpieczaj\u0105ce zar\u00f3wno sp\u00f3\u0142k\u0119, jak i spadkobierc\u00f3w.<\/strong> Kluczowe znaczenie ma nie tylko odpowiednia tre\u015b\u0107 umowy sp\u00f3\u0142ki, ale tak\u017ce zaplanowanie dziedziczenia udzia\u0142\u00f3w albo og\u00f3\u0142u praw i obowi\u0105zk\u00f3w wsp\u00f3lnika.<\/p>\n\n\n\n<p class=\"wp-block-paragraph\">Jednym z rozwi\u0105za\u0144 mo\u017ce by\u0107 zapis windykacyjny. W testamencie wsp\u00f3lnik mo\u017ce wskaza\u0107, \u017ce udzia\u0142y w sp\u00f3\u0142ce z o.o. przypadn\u0105 po jego \u015bmierci konkretnej osobie. Pozwala to precyzyjnie okre\u015bli\u0107, kto ma przej\u0105\u0107 udzia\u0142y, zamiast pozostawia\u0107 t\u0119 kwesti\u0119 og\u00f3lnym zasadom dziedziczenia.<\/p>\n\n\n\n<p class=\"wp-block-paragraph\">Takie rozwi\u0105zanie mo\u017ce ograniczy\u0107 ryzyko powstania wsp\u00f3\u0142w\u0142asno\u015bci udzia\u0142\u00f3w mi\u0119dzy kilkoma spadkobiercami. <strong>Je\u017celi udzia\u0142y zostan\u0105 przypisane konkretnym osobom w okre\u015blonej liczbie, \u0142atwiej unikn\u0105\u0107 sporu o to, kto i w jakim zakresie ma wykonywa\u0107 prawa udzia\u0142owe.<\/strong><\/p>\n\n\n\n<p class=\"wp-block-paragraph\">Przedmiotem zapisu windykacyjnego mo\u017ce by\u0107 r\u00f3wnie\u017c og\u00f3\u0142 praw i obowi\u0105zk\u00f3w wsp\u00f3lnika sp\u00f3\u0142ki osobowej. Takie rozwi\u0105zanie, podobnie jak w przypadku udzia\u0142\u00f3w w sp\u00f3\u0142ce z o.o., mo\u017ce zmniejszy\u0107 ryzyko parali\u017cu decyzyjnego oraz konfliktu po \u015bmierci wsp\u00f3lnika. Wi\u0119cej na ten temat przeczytasz w naszym artykule <strong><em><a href=\"https:\/\/pragmatiq.pl\/mniejszosciowi\/smierc-wspolnika-spolki-osobowej-skutki-dla-spolki\/\" target=\"_blank\" rel=\"noreferrer noopener\">\u015amier\u0107 wsp\u00f3lnika sp\u00f3\u0142ki osobowej \u2013 skutki dla sp\u00f3\u0142ki.<\/a><\/em><\/strong><\/p>\n\n\n\n<h2 class=\"wp-block-heading\"><span class=\"ez-toc-section\" id=\"A_co_w_przypadku_jednoosobowej_dzialalnosci_gospodarczej\"><\/span>A co w przypadku jednoosobowej dzia\u0142alno\u015bci gospodarczej?<span class=\"ez-toc-section-end\"><\/span><\/h2>\n\n\n\n<p class=\"wp-block-paragraph\">Inaczej wygl\u0105da sytuacja, gdy zmar\u0142y nie by\u0142 wsp\u00f3lnikiem sp\u00f3\u0142ki, ale prowadzi\u0142 jednoosobow\u0105 dzia\u0142alno\u015b\u0107 gospodarcz\u0105. W takim przypadku zastosowanie mog\u0105 mie\u0107 przepisy o zarz\u0105dzie sukcesyjnym, kt\u00f3re pozwalaj\u0105 na czasowe dalsze prowadzenie przedsi\u0119biorstwa po \u015bmierci przedsi\u0119biorcy.<\/p>\n\n\n\n<p class=\"wp-block-paragraph\">Zarz\u0105dc\u0119 sukcesyjnego mo\u017ce powo\u0142a\u0107 sam przedsi\u0119biorca jeszcze za \u017cycia. Je\u017celi tego nie zrobi, w okre\u015blonych przypadkach zarz\u0105dca mo\u017ce zosta\u0107 powo\u0142any ju\u017c po jego \u015bmierci przez uprawnione osoby, m.in. spadkobierc\u00f3w lub zapisobierc\u00f3w.<\/p>\n\n\n\n<p class=\"wp-block-paragraph\"><strong>Od \u015bmierci przedsi\u0119biorcy do czasu wyga\u015bni\u0119cia zarz\u0105du przedsi\u0119biorstwo dzia\u0142a jako przedsi\u0119biorstwo w spadku.<\/strong> Zarz\u0105dca sukcesyjny wykonuje prawa i obowi\u0105zki zwi\u0105zane z prowadzeniem przedsi\u0119biorstwa oraz jest zobowi\u0105zany do rozliczania si\u0119 z w\u0142a\u015bcicielami przedsi\u0119biorstwa w spadku.<\/p>\n\n\n\n<p class=\"wp-block-paragraph\">Wi\u0119cej na temat przedsi\u0119biorstwa w spadku oraz zarz\u0105dcy sukcesyjnego przeczytasz w naszym artykule: <strong><em><a href=\"https:\/\/pragmatiq.pl\/zmianawarty\/zarzad-sukcesyjny-najwazniejsze-informacje\/\" target=\"_blank\" rel=\"noreferrer noopener\">Zarz\u0105d sukcesyjny \u2013 najwa\u017cniejsze informacje!<\/a><\/em><\/strong><\/p>\n\n\n\n<h2 class=\"wp-block-heading\"><span class=\"ez-toc-section\" id=\"Dobrze_przygotowana_sukcesja_chroni_spolke_i_spadkobiercow\"><\/span><strong>Dobrze przygotowana sukcesja chroni sp\u00f3\u0142k\u0119 i spadkobierc\u00f3w&nbsp;<\/strong><span class=\"ez-toc-section-end\"><\/span><\/h2>\n\n\n\n<p class=\"wp-block-paragraph\">Brak zaplanowania sukcesji mo\u017ce mie\u0107 powa\u017cne skutki dla sp\u00f3\u0142ki, pozosta\u0142ych wsp\u00f3lnik\u00f3w i spadkobierc\u00f3w. <strong>W wielu przypadkach same przepisy ustawy lub standardowe postanowienia umowy sp\u00f3\u0142ki nie wystarcz\u0105, aby zapewni\u0107 ci\u0105g\u0142o\u015b\u0107 dzia\u0142ania firmy i unikn\u0105\u0107 spor\u00f3w.<\/strong><\/p>\n\n\n\n<p class=\"wp-block-paragraph\">Brak odpowiednich regulacji mo\u017ce prowadzi\u0107 do konfliktu mi\u0119dzy spadkobiercami, parali\u017cu decyzyjnego albo wej\u015bcia do sp\u00f3\u0142ki os\u00f3b, kt\u00f3re nie maj\u0105 wiedzy, do\u015bwiadczenia lub woli uczestniczenia w jej prowadzeniu. Szczeg\u00f3lne znaczenie ma wi\u0119c wcze\u015bniejsze ustalenie, co stanie si\u0119 z udzia\u0142ami albo og\u00f3\u0142em praw i obowi\u0105zk\u00f3w zmar\u0142ego wsp\u00f3lnika.<\/p>\n\n\n\n<p class=\"wp-block-paragraph\">W praktyce warto zadba\u0107 przede wszystkim o odpowiednie postanowienia umowy sp\u00f3\u0142ki, zasady rozliczenia ze spadkobiercami, ewentualne ograniczenia wst\u0105pienia spadkobierc\u00f3w do sp\u00f3\u0142ki oraz dobrze przygotowany testament. Dopiero po\u0142\u0105czenie tych rozwi\u0105za\u0144 pozwala realnie ograniczy\u0107 ryzyko konfliktu i zabezpieczy\u0107 dalsze funkcjonowanie sp\u00f3\u0142ki.<\/p>\n\n\n\n<p class=\"wp-block-paragraph\">Je\u015bli chcesz zabezpieczy\u0107 sp\u00f3\u0142k\u0119 na wypadek \u015bmierci wsp\u00f3lnika i ograniczy\u0107 ryzyko konfliktu spadkobierc\u00f3w, skontaktuj si\u0119 ze specjalistami Kancelarii PragmatIQ. Pomo\u017cemy Ci dobra\u0107 rozwi\u0105zania z zakresu prawa spadkowego i prawa sp\u00f3\u0142ek do konkretnej sytuacji Twojej firmy.<\/p>\n\n\n\n<p class=\"wp-block-paragraph\"><br><a href=\"https:\/\/www.linkedin.com\/in\/martyna-kunke-5a294392\/\" data-type=\"link\" data-id=\"https:\/\/www.linkedin.com\/in\/martyna-kunke-5a294392\/\">Martyna Kunke<\/a><br>Specjalizuje si\u0119 w rozwi\u0105zywaniu spor\u00f3w wsp\u00f3lnik\u00f3w, transakcjach M&amp;A oraz reorganizacjach sp\u00f3\u0142ek, obejmuj\u0105cych przekszta\u0142cenia, po\u0142\u0105czenia, podzia\u0142y i aporty. Doradza tak\u017ce przy przygotowywaniu porozumie\u0144 wsp\u00f3lnik\u00f3w oraz prawnych aspektach wsp\u00f3lnych inwestycji.\u00a0<\/p>\n","protected":false},"excerpt":{"rendered":"<p>\u0179le zaplanowana sukcesja mo\u017ce prowadzi\u0107 do spor\u00f3w mi\u0119dzy spadkobiercami i utrudni\u0107 bie\u017c\u0105ce zarz\u0105dzanie firm\u0105. Warto wi\u0119c odpowiednio wcze\u015bniej ustali\u0107, co stanie si\u0119 ze sp\u00f3\u0142k\u0105 w razie \u015bmierci wsp\u00f3lnika. Jasne zasady w tym zakresie pozwalaj\u0105 ograniczy\u0107 ryzyko konflikt\u00f3w, chroni\u0105 interesy pozosta\u0142ych wsp\u00f3lnik\u00f3w i pomagaj\u0105 zachowa\u0107 ci\u0105g\u0142o\u015b\u0107 dzia\u0142alno\u015bci sp\u00f3\u0142ki. Z tego artyku\u0142u dowiesz si\u0119: \u015amier\u0107 wsp\u00f3lnika sp\u00f3\u0142ki &hellip; <\/p>\n<p class=\"link-more\"><a href=\"https:\/\/pragmatiq.pl\/mniejszosciowi\/sukcesja-po-smierci-wspolnika-spolki\/\" class=\"more-link\">Continue reading<span class=\"screen-reader-text\"> &#8222;\u015amier\u0107 wsp\u00f3lnika sp\u00f3\u0142ki \u2013 jak chroni\u0107 firm\u0119 przed konfliktem spadkobierc\u00f3w?\u00a0&#8222;<\/span><\/a><\/p>\n","protected":false},"author":11,"featured_media":1137,"comment_status":"open","ping_status":"open","sticky":false,"template":"","format":"standard","meta":{"_acf_changed":false,"footnotes":""},"categories":[4,33],"tags":[],"class_list":["post-951","post","type-post","status-publish","format-standard","has-post-thumbnail","hentry","category-artykuly","category-spory-wspolnikow"],"acf":[],"yoast_head":"<!-- This site is optimized with the Yoast SEO plugin v28.4 - https:\/\/yoast.com\/product\/yoast-seo-wordpress\/ -->\n<title>\u015amier\u0107 wsp\u00f3lnika sp\u00f3\u0142ki \u2013 jak chroni\u0107 firm\u0119 przed konfliktem spadkobierc\u00f3w?\u00a0 | mniejszosciowi.pl<\/title>\n<meta name=\"description\" content=\"Przeczytaj nasz artyku\u0142 i dowiedz si\u0119 jak zaplanowa\u0107 sukcesj\u0119 po \u015bmierci wsp\u00f3lnika!\" \/>\n<meta name=\"robots\" content=\"index, follow, max-snippet:-1, max-image-preview:large, max-video-preview:-1\" \/>\n<link rel=\"canonical\" href=\"https:\/\/pragmatiq.pl\/mniejszosciowi\/sukcesja-po-smierci-wspolnika-spolki\/\" \/>\n<meta property=\"og:locale\" content=\"pl_PL\" \/>\n<meta property=\"og:type\" content=\"article\" \/>\n<meta property=\"og:title\" content=\"\u015amier\u0107 wsp\u00f3lnika sp\u00f3\u0142ki \u2013 jak chroni\u0107 firm\u0119 przed konfliktem spadkobierc\u00f3w?\u00a0 | mniejszosciowi.pl\" \/>\n<meta property=\"og:description\" content=\"Przeczytaj nasz artyku\u0142 i dowiedz si\u0119 jak zaplanowa\u0107 sukcesj\u0119 po \u015bmierci wsp\u00f3lnika!\" \/>\n<meta property=\"og:url\" content=\"https:\/\/pragmatiq.pl\/mniejszosciowi\/sukcesja-po-smierci-wspolnika-spolki\/\" \/>\n<meta property=\"og:site_name\" content=\"Mniejszo\u015bciowi\" \/>\n<meta property=\"article:published_time\" content=\"2026-07-09T08:51:42+00:00\" \/>\n<meta property=\"article:modified_time\" content=\"2026-08-13T11:29:31+00:00\" \/>\n<meta property=\"og:image\" content=\"https:\/\/pragmatiq.pl\/mniejszosciowi\/wp-content\/uploads\/2025\/02\/Smierc-wspolnika-spolki-jak-chronic-firme-przed-konfliktem-spadkobiercow-1-4.jpg\" \/>\n\t<meta property=\"og:image:width\" content=\"2000\" \/>\n\t<meta property=\"og:image:height\" content=\"625\" \/>\n\t<meta property=\"og:image:type\" content=\"image\/jpeg\" \/>\n<meta name=\"author\" content=\"magda\" \/>\n<meta name=\"twitter:card\" content=\"summary_large_image\" \/>\n<meta name=\"twitter:label1\" content=\"Napisane przez\" \/>\n\t<meta name=\"twitter:data1\" content=\"magda\" \/>\n\t<meta name=\"twitter:label2\" content=\"Szacowany czas czytania\" \/>\n\t<meta name=\"twitter:data2\" content=\"11 minut\" \/>\n<script type=\"application\/ld+json\" class=\"yoast-schema-graph\">{\"@context\":\"https:\\\/\\\/schema.org\",\"@graph\":[{\"@type\":\"Article\",\"@id\":\"https:\\\/\\\/pragmatiq.pl\\\/mniejszosciowi\\\/sukcesja-po-smierci-wspolnika-spolki\\\/#article\",\"isPartOf\":{\"@id\":\"https:\\\/\\\/pragmatiq.pl\\\/mniejszosciowi\\\/sukcesja-po-smierci-wspolnika-spolki\\\/\"},\"author\":{\"name\":\"magda\",\"@id\":\"https:\\\/\\\/pragmatiq.pl\\\/mniejszosciowi\\\/#\\\/schema\\\/person\\\/ce906c20de720157b60733e123391613\"},\"headline\":\"\u015amier\u0107 wsp\u00f3lnika sp\u00f3\u0142ki \u2013 jak chroni\u0107 firm\u0119 przed konfliktem spadkobierc\u00f3w?\u00a0\",\"datePublished\":\"2026-07-09T08:51:42+00:00\",\"dateModified\":\"2026-08-13T11:29:31+00:00\",\"mainEntityOfPage\":{\"@id\":\"https:\\\/\\\/pragmatiq.pl\\\/mniejszosciowi\\\/sukcesja-po-smierci-wspolnika-spolki\\\/\"},\"wordCount\":2370,\"commentCount\":0,\"publisher\":{\"@id\":\"https:\\\/\\\/pragmatiq.pl\\\/mniejszosciowi\\\/#organization\"},\"image\":{\"@id\":\"https:\\\/\\\/pragmatiq.pl\\\/mniejszosciowi\\\/sukcesja-po-smierci-wspolnika-spolki\\\/#primaryimage\"},\"thumbnailUrl\":\"https:\\\/\\\/pragmatiq.pl\\\/mniejszosciowi\\\/wp-content\\\/uploads\\\/2025\\\/02\\\/Smierc-wspolnika-spolki-jak-chronic-firme-przed-konfliktem-spadkobiercow-1-4.jpg\",\"articleSection\":[\"Artyku\u0142y\",\"Spory wsp\u00f3lnik\u00f3w\"],\"inLanguage\":\"pl-PL\",\"potentialAction\":[{\"@type\":\"CommentAction\",\"name\":\"Comment\",\"target\":[\"https:\\\/\\\/pragmatiq.pl\\\/mniejszosciowi\\\/sukcesja-po-smierci-wspolnika-spolki\\\/#respond\"]}]},{\"@type\":\"WebPage\",\"@id\":\"https:\\\/\\\/pragmatiq.pl\\\/mniejszosciowi\\\/sukcesja-po-smierci-wspolnika-spolki\\\/\",\"url\":\"https:\\\/\\\/pragmatiq.pl\\\/mniejszosciowi\\\/sukcesja-po-smierci-wspolnika-spolki\\\/\",\"name\":\"\u015amier\u0107 wsp\u00f3lnika sp\u00f3\u0142ki \u2013 jak chroni\u0107 firm\u0119 przed konfliktem spadkobierc\u00f3w?\u00a0 | mniejszosciowi.pl\",\"isPartOf\":{\"@id\":\"https:\\\/\\\/pragmatiq.pl\\\/mniejszosciowi\\\/#website\"},\"primaryImageOfPage\":{\"@id\":\"https:\\\/\\\/pragmatiq.pl\\\/mniejszosciowi\\\/sukcesja-po-smierci-wspolnika-spolki\\\/#primaryimage\"},\"image\":{\"@id\":\"https:\\\/\\\/pragmatiq.pl\\\/mniejszosciowi\\\/sukcesja-po-smierci-wspolnika-spolki\\\/#primaryimage\"},\"thumbnailUrl\":\"https:\\\/\\\/pragmatiq.pl\\\/mniejszosciowi\\\/wp-content\\\/uploads\\\/2025\\\/02\\\/Smierc-wspolnika-spolki-jak-chronic-firme-przed-konfliktem-spadkobiercow-1-4.jpg\",\"datePublished\":\"2026-07-09T08:51:42+00:00\",\"dateModified\":\"2026-08-13T11:29:31+00:00\",\"description\":\"Przeczytaj nasz artyku\u0142 i dowiedz si\u0119 jak zaplanowa\u0107 sukcesj\u0119 po \u015bmierci wsp\u00f3lnika!\",\"breadcrumb\":{\"@id\":\"https:\\\/\\\/pragmatiq.pl\\\/mniejszosciowi\\\/sukcesja-po-smierci-wspolnika-spolki\\\/#breadcrumb\"},\"inLanguage\":\"pl-PL\",\"potentialAction\":[{\"@type\":\"ReadAction\",\"target\":[\"https:\\\/\\\/pragmatiq.pl\\\/mniejszosciowi\\\/sukcesja-po-smierci-wspolnika-spolki\\\/\"]}]},{\"@type\":\"ImageObject\",\"inLanguage\":\"pl-PL\",\"@id\":\"https:\\\/\\\/pragmatiq.pl\\\/mniejszosciowi\\\/sukcesja-po-smierci-wspolnika-spolki\\\/#primaryimage\",\"url\":\"https:\\\/\\\/pragmatiq.pl\\\/mniejszosciowi\\\/wp-content\\\/uploads\\\/2025\\\/02\\\/Smierc-wspolnika-spolki-jak-chronic-firme-przed-konfliktem-spadkobiercow-1-4.jpg\",\"contentUrl\":\"https:\\\/\\\/pragmatiq.pl\\\/mniejszosciowi\\\/wp-content\\\/uploads\\\/2025\\\/02\\\/Smierc-wspolnika-spolki-jak-chronic-firme-przed-konfliktem-spadkobiercow-1-4.jpg\",\"width\":2000,\"height\":625},{\"@type\":\"BreadcrumbList\",\"@id\":\"https:\\\/\\\/pragmatiq.pl\\\/mniejszosciowi\\\/sukcesja-po-smierci-wspolnika-spolki\\\/#breadcrumb\",\"itemListElement\":[{\"@type\":\"ListItem\",\"position\":1,\"name\":\"Strona g\u0142\u00f3wna\",\"item\":\"https:\\\/\\\/pragmatiq.pl\\\/mniejszosciowi\\\/\"},{\"@type\":\"ListItem\",\"position\":2,\"name\":\"\u015amier\u0107 wsp\u00f3lnika sp\u00f3\u0142ki \u2013 jak chroni\u0107 firm\u0119 przed konfliktem spadkobierc\u00f3w?\u00a0\"}]},{\"@type\":\"WebSite\",\"@id\":\"https:\\\/\\\/pragmatiq.pl\\\/mniejszosciowi\\\/#website\",\"url\":\"https:\\\/\\\/pragmatiq.pl\\\/mniejszosciowi\\\/\",\"name\":\"Mniejszo\u015bciowi\",\"description\":\"\",\"publisher\":{\"@id\":\"https:\\\/\\\/pragmatiq.pl\\\/mniejszosciowi\\\/#organization\"},\"potentialAction\":[{\"@type\":\"SearchAction\",\"target\":{\"@type\":\"EntryPoint\",\"urlTemplate\":\"https:\\\/\\\/pragmatiq.pl\\\/mniejszosciowi\\\/?s={search_term_string}\"},\"query-input\":{\"@type\":\"PropertyValueSpecification\",\"valueRequired\":true,\"valueName\":\"search_term_string\"}}],\"inLanguage\":\"pl-PL\"},{\"@type\":\"Organization\",\"@id\":\"https:\\\/\\\/pragmatiq.pl\\\/mniejszosciowi\\\/#organization\",\"name\":\"Mniejszo\u015bciowi\",\"url\":\"https:\\\/\\\/pragmatiq.pl\\\/mniejszosciowi\\\/\",\"logo\":{\"@type\":\"ImageObject\",\"inLanguage\":\"pl-PL\",\"@id\":\"https:\\\/\\\/pragmatiq.pl\\\/mniejszosciowi\\\/#\\\/schema\\\/logo\\\/image\\\/\",\"url\":\"https:\\\/\\\/pragmatiq.pl\\\/mniejszosciowi\\\/wp-content\\\/uploads\\\/2018\\\/05\\\/cropped-logo.png\",\"contentUrl\":\"https:\\\/\\\/pragmatiq.pl\\\/mniejszosciowi\\\/wp-content\\\/uploads\\\/2018\\\/05\\\/cropped-logo.png\",\"width\":952,\"height\":250,\"caption\":\"Mniejszo\u015bciowi\"},\"image\":{\"@id\":\"https:\\\/\\\/pragmatiq.pl\\\/mniejszosciowi\\\/#\\\/schema\\\/logo\\\/image\\\/\"}},{\"@type\":\"Person\",\"@id\":\"https:\\\/\\\/pragmatiq.pl\\\/mniejszosciowi\\\/#\\\/schema\\\/person\\\/ce906c20de720157b60733e123391613\",\"name\":\"magda\",\"image\":{\"@type\":\"ImageObject\",\"inLanguage\":\"pl-PL\",\"@id\":\"https:\\\/\\\/secure.gravatar.com\\\/avatar\\\/6d24b7dcdb2aa81c311c2677433612c2566b3bbf8d7f5abdcd807de80d5f1fdc?s=96&d=mm&r=g\",\"url\":\"https:\\\/\\\/secure.gravatar.com\\\/avatar\\\/6d24b7dcdb2aa81c311c2677433612c2566b3bbf8d7f5abdcd807de80d5f1fdc?s=96&d=mm&r=g\",\"contentUrl\":\"https:\\\/\\\/secure.gravatar.com\\\/avatar\\\/6d24b7dcdb2aa81c311c2677433612c2566b3bbf8d7f5abdcd807de80d5f1fdc?s=96&d=mm&r=g\",\"caption\":\"magda\"},\"url\":\"https:\\\/\\\/pragmatiq.pl\\\/mniejszosciowi\\\/author\\\/magda\\\/\"}]}<\/script>\n<!-- \/ Yoast SEO plugin. -->","yoast_head_json":{"title":"\u015amier\u0107 wsp\u00f3lnika sp\u00f3\u0142ki \u2013 jak chroni\u0107 firm\u0119 przed konfliktem spadkobierc\u00f3w?\u00a0 | mniejszosciowi.pl","description":"Przeczytaj nasz artyku\u0142 i dowiedz si\u0119 jak zaplanowa\u0107 sukcesj\u0119 po \u015bmierci wsp\u00f3lnika!","robots":{"index":"index","follow":"follow","max-snippet":"max-snippet:-1","max-image-preview":"max-image-preview:large","max-video-preview":"max-video-preview:-1"},"canonical":"https:\/\/pragmatiq.pl\/mniejszosciowi\/sukcesja-po-smierci-wspolnika-spolki\/","og_locale":"pl_PL","og_type":"article","og_title":"\u015amier\u0107 wsp\u00f3lnika sp\u00f3\u0142ki \u2013 jak chroni\u0107 firm\u0119 przed konfliktem spadkobierc\u00f3w?\u00a0 | mniejszosciowi.pl","og_description":"Przeczytaj nasz artyku\u0142 i dowiedz si\u0119 jak zaplanowa\u0107 sukcesj\u0119 po \u015bmierci wsp\u00f3lnika!","og_url":"https:\/\/pragmatiq.pl\/mniejszosciowi\/sukcesja-po-smierci-wspolnika-spolki\/","og_site_name":"Mniejszo\u015bciowi","article_published_time":"2026-07-09T08:51:42+00:00","article_modified_time":"2026-08-13T11:29:31+00:00","og_image":[{"width":2000,"height":625,"url":"https:\/\/pragmatiq.pl\/mniejszosciowi\/wp-content\/uploads\/2025\/02\/Smierc-wspolnika-spolki-jak-chronic-firme-przed-konfliktem-spadkobiercow-1-4.jpg","type":"image\/jpeg"}],"author":"magda","twitter_card":"summary_large_image","twitter_misc":{"Napisane przez":"magda","Szacowany czas czytania":"11 minut"},"schema":{"@context":"https:\/\/schema.org","@graph":[{"@type":"Article","@id":"https:\/\/pragmatiq.pl\/mniejszosciowi\/sukcesja-po-smierci-wspolnika-spolki\/#article","isPartOf":{"@id":"https:\/\/pragmatiq.pl\/mniejszosciowi\/sukcesja-po-smierci-wspolnika-spolki\/"},"author":{"name":"magda","@id":"https:\/\/pragmatiq.pl\/mniejszosciowi\/#\/schema\/person\/ce906c20de720157b60733e123391613"},"headline":"\u015amier\u0107 wsp\u00f3lnika sp\u00f3\u0142ki \u2013 jak chroni\u0107 firm\u0119 przed konfliktem spadkobierc\u00f3w?\u00a0","datePublished":"2026-07-09T08:51:42+00:00","dateModified":"2026-08-13T11:29:31+00:00","mainEntityOfPage":{"@id":"https:\/\/pragmatiq.pl\/mniejszosciowi\/sukcesja-po-smierci-wspolnika-spolki\/"},"wordCount":2370,"commentCount":0,"publisher":{"@id":"https:\/\/pragmatiq.pl\/mniejszosciowi\/#organization"},"image":{"@id":"https:\/\/pragmatiq.pl\/mniejszosciowi\/sukcesja-po-smierci-wspolnika-spolki\/#primaryimage"},"thumbnailUrl":"https:\/\/pragmatiq.pl\/mniejszosciowi\/wp-content\/uploads\/2025\/02\/Smierc-wspolnika-spolki-jak-chronic-firme-przed-konfliktem-spadkobiercow-1-4.jpg","articleSection":["Artyku\u0142y","Spory wsp\u00f3lnik\u00f3w"],"inLanguage":"pl-PL","potentialAction":[{"@type":"CommentAction","name":"Comment","target":["https:\/\/pragmatiq.pl\/mniejszosciowi\/sukcesja-po-smierci-wspolnika-spolki\/#respond"]}]},{"@type":"WebPage","@id":"https:\/\/pragmatiq.pl\/mniejszosciowi\/sukcesja-po-smierci-wspolnika-spolki\/","url":"https:\/\/pragmatiq.pl\/mniejszosciowi\/sukcesja-po-smierci-wspolnika-spolki\/","name":"\u015amier\u0107 wsp\u00f3lnika sp\u00f3\u0142ki \u2013 jak chroni\u0107 firm\u0119 przed konfliktem spadkobierc\u00f3w?\u00a0 | mniejszosciowi.pl","isPartOf":{"@id":"https:\/\/pragmatiq.pl\/mniejszosciowi\/#website"},"primaryImageOfPage":{"@id":"https:\/\/pragmatiq.pl\/mniejszosciowi\/sukcesja-po-smierci-wspolnika-spolki\/#primaryimage"},"image":{"@id":"https:\/\/pragmatiq.pl\/mniejszosciowi\/sukcesja-po-smierci-wspolnika-spolki\/#primaryimage"},"thumbnailUrl":"https:\/\/pragmatiq.pl\/mniejszosciowi\/wp-content\/uploads\/2025\/02\/Smierc-wspolnika-spolki-jak-chronic-firme-przed-konfliktem-spadkobiercow-1-4.jpg","datePublished":"2026-07-09T08:51:42+00:00","dateModified":"2026-08-13T11:29:31+00:00","description":"Przeczytaj nasz artyku\u0142 i dowiedz si\u0119 jak zaplanowa\u0107 sukcesj\u0119 po \u015bmierci wsp\u00f3lnika!","breadcrumb":{"@id":"https:\/\/pragmatiq.pl\/mniejszosciowi\/sukcesja-po-smierci-wspolnika-spolki\/#breadcrumb"},"inLanguage":"pl-PL","potentialAction":[{"@type":"ReadAction","target":["https:\/\/pragmatiq.pl\/mniejszosciowi\/sukcesja-po-smierci-wspolnika-spolki\/"]}]},{"@type":"ImageObject","inLanguage":"pl-PL","@id":"https:\/\/pragmatiq.pl\/mniejszosciowi\/sukcesja-po-smierci-wspolnika-spolki\/#primaryimage","url":"https:\/\/pragmatiq.pl\/mniejszosciowi\/wp-content\/uploads\/2025\/02\/Smierc-wspolnika-spolki-jak-chronic-firme-przed-konfliktem-spadkobiercow-1-4.jpg","contentUrl":"https:\/\/pragmatiq.pl\/mniejszosciowi\/wp-content\/uploads\/2025\/02\/Smierc-wspolnika-spolki-jak-chronic-firme-przed-konfliktem-spadkobiercow-1-4.jpg","width":2000,"height":625},{"@type":"BreadcrumbList","@id":"https:\/\/pragmatiq.pl\/mniejszosciowi\/sukcesja-po-smierci-wspolnika-spolki\/#breadcrumb","itemListElement":[{"@type":"ListItem","position":1,"name":"Strona g\u0142\u00f3wna","item":"https:\/\/pragmatiq.pl\/mniejszosciowi\/"},{"@type":"ListItem","position":2,"name":"\u015amier\u0107 wsp\u00f3lnika sp\u00f3\u0142ki \u2013 jak chroni\u0107 firm\u0119 przed konfliktem spadkobierc\u00f3w?\u00a0"}]},{"@type":"WebSite","@id":"https:\/\/pragmatiq.pl\/mniejszosciowi\/#website","url":"https:\/\/pragmatiq.pl\/mniejszosciowi\/","name":"Mniejszo\u015bciowi","description":"","publisher":{"@id":"https:\/\/pragmatiq.pl\/mniejszosciowi\/#organization"},"potentialAction":[{"@type":"SearchAction","target":{"@type":"EntryPoint","urlTemplate":"https:\/\/pragmatiq.pl\/mniejszosciowi\/?s={search_term_string}"},"query-input":{"@type":"PropertyValueSpecification","valueRequired":true,"valueName":"search_term_string"}}],"inLanguage":"pl-PL"},{"@type":"Organization","@id":"https:\/\/pragmatiq.pl\/mniejszosciowi\/#organization","name":"Mniejszo\u015bciowi","url":"https:\/\/pragmatiq.pl\/mniejszosciowi\/","logo":{"@type":"ImageObject","inLanguage":"pl-PL","@id":"https:\/\/pragmatiq.pl\/mniejszosciowi\/#\/schema\/logo\/image\/","url":"https:\/\/pragmatiq.pl\/mniejszosciowi\/wp-content\/uploads\/2018\/05\/cropped-logo.png","contentUrl":"https:\/\/pragmatiq.pl\/mniejszosciowi\/wp-content\/uploads\/2018\/05\/cropped-logo.png","width":952,"height":250,"caption":"Mniejszo\u015bciowi"},"image":{"@id":"https:\/\/pragmatiq.pl\/mniejszosciowi\/#\/schema\/logo\/image\/"}},{"@type":"Person","@id":"https:\/\/pragmatiq.pl\/mniejszosciowi\/#\/schema\/person\/ce906c20de720157b60733e123391613","name":"magda","image":{"@type":"ImageObject","inLanguage":"pl-PL","@id":"https:\/\/secure.gravatar.com\/avatar\/6d24b7dcdb2aa81c311c2677433612c2566b3bbf8d7f5abdcd807de80d5f1fdc?s=96&d=mm&r=g","url":"https:\/\/secure.gravatar.com\/avatar\/6d24b7dcdb2aa81c311c2677433612c2566b3bbf8d7f5abdcd807de80d5f1fdc?s=96&d=mm&r=g","contentUrl":"https:\/\/secure.gravatar.com\/avatar\/6d24b7dcdb2aa81c311c2677433612c2566b3bbf8d7f5abdcd807de80d5f1fdc?s=96&d=mm&r=g","caption":"magda"},"url":"https:\/\/pragmatiq.pl\/mniejszosciowi\/author\/magda\/"}]}},"_links":{"self":[{"href":"https:\/\/pragmatiq.pl\/mniejszosciowi\/wp-json\/wp\/v2\/posts\/951","targetHints":{"allow":["GET"]}}],"collection":[{"href":"https:\/\/pragmatiq.pl\/mniejszosciowi\/wp-json\/wp\/v2\/posts"}],"about":[{"href":"https:\/\/pragmatiq.pl\/mniejszosciowi\/wp-json\/wp\/v2\/types\/post"}],"author":[{"embeddable":true,"href":"https:\/\/pragmatiq.pl\/mniejszosciowi\/wp-json\/wp\/v2\/users\/11"}],"replies":[{"embeddable":true,"href":"https:\/\/pragmatiq.pl\/mniejszosciowi\/wp-json\/wp\/v2\/comments?post=951"}],"version-history":[{"count":6,"href":"https:\/\/pragmatiq.pl\/mniejszosciowi\/wp-json\/wp\/v2\/posts\/951\/revisions"}],"predecessor-version":[{"id":1159,"href":"https:\/\/pragmatiq.pl\/mniejszosciowi\/wp-json\/wp\/v2\/posts\/951\/revisions\/1159"}],"wp:featuredmedia":[{"embeddable":true,"href":"https:\/\/pragmatiq.pl\/mniejszosciowi\/wp-json\/wp\/v2\/media\/1137"}],"wp:attachment":[{"href":"https:\/\/pragmatiq.pl\/mniejszosciowi\/wp-json\/wp\/v2\/media?parent=951"}],"wp:term":[{"taxonomy":"category","embeddable":true,"href":"https:\/\/pragmatiq.pl\/mniejszosciowi\/wp-json\/wp\/v2\/categories?post=951"},{"taxonomy":"post_tag","embeddable":true,"href":"https:\/\/pragmatiq.pl\/mniejszosciowi\/wp-json\/wp\/v2\/tags?post=951"}],"curies":[{"name":"wp","href":"https:\/\/api.w.org\/{rel}","templated":true}]}}