{"id":825,"date":"2024-04-23T12:41:47","date_gmt":"2024-04-23T10:41:47","guid":{"rendered":"https:\/\/pragmatiq.pl\/mniejszosciowi\/?p=825"},"modified":"2025-01-14T11:23:27","modified_gmt":"2025-01-14T10:23:27","slug":"ruszaja-prace-nad-projektem-ustawy-przewidujacej-wystapienie-wspolnikow-mniejszosciowych-ze-spolki-z-o-o","status":"publish","type":"post","link":"https:\/\/pragmatiq.pl\/mniejszosciowi\/ruszaja-prace-nad-projektem-ustawy-przewidujacej-wystapienie-wspolnikow-mniejszosciowych-ze-spolki-z-o-o\/","title":{"rendered":"Ruszaj\u0105 prace nad projektem ustawy przewiduj\u0105cej wyst\u0105pienie wsp\u00f3lnik\u00f3w mniejszo\u015bciowych ze sp\u00f3\u0142ki z o.o.!\u00a0\u00a0"},"content":{"rendered":"\n<p>23.04.2024 r.<\/p>\n\n\n\n<p><strong>Ministerstwo Sprawiedliwo\u015bci zapowiedzia\u0142o pocz\u0105tek prac nad projektem nowelizacji Kodeksu sp\u00f3\u0142ek handlowych, kt\u00f3ra ma przewidywa\u0107 mo\u017cliwo\u015b\u0107 z\u0142o\u017cenia przez wsp\u00f3lnika mniejszo\u015bciowego pow\u00f3dztwa o wyst\u0105pienie ze sp\u00f3\u0142ki z o.o. Jednym z inicjator\u00f3w oraz zagorza\u0142ych propagator\u00f3w tej zmiany jest Kancelaria PragmatIQ. Jakich zmian przepis\u00f3w mo\u017cemy si\u0119 spodziewa\u0107?\u00a0<\/strong>\u00a0<\/p>\n\n\n\n<div id=\"ez-toc-container\" class=\"ez-toc-v2_0_82_2 counter-hierarchy ez-toc-counter ez-toc-grey ez-toc-container-direction\">\n<nav><ul class='ez-toc-list ez-toc-list-level-1 ' ><li class='ez-toc-page-1 ez-toc-heading-level-2'><a class=\"ez-toc-link ez-toc-heading-1\" href=\"https:\/\/pragmatiq.pl\/mniejszosciowi\/ruszaja-prace-nad-projektem-ustawy-przewidujacej-wystapienie-wspolnikow-mniejszosciowych-ze-spolki-z-o-o\/#Kreta_droga_do_nowelizacji_KSH_dotyczacej_wyjscia_wspolnika_ze_spolki_z_oo\" >Kr\u0119ta droga do nowelizacji KSH dotycz\u0105cej wyj\u015bcia wsp\u00f3lnika ze sp\u00f3\u0142ki z o.o.&nbsp;<\/a><\/li><li class='ez-toc-page-1 ez-toc-heading-level-2'><a class=\"ez-toc-link ez-toc-heading-2\" href=\"https:\/\/pragmatiq.pl\/mniejszosciowi\/ruszaja-prace-nad-projektem-ustawy-przewidujacej-wystapienie-wspolnikow-mniejszosciowych-ze-spolki-z-o-o\/#Inicjatywa_Kancelarii_PragmatIQ_przynosi_efekt\" >Inicjatywa Kancelarii PragmatIQ przynosi efekt!&nbsp;<\/a><\/li><li class='ez-toc-page-1 ez-toc-heading-level-2'><a class=\"ez-toc-link ez-toc-heading-3\" href=\"https:\/\/pragmatiq.pl\/mniejszosciowi\/ruszaja-prace-nad-projektem-ustawy-przewidujacej-wystapienie-wspolnikow-mniejszosciowych-ze-spolki-z-o-o\/#Czekamy_na_propozycje_nowelizacji_KSH\" >Czekamy na propozycj\u0119 nowelizacji KSH!&nbsp;<\/a><\/li><\/ul><\/nav><\/div>\n<h2 class=\"wp-block-heading\"><span class=\"ez-toc-section\" id=\"Kreta_droga_do_nowelizacji_KSH_dotyczacej_wyjscia_wspolnika_ze_spolki_z_oo\"><\/span>Kr\u0119ta droga do nowelizacji KSH dotycz\u0105cej wyj\u015bcia wsp\u00f3lnika ze sp\u00f3\u0142ki z o.o.&nbsp;<span class=\"ez-toc-section-end\"><\/span><\/h2>\n\n\n\n<p>Posiadanie przez wsp\u00f3lnika sp\u00f3\u0142ki z o.o. mniejszo\u015bciowego pakietu udzia\u0142\u00f3w niesie za sob\u0105 istotne ryzyka takie jak: mo\u017cliwo\u015b\u0107 marginalizacji przez wsp\u00f3lnik\u00f3w wi\u0119kszo\u015bciowych, pozbawienie mo\u017cliwo\u015bci czerpania korzy\u015bci finansowych ze sp\u00f3\u0142ki, odci\u0119cie od wp\u0142ywu na sprawy sp\u00f3\u0142ki, czy te\u017c zablokowanie mo\u017cliwo\u015bci opuszczenia sp\u00f3\u0142ki przez wsp\u00f3lnika. Najcz\u0119\u015bciej pod\u0142o\u017cem takich zdarze\u0144 jest konflikt wsp\u00f3lnika mniejszo\u015bciowego ze wsp\u00f3lnikami wi\u0119kszo\u015bciowymi. W wielu przypadkach konflikt ten ko\u0144czy si\u0119 \u201euwi\u0119zieniem\u201d wsp\u00f3lnika mniejszo\u015bciowego w sp\u00f3\u0142ce i pozbawieniem go mo\u017cliwo\u015bci czerpania z niej korzy\u015bci przy r\u00f3wnoczesnym zablokowaniu mo\u017cliwo\u015bci spieni\u0119\u017cenia udzia\u0142\u00f3w.&nbsp;&nbsp;<\/p>\n\n\n\n<p>W obliczu tych reali\u00f3w, niezmiernie wa\u017cne sta\u0142o si\u0119 stworzenie mechanizm\u00f3w umo\u017cliwiaj\u0105cych wsp\u00f3lnikom mniejszo\u015bciowym wyst\u0105pienie w uzasadnionych sytuacjach ze sp\u00f3\u0142ki za odpowiedni\u0105 sp\u0142at\u0105. Aktualnie KSH nie przewiduje takiej mo\u017cliwo\u015bci w odniesieniu do wsp\u00f3lnik\u00f3w sp\u00f3\u0142ki z o.o. Wskazanej funkcji nie spe\u0142nia zw\u0142aszcza pow\u00f3dztwo o wy\u0142\u0105cznie wsp\u00f3lnika ze sp\u00f3\u0142ki, gdy\u017c mog\u0105 z nim wyst\u0105pi\u0107 pozostali wsp\u00f3lnicy, a nie wsp\u00f3lnik \u201cuwi\u0119ziony\u201d w sp\u00f3\u0142ce. O przedstawionym problemie pisali\u015bmy te\u017c na naszym portalu <a href=\"https:\/\/www.doradzamy.to\/\" target=\"_blank\" rel=\"noreferrer noopener\">Doradzamy.to<\/a> w artykule <a href=\"https:\/\/www.doradzamy.to\/artykuly\/wspolnik-jako-wiezien-spolki-o-ograniczeniach-w-obrocie-udzialami-raz-jeszcze\" target=\"_blank\" rel=\"noreferrer noopener\"><em>Wsp\u00f3lnik jako wi\u0119zie\u0144 sp\u00f3\u0142ki. O ograniczeniach w obrocie udzia\u0142ami raz jeszcze<\/em>.<\/a> &nbsp;<\/p>\n\n\n\n<p>Kancelaria PragmatIQ od d\u0142u\u017cszego czasu postulowa\u0142a wprowadzenie do Kodeksu sp\u00f3\u0142ek handlowych regulacji umo\u017cliwiaj\u0105cej w uzasadnionych sytuacjach wyj\u015bcie wsp\u00f3lnika mniejszo\u015bciowego ze sp\u00f3\u0142ki z o.o. (z jego inicjatywy). Pisali\u015bmy o tym chocia\u017cby na \u0142amach Przegl\u0105du Prawa Handlowego nr 4\/2021 w artykule <a href=\"https:\/\/www.profinfo.pl\/sklep\/przeglad-prawa-handlowego,7295,r,2021,nr,4.html#opinie\" target=\"_blank\" rel=\"noreferrer noopener\"><em>Zakres ochrony wsp\u00f3lnika mniejszo\u015bciowego w sp\u00f3\u0142ce z ograniczon\u0105 odpowiedzialno\u015bci\u0105<\/em>.<\/a> &nbsp;&nbsp;&nbsp;<\/p>\n\n\n\n<p>Pozytywnym sygna\u0142em wskazuj\u0105cym na to, \u017ce ustawodawca dostrzega opisany problem, by\u0142o wprowadzenie mechanizmu wyst\u0105pienia wsp\u00f3lnika ze sp\u00f3\u0142ki z jego inicjatywy w ramach przepis\u00f3w dotycz\u0105cych prostej sp\u00f3\u0142ki akcyjnej. Nast\u0105pi\u0142o to z dniem 1 lipca 2021 roku, wraz z wej\u015bciem w \u017cycie przepis\u00f3w reguluj\u0105cych ten nowy rodzaj sp\u00f3\u0142ki. W prostej sp\u00f3\u0142ce akcyjnej mo\u017cliwe jest wytoczenie przez mniejszo\u015bciowego akcjonariusza pow\u00f3dztwa o ust\u0105pienie ze sp\u00f3\u0142ki. Akcjonariusz chc\u0105cy skorzysta\u0107 z tego rozwi\u0105zania powinien wykaza\u0107, \u017ce zosta\u0142 ra\u017c\u0105co pokrzywdzony przez pozosta\u0142ych akcjonariuszy b\u0105d\u017a przez sp\u00f3\u0142k\u0119. Wi\u0119cej na ten temat piszemy na naszym portalu <a href=\"https:\/\/pragmatiq.pl\/mniejszosciowi\/\" target=\"_blank\" rel=\"noreferrer noopener\">Mniejszosciowi.pl<\/a> w artykule <em><a href=\"https:\/\/pragmatiq.pl\/mniejszosciowi\/ustapienie-akcjonariusza-z-prostej-spolki-akcyjnej-nowa-metoda-na-wyjscie-ze-spolki\/\" target=\"_blank\" rel=\"noreferrer noopener\">Ust\u0105pienie akcjonariusza z prostej sp\u00f3\u0142ki akcyjnej \u2013 nowa metoda na wyj\u015bcie ze sp\u00f3\u0142ki<\/a>. <\/em><\/p>\n\n\n\n<p>Regulacje dotycz\u0105ce prostej sp\u00f3\u0142ki akcyjnej to dobry prognostyk &#8211; daj\u0105 nadziej\u0119, \u017ce podobny mechanizm znajdzie si\u0119 r\u00f3wnie\u017c w przepisach KSH reguluj\u0105cych sp\u00f3\u0142k\u0119 z o.o.&nbsp;<\/p>\n\n\n\n<h2 class=\"wp-block-heading\"><span class=\"ez-toc-section\" id=\"Inicjatywa_Kancelarii_PragmatIQ_przynosi_efekt\"><\/span>Inicjatywa Kancelarii PragmatIQ przynosi efekt!&nbsp;<span class=\"ez-toc-section-end\"><\/span><\/h2>\n\n\n\n<p>Z problemem \u201euwi\u0119zienia\u201d wsp\u00f3lnika mniejszo\u015bciowego w sp\u00f3\u0142ce z o.o. spotykamy si\u0119 w pracy naszej Kancelarii bardzo cz\u0119sto. Dlatego te\u017c, niezale\u017cnie od upowszechniania na naszych portalach czy w mediach tej problematyki i przedstawiania celowo\u015bci uzupe\u0142nienia przepis\u00f3w KSH o regulacje dotycz\u0105ce wyj\u015bcia wsp\u00f3lnika ze sp\u00f3\u0142ki, podj\u0119li\u015bmy konkretne inicjatywy maj\u0105ce na celu zmian\u0119 obowi\u0105zuj\u0105cego prawa.&nbsp;&nbsp;<\/p>\n\n\n\n<p>Jako Kancelaria PragmatIQ przedstawili\u015bmy uwagi w ramach konsultacji spo\u0142ecznych prowadzonych przez Ministerstwo Aktyw\u00f3w Pa\u0144stwowych nad projektem zmiany KSH obejmuj\u0105cej nowelizacj\u0119 dotycz\u0105c\u0105 tzw. Prawa holdingowego. Projekt nowelizacji obejmowa\u0142 jedynie mo\u017cliwo\u015b\u0107 wyj\u015bcia ze sp\u00f3\u0142ki przez wsp\u00f3lnik\u00f3w w grupach sp\u00f3\u0142ek, co naszym zdaniem nie jest wystarczaj\u0105ce. Zaproponowali\u015bmy wi\u0119c wprowadzenie mechanizm\u00f3w pozwalaj\u0105cych na wyj\u015bcie ze sp\u00f3\u0142ki z o.o. pokrzywdzonych wsp\u00f3lnik\u00f3w mniejszo\u015bciowych.<em> <\/em>O wskazanej kwestii piszemy na naszym blogu <a href=\"https:\/\/pragmatiq.pl\/mniejszosciowi\/\" target=\"_blank\" rel=\"noreferrer noopener\">Mniejszo\u015bciowi.pl<\/a> w artykule <em><a href=\"https:\/\/pragmatiq.pl\/mniejszosciowi\/walczymy-o-lepsza-pozycje-mniejszosciowych\/\" target=\"_blank\" rel=\"noreferrer noopener\">Walczymy o lepsz\u0105 pozycj\u0119 mniejszo\u015bciowych!<\/a><\/em> &nbsp;<\/p>\n\n\n\n<p>Ministerstwo odpowiedzia\u0142o na\u202fnasze uwagi wskazuj\u0105c, \u017ce\u202fzostan\u0105 one szerzej rozpatrzone w\u202framach osobnego projektu. Piszemy o tym w artykule<em> <\/em><a href=\"https:\/\/pragmatiq.pl\/mniejszosciowi\/ministerstwo-aktywow-panstwowych-odpowiedzialo-na-nasze-propozycje-zmian-w-ksh\/\" target=\"_blank\" rel=\"noreferrer noopener\"><em>Ministerstwo Aktyw\u00f3w Pa\u0144stwowych odpowiedzia\u0142o na nasze propozycje zmian w KSH. <\/em>&nbsp;<\/a><\/p>\n\n\n\n<p>Faktycznie tak te\u017c si\u0119 sta\u0142o. W toku prowadzonej przez nasz\u0105 Kancelari\u0119 korespondencji z Departamentem Prawa Gospodarczego, Wydzia\u0142em Prawa Gospodarczego Ministerstwa Sprawiedliwo\u015bci, w reakcji na nasze propozycje otrzymali\u015bmy informacj\u0119 o trwaniu prac analityczno-koncepcyjnych zmierzaj\u0105cych do ustalenia zakresu koniecznych lub postulowanych zmian w obszarze prawa sp\u00f3\u0142ek. Zgodnie z otrzyman\u0105 informacj\u0105, po zako\u0144czeniu tych analiz zostan\u0105 podj\u0119te prace nad przygotowaniem projektu nowelizacji Kodeksu sp\u00f3\u0142ek handlowych, kt\u00f3ra uwzgl\u0119dni m.in. nasz postulat wprowadzenia regulacji umo\u017cliwiaj\u0105cych wyst\u0105pienie ze sp\u00f3\u0142ki z o.o. wsp\u00f3lnika mniejszo\u015bciowego.&nbsp;&nbsp;<\/p>\n\n\n\n<p>Otrzymali\u015bmy r\u00f3wnie\u017c niewi\u0105\u017c\u0105c\u0105 informacj\u0119, \u017ce z uwagi na zaawansowanie prac przewidywa\u0107 mo\u017cna, \u017ce projekt nowelizacji KSH uwzgl\u0119dniaj\u0105cy m. in. proponowane przez nas wyst\u0105pienie ze sp\u00f3\u0142ki z o.o. wsp\u00f3lnika mniejszo\u015bciowego powinien zosta\u0107 opracowany w pierwszej po\u0142owie 2024 roku.&nbsp;&nbsp;<\/p>\n\n\n\n<h2 class=\"wp-block-heading\"><span class=\"ez-toc-section\" id=\"Czekamy_na_propozycje_nowelizacji_KSH\"><\/span>Czekamy na propozycj\u0119 nowelizacji KSH!&nbsp;<span class=\"ez-toc-section-end\"><\/span><\/h2>\n\n\n\n<p>Wprowadzenie jasnych przepis\u00f3w umo\u017cliwiaj\u0105cych wyst\u0105pienie wsp\u00f3lnika ze sp\u00f3\u0142ki z o.o. z wa\u017cnych powod\u00f3w mog\u0142oby wreszcie zako\u0144czy\u0107 problem \u201euwi\u0119zienia\u201d wsp\u00f3lnik\u00f3w mniejszo\u015bciowych w sp\u00f3\u0142kach z o.o. bez perspektywy wyj\u015bcia z tych sp\u00f3\u0142ek za otrzymaniem odpowiedniej sp\u0142aty. Z uwag\u0105 i zaciekawieniem czekamy na propozycj\u0119 nowelizacji Kodeksu sp\u00f3\u0142ek handlowych, kt\u00f3ra z jednej strony powinna uwzgl\u0119dnia\u0107 interesy wsp\u00f3lnik\u00f3w zamierzaj\u0105cych opu\u015bci\u0107 sp\u00f3\u0142k\u0119, a z drugiej strony w odpowiednim zakresie chroni\u0107 interesy pozosta\u0142ych wsp\u00f3lnik\u00f3w oraz samej sp\u00f3\u0142ki, tak aby proces wyst\u0105pienia jednego z udzia\u0142owc\u00f3w nie zagra\u017ca\u0142 jej funkcjonowaniu. Zasadne wydaje si\u0119 r\u00f3wnie\u017c ograniczenie mo\u017cliwo\u015bci skorzystania z tego instrumentu do \u201e<em>wa\u017cnych powod\u00f3w<\/em>\u201d lub \u201e<em>ra\u017c\u0105cego pokrzywdzenia<\/em>\u201d, tak aby nie by\u0142 on nadu\u017cywany przez wsp\u00f3lnik\u00f3w.&nbsp;&nbsp;<\/p>\n\n\n\n<p>Miko\u0142aj Stacherski, Tomasz Rutkowski&nbsp;<\/p>\n","protected":false},"excerpt":{"rendered":"<p>Ministerstwo Sprawiedliwo\u015bci zapowiedzia\u0142o pocz\u0105tek prac nad projektem popieranej przez Kancelari\u0119 PragmatIQ nowelizacji KSH, kt\u00f3ra przewidywa\u0107 ma wyst\u0105pienie ze sp\u00f3\u0142ki z o.o. wsp\u00f3lnika mniejszo\u015bciowego. Czego mo\u017cemy si\u0119 spodziewa\u0107?<\/p>\n","protected":false},"author":11,"featured_media":205,"comment_status":"open","ping_status":"open","sticky":false,"template":"","format":"standard","meta":{"_acf_changed":false,"footnotes":""},"categories":[4],"tags":[],"class_list":["post-825","post","type-post","status-publish","format-standard","has-post-thumbnail","hentry","category-artykuly"],"acf":[],"yoast_head":"<!-- This site is optimized with the Yoast SEO plugin v27.3 - https:\/\/yoast.com\/product\/yoast-seo-wordpress\/ -->\n<title>Ruszaj\u0105 prace nad projektem ustawy przewiduj\u0105cej wyst\u0105pienie wsp\u00f3lnik\u00f3w mniejszo\u015bciowych ze sp\u00f3\u0142ki z o.o.!\u00a0\u00a0 | mniejszosciowi.pl<\/title>\n<meta name=\"robots\" content=\"index, follow, max-snippet:-1, max-image-preview:large, max-video-preview:-1\" \/>\n<link rel=\"canonical\" href=\"https:\/\/pragmatiq.pl\/mniejszosciowi\/ruszaja-prace-nad-projektem-ustawy-przewidujacej-wystapienie-wspolnikow-mniejszosciowych-ze-spolki-z-o-o\/\" \/>\n<meta property=\"og:locale\" content=\"pl_PL\" \/>\n<meta property=\"og:type\" content=\"article\" \/>\n<meta property=\"og:title\" content=\"Ruszaj\u0105 prace nad projektem ustawy przewiduj\u0105cej wyst\u0105pienie wsp\u00f3lnik\u00f3w mniejszo\u015bciowych ze sp\u00f3\u0142ki z o.o.!\u00a0\u00a0 | mniejszosciowi.pl\" \/>\n<meta property=\"og:description\" content=\"Ministerstwo Sprawiedliwo\u015bci zapowiedzia\u0142o pocz\u0105tek prac nad projektem popieranej przez Kancelari\u0119 PragmatIQ nowelizacji KSH, kt\u00f3ra przewidywa\u0107 ma wyst\u0105pienie ze sp\u00f3\u0142ki z o.o. wsp\u00f3lnika mniejszo\u015bciowego. Czego mo\u017cemy si\u0119 spodziewa\u0107?\" \/>\n<meta property=\"og:url\" content=\"https:\/\/pragmatiq.pl\/mniejszosciowi\/ruszaja-prace-nad-projektem-ustawy-przewidujacej-wystapienie-wspolnikow-mniejszosciowych-ze-spolki-z-o-o\/\" \/>\n<meta property=\"og:site_name\" content=\"Mniejszo\u015bciowi\" \/>\n<meta property=\"article:published_time\" content=\"2024-04-23T10:41:47+00:00\" \/>\n<meta property=\"article:modified_time\" content=\"2025-01-14T10:23:27+00:00\" \/>\n<meta property=\"og:image\" content=\"https:\/\/pragmatiq.pl\/mniejszosciowi\/wp-content\/uploads\/2019\/05\/udzia\u0142y.png\" \/>\n\t<meta property=\"og:image:width\" content=\"2000\" \/>\n\t<meta property=\"og:image:height\" content=\"625\" \/>\n\t<meta property=\"og:image:type\" content=\"image\/png\" \/>\n<meta name=\"author\" content=\"magda\" \/>\n<meta name=\"twitter:card\" content=\"summary_large_image\" \/>\n<meta name=\"twitter:label1\" content=\"Napisane przez\" \/>\n\t<meta name=\"twitter:data1\" content=\"magda\" \/>\n\t<meta name=\"twitter:label2\" content=\"Szacowany czas czytania\" \/>\n\t<meta name=\"twitter:data2\" content=\"5 minut\" \/>\n<script type=\"application\/ld+json\" class=\"yoast-schema-graph\">{\"@context\":\"https:\\\/\\\/schema.org\",\"@graph\":[{\"@type\":\"Article\",\"@id\":\"https:\\\/\\\/pragmatiq.pl\\\/mniejszosciowi\\\/ruszaja-prace-nad-projektem-ustawy-przewidujacej-wystapienie-wspolnikow-mniejszosciowych-ze-spolki-z-o-o\\\/#article\",\"isPartOf\":{\"@id\":\"https:\\\/\\\/pragmatiq.pl\\\/mniejszosciowi\\\/ruszaja-prace-nad-projektem-ustawy-przewidujacej-wystapienie-wspolnikow-mniejszosciowych-ze-spolki-z-o-o\\\/\"},\"author\":{\"name\":\"magda\",\"@id\":\"https:\\\/\\\/pragmatiq.pl\\\/mniejszosciowi\\\/#\\\/schema\\\/person\\\/ce906c20de720157b60733e123391613\"},\"headline\":\"Ruszaj\u0105 prace nad projektem ustawy przewiduj\u0105cej wyst\u0105pienie wsp\u00f3lnik\u00f3w mniejszo\u015bciowych ze sp\u00f3\u0142ki z o.o.!\u00a0\u00a0\",\"datePublished\":\"2024-04-23T10:41:47+00:00\",\"dateModified\":\"2025-01-14T10:23:27+00:00\",\"mainEntityOfPage\":{\"@id\":\"https:\\\/\\\/pragmatiq.pl\\\/mniejszosciowi\\\/ruszaja-prace-nad-projektem-ustawy-przewidujacej-wystapienie-wspolnikow-mniejszosciowych-ze-spolki-z-o-o\\\/\"},\"wordCount\":1099,\"commentCount\":0,\"publisher\":{\"@id\":\"https:\\\/\\\/pragmatiq.pl\\\/mniejszosciowi\\\/#organization\"},\"image\":{\"@id\":\"https:\\\/\\\/pragmatiq.pl\\\/mniejszosciowi\\\/ruszaja-prace-nad-projektem-ustawy-przewidujacej-wystapienie-wspolnikow-mniejszosciowych-ze-spolki-z-o-o\\\/#primaryimage\"},\"thumbnailUrl\":\"https:\\\/\\\/pragmatiq.pl\\\/mniejszosciowi\\\/wp-content\\\/uploads\\\/2019\\\/05\\\/udzia\u0142y.png\",\"articleSection\":[\"Artyku\u0142y\"],\"inLanguage\":\"pl-PL\",\"potentialAction\":[{\"@type\":\"CommentAction\",\"name\":\"Comment\",\"target\":[\"https:\\\/\\\/pragmatiq.pl\\\/mniejszosciowi\\\/ruszaja-prace-nad-projektem-ustawy-przewidujacej-wystapienie-wspolnikow-mniejszosciowych-ze-spolki-z-o-o\\\/#respond\"]}]},{\"@type\":\"WebPage\",\"@id\":\"https:\\\/\\\/pragmatiq.pl\\\/mniejszosciowi\\\/ruszaja-prace-nad-projektem-ustawy-przewidujacej-wystapienie-wspolnikow-mniejszosciowych-ze-spolki-z-o-o\\\/\",\"url\":\"https:\\\/\\\/pragmatiq.pl\\\/mniejszosciowi\\\/ruszaja-prace-nad-projektem-ustawy-przewidujacej-wystapienie-wspolnikow-mniejszosciowych-ze-spolki-z-o-o\\\/\",\"name\":\"Ruszaj\u0105 prace nad projektem ustawy przewiduj\u0105cej wyst\u0105pienie wsp\u00f3lnik\u00f3w mniejszo\u015bciowych ze sp\u00f3\u0142ki z o.o.!\u00a0\u00a0 | mniejszosciowi.pl\",\"isPartOf\":{\"@id\":\"https:\\\/\\\/pragmatiq.pl\\\/mniejszosciowi\\\/#website\"},\"primaryImageOfPage\":{\"@id\":\"https:\\\/\\\/pragmatiq.pl\\\/mniejszosciowi\\\/ruszaja-prace-nad-projektem-ustawy-przewidujacej-wystapienie-wspolnikow-mniejszosciowych-ze-spolki-z-o-o\\\/#primaryimage\"},\"image\":{\"@id\":\"https:\\\/\\\/pragmatiq.pl\\\/mniejszosciowi\\\/ruszaja-prace-nad-projektem-ustawy-przewidujacej-wystapienie-wspolnikow-mniejszosciowych-ze-spolki-z-o-o\\\/#primaryimage\"},\"thumbnailUrl\":\"https:\\\/\\\/pragmatiq.pl\\\/mniejszosciowi\\\/wp-content\\\/uploads\\\/2019\\\/05\\\/udzia\u0142y.png\",\"datePublished\":\"2024-04-23T10:41:47+00:00\",\"dateModified\":\"2025-01-14T10:23:27+00:00\",\"breadcrumb\":{\"@id\":\"https:\\\/\\\/pragmatiq.pl\\\/mniejszosciowi\\\/ruszaja-prace-nad-projektem-ustawy-przewidujacej-wystapienie-wspolnikow-mniejszosciowych-ze-spolki-z-o-o\\\/#breadcrumb\"},\"inLanguage\":\"pl-PL\",\"potentialAction\":[{\"@type\":\"ReadAction\",\"target\":[\"https:\\\/\\\/pragmatiq.pl\\\/mniejszosciowi\\\/ruszaja-prace-nad-projektem-ustawy-przewidujacej-wystapienie-wspolnikow-mniejszosciowych-ze-spolki-z-o-o\\\/\"]}]},{\"@type\":\"ImageObject\",\"inLanguage\":\"pl-PL\",\"@id\":\"https:\\\/\\\/pragmatiq.pl\\\/mniejszosciowi\\\/ruszaja-prace-nad-projektem-ustawy-przewidujacej-wystapienie-wspolnikow-mniejszosciowych-ze-spolki-z-o-o\\\/#primaryimage\",\"url\":\"https:\\\/\\\/pragmatiq.pl\\\/mniejszosciowi\\\/wp-content\\\/uploads\\\/2019\\\/05\\\/udzia\u0142y.png\",\"contentUrl\":\"https:\\\/\\\/pragmatiq.pl\\\/mniejszosciowi\\\/wp-content\\\/uploads\\\/2019\\\/05\\\/udzia\u0142y.png\",\"width\":2000,\"height\":625,\"caption\":\"Sprzeda\u017c (zbycie) udzia\u0142\u00f3w w sp\u00f3\u0142ce z o.o.\"},{\"@type\":\"BreadcrumbList\",\"@id\":\"https:\\\/\\\/pragmatiq.pl\\\/mniejszosciowi\\\/ruszaja-prace-nad-projektem-ustawy-przewidujacej-wystapienie-wspolnikow-mniejszosciowych-ze-spolki-z-o-o\\\/#breadcrumb\",\"itemListElement\":[{\"@type\":\"ListItem\",\"position\":1,\"name\":\"Strona g\u0142\u00f3wna\",\"item\":\"https:\\\/\\\/pragmatiq.pl\\\/mniejszosciowi\\\/\"},{\"@type\":\"ListItem\",\"position\":2,\"name\":\"Ruszaj\u0105 prace nad projektem ustawy przewiduj\u0105cej wyst\u0105pienie wsp\u00f3lnik\u00f3w mniejszo\u015bciowych ze sp\u00f3\u0142ki z o.o.!\u00a0\u00a0\"}]},{\"@type\":\"WebSite\",\"@id\":\"https:\\\/\\\/pragmatiq.pl\\\/mniejszosciowi\\\/#website\",\"url\":\"https:\\\/\\\/pragmatiq.pl\\\/mniejszosciowi\\\/\",\"name\":\"Mniejszo\u015bciowi\",\"description\":\"\",\"publisher\":{\"@id\":\"https:\\\/\\\/pragmatiq.pl\\\/mniejszosciowi\\\/#organization\"},\"potentialAction\":[{\"@type\":\"SearchAction\",\"target\":{\"@type\":\"EntryPoint\",\"urlTemplate\":\"https:\\\/\\\/pragmatiq.pl\\\/mniejszosciowi\\\/?s={search_term_string}\"},\"query-input\":{\"@type\":\"PropertyValueSpecification\",\"valueRequired\":true,\"valueName\":\"search_term_string\"}}],\"inLanguage\":\"pl-PL\"},{\"@type\":\"Organization\",\"@id\":\"https:\\\/\\\/pragmatiq.pl\\\/mniejszosciowi\\\/#organization\",\"name\":\"Mniejszo\u015bciowi\",\"url\":\"https:\\\/\\\/pragmatiq.pl\\\/mniejszosciowi\\\/\",\"logo\":{\"@type\":\"ImageObject\",\"inLanguage\":\"pl-PL\",\"@id\":\"https:\\\/\\\/pragmatiq.pl\\\/mniejszosciowi\\\/#\\\/schema\\\/logo\\\/image\\\/\",\"url\":\"https:\\\/\\\/pragmatiq.pl\\\/mniejszosciowi\\\/wp-content\\\/uploads\\\/2018\\\/05\\\/cropped-logo.png\",\"contentUrl\":\"https:\\\/\\\/pragmatiq.pl\\\/mniejszosciowi\\\/wp-content\\\/uploads\\\/2018\\\/05\\\/cropped-logo.png\",\"width\":952,\"height\":250,\"caption\":\"Mniejszo\u015bciowi\"},\"image\":{\"@id\":\"https:\\\/\\\/pragmatiq.pl\\\/mniejszosciowi\\\/#\\\/schema\\\/logo\\\/image\\\/\"}},{\"@type\":\"Person\",\"@id\":\"https:\\\/\\\/pragmatiq.pl\\\/mniejszosciowi\\\/#\\\/schema\\\/person\\\/ce906c20de720157b60733e123391613\",\"name\":\"magda\",\"image\":{\"@type\":\"ImageObject\",\"inLanguage\":\"pl-PL\",\"@id\":\"https:\\\/\\\/secure.gravatar.com\\\/avatar\\\/6d24b7dcdb2aa81c311c2677433612c2566b3bbf8d7f5abdcd807de80d5f1fdc?s=96&d=mm&r=g\",\"url\":\"https:\\\/\\\/secure.gravatar.com\\\/avatar\\\/6d24b7dcdb2aa81c311c2677433612c2566b3bbf8d7f5abdcd807de80d5f1fdc?s=96&d=mm&r=g\",\"contentUrl\":\"https:\\\/\\\/secure.gravatar.com\\\/avatar\\\/6d24b7dcdb2aa81c311c2677433612c2566b3bbf8d7f5abdcd807de80d5f1fdc?s=96&d=mm&r=g\",\"caption\":\"magda\"},\"url\":\"https:\\\/\\\/pragmatiq.pl\\\/mniejszosciowi\\\/author\\\/magda\\\/\"}]}<\/script>\n<!-- \/ Yoast SEO plugin. -->","yoast_head_json":{"title":"Ruszaj\u0105 prace nad projektem ustawy przewiduj\u0105cej wyst\u0105pienie wsp\u00f3lnik\u00f3w mniejszo\u015bciowych ze sp\u00f3\u0142ki z o.o.!\u00a0\u00a0 | mniejszosciowi.pl","robots":{"index":"index","follow":"follow","max-snippet":"max-snippet:-1","max-image-preview":"max-image-preview:large","max-video-preview":"max-video-preview:-1"},"canonical":"https:\/\/pragmatiq.pl\/mniejszosciowi\/ruszaja-prace-nad-projektem-ustawy-przewidujacej-wystapienie-wspolnikow-mniejszosciowych-ze-spolki-z-o-o\/","og_locale":"pl_PL","og_type":"article","og_title":"Ruszaj\u0105 prace nad projektem ustawy przewiduj\u0105cej wyst\u0105pienie wsp\u00f3lnik\u00f3w mniejszo\u015bciowych ze sp\u00f3\u0142ki z o.o.!\u00a0\u00a0 | mniejszosciowi.pl","og_description":"Ministerstwo Sprawiedliwo\u015bci zapowiedzia\u0142o pocz\u0105tek prac nad projektem popieranej przez Kancelari\u0119 PragmatIQ nowelizacji KSH, kt\u00f3ra przewidywa\u0107 ma wyst\u0105pienie ze sp\u00f3\u0142ki z o.o. wsp\u00f3lnika mniejszo\u015bciowego. Czego mo\u017cemy si\u0119 spodziewa\u0107?","og_url":"https:\/\/pragmatiq.pl\/mniejszosciowi\/ruszaja-prace-nad-projektem-ustawy-przewidujacej-wystapienie-wspolnikow-mniejszosciowych-ze-spolki-z-o-o\/","og_site_name":"Mniejszo\u015bciowi","article_published_time":"2024-04-23T10:41:47+00:00","article_modified_time":"2025-01-14T10:23:27+00:00","og_image":[{"width":2000,"height":625,"url":"https:\/\/pragmatiq.pl\/mniejszosciowi\/wp-content\/uploads\/2019\/05\/udzia\u0142y.png","type":"image\/png"}],"author":"magda","twitter_card":"summary_large_image","twitter_misc":{"Napisane przez":"magda","Szacowany czas czytania":"5 minut"},"schema":{"@context":"https:\/\/schema.org","@graph":[{"@type":"Article","@id":"https:\/\/pragmatiq.pl\/mniejszosciowi\/ruszaja-prace-nad-projektem-ustawy-przewidujacej-wystapienie-wspolnikow-mniejszosciowych-ze-spolki-z-o-o\/#article","isPartOf":{"@id":"https:\/\/pragmatiq.pl\/mniejszosciowi\/ruszaja-prace-nad-projektem-ustawy-przewidujacej-wystapienie-wspolnikow-mniejszosciowych-ze-spolki-z-o-o\/"},"author":{"name":"magda","@id":"https:\/\/pragmatiq.pl\/mniejszosciowi\/#\/schema\/person\/ce906c20de720157b60733e123391613"},"headline":"Ruszaj\u0105 prace nad projektem ustawy przewiduj\u0105cej wyst\u0105pienie wsp\u00f3lnik\u00f3w mniejszo\u015bciowych ze sp\u00f3\u0142ki z o.o.!\u00a0\u00a0","datePublished":"2024-04-23T10:41:47+00:00","dateModified":"2025-01-14T10:23:27+00:00","mainEntityOfPage":{"@id":"https:\/\/pragmatiq.pl\/mniejszosciowi\/ruszaja-prace-nad-projektem-ustawy-przewidujacej-wystapienie-wspolnikow-mniejszosciowych-ze-spolki-z-o-o\/"},"wordCount":1099,"commentCount":0,"publisher":{"@id":"https:\/\/pragmatiq.pl\/mniejszosciowi\/#organization"},"image":{"@id":"https:\/\/pragmatiq.pl\/mniejszosciowi\/ruszaja-prace-nad-projektem-ustawy-przewidujacej-wystapienie-wspolnikow-mniejszosciowych-ze-spolki-z-o-o\/#primaryimage"},"thumbnailUrl":"https:\/\/pragmatiq.pl\/mniejszosciowi\/wp-content\/uploads\/2019\/05\/udzia\u0142y.png","articleSection":["Artyku\u0142y"],"inLanguage":"pl-PL","potentialAction":[{"@type":"CommentAction","name":"Comment","target":["https:\/\/pragmatiq.pl\/mniejszosciowi\/ruszaja-prace-nad-projektem-ustawy-przewidujacej-wystapienie-wspolnikow-mniejszosciowych-ze-spolki-z-o-o\/#respond"]}]},{"@type":"WebPage","@id":"https:\/\/pragmatiq.pl\/mniejszosciowi\/ruszaja-prace-nad-projektem-ustawy-przewidujacej-wystapienie-wspolnikow-mniejszosciowych-ze-spolki-z-o-o\/","url":"https:\/\/pragmatiq.pl\/mniejszosciowi\/ruszaja-prace-nad-projektem-ustawy-przewidujacej-wystapienie-wspolnikow-mniejszosciowych-ze-spolki-z-o-o\/","name":"Ruszaj\u0105 prace nad projektem ustawy przewiduj\u0105cej wyst\u0105pienie wsp\u00f3lnik\u00f3w mniejszo\u015bciowych ze sp\u00f3\u0142ki z o.o.!\u00a0\u00a0 | mniejszosciowi.pl","isPartOf":{"@id":"https:\/\/pragmatiq.pl\/mniejszosciowi\/#website"},"primaryImageOfPage":{"@id":"https:\/\/pragmatiq.pl\/mniejszosciowi\/ruszaja-prace-nad-projektem-ustawy-przewidujacej-wystapienie-wspolnikow-mniejszosciowych-ze-spolki-z-o-o\/#primaryimage"},"image":{"@id":"https:\/\/pragmatiq.pl\/mniejszosciowi\/ruszaja-prace-nad-projektem-ustawy-przewidujacej-wystapienie-wspolnikow-mniejszosciowych-ze-spolki-z-o-o\/#primaryimage"},"thumbnailUrl":"https:\/\/pragmatiq.pl\/mniejszosciowi\/wp-content\/uploads\/2019\/05\/udzia\u0142y.png","datePublished":"2024-04-23T10:41:47+00:00","dateModified":"2025-01-14T10:23:27+00:00","breadcrumb":{"@id":"https:\/\/pragmatiq.pl\/mniejszosciowi\/ruszaja-prace-nad-projektem-ustawy-przewidujacej-wystapienie-wspolnikow-mniejszosciowych-ze-spolki-z-o-o\/#breadcrumb"},"inLanguage":"pl-PL","potentialAction":[{"@type":"ReadAction","target":["https:\/\/pragmatiq.pl\/mniejszosciowi\/ruszaja-prace-nad-projektem-ustawy-przewidujacej-wystapienie-wspolnikow-mniejszosciowych-ze-spolki-z-o-o\/"]}]},{"@type":"ImageObject","inLanguage":"pl-PL","@id":"https:\/\/pragmatiq.pl\/mniejszosciowi\/ruszaja-prace-nad-projektem-ustawy-przewidujacej-wystapienie-wspolnikow-mniejszosciowych-ze-spolki-z-o-o\/#primaryimage","url":"https:\/\/pragmatiq.pl\/mniejszosciowi\/wp-content\/uploads\/2019\/05\/udzia\u0142y.png","contentUrl":"https:\/\/pragmatiq.pl\/mniejszosciowi\/wp-content\/uploads\/2019\/05\/udzia\u0142y.png","width":2000,"height":625,"caption":"Sprzeda\u017c (zbycie) udzia\u0142\u00f3w w sp\u00f3\u0142ce z o.o."},{"@type":"BreadcrumbList","@id":"https:\/\/pragmatiq.pl\/mniejszosciowi\/ruszaja-prace-nad-projektem-ustawy-przewidujacej-wystapienie-wspolnikow-mniejszosciowych-ze-spolki-z-o-o\/#breadcrumb","itemListElement":[{"@type":"ListItem","position":1,"name":"Strona g\u0142\u00f3wna","item":"https:\/\/pragmatiq.pl\/mniejszosciowi\/"},{"@type":"ListItem","position":2,"name":"Ruszaj\u0105 prace nad projektem ustawy przewiduj\u0105cej wyst\u0105pienie wsp\u00f3lnik\u00f3w mniejszo\u015bciowych ze sp\u00f3\u0142ki z o.o.!\u00a0\u00a0"}]},{"@type":"WebSite","@id":"https:\/\/pragmatiq.pl\/mniejszosciowi\/#website","url":"https:\/\/pragmatiq.pl\/mniejszosciowi\/","name":"Mniejszo\u015bciowi","description":"","publisher":{"@id":"https:\/\/pragmatiq.pl\/mniejszosciowi\/#organization"},"potentialAction":[{"@type":"SearchAction","target":{"@type":"EntryPoint","urlTemplate":"https:\/\/pragmatiq.pl\/mniejszosciowi\/?s={search_term_string}"},"query-input":{"@type":"PropertyValueSpecification","valueRequired":true,"valueName":"search_term_string"}}],"inLanguage":"pl-PL"},{"@type":"Organization","@id":"https:\/\/pragmatiq.pl\/mniejszosciowi\/#organization","name":"Mniejszo\u015bciowi","url":"https:\/\/pragmatiq.pl\/mniejszosciowi\/","logo":{"@type":"ImageObject","inLanguage":"pl-PL","@id":"https:\/\/pragmatiq.pl\/mniejszosciowi\/#\/schema\/logo\/image\/","url":"https:\/\/pragmatiq.pl\/mniejszosciowi\/wp-content\/uploads\/2018\/05\/cropped-logo.png","contentUrl":"https:\/\/pragmatiq.pl\/mniejszosciowi\/wp-content\/uploads\/2018\/05\/cropped-logo.png","width":952,"height":250,"caption":"Mniejszo\u015bciowi"},"image":{"@id":"https:\/\/pragmatiq.pl\/mniejszosciowi\/#\/schema\/logo\/image\/"}},{"@type":"Person","@id":"https:\/\/pragmatiq.pl\/mniejszosciowi\/#\/schema\/person\/ce906c20de720157b60733e123391613","name":"magda","image":{"@type":"ImageObject","inLanguage":"pl-PL","@id":"https:\/\/secure.gravatar.com\/avatar\/6d24b7dcdb2aa81c311c2677433612c2566b3bbf8d7f5abdcd807de80d5f1fdc?s=96&d=mm&r=g","url":"https:\/\/secure.gravatar.com\/avatar\/6d24b7dcdb2aa81c311c2677433612c2566b3bbf8d7f5abdcd807de80d5f1fdc?s=96&d=mm&r=g","contentUrl":"https:\/\/secure.gravatar.com\/avatar\/6d24b7dcdb2aa81c311c2677433612c2566b3bbf8d7f5abdcd807de80d5f1fdc?s=96&d=mm&r=g","caption":"magda"},"url":"https:\/\/pragmatiq.pl\/mniejszosciowi\/author\/magda\/"}]}},"_links":{"self":[{"href":"https:\/\/pragmatiq.pl\/mniejszosciowi\/wp-json\/wp\/v2\/posts\/825","targetHints":{"allow":["GET"]}}],"collection":[{"href":"https:\/\/pragmatiq.pl\/mniejszosciowi\/wp-json\/wp\/v2\/posts"}],"about":[{"href":"https:\/\/pragmatiq.pl\/mniejszosciowi\/wp-json\/wp\/v2\/types\/post"}],"author":[{"embeddable":true,"href":"https:\/\/pragmatiq.pl\/mniejszosciowi\/wp-json\/wp\/v2\/users\/11"}],"replies":[{"embeddable":true,"href":"https:\/\/pragmatiq.pl\/mniejszosciowi\/wp-json\/wp\/v2\/comments?post=825"}],"version-history":[{"count":3,"href":"https:\/\/pragmatiq.pl\/mniejszosciowi\/wp-json\/wp\/v2\/posts\/825\/revisions"}],"predecessor-version":[{"id":943,"href":"https:\/\/pragmatiq.pl\/mniejszosciowi\/wp-json\/wp\/v2\/posts\/825\/revisions\/943"}],"wp:featuredmedia":[{"embeddable":true,"href":"https:\/\/pragmatiq.pl\/mniejszosciowi\/wp-json\/wp\/v2\/media\/205"}],"wp:attachment":[{"href":"https:\/\/pragmatiq.pl\/mniejszosciowi\/wp-json\/wp\/v2\/media?parent=825"}],"wp:term":[{"taxonomy":"category","embeddable":true,"href":"https:\/\/pragmatiq.pl\/mniejszosciowi\/wp-json\/wp\/v2\/categories?post=825"},{"taxonomy":"post_tag","embeddable":true,"href":"https:\/\/pragmatiq.pl\/mniejszosciowi\/wp-json\/wp\/v2\/tags?post=825"}],"curies":[{"name":"wp","href":"https:\/\/api.w.org\/{rel}","templated":true}]}}