{"id":805,"date":"2023-08-22T12:15:00","date_gmt":"2023-08-22T10:15:00","guid":{"rendered":"https:\/\/mniejszosciowi.pl\/?p=805"},"modified":"2023-11-03T12:24:19","modified_gmt":"2023-11-03T11:24:19","slug":"odpowiedzialnosc-czlonka-zarzadu-wobec-spolki-a-udzielenie-absolutorium","status":"publish","type":"post","link":"https:\/\/pragmatiq.pl\/mniejszosciowi\/odpowiedzialnosc-czlonka-zarzadu-wobec-spolki-a-udzielenie-absolutorium\/","title":{"rendered":"Odpowiedzialno\u015b\u0107 cz\u0142onka zarz\u0105du wobec sp\u00f3\u0142ki a udzielenie absolutorium"},"content":{"rendered":"\n<p><strong>Zasiadanie w organach sp\u00f3\u0142ki kapita\u0142owej, pr\u00f3cz presti\u017cu, niesie r\u00f3wnie\u017c za sob\u0105 szereg obowi\u0105zk\u00f3w. Cz\u0142onkowie zarz\u0105du sp\u00f3\u0142ki powinni sumiennie wykonywa\u0107 swoje zadania i dok\u0142ada\u0107 nale\u017cytej staranno\u015bci przy pe\u0142nieniu tej funkcji. Niedope\u0142nienie tego obowi\u0105zku mo\u017ce ich narazi\u0107 na odpowiedzialno\u015b\u0107 odszkodowawcz\u0105 wzgl\u0119dem sp\u00f3\u0142ki. Przyjmuje si\u0119 powszechnie, \u017ce udzielenie cz\u0142onkowi zarz\u0105du absolutorium przez zgromadzenie wsp\u00f3lnik\u00f3w sp\u00f3\u0142ki z ograniczon\u0105 odpowiedzialno\u015bci\u0105 albo walne zgromadzenie sp\u00f3\u0142ki akcyjnej wy\u0142\u0105cza jego odpowiedzialno\u015b\u0107 wzgl\u0119dem sp\u00f3\u0142ki za decyzje podj\u0119te w okresie, kt\u00f3rego absolutorium dotyczy. S\u0105 jednak sytuacje, w kt\u00f3rych mimo udzielenia skwitowania cz\u0142onkom organ\u00f3w, mo\u017cliwe jest poci\u0105gniecie ich do odpowiedzialno\u015bci za szkody, kt\u00f3re sp\u00f3\u0142ka ponios\u0142a w wyniku ich dzia\u0142a\u0144.<\/strong>&nbsp;<\/p>\n\n\n\n<div id=\"ez-toc-container\" class=\"ez-toc-v2_0_82_2 counter-hierarchy ez-toc-counter ez-toc-grey ez-toc-container-direction\">\n<nav><ul class='ez-toc-list ez-toc-list-level-1 ' ><li class='ez-toc-page-1 ez-toc-heading-level-2'><a class=\"ez-toc-link ez-toc-heading-1\" href=\"https:\/\/pragmatiq.pl\/mniejszosciowi\/odpowiedzialnosc-czlonka-zarzadu-wobec-spolki-a-udzielenie-absolutorium\/#Nalezyta_starannosc_czlonkow_zarzadu\" >Nale\u017cyta staranno\u015b\u0107 cz\u0142onk\u00f3w zarz\u0105du&nbsp;<\/a><\/li><li class='ez-toc-page-1 ez-toc-heading-level-2'><a class=\"ez-toc-link ez-toc-heading-2\" href=\"https:\/\/pragmatiq.pl\/mniejszosciowi\/odpowiedzialnosc-czlonka-zarzadu-wobec-spolki-a-udzielenie-absolutorium\/#Kiedy_absolutorium_nie_chroni_czlonkow_zarzadu_spolki\" >Kiedy absolutorium nie chroni cz\u0142onk\u00f3w zarz\u0105du sp\u00f3\u0142ki&nbsp;<\/a><\/li><li class='ez-toc-page-1 ez-toc-heading-level-2'><a class=\"ez-toc-link ez-toc-heading-3\" href=\"https:\/\/pragmatiq.pl\/mniejszosciowi\/odpowiedzialnosc-czlonka-zarzadu-wobec-spolki-a-udzielenie-absolutorium\/#Bezpieczenstwo_czlonkow_zarzadu\" >Bezpiecze\u0144stwo cz\u0142onk\u00f3w zarz\u0105du&nbsp;<\/a><\/li><\/ul><\/nav><\/div>\n<h2 class=\"wp-block-heading\"><span class=\"ez-toc-section\" id=\"Nalezyta_starannosc_czlonkow_zarzadu\"><\/span><strong>Nale\u017cyta staranno\u015b\u0107 cz\u0142onk\u00f3w zarz\u0105du<\/strong>&nbsp;<span class=\"ez-toc-section-end\"><\/span><\/h2>\n\n\n\n<p>Zgodnie z przepisami kodeksu sp\u00f3\u0142ek handlowych, cz\u0142onkowie organ\u00f3w sp\u00f3\u0142ek, w tym cz\u0142onkowie zarz\u0105du, zobowi\u0105zani s\u0105 do dochowania szczeg\u00f3lnej staranno\u015bci przy zarz\u0105dzaniu sp\u00f3\u0142k\u0105, albowiem sprawowana przez nich funkcja ma charakter zawodowy. Wi\u0119cej na temat zarz\u0105du w sp\u00f3\u0142ce z o.o. przeczytasz w artykule <a href=\"https:\/\/spolkazoo.net\/czym-jest-zarzad-w-spolce-z-o-o\" data-type=\"URL\" data-id=\"https:\/\/spolkazoo.net\/czym-jest-zarzad-w-spolce-z-o-o\" target=\"_blank\" rel=\"noreferrer noopener\"><em>Czym jest zarz\u0105d w sp\u00f3\u0142ce z o.o.? &nbsp;<\/em>&nbsp;<\/a><\/p>\n\n\n\n<p>Zawodowy charakter funkcji oznacza, \u017ce cz\u0142onek zarz\u0105du powinien posiada\u0107 odpowiednie do\u015bwiadczenie oraz wiedz\u0119 (np. prawn\u0105 czy ekonomiczn\u0105), aby prawid\u0142owo zarz\u0105dza\u0107 sp\u00f3\u0142k\u0105, w kt\u00f3rej zarz\u0105dzie zasiada. Je\u015bli cz\u0142onek zarz\u0105du swoim zawinionym dzia\u0142aniem lub zaniechaniem sprzecznym z prawem lub postanowieniami umowy sp\u00f3\u0142ki wyrz\u0105dzi sp\u00f3\u0142ce szkod\u0119, mo\u017ce on ponie\u015b\u0107 z tego tytu\u0142u odpowiedzialno\u015b\u0107 odszkodowawcz\u0105. Przepisy dotycz\u0105ce odpowiedzialno\u015bci cz\u0142onk\u00f3w organ\u00f3w sp\u00f3\u0142ki maj\u0105 charakter bezwzgl\u0119dnie obowi\u0105zuj\u0105cy, co oznacza, \u017ce nie mog\u0105 zosta\u0107 ograniczone ani wy\u0142\u0105czone w umowie sp\u00f3\u0142ki.&nbsp;<\/p>\n\n\n\n<p>Powszechnie przyjmuje si\u0119, \u017ce przed takimi roszczeniami ze strony sp\u00f3\u0142ki chroni absolutorium (nazywane tak\u017ce skwitowaniem) z wykonanych przez cz\u0142onka zarz\u0105du obowi\u0105zk\u00f3w. Absolutorium jest, co do zasady, udzielane raz do roku w ramach zwyczajnego zgromadzenia wsp\u00f3lnik\u00f3w, kt\u00f3rego przedmiotem obrad jest r\u00f3wnie\u017c rozpatrzenie sprawozdania finansowego sp\u00f3\u0142ki oraz sprawozdanie zarz\u0105du z dzia\u0142alno\u015bci sp\u00f3\u0142ki za ubieg\u0142y rok. Udzielenie absolutorium cz\u0142onkom zarz\u0105du stanowi wyraz akceptacji ich dzia\u0142alno\u015bci oraz stanowi podstaw\u0119 do wy\u0142\u0105czenia ich odpowiedzialno\u015bci odszkodowawczej wzgl\u0119dem sp\u00f3\u0142ki. Zasada ta ma jednak pewne wyj\u0105tki.&nbsp;<\/p>\n\n\n\n<h2 class=\"wp-block-heading\"><span class=\"ez-toc-section\" id=\"Kiedy_absolutorium_nie_chroni_czlonkow_zarzadu_spolki\"><\/span> <strong>Kiedy absolutorium nie chroni cz\u0142onk\u00f3w zarz\u0105du sp\u00f3\u0142ki<\/strong>&nbsp; <span class=\"ez-toc-section-end\"><\/span><\/h2>\n\n\n\n<p>Pomimo otrzymania przez cz\u0142onka organu sp\u00f3\u0142ki skwitowania, mo\u017ce on zosta\u0107 poci\u0105gni\u0119ty do odpowiedzialno\u015bci przez sp\u00f3\u0142k\u0119, bowiem udzielenie absolutorium nie ma charakteru bezwzgl\u0119dnego. Sytuacja taka mo\u017ce mie\u0107 miejsce przede wszystkim w przypadku, w kt\u00f3rym decyzja o udzieleniu absolutorium zosta\u0142a podj\u0119ta na podstawie niepe\u0142nych lub nieprawdziwych informacji. Nie jest bowiem wykluczone, \u017ce po podj\u0119ciu uchwa\u0142y w przedmiocie udzielenia absolutorium, wyjd\u0105 na jaw okoliczno\u015bci i fakty, kt\u00f3re nie by\u0142y znane wsp\u00f3lnikom w chwili udzielania skwitowania zarz\u0105dowi za dany okres. W sytuacji takiej udzielone cz\u0142onkowi zarz\u0105du absolutorium nie chroni go przed ewentualnymi roszczeniami odszkodowawczymi sp\u00f3\u0142ki. Absolutorium odnosi bowiem skutki tylko w zakresie spraw i informacji, kt\u00f3re by\u0142y znane zgromadzeniu wsp\u00f3lnik\u00f3w przy podejmowaniu uchwa\u0142y.&nbsp;<\/p>\n\n\n\n<p>Kiedy sp\u00f3\u0142ka powe\u017amie informacj\u0119 o faktach nieznanych jej w momencie udzielania absolutorium, mo\u017ce skierowa\u0107 roszczenia przeciwko cz\u0142onkowi zarz\u0105du pomimo udzielenia mu skwitowania. Powszechnie przyjmuje si\u0119 przy tym, \u017ce w takiej sytuacji nie ma konieczno\u015bci \u201ecofni\u0119cia\u201d uchwa\u0142y o udzieleniu absolutorium np. poprzez podj\u0119cie nowej uchwa\u0142y, jak r\u00f3wnie\u017c nie jest konieczne wyst\u0105pienie do s\u0105du z wnioskiem o uchylenie uchwa\u0142y w przedmiocie udzielenia absolutorium. Skoro bowiem skwitowanie zosta\u0142o udzielone odno\u015bnie do fakt\u00f3w znanych wsp\u00f3lnikom, to tylko w tym zakresie, chroni ono cz\u0142onka zarz\u0105du. Udzielone absolutorium nie rozci\u0105ga si\u0119 natomiast na informacje nieznane zgromadzeniu wsp\u00f3lnik\u00f3w (np. zatajone przez cz\u0142onka zarz\u0105du) w chwili podejmowania uchwa\u0142y, co w konsekwencji prowadzi do wniosku, \u017ce nie jest koniecznym uchylenie uchwa\u0142y w tym zakresie lub cofni\u0119cie absolutorium przed skierowaniem roszcze\u0144 w stosunku do cz\u0142onka zarz\u0105du.&nbsp;<\/p>\n\n\n\n<p>Co wi\u0119cej, zgodnie z przepisami kodeksu sp\u00f3\u0142ek handlowych, udzielone absolutorium nie chroni cz\u0142onk\u00f3w zarz\u0105du w przypadku wytoczenia przeciwko nim pow\u00f3dztwa przez wsp\u00f3lnika sp\u00f3\u0142ki na podstawie art. 295 kodeksu sp\u00f3\u0142ek handlowych. Wsp\u00f3lnik jest bowiem uprawniony do dochodzenia w imieniu sp\u00f3\u0142ki roszcze\u0144 odszkodowawczych, je\u015bli nie dokona\u0142a tego sama sp\u00f3\u0142ka, a cz\u0142onek zarz\u0105du, kt\u00f3ry wyrz\u0105dzi\u0142 sp\u00f3\u0142ce szkod\u0119 nie mo\u017ce powo\u0142ywa\u0107 si\u0119 ani na uchwa\u0142\u0119 udzielaj\u0105c\u0105 mu absolutorium ani na dokonane wobec niego przez sp\u00f3\u0142k\u0119 zrzeczenie si\u0119 roszcze\u0144 o odszkodowanie.&nbsp;<\/p>\n\n\n\n<p>Cz\u0142onek zarz\u0105du nie mo\u017ce r\u00f3wnie\u017c powo\u0142ywa\u0107 si\u0119 na uchwa\u0142\u0119 udzielaj\u0105c\u0105 mu absolutorium w sytuacji, w kt\u00f3rej uchwa\u0142a ta zosta\u0142a uchylona przez s\u0105d w wyniku jej zaskar\u017cenia, np. w zwi\u0105zku z powzi\u0119ciem uchwa\u0142y pomimo braku kworum ustanowionego w umowie sp\u00f3\u0142ki albo powzi\u0119cie uchwa\u0142y inn\u0105 wi\u0119kszo\u015bci\u0105 g\u0142os\u00f3w ni\u017c jest to wymagane przez umow\u0119 sp\u00f3\u0142ki.&nbsp;<\/p>\n\n\n\n<h2 class=\"wp-block-heading\"><span class=\"ez-toc-section\" id=\"Bezpieczenstwo_czlonkow_zarzadu\"><\/span> <strong>Bezpiecze\u0144stwo cz\u0142onk\u00f3w zarz\u0105du<\/strong>&nbsp; <span class=\"ez-toc-section-end\"><\/span><\/h2>\n\n\n\n<p>Jak zosta\u0142o przedstawione, nie ma rozwi\u0105zania, kt\u00f3re gwarantowa\u0142oby cz\u0142onkowi zarz\u0105du pe\u0142ne bezpiecze\u0144stwo w zakresie roszcze\u0144 ze strony sp\u00f3\u0142ki. Aby zminimalizowa\u0107 ryzyka, cz\u0142onkowie zarz\u0105du powinni dba\u0107 o kompletno\u015b\u0107 i rzetelno\u015b\u0107 przedstawianych dokument\u00f3w i informacji, jak r\u00f3wnie\u017c wspiera\u0107 si\u0119 opiniami i analizami sporz\u0105dzonymi przez specjalist\u00f3w z danych dziedzin. Oczywi\u015bcie samo zlecenie zewn\u0119trznemu podmiotowi wydania opinii w konkretnej sprawie nie wy\u0142\u0105cza automatycznie odpowiedzialno\u015bci cz\u0142onka zarz\u0105du, to jednak mo\u017ce stanowi\u0107 dow\u00f3d na do\u0142o\u017cenie nale\u017cytej staranno\u015bci przy sprawowaniu przez niego swojej funkcji, a w konsekwencji, uchroni\u0107 go przed roszczeniami sp\u00f3\u0142ki.&nbsp;<\/p>\n\n\n\n<p>Marta \u017bminkowska\u00a0<\/p>\n","protected":false},"excerpt":{"rendered":"<p>Zasiadanie w organach sp\u00f3\u0142ki kapita\u0142owej, pr\u00f3cz presti\u017cu, niesie r\u00f3wnie\u017c za sob\u0105 szereg obowi\u0105zk\u00f3w. Cz\u0142onkowie zarz\u0105du sp\u00f3\u0142ki powinni sumiennie wykonywa\u0107 swoje zadania i dok\u0142ada\u0107 nale\u017cytej staranno\u015bci przy pe\u0142nieniu tej funkcji. Niedope\u0142nienie tego obowi\u0105zku mo\u017ce ich narazi\u0107 na odpowiedzialno\u015b\u0107 odszkodowawcz\u0105 wzgl\u0119dem sp\u00f3\u0142ki. Przyjmuje si\u0119 powszechnie, \u017ce udzielenie cz\u0142onkowi zarz\u0105du absolutorium przez zgromadzenie wsp\u00f3lnik\u00f3w sp\u00f3\u0142ki z ograniczon\u0105 odpowiedzialno\u015bci\u0105 &hellip; <\/p>\n<p class=\"link-more\"><a href=\"https:\/\/pragmatiq.pl\/mniejszosciowi\/odpowiedzialnosc-czlonka-zarzadu-wobec-spolki-a-udzielenie-absolutorium\/\" class=\"more-link\">Continue reading<span class=\"screen-reader-text\"> &#8222;Odpowiedzialno\u015b\u0107 cz\u0142onka zarz\u0105du wobec sp\u00f3\u0142ki a udzielenie absolutorium&#8221;<\/span><\/a><\/p>\n","protected":false},"author":11,"featured_media":205,"comment_status":"open","ping_status":"open","sticky":false,"template":"","format":"standard","meta":{"_acf_changed":false,"footnotes":""},"categories":[1],"tags":[],"class_list":["post-805","post","type-post","status-publish","format-standard","has-post-thumbnail","hentry","category-bez-kategorii"],"acf":[],"yoast_head":"<!-- This site is optimized with the Yoast SEO plugin v27.3 - https:\/\/yoast.com\/product\/yoast-seo-wordpress\/ -->\n<title>Odpowiedzialno\u015b\u0107 cz\u0142onka zarz\u0105du wobec sp\u00f3\u0142ki a udzielenie absolutorium | mniejszosciowi.pl<\/title>\n<meta name=\"robots\" content=\"index, follow, max-snippet:-1, max-image-preview:large, max-video-preview:-1\" \/>\n<link rel=\"canonical\" href=\"https:\/\/pragmatiq.pl\/mniejszosciowi\/odpowiedzialnosc-czlonka-zarzadu-wobec-spolki-a-udzielenie-absolutorium\/\" \/>\n<meta property=\"og:locale\" content=\"pl_PL\" \/>\n<meta property=\"og:type\" content=\"article\" \/>\n<meta property=\"og:title\" content=\"Odpowiedzialno\u015b\u0107 cz\u0142onka zarz\u0105du wobec sp\u00f3\u0142ki a udzielenie absolutorium | mniejszosciowi.pl\" \/>\n<meta property=\"og:description\" content=\"Zasiadanie w organach sp\u00f3\u0142ki kapita\u0142owej, pr\u00f3cz presti\u017cu, niesie r\u00f3wnie\u017c za sob\u0105 szereg obowi\u0105zk\u00f3w. Cz\u0142onkowie zarz\u0105du sp\u00f3\u0142ki powinni sumiennie wykonywa\u0107 swoje zadania i dok\u0142ada\u0107 nale\u017cytej staranno\u015bci przy pe\u0142nieniu tej funkcji. Niedope\u0142nienie tego obowi\u0105zku mo\u017ce ich narazi\u0107 na odpowiedzialno\u015b\u0107 odszkodowawcz\u0105 wzgl\u0119dem sp\u00f3\u0142ki. Przyjmuje si\u0119 powszechnie, \u017ce udzielenie cz\u0142onkowi zarz\u0105du absolutorium przez zgromadzenie wsp\u00f3lnik\u00f3w sp\u00f3\u0142ki z ograniczon\u0105 odpowiedzialno\u015bci\u0105 &hellip; Continue reading &quot;Odpowiedzialno\u015b\u0107 cz\u0142onka zarz\u0105du wobec sp\u00f3\u0142ki a udzielenie absolutorium&quot;\" \/>\n<meta property=\"og:url\" content=\"https:\/\/pragmatiq.pl\/mniejszosciowi\/odpowiedzialnosc-czlonka-zarzadu-wobec-spolki-a-udzielenie-absolutorium\/\" \/>\n<meta property=\"og:site_name\" content=\"Mniejszo\u015bciowi\" \/>\n<meta property=\"article:published_time\" content=\"2023-08-22T10:15:00+00:00\" \/>\n<meta property=\"article:modified_time\" content=\"2023-11-03T11:24:19+00:00\" \/>\n<meta property=\"og:image\" content=\"https:\/\/pragmatiq.pl\/mniejszosciowi\/wp-content\/uploads\/2019\/05\/udzia\u0142y.png\" \/>\n\t<meta property=\"og:image:width\" content=\"2000\" \/>\n\t<meta property=\"og:image:height\" content=\"625\" \/>\n\t<meta property=\"og:image:type\" content=\"image\/png\" \/>\n<meta name=\"author\" content=\"magda\" \/>\n<meta name=\"twitter:card\" content=\"summary_large_image\" \/>\n<meta name=\"twitter:label1\" content=\"Napisane przez\" \/>\n\t<meta name=\"twitter:data1\" content=\"magda\" \/>\n\t<meta name=\"twitter:label2\" content=\"Szacowany czas czytania\" \/>\n\t<meta name=\"twitter:data2\" content=\"5 minut\" \/>\n<script type=\"application\/ld+json\" class=\"yoast-schema-graph\">{\"@context\":\"https:\\\/\\\/schema.org\",\"@graph\":[{\"@type\":\"Article\",\"@id\":\"https:\\\/\\\/pragmatiq.pl\\\/mniejszosciowi\\\/odpowiedzialnosc-czlonka-zarzadu-wobec-spolki-a-udzielenie-absolutorium\\\/#article\",\"isPartOf\":{\"@id\":\"https:\\\/\\\/pragmatiq.pl\\\/mniejszosciowi\\\/odpowiedzialnosc-czlonka-zarzadu-wobec-spolki-a-udzielenie-absolutorium\\\/\"},\"author\":{\"name\":\"magda\",\"@id\":\"https:\\\/\\\/pragmatiq.pl\\\/mniejszosciowi\\\/#\\\/schema\\\/person\\\/ce906c20de720157b60733e123391613\"},\"headline\":\"Odpowiedzialno\u015b\u0107 cz\u0142onka zarz\u0105du wobec sp\u00f3\u0142ki a udzielenie absolutorium\",\"datePublished\":\"2023-08-22T10:15:00+00:00\",\"dateModified\":\"2023-11-03T11:24:19+00:00\",\"mainEntityOfPage\":{\"@id\":\"https:\\\/\\\/pragmatiq.pl\\\/mniejszosciowi\\\/odpowiedzialnosc-czlonka-zarzadu-wobec-spolki-a-udzielenie-absolutorium\\\/\"},\"wordCount\":1039,\"commentCount\":0,\"publisher\":{\"@id\":\"https:\\\/\\\/pragmatiq.pl\\\/mniejszosciowi\\\/#organization\"},\"image\":{\"@id\":\"https:\\\/\\\/pragmatiq.pl\\\/mniejszosciowi\\\/odpowiedzialnosc-czlonka-zarzadu-wobec-spolki-a-udzielenie-absolutorium\\\/#primaryimage\"},\"thumbnailUrl\":\"https:\\\/\\\/pragmatiq.pl\\\/mniejszosciowi\\\/wp-content\\\/uploads\\\/2019\\\/05\\\/udzia\u0142y.png\",\"inLanguage\":\"pl-PL\",\"potentialAction\":[{\"@type\":\"CommentAction\",\"name\":\"Comment\",\"target\":[\"https:\\\/\\\/pragmatiq.pl\\\/mniejszosciowi\\\/odpowiedzialnosc-czlonka-zarzadu-wobec-spolki-a-udzielenie-absolutorium\\\/#respond\"]}]},{\"@type\":\"WebPage\",\"@id\":\"https:\\\/\\\/pragmatiq.pl\\\/mniejszosciowi\\\/odpowiedzialnosc-czlonka-zarzadu-wobec-spolki-a-udzielenie-absolutorium\\\/\",\"url\":\"https:\\\/\\\/pragmatiq.pl\\\/mniejszosciowi\\\/odpowiedzialnosc-czlonka-zarzadu-wobec-spolki-a-udzielenie-absolutorium\\\/\",\"name\":\"Odpowiedzialno\u015b\u0107 cz\u0142onka zarz\u0105du wobec sp\u00f3\u0142ki a udzielenie absolutorium | mniejszosciowi.pl\",\"isPartOf\":{\"@id\":\"https:\\\/\\\/pragmatiq.pl\\\/mniejszosciowi\\\/#website\"},\"primaryImageOfPage\":{\"@id\":\"https:\\\/\\\/pragmatiq.pl\\\/mniejszosciowi\\\/odpowiedzialnosc-czlonka-zarzadu-wobec-spolki-a-udzielenie-absolutorium\\\/#primaryimage\"},\"image\":{\"@id\":\"https:\\\/\\\/pragmatiq.pl\\\/mniejszosciowi\\\/odpowiedzialnosc-czlonka-zarzadu-wobec-spolki-a-udzielenie-absolutorium\\\/#primaryimage\"},\"thumbnailUrl\":\"https:\\\/\\\/pragmatiq.pl\\\/mniejszosciowi\\\/wp-content\\\/uploads\\\/2019\\\/05\\\/udzia\u0142y.png\",\"datePublished\":\"2023-08-22T10:15:00+00:00\",\"dateModified\":\"2023-11-03T11:24:19+00:00\",\"breadcrumb\":{\"@id\":\"https:\\\/\\\/pragmatiq.pl\\\/mniejszosciowi\\\/odpowiedzialnosc-czlonka-zarzadu-wobec-spolki-a-udzielenie-absolutorium\\\/#breadcrumb\"},\"inLanguage\":\"pl-PL\",\"potentialAction\":[{\"@type\":\"ReadAction\",\"target\":[\"https:\\\/\\\/pragmatiq.pl\\\/mniejszosciowi\\\/odpowiedzialnosc-czlonka-zarzadu-wobec-spolki-a-udzielenie-absolutorium\\\/\"]}]},{\"@type\":\"ImageObject\",\"inLanguage\":\"pl-PL\",\"@id\":\"https:\\\/\\\/pragmatiq.pl\\\/mniejszosciowi\\\/odpowiedzialnosc-czlonka-zarzadu-wobec-spolki-a-udzielenie-absolutorium\\\/#primaryimage\",\"url\":\"https:\\\/\\\/pragmatiq.pl\\\/mniejszosciowi\\\/wp-content\\\/uploads\\\/2019\\\/05\\\/udzia\u0142y.png\",\"contentUrl\":\"https:\\\/\\\/pragmatiq.pl\\\/mniejszosciowi\\\/wp-content\\\/uploads\\\/2019\\\/05\\\/udzia\u0142y.png\",\"width\":2000,\"height\":625,\"caption\":\"Sprzeda\u017c (zbycie) udzia\u0142\u00f3w w sp\u00f3\u0142ce z o.o.\"},{\"@type\":\"BreadcrumbList\",\"@id\":\"https:\\\/\\\/pragmatiq.pl\\\/mniejszosciowi\\\/odpowiedzialnosc-czlonka-zarzadu-wobec-spolki-a-udzielenie-absolutorium\\\/#breadcrumb\",\"itemListElement\":[{\"@type\":\"ListItem\",\"position\":1,\"name\":\"Strona g\u0142\u00f3wna\",\"item\":\"https:\\\/\\\/pragmatiq.pl\\\/mniejszosciowi\\\/\"},{\"@type\":\"ListItem\",\"position\":2,\"name\":\"Odpowiedzialno\u015b\u0107 cz\u0142onka zarz\u0105du wobec sp\u00f3\u0142ki a&nbsp;udzielenie absolutorium\"}]},{\"@type\":\"WebSite\",\"@id\":\"https:\\\/\\\/pragmatiq.pl\\\/mniejszosciowi\\\/#website\",\"url\":\"https:\\\/\\\/pragmatiq.pl\\\/mniejszosciowi\\\/\",\"name\":\"Mniejszo\u015bciowi\",\"description\":\"\",\"publisher\":{\"@id\":\"https:\\\/\\\/pragmatiq.pl\\\/mniejszosciowi\\\/#organization\"},\"potentialAction\":[{\"@type\":\"SearchAction\",\"target\":{\"@type\":\"EntryPoint\",\"urlTemplate\":\"https:\\\/\\\/pragmatiq.pl\\\/mniejszosciowi\\\/?s={search_term_string}\"},\"query-input\":{\"@type\":\"PropertyValueSpecification\",\"valueRequired\":true,\"valueName\":\"search_term_string\"}}],\"inLanguage\":\"pl-PL\"},{\"@type\":\"Organization\",\"@id\":\"https:\\\/\\\/pragmatiq.pl\\\/mniejszosciowi\\\/#organization\",\"name\":\"Mniejszo\u015bciowi\",\"url\":\"https:\\\/\\\/pragmatiq.pl\\\/mniejszosciowi\\\/\",\"logo\":{\"@type\":\"ImageObject\",\"inLanguage\":\"pl-PL\",\"@id\":\"https:\\\/\\\/pragmatiq.pl\\\/mniejszosciowi\\\/#\\\/schema\\\/logo\\\/image\\\/\",\"url\":\"https:\\\/\\\/pragmatiq.pl\\\/mniejszosciowi\\\/wp-content\\\/uploads\\\/2018\\\/05\\\/cropped-logo.png\",\"contentUrl\":\"https:\\\/\\\/pragmatiq.pl\\\/mniejszosciowi\\\/wp-content\\\/uploads\\\/2018\\\/05\\\/cropped-logo.png\",\"width\":952,\"height\":250,\"caption\":\"Mniejszo\u015bciowi\"},\"image\":{\"@id\":\"https:\\\/\\\/pragmatiq.pl\\\/mniejszosciowi\\\/#\\\/schema\\\/logo\\\/image\\\/\"}},{\"@type\":\"Person\",\"@id\":\"https:\\\/\\\/pragmatiq.pl\\\/mniejszosciowi\\\/#\\\/schema\\\/person\\\/ce906c20de720157b60733e123391613\",\"name\":\"magda\",\"image\":{\"@type\":\"ImageObject\",\"inLanguage\":\"pl-PL\",\"@id\":\"https:\\\/\\\/secure.gravatar.com\\\/avatar\\\/6d24b7dcdb2aa81c311c2677433612c2566b3bbf8d7f5abdcd807de80d5f1fdc?s=96&d=mm&r=g\",\"url\":\"https:\\\/\\\/secure.gravatar.com\\\/avatar\\\/6d24b7dcdb2aa81c311c2677433612c2566b3bbf8d7f5abdcd807de80d5f1fdc?s=96&d=mm&r=g\",\"contentUrl\":\"https:\\\/\\\/secure.gravatar.com\\\/avatar\\\/6d24b7dcdb2aa81c311c2677433612c2566b3bbf8d7f5abdcd807de80d5f1fdc?s=96&d=mm&r=g\",\"caption\":\"magda\"},\"url\":\"https:\\\/\\\/pragmatiq.pl\\\/mniejszosciowi\\\/author\\\/magda\\\/\"}]}<\/script>\n<!-- \/ Yoast SEO plugin. -->","yoast_head_json":{"title":"Odpowiedzialno\u015b\u0107 cz\u0142onka zarz\u0105du wobec sp\u00f3\u0142ki a udzielenie absolutorium | mniejszosciowi.pl","robots":{"index":"index","follow":"follow","max-snippet":"max-snippet:-1","max-image-preview":"max-image-preview:large","max-video-preview":"max-video-preview:-1"},"canonical":"https:\/\/pragmatiq.pl\/mniejszosciowi\/odpowiedzialnosc-czlonka-zarzadu-wobec-spolki-a-udzielenie-absolutorium\/","og_locale":"pl_PL","og_type":"article","og_title":"Odpowiedzialno\u015b\u0107 cz\u0142onka zarz\u0105du wobec sp\u00f3\u0142ki a udzielenie absolutorium | mniejszosciowi.pl","og_description":"Zasiadanie w organach sp\u00f3\u0142ki kapita\u0142owej, pr\u00f3cz presti\u017cu, niesie r\u00f3wnie\u017c za sob\u0105 szereg obowi\u0105zk\u00f3w. Cz\u0142onkowie zarz\u0105du sp\u00f3\u0142ki powinni sumiennie wykonywa\u0107 swoje zadania i dok\u0142ada\u0107 nale\u017cytej staranno\u015bci przy pe\u0142nieniu tej funkcji. Niedope\u0142nienie tego obowi\u0105zku mo\u017ce ich narazi\u0107 na odpowiedzialno\u015b\u0107 odszkodowawcz\u0105 wzgl\u0119dem sp\u00f3\u0142ki. Przyjmuje si\u0119 powszechnie, \u017ce udzielenie cz\u0142onkowi zarz\u0105du absolutorium przez zgromadzenie wsp\u00f3lnik\u00f3w sp\u00f3\u0142ki z ograniczon\u0105 odpowiedzialno\u015bci\u0105 &hellip; Continue reading \"Odpowiedzialno\u015b\u0107 cz\u0142onka zarz\u0105du wobec sp\u00f3\u0142ki a udzielenie absolutorium\"","og_url":"https:\/\/pragmatiq.pl\/mniejszosciowi\/odpowiedzialnosc-czlonka-zarzadu-wobec-spolki-a-udzielenie-absolutorium\/","og_site_name":"Mniejszo\u015bciowi","article_published_time":"2023-08-22T10:15:00+00:00","article_modified_time":"2023-11-03T11:24:19+00:00","og_image":[{"width":2000,"height":625,"url":"https:\/\/pragmatiq.pl\/mniejszosciowi\/wp-content\/uploads\/2019\/05\/udzia\u0142y.png","type":"image\/png"}],"author":"magda","twitter_card":"summary_large_image","twitter_misc":{"Napisane przez":"magda","Szacowany czas czytania":"5 minut"},"schema":{"@context":"https:\/\/schema.org","@graph":[{"@type":"Article","@id":"https:\/\/pragmatiq.pl\/mniejszosciowi\/odpowiedzialnosc-czlonka-zarzadu-wobec-spolki-a-udzielenie-absolutorium\/#article","isPartOf":{"@id":"https:\/\/pragmatiq.pl\/mniejszosciowi\/odpowiedzialnosc-czlonka-zarzadu-wobec-spolki-a-udzielenie-absolutorium\/"},"author":{"name":"magda","@id":"https:\/\/pragmatiq.pl\/mniejszosciowi\/#\/schema\/person\/ce906c20de720157b60733e123391613"},"headline":"Odpowiedzialno\u015b\u0107 cz\u0142onka zarz\u0105du wobec sp\u00f3\u0142ki a udzielenie absolutorium","datePublished":"2023-08-22T10:15:00+00:00","dateModified":"2023-11-03T11:24:19+00:00","mainEntityOfPage":{"@id":"https:\/\/pragmatiq.pl\/mniejszosciowi\/odpowiedzialnosc-czlonka-zarzadu-wobec-spolki-a-udzielenie-absolutorium\/"},"wordCount":1039,"commentCount":0,"publisher":{"@id":"https:\/\/pragmatiq.pl\/mniejszosciowi\/#organization"},"image":{"@id":"https:\/\/pragmatiq.pl\/mniejszosciowi\/odpowiedzialnosc-czlonka-zarzadu-wobec-spolki-a-udzielenie-absolutorium\/#primaryimage"},"thumbnailUrl":"https:\/\/pragmatiq.pl\/mniejszosciowi\/wp-content\/uploads\/2019\/05\/udzia\u0142y.png","inLanguage":"pl-PL","potentialAction":[{"@type":"CommentAction","name":"Comment","target":["https:\/\/pragmatiq.pl\/mniejszosciowi\/odpowiedzialnosc-czlonka-zarzadu-wobec-spolki-a-udzielenie-absolutorium\/#respond"]}]},{"@type":"WebPage","@id":"https:\/\/pragmatiq.pl\/mniejszosciowi\/odpowiedzialnosc-czlonka-zarzadu-wobec-spolki-a-udzielenie-absolutorium\/","url":"https:\/\/pragmatiq.pl\/mniejszosciowi\/odpowiedzialnosc-czlonka-zarzadu-wobec-spolki-a-udzielenie-absolutorium\/","name":"Odpowiedzialno\u015b\u0107 cz\u0142onka zarz\u0105du wobec sp\u00f3\u0142ki a udzielenie absolutorium | mniejszosciowi.pl","isPartOf":{"@id":"https:\/\/pragmatiq.pl\/mniejszosciowi\/#website"},"primaryImageOfPage":{"@id":"https:\/\/pragmatiq.pl\/mniejszosciowi\/odpowiedzialnosc-czlonka-zarzadu-wobec-spolki-a-udzielenie-absolutorium\/#primaryimage"},"image":{"@id":"https:\/\/pragmatiq.pl\/mniejszosciowi\/odpowiedzialnosc-czlonka-zarzadu-wobec-spolki-a-udzielenie-absolutorium\/#primaryimage"},"thumbnailUrl":"https:\/\/pragmatiq.pl\/mniejszosciowi\/wp-content\/uploads\/2019\/05\/udzia\u0142y.png","datePublished":"2023-08-22T10:15:00+00:00","dateModified":"2023-11-03T11:24:19+00:00","breadcrumb":{"@id":"https:\/\/pragmatiq.pl\/mniejszosciowi\/odpowiedzialnosc-czlonka-zarzadu-wobec-spolki-a-udzielenie-absolutorium\/#breadcrumb"},"inLanguage":"pl-PL","potentialAction":[{"@type":"ReadAction","target":["https:\/\/pragmatiq.pl\/mniejszosciowi\/odpowiedzialnosc-czlonka-zarzadu-wobec-spolki-a-udzielenie-absolutorium\/"]}]},{"@type":"ImageObject","inLanguage":"pl-PL","@id":"https:\/\/pragmatiq.pl\/mniejszosciowi\/odpowiedzialnosc-czlonka-zarzadu-wobec-spolki-a-udzielenie-absolutorium\/#primaryimage","url":"https:\/\/pragmatiq.pl\/mniejszosciowi\/wp-content\/uploads\/2019\/05\/udzia\u0142y.png","contentUrl":"https:\/\/pragmatiq.pl\/mniejszosciowi\/wp-content\/uploads\/2019\/05\/udzia\u0142y.png","width":2000,"height":625,"caption":"Sprzeda\u017c (zbycie) udzia\u0142\u00f3w w sp\u00f3\u0142ce z o.o."},{"@type":"BreadcrumbList","@id":"https:\/\/pragmatiq.pl\/mniejszosciowi\/odpowiedzialnosc-czlonka-zarzadu-wobec-spolki-a-udzielenie-absolutorium\/#breadcrumb","itemListElement":[{"@type":"ListItem","position":1,"name":"Strona g\u0142\u00f3wna","item":"https:\/\/pragmatiq.pl\/mniejszosciowi\/"},{"@type":"ListItem","position":2,"name":"Odpowiedzialno\u015b\u0107 cz\u0142onka zarz\u0105du wobec sp\u00f3\u0142ki a&nbsp;udzielenie absolutorium"}]},{"@type":"WebSite","@id":"https:\/\/pragmatiq.pl\/mniejszosciowi\/#website","url":"https:\/\/pragmatiq.pl\/mniejszosciowi\/","name":"Mniejszo\u015bciowi","description":"","publisher":{"@id":"https:\/\/pragmatiq.pl\/mniejszosciowi\/#organization"},"potentialAction":[{"@type":"SearchAction","target":{"@type":"EntryPoint","urlTemplate":"https:\/\/pragmatiq.pl\/mniejszosciowi\/?s={search_term_string}"},"query-input":{"@type":"PropertyValueSpecification","valueRequired":true,"valueName":"search_term_string"}}],"inLanguage":"pl-PL"},{"@type":"Organization","@id":"https:\/\/pragmatiq.pl\/mniejszosciowi\/#organization","name":"Mniejszo\u015bciowi","url":"https:\/\/pragmatiq.pl\/mniejszosciowi\/","logo":{"@type":"ImageObject","inLanguage":"pl-PL","@id":"https:\/\/pragmatiq.pl\/mniejszosciowi\/#\/schema\/logo\/image\/","url":"https:\/\/pragmatiq.pl\/mniejszosciowi\/wp-content\/uploads\/2018\/05\/cropped-logo.png","contentUrl":"https:\/\/pragmatiq.pl\/mniejszosciowi\/wp-content\/uploads\/2018\/05\/cropped-logo.png","width":952,"height":250,"caption":"Mniejszo\u015bciowi"},"image":{"@id":"https:\/\/pragmatiq.pl\/mniejszosciowi\/#\/schema\/logo\/image\/"}},{"@type":"Person","@id":"https:\/\/pragmatiq.pl\/mniejszosciowi\/#\/schema\/person\/ce906c20de720157b60733e123391613","name":"magda","image":{"@type":"ImageObject","inLanguage":"pl-PL","@id":"https:\/\/secure.gravatar.com\/avatar\/6d24b7dcdb2aa81c311c2677433612c2566b3bbf8d7f5abdcd807de80d5f1fdc?s=96&d=mm&r=g","url":"https:\/\/secure.gravatar.com\/avatar\/6d24b7dcdb2aa81c311c2677433612c2566b3bbf8d7f5abdcd807de80d5f1fdc?s=96&d=mm&r=g","contentUrl":"https:\/\/secure.gravatar.com\/avatar\/6d24b7dcdb2aa81c311c2677433612c2566b3bbf8d7f5abdcd807de80d5f1fdc?s=96&d=mm&r=g","caption":"magda"},"url":"https:\/\/pragmatiq.pl\/mniejszosciowi\/author\/magda\/"}]}},"_links":{"self":[{"href":"https:\/\/pragmatiq.pl\/mniejszosciowi\/wp-json\/wp\/v2\/posts\/805","targetHints":{"allow":["GET"]}}],"collection":[{"href":"https:\/\/pragmatiq.pl\/mniejszosciowi\/wp-json\/wp\/v2\/posts"}],"about":[{"href":"https:\/\/pragmatiq.pl\/mniejszosciowi\/wp-json\/wp\/v2\/types\/post"}],"author":[{"embeddable":true,"href":"https:\/\/pragmatiq.pl\/mniejszosciowi\/wp-json\/wp\/v2\/users\/11"}],"replies":[{"embeddable":true,"href":"https:\/\/pragmatiq.pl\/mniejszosciowi\/wp-json\/wp\/v2\/comments?post=805"}],"version-history":[{"count":3,"href":"https:\/\/pragmatiq.pl\/mniejszosciowi\/wp-json\/wp\/v2\/posts\/805\/revisions"}],"predecessor-version":[{"id":811,"href":"https:\/\/pragmatiq.pl\/mniejszosciowi\/wp-json\/wp\/v2\/posts\/805\/revisions\/811"}],"wp:featuredmedia":[{"embeddable":true,"href":"https:\/\/pragmatiq.pl\/mniejszosciowi\/wp-json\/wp\/v2\/media\/205"}],"wp:attachment":[{"href":"https:\/\/pragmatiq.pl\/mniejszosciowi\/wp-json\/wp\/v2\/media?parent=805"}],"wp:term":[{"taxonomy":"category","embeddable":true,"href":"https:\/\/pragmatiq.pl\/mniejszosciowi\/wp-json\/wp\/v2\/categories?post=805"},{"taxonomy":"post_tag","embeddable":true,"href":"https:\/\/pragmatiq.pl\/mniejszosciowi\/wp-json\/wp\/v2\/tags?post=805"}],"curies":[{"name":"wp","href":"https:\/\/api.w.org\/{rel}","templated":true}]}}