{"id":749,"date":"2023-06-05T13:19:12","date_gmt":"2023-06-05T11:19:12","guid":{"rendered":"https:\/\/mniejszosciowi.pl\/?p=749"},"modified":"2023-08-10T16:50:23","modified_gmt":"2023-08-10T14:50:23","slug":"przeksztalcenie-spolki-jawnej-na-zadanie-spadkobiercy","status":"publish","type":"post","link":"https:\/\/pragmatiq.pl\/mniejszosciowi\/przeksztalcenie-spolki-jawnej-na-zadanie-spadkobiercy\/","title":{"rendered":"Przekszta\u0142cenie sp\u00f3\u0142ki jawnej na \u017c\u0105danie spadkobiercy"},"content":{"rendered":"\n<p><strong>Wsp\u00f3lnicy sp\u00f3\u0142ki jawnej cz\u0119sto nie wiedz\u0105, \u017ce w przypadku \u015bmierci jednego z nich mo\u017ce doj\u015b\u0107 do sytuacji, w kt\u00f3rej pozostali wsp\u00f3lnicy b\u0119d\u0105 zmuszeni do przekszta\u0142cenia albo rozwi\u0105zania sp\u00f3\u0142ki jawnej. Przeczytaj nasz artyku\u0142 i dowiedz si\u0119 kto i na jakich zasadach mo\u017ce \u017c\u0105da\u0107 przekszta\u0142cenia sp\u00f3\u0142ki jawnej, a tak\u017ce kiedy warto z tego \u017c\u0105dania skorzysta\u0107.<\/strong><\/p>\n\n\n\n<div id=\"ez-toc-container\" class=\"ez-toc-v2_0_82_2 counter-hierarchy ez-toc-counter ez-toc-grey ez-toc-container-direction\">\n<nav><ul class='ez-toc-list ez-toc-list-level-1 ' ><li class='ez-toc-page-1 ez-toc-heading-level-2'><a class=\"ez-toc-link ez-toc-heading-1\" href=\"https:\/\/pragmatiq.pl\/mniejszosciowi\/przeksztalcenie-spolki-jawnej-na-zadanie-spadkobiercy\/#Kto_i_na_jakich_zasadach_moze_zadac_przeksztalcenia_spolki_jawnej\" >Kto i na jakich zasadach mo\u017ce \u017c\u0105da\u0107 przekszta\u0142cenia sp\u00f3\u0142ki jawnej?<\/a><\/li><li class='ez-toc-page-1 ez-toc-heading-level-2'><a class=\"ez-toc-link ez-toc-heading-2\" href=\"https:\/\/pragmatiq.pl\/mniejszosciowi\/przeksztalcenie-spolki-jawnej-na-zadanie-spadkobiercy\/#Na_czym_polega_zadanie_przeksztalcenia_spolki_jawnej\" >Na czym polega \u017c\u0105danie przekszta\u0142cenia sp\u00f3\u0142ki jawnej?<\/a><\/li><li class='ez-toc-page-1 ez-toc-heading-level-2'><a class=\"ez-toc-link ez-toc-heading-3\" href=\"https:\/\/pragmatiq.pl\/mniejszosciowi\/przeksztalcenie-spolki-jawnej-na-zadanie-spadkobiercy\/#Czy_warto_zadac_przeksztalcenia\" >Czy warto \u017c\u0105da\u0107 przekszta\u0142cenia?<\/a><\/li><\/ul><\/nav><\/div>\n<h2 class=\"wp-block-heading\"><span class=\"ez-toc-section\" id=\"Kto_i_na_jakich_zasadach_moze_zadac_przeksztalcenia_spolki_jawnej\"><\/span>Kto i na jakich zasadach mo\u017ce \u017c\u0105da\u0107 przekszta\u0142cenia sp\u00f3\u0142ki jawnej?<span class=\"ez-toc-section-end\"><\/span><\/h2>\n\n\n\n<p>Prawo do zg\u0142oszenia \u017c\u0105dania przekszta\u0142cenia sp\u00f3\u0142ki jawnej przys\u0142uguje spadkobiercom zmar\u0142ego wsp\u00f3lnika sp\u00f3\u0142ki jawnej. Zg\u0142oszenie takiego \u017c\u0105dania jest mo\u017cliwe dopiero po stwierdzeniu nabycia spadku po zmar\u0142ym wsp\u00f3lniku, przy czym nie ma \u017cadnego znaczenia czy dziedziczenie og\u00f3\u0142u praw i obowi\u0105zk\u00f3w w sp\u00f3\u0142ce jawnej nast\u0105pi\u0142o z mocy pozostawionego przez by\u0142ego wsp\u00f3lnika testamentu czy na podstawie ustawy.<\/p>\n\n\n\n<p>Spadkobierca wsp\u00f3lnika musi zg\u0142osi\u0107 \u017c\u0105danie przekszta\u0142cenia sp\u00f3\u0142ki w terminie sze\u015bciu miesi\u0119cy od dnia stwierdzenia nabycia spadku. \u017b\u0105danie przekszta\u0142cenia kierowane jest przez spadkobierc\u0119 wsp\u00f3lnika do samej sp\u00f3\u0142ki. Forma \u017c\u0105dania nie jest uregulowana przez przepisy, jednak ze wzgl\u0119d\u00f3w dowodowych warto, aby mia\u0142o ono form\u0119 pisemn\u0105.<\/p>\n\n\n\n<p>Co wa\u017cne, nie mo\u017cna w umowie sp\u00f3\u0142ki pozbawi\u0107 spadkobiercy wsp\u00f3lnika prawa do zg\u0142oszenia \u017c\u0105dania przekszta\u0142cenia.<\/p>\n\n\n\n<figure class=\"wp-block-pullquote\"><blockquote><p><strong><span class=\"has-inline-color has-vivid-red-color\">Zabezpiecz swoj\u0105 firm\u0119 i bliskich. <a rel=\"noreferrer noopener\" href=\"https:\/\/zmianawarty.pl\/ksiazka\/\" data-type=\"URL\" data-id=\"https:\/\/zmianawarty.pl\/ksiazka\/\" target=\"_blank\">Sprawd\u017a praktyczny poradnik po sukcesji!<\/a><\/span><\/strong><\/p><\/blockquote><\/figure>\n\n\n\n<h2 class=\"wp-block-heading\"><span class=\"ez-toc-section\" id=\"Na_czym_polega_zadanie_przeksztalcenia_spolki_jawnej\"><\/span>Na czym polega \u017c\u0105danie przekszta\u0142cenia sp\u00f3\u0142ki jawnej?<span class=\"ez-toc-section-end\"><\/span><\/h2>\n\n\n\n<p>Po zg\u0142oszeniu \u017c\u0105dania przekszta\u0142cenia przez uprawnion\u0105 do tego osob\u0119 mo\u017cliwe s\u0105 trzy scenariusze (oczywi\u015bcie nie wykluczaj\u0105 one rozwi\u0105za\u0144 polubownych, takich jak np. sprzeda\u017c og\u00f3\u0142u praw i obowi\u0105zk\u00f3w w sp\u00f3\u0142ce jawnej na rzecz innego wsp\u00f3lnika):<\/p>\n\n\n\n<ol class=\"wp-block-list\" type=\"1\"><li>przekszta\u0142cenie sp\u00f3\u0142ki jawnej w sp\u00f3\u0142k\u0119 komandytow\u0105, w kt\u00f3rej wsp\u00f3lnik \u017c\u0105daj\u0105cy przekszta\u0142cenia zostanie komandytariuszem;<\/li><li>przekszta\u0142cenie sp\u00f3\u0142ki jawnej w sp\u00f3\u0142k\u0119 komandytowo-akcyjn\u0105, w kt\u00f3rej wsp\u00f3lnik \u017c\u0105daj\u0105cy przekszta\u0142cenia zostanie akcjonariuszem;<\/li><li>rozwi\u0105zanie sp\u00f3\u0142ki jawnej.<\/li><\/ol>\n\n\n\n<p>Decyzj\u0119 o tym, kt\u00f3re ze wskazanych wy\u017cej rozwi\u0105za\u0144 zastosowa\u0107, podejmuj\u0105 pozostali wsp\u00f3lnicy sp\u00f3\u0142ki jawnej. Warto wspomnie\u0107, \u017ce w przypadku podj\u0119cia decyzji o przekszta\u0142ceniu sp\u00f3\u0142ki jawnej, nale\u017cy zachowa\u0107 wszystkie wymogi procedury przekszta\u0142cenia sp\u00f3\u0142ki wskazane w kodeksie sp\u00f3\u0142ek handlowych. Nie jest r\u00f3wnie\u017c dopuszczalne zastosowanie uproszczonej procedury przekszta\u0142cenia.<\/p>\n\n\n\n<h2 class=\"wp-block-heading\"><span class=\"ez-toc-section\" id=\"Czy_warto_zadac_przeksztalcenia\"><\/span>Czy warto \u017c\u0105da\u0107 przekszta\u0142cenia?<span class=\"ez-toc-section-end\"><\/span><\/h2>\n\n\n\n<p>\u017b\u0105danie przekszta\u0142cenia sp\u00f3\u0142ki jawnej przez spadkobierc\u0119 og\u00f3\u0142u praw i obowi\u0105zk\u00f3w w sp\u00f3\u0142ce mo\u017ce by\u0107 dla niego korzystne. Trzeba pami\u0119ta\u0107, \u017ce wsp\u00f3lnicy sp\u00f3\u0142ki jawnej ponosz\u0105 solidarn\u0105 odpowiedzialno\u015b\u0107 za wszystkie zobowi\u0105zania sp\u00f3\u0142ki, w kt\u00f3rej s\u0105 wsp\u00f3lnikami. Szerzej na ten temat piszemy w artykule <em><a href=\"https:\/\/www.doradzamy.to\/artykuly\/odpowiedzialnosc-wspolnikow-spolki-jawnej\" data-type=\"URL\" data-id=\"https:\/\/www.doradzamy.to\/artykuly\/odpowiedzialnosc-wspolnikow-spolki-jawnej\" target=\"_blank\" rel=\"noreferrer noopener\">Odpowiedzialno\u015b\u0107 wsp\u00f3lnik\u00f3w sp\u00f3\u0142ki jawnej<\/a> <\/em>na portalu doradzamy.to. <\/p>\n\n\n\n<p>Opisane zasady odpowiedzialno\u015bci dotycz\u0105 te\u017c, co do zasady, spadkobiercy zmar\u0142ego wsp\u00f3lnika. Spadkobierca, kt\u00f3ry przyst\u0105pi do sp\u00f3\u0142ki, odpowiada jak wsp\u00f3lnik sp\u00f3\u0142ki jawnej za wszystkie zobowi\u0105zania sp\u00f3\u0142ki (tak\u017ce te, kt\u00f3re powsta\u0142y przed stwierdzeniem nabycia spadku). Mo\u017cliwe jest jednak ograniczenie odpowiedzialno\u015bci spadkobiercy w sytuacji, gdy w terminie sze\u015bciu miesi\u0119cy od dnia stwierdzenia nabycia spadku uzyska on status komandytariusza, akcjonariusza lub gdy sp\u00f3\u0142ka zostanie rozwi\u0105zana. Spadkobierca odpowiada w\u00f3wczas za zobowi\u0105zania sp\u00f3\u0142ki powsta\u0142e przed \u015bmierci\u0105 wsp\u00f3lnika na zasadach prawa spadkowego. Tym samym, do momentu przyj\u0119cia spadku spadkobierca odpowiada za d\u0142ugi tylko ze spadku. W sytuacji, gdy spadkodawca przyj\u0105\u0142 spadek, jego odpowiedzialno\u015b\u0107 zale\u017cna jest od sposobu przyj\u0119cia spadku. Wi\u0119cej na ten temat piszemy w artykule <em><a rel=\"noreferrer noopener\" href=\"https:\/\/zmianawarty.pl\/co-to-znaczy-przyjac-spadek-z-dobrodziejstwem-inwentarza-i-kto-placi-za-sporzadzenie-spisu-lub-wykazu-inwentarza\/\" data-type=\"URL\" data-id=\"https:\/\/zmianawarty.pl\/co-to-znaczy-przyjac-spadek-z-dobrodziejstwem-inwentarza-i-kto-placi-za-sporzadzenie-spisu-lub-wykazu-inwentarza\/\" target=\"_blank\">Co to znaczy przyj\u0105\u0107 spadek z dobrodziejstwem inwentarza i kto p\u0142aci za sporz\u0105dzenie spisu (lub wykazu) inwentarza? <\/a><\/em>na portalu zmianawarty.pl. <\/p>\n\n\n\n<p>Podkre\u015bli\u0107 trzeba, \u017ce termin, w kt\u00f3rym spadkobierca mo\u017ce ograniczy\u0107 swoj\u0105 odpowiedzialno\u015b\u0107 za zobowi\u0105zania liczony jest od dnia stwierdzenia nabycia spadku, a zatem biegnie on r\u00f3wnocze\u015bnie z terminem na zg\u0142oszenie \u017c\u0105dania przekszta\u0142cenia. Tym samym, je\u015bli do przekszta\u0142cenia sp\u00f3\u0142ki jawnej nie dojdzie w terminie sze\u015bciu miesi\u0119cy od dnia stwierdzenia nabycia spadku, spadkobierca wsp\u00f3lnika b\u0119dzie odpowiada\u0142 za wszystkie zobowi\u0105zania sp\u00f3\u0142ki ca\u0142ym swoim maj\u0105tkiem. W praktyce oznacza to, \u017ce \u017c\u0105danie przekszta\u0142cenia powinno zosta\u0107 z\u0142o\u017cone jak najwcze\u015bniej, aby ca\u0142a procedura przekszta\u0142cenia sp\u00f3\u0142ki jawnej (albo jej rozwi\u0105zanie) zako\u0144czy\u0142a si\u0119 w terminie sze\u015bciu miesi\u0119cy od dnia stwierdzenia nabycia spadku.<\/p>\n\n\n\n<p>Przekszta\u0142cenie sp\u00f3\u0142ki jawnej przed spadkobierc\u0119 jest dobrym rozwi\u0105zaniem, kt\u00f3re mo\u017ce zapewni\u0107 sp\u00f3\u0142ce jej dalsze istnienie a samemu spadkobiercy na bezpieczne czerpanie zysk\u00f3w z prowadzonej przez ni\u0105 dzia\u0142alno\u015bci.<\/p>\n\n\n\n<p>Miko\u0142aj Stacherski<\/p>\n","protected":false},"excerpt":{"rendered":"<p>Wsp\u00f3lnicy sp\u00f3\u0142ki jawnej cz\u0119sto nie wiedz\u0105, \u017ce w przypadku \u015bmierci jednego z nich mo\u017ce doj\u015b\u0107 do sytuacji, w kt\u00f3rej pozostali wsp\u00f3lnicy b\u0119d\u0105 zmuszeni do przekszta\u0142cenia albo rozwi\u0105zania sp\u00f3\u0142ki jawnej. Przeczytaj nasz artyku\u0142 i dowiedz si\u0119 kto i na jakich zasadach mo\u017ce \u017c\u0105da\u0107 przekszta\u0142cenia sp\u00f3\u0142ki jawnej, a tak\u017ce kiedy warto z tego \u017c\u0105dania skorzysta\u0107. Kto i &hellip; <\/p>\n<p class=\"link-more\"><a href=\"https:\/\/pragmatiq.pl\/mniejszosciowi\/przeksztalcenie-spolki-jawnej-na-zadanie-spadkobiercy\/\" class=\"more-link\">Continue reading<span class=\"screen-reader-text\"> &#8222;Przekszta\u0142cenie sp\u00f3\u0142ki jawnej na \u017c\u0105danie spadkobiercy&#8221;<\/span><\/a><\/p>\n","protected":false},"author":11,"featured_media":95,"comment_status":"open","ping_status":"open","sticky":false,"template":"","format":"standard","meta":{"_acf_changed":false,"footnotes":""},"categories":[1,34],"tags":[26,27,29,28,25],"class_list":["post-749","post","type-post","status-publish","format-standard","has-post-thumbnail","hentry","category-bez-kategorii","category-spory-spadkobiercow","tag-odpowiedzialnosc-wspolnikow","tag-przeksztalcenie-spolki","tag-spolka-jawna","tag-spolka-komandytowa","tag-spolka-komandytowo-akcyjna"],"acf":[],"yoast_head":"<!-- This site is optimized with the Yoast SEO plugin v27.3 - https:\/\/yoast.com\/product\/yoast-seo-wordpress\/ -->\n<title>Przekszta\u0142cenie sp\u00f3\u0142ki jawnej na \u017c\u0105danie spadkobiercy | mniejszosciowi.pl<\/title>\n<meta name=\"robots\" content=\"index, follow, max-snippet:-1, max-image-preview:large, max-video-preview:-1\" \/>\n<link rel=\"canonical\" href=\"https:\/\/pragmatiq.pl\/mniejszosciowi\/przeksztalcenie-spolki-jawnej-na-zadanie-spadkobiercy\/\" \/>\n<meta property=\"og:locale\" content=\"pl_PL\" \/>\n<meta property=\"og:type\" content=\"article\" \/>\n<meta property=\"og:title\" content=\"Przekszta\u0142cenie sp\u00f3\u0142ki jawnej na \u017c\u0105danie spadkobiercy | mniejszosciowi.pl\" \/>\n<meta property=\"og:description\" content=\"Wsp\u00f3lnicy sp\u00f3\u0142ki jawnej cz\u0119sto nie wiedz\u0105, \u017ce w przypadku \u015bmierci jednego z nich mo\u017ce doj\u015b\u0107 do sytuacji, w kt\u00f3rej pozostali wsp\u00f3lnicy b\u0119d\u0105 zmuszeni do przekszta\u0142cenia albo rozwi\u0105zania sp\u00f3\u0142ki jawnej. Przeczytaj nasz artyku\u0142 i dowiedz si\u0119 kto i na jakich zasadach mo\u017ce \u017c\u0105da\u0107 przekszta\u0142cenia sp\u00f3\u0142ki jawnej, a tak\u017ce kiedy warto z tego \u017c\u0105dania skorzysta\u0107. Kto i &hellip; Continue reading &quot;Przekszta\u0142cenie sp\u00f3\u0142ki jawnej na \u017c\u0105danie spadkobiercy&quot;\" \/>\n<meta property=\"og:url\" content=\"https:\/\/pragmatiq.pl\/mniejszosciowi\/przeksztalcenie-spolki-jawnej-na-zadanie-spadkobiercy\/\" \/>\n<meta property=\"og:site_name\" content=\"Mniejszo\u015bciowi\" \/>\n<meta property=\"article:published_time\" content=\"2023-06-05T11:19:12+00:00\" \/>\n<meta property=\"article:modified_time\" content=\"2023-08-10T14:50:23+00:00\" \/>\n<meta property=\"og:image\" content=\"https:\/\/pragmatiq.pl\/mniejszosciowi\/wp-content\/uploads\/2018\/08\/mniejszosciowi_grafika_artyku\u0142-10.jpg\" \/>\n\t<meta property=\"og:image:width\" content=\"2000\" \/>\n\t<meta property=\"og:image:height\" content=\"625\" \/>\n\t<meta property=\"og:image:type\" content=\"image\/jpeg\" \/>\n<meta name=\"author\" content=\"magda\" \/>\n<meta name=\"twitter:card\" content=\"summary_large_image\" \/>\n<meta name=\"twitter:label1\" content=\"Napisane przez\" \/>\n\t<meta name=\"twitter:data1\" content=\"magda\" \/>\n\t<meta name=\"twitter:label2\" content=\"Szacowany czas czytania\" \/>\n\t<meta name=\"twitter:data2\" content=\"4 minuty\" \/>\n<script type=\"application\/ld+json\" class=\"yoast-schema-graph\">{\"@context\":\"https:\\\/\\\/schema.org\",\"@graph\":[{\"@type\":\"Article\",\"@id\":\"https:\\\/\\\/pragmatiq.pl\\\/mniejszosciowi\\\/przeksztalcenie-spolki-jawnej-na-zadanie-spadkobiercy\\\/#article\",\"isPartOf\":{\"@id\":\"https:\\\/\\\/pragmatiq.pl\\\/mniejszosciowi\\\/przeksztalcenie-spolki-jawnej-na-zadanie-spadkobiercy\\\/\"},\"author\":{\"name\":\"magda\",\"@id\":\"https:\\\/\\\/pragmatiq.pl\\\/mniejszosciowi\\\/#\\\/schema\\\/person\\\/ce906c20de720157b60733e123391613\"},\"headline\":\"Przekszta\u0142cenie sp\u00f3\u0142ki jawnej na \u017c\u0105danie spadkobiercy\",\"datePublished\":\"2023-06-05T11:19:12+00:00\",\"dateModified\":\"2023-08-10T14:50:23+00:00\",\"mainEntityOfPage\":{\"@id\":\"https:\\\/\\\/pragmatiq.pl\\\/mniejszosciowi\\\/przeksztalcenie-spolki-jawnej-na-zadanie-spadkobiercy\\\/\"},\"wordCount\":797,\"commentCount\":0,\"publisher\":{\"@id\":\"https:\\\/\\\/pragmatiq.pl\\\/mniejszosciowi\\\/#organization\"},\"image\":{\"@id\":\"https:\\\/\\\/pragmatiq.pl\\\/mniejszosciowi\\\/przeksztalcenie-spolki-jawnej-na-zadanie-spadkobiercy\\\/#primaryimage\"},\"thumbnailUrl\":\"https:\\\/\\\/pragmatiq.pl\\\/mniejszosciowi\\\/wp-content\\\/uploads\\\/2018\\\/08\\\/mniejszosciowi_grafika_artyku\u0142-10.jpg\",\"keywords\":[\"odpowiedzialno\u015b\u0107 wsp\u00f3lnik\u00f3w\",\"przekszta\u0142cenie sp\u00f3\u0142ki\",\"sp\u00f3\u0142ka jawna\",\"sp\u00f3\u0142ka komandytowa\",\"sp\u00f3\u0142ka komandytowo-akcyjna\"],\"articleSection\":{\"1\":\"Spory spadkobierc\u00f3w\"},\"inLanguage\":\"pl-PL\",\"potentialAction\":[{\"@type\":\"CommentAction\",\"name\":\"Comment\",\"target\":[\"https:\\\/\\\/pragmatiq.pl\\\/mniejszosciowi\\\/przeksztalcenie-spolki-jawnej-na-zadanie-spadkobiercy\\\/#respond\"]}]},{\"@type\":\"WebPage\",\"@id\":\"https:\\\/\\\/pragmatiq.pl\\\/mniejszosciowi\\\/przeksztalcenie-spolki-jawnej-na-zadanie-spadkobiercy\\\/\",\"url\":\"https:\\\/\\\/pragmatiq.pl\\\/mniejszosciowi\\\/przeksztalcenie-spolki-jawnej-na-zadanie-spadkobiercy\\\/\",\"name\":\"Przekszta\u0142cenie sp\u00f3\u0142ki jawnej na \u017c\u0105danie spadkobiercy | mniejszosciowi.pl\",\"isPartOf\":{\"@id\":\"https:\\\/\\\/pragmatiq.pl\\\/mniejszosciowi\\\/#website\"},\"primaryImageOfPage\":{\"@id\":\"https:\\\/\\\/pragmatiq.pl\\\/mniejszosciowi\\\/przeksztalcenie-spolki-jawnej-na-zadanie-spadkobiercy\\\/#primaryimage\"},\"image\":{\"@id\":\"https:\\\/\\\/pragmatiq.pl\\\/mniejszosciowi\\\/przeksztalcenie-spolki-jawnej-na-zadanie-spadkobiercy\\\/#primaryimage\"},\"thumbnailUrl\":\"https:\\\/\\\/pragmatiq.pl\\\/mniejszosciowi\\\/wp-content\\\/uploads\\\/2018\\\/08\\\/mniejszosciowi_grafika_artyku\u0142-10.jpg\",\"datePublished\":\"2023-06-05T11:19:12+00:00\",\"dateModified\":\"2023-08-10T14:50:23+00:00\",\"breadcrumb\":{\"@id\":\"https:\\\/\\\/pragmatiq.pl\\\/mniejszosciowi\\\/przeksztalcenie-spolki-jawnej-na-zadanie-spadkobiercy\\\/#breadcrumb\"},\"inLanguage\":\"pl-PL\",\"potentialAction\":[{\"@type\":\"ReadAction\",\"target\":[\"https:\\\/\\\/pragmatiq.pl\\\/mniejszosciowi\\\/przeksztalcenie-spolki-jawnej-na-zadanie-spadkobiercy\\\/\"]}]},{\"@type\":\"ImageObject\",\"inLanguage\":\"pl-PL\",\"@id\":\"https:\\\/\\\/pragmatiq.pl\\\/mniejszosciowi\\\/przeksztalcenie-spolki-jawnej-na-zadanie-spadkobiercy\\\/#primaryimage\",\"url\":\"https:\\\/\\\/pragmatiq.pl\\\/mniejszosciowi\\\/wp-content\\\/uploads\\\/2018\\\/08\\\/mniejszosciowi_grafika_artyku\u0142-10.jpg\",\"contentUrl\":\"https:\\\/\\\/pragmatiq.pl\\\/mniejszosciowi\\\/wp-content\\\/uploads\\\/2018\\\/08\\\/mniejszosciowi_grafika_artyku\u0142-10.jpg\",\"width\":2000,\"height\":625},{\"@type\":\"BreadcrumbList\",\"@id\":\"https:\\\/\\\/pragmatiq.pl\\\/mniejszosciowi\\\/przeksztalcenie-spolki-jawnej-na-zadanie-spadkobiercy\\\/#breadcrumb\",\"itemListElement\":[{\"@type\":\"ListItem\",\"position\":1,\"name\":\"Strona g\u0142\u00f3wna\",\"item\":\"https:\\\/\\\/pragmatiq.pl\\\/mniejszosciowi\\\/\"},{\"@type\":\"ListItem\",\"position\":2,\"name\":\"Przekszta\u0142cenie sp\u00f3\u0142ki jawnej na&nbsp;\u017c\u0105danie spadkobiercy\"}]},{\"@type\":\"WebSite\",\"@id\":\"https:\\\/\\\/pragmatiq.pl\\\/mniejszosciowi\\\/#website\",\"url\":\"https:\\\/\\\/pragmatiq.pl\\\/mniejszosciowi\\\/\",\"name\":\"Mniejszo\u015bciowi\",\"description\":\"\",\"publisher\":{\"@id\":\"https:\\\/\\\/pragmatiq.pl\\\/mniejszosciowi\\\/#organization\"},\"potentialAction\":[{\"@type\":\"SearchAction\",\"target\":{\"@type\":\"EntryPoint\",\"urlTemplate\":\"https:\\\/\\\/pragmatiq.pl\\\/mniejszosciowi\\\/?s={search_term_string}\"},\"query-input\":{\"@type\":\"PropertyValueSpecification\",\"valueRequired\":true,\"valueName\":\"search_term_string\"}}],\"inLanguage\":\"pl-PL\"},{\"@type\":\"Organization\",\"@id\":\"https:\\\/\\\/pragmatiq.pl\\\/mniejszosciowi\\\/#organization\",\"name\":\"Mniejszo\u015bciowi\",\"url\":\"https:\\\/\\\/pragmatiq.pl\\\/mniejszosciowi\\\/\",\"logo\":{\"@type\":\"ImageObject\",\"inLanguage\":\"pl-PL\",\"@id\":\"https:\\\/\\\/pragmatiq.pl\\\/mniejszosciowi\\\/#\\\/schema\\\/logo\\\/image\\\/\",\"url\":\"https:\\\/\\\/pragmatiq.pl\\\/mniejszosciowi\\\/wp-content\\\/uploads\\\/2018\\\/05\\\/cropped-logo.png\",\"contentUrl\":\"https:\\\/\\\/pragmatiq.pl\\\/mniejszosciowi\\\/wp-content\\\/uploads\\\/2018\\\/05\\\/cropped-logo.png\",\"width\":952,\"height\":250,\"caption\":\"Mniejszo\u015bciowi\"},\"image\":{\"@id\":\"https:\\\/\\\/pragmatiq.pl\\\/mniejszosciowi\\\/#\\\/schema\\\/logo\\\/image\\\/\"}},{\"@type\":\"Person\",\"@id\":\"https:\\\/\\\/pragmatiq.pl\\\/mniejszosciowi\\\/#\\\/schema\\\/person\\\/ce906c20de720157b60733e123391613\",\"name\":\"magda\",\"image\":{\"@type\":\"ImageObject\",\"inLanguage\":\"pl-PL\",\"@id\":\"https:\\\/\\\/secure.gravatar.com\\\/avatar\\\/6d24b7dcdb2aa81c311c2677433612c2566b3bbf8d7f5abdcd807de80d5f1fdc?s=96&d=mm&r=g\",\"url\":\"https:\\\/\\\/secure.gravatar.com\\\/avatar\\\/6d24b7dcdb2aa81c311c2677433612c2566b3bbf8d7f5abdcd807de80d5f1fdc?s=96&d=mm&r=g\",\"contentUrl\":\"https:\\\/\\\/secure.gravatar.com\\\/avatar\\\/6d24b7dcdb2aa81c311c2677433612c2566b3bbf8d7f5abdcd807de80d5f1fdc?s=96&d=mm&r=g\",\"caption\":\"magda\"},\"url\":\"https:\\\/\\\/pragmatiq.pl\\\/mniejszosciowi\\\/author\\\/magda\\\/\"}]}<\/script>\n<!-- \/ Yoast SEO plugin. -->","yoast_head_json":{"title":"Przekszta\u0142cenie sp\u00f3\u0142ki jawnej na \u017c\u0105danie spadkobiercy | mniejszosciowi.pl","robots":{"index":"index","follow":"follow","max-snippet":"max-snippet:-1","max-image-preview":"max-image-preview:large","max-video-preview":"max-video-preview:-1"},"canonical":"https:\/\/pragmatiq.pl\/mniejszosciowi\/przeksztalcenie-spolki-jawnej-na-zadanie-spadkobiercy\/","og_locale":"pl_PL","og_type":"article","og_title":"Przekszta\u0142cenie sp\u00f3\u0142ki jawnej na \u017c\u0105danie spadkobiercy | mniejszosciowi.pl","og_description":"Wsp\u00f3lnicy sp\u00f3\u0142ki jawnej cz\u0119sto nie wiedz\u0105, \u017ce w przypadku \u015bmierci jednego z nich mo\u017ce doj\u015b\u0107 do sytuacji, w kt\u00f3rej pozostali wsp\u00f3lnicy b\u0119d\u0105 zmuszeni do przekszta\u0142cenia albo rozwi\u0105zania sp\u00f3\u0142ki jawnej. Przeczytaj nasz artyku\u0142 i dowiedz si\u0119 kto i na jakich zasadach mo\u017ce \u017c\u0105da\u0107 przekszta\u0142cenia sp\u00f3\u0142ki jawnej, a tak\u017ce kiedy warto z tego \u017c\u0105dania skorzysta\u0107. Kto i &hellip; Continue reading \"Przekszta\u0142cenie sp\u00f3\u0142ki jawnej na \u017c\u0105danie spadkobiercy\"","og_url":"https:\/\/pragmatiq.pl\/mniejszosciowi\/przeksztalcenie-spolki-jawnej-na-zadanie-spadkobiercy\/","og_site_name":"Mniejszo\u015bciowi","article_published_time":"2023-06-05T11:19:12+00:00","article_modified_time":"2023-08-10T14:50:23+00:00","og_image":[{"width":2000,"height":625,"url":"https:\/\/pragmatiq.pl\/mniejszosciowi\/wp-content\/uploads\/2018\/08\/mniejszosciowi_grafika_artyku\u0142-10.jpg","type":"image\/jpeg"}],"author":"magda","twitter_card":"summary_large_image","twitter_misc":{"Napisane przez":"magda","Szacowany czas czytania":"4 minuty"},"schema":{"@context":"https:\/\/schema.org","@graph":[{"@type":"Article","@id":"https:\/\/pragmatiq.pl\/mniejszosciowi\/przeksztalcenie-spolki-jawnej-na-zadanie-spadkobiercy\/#article","isPartOf":{"@id":"https:\/\/pragmatiq.pl\/mniejszosciowi\/przeksztalcenie-spolki-jawnej-na-zadanie-spadkobiercy\/"},"author":{"name":"magda","@id":"https:\/\/pragmatiq.pl\/mniejszosciowi\/#\/schema\/person\/ce906c20de720157b60733e123391613"},"headline":"Przekszta\u0142cenie sp\u00f3\u0142ki jawnej na \u017c\u0105danie spadkobiercy","datePublished":"2023-06-05T11:19:12+00:00","dateModified":"2023-08-10T14:50:23+00:00","mainEntityOfPage":{"@id":"https:\/\/pragmatiq.pl\/mniejszosciowi\/przeksztalcenie-spolki-jawnej-na-zadanie-spadkobiercy\/"},"wordCount":797,"commentCount":0,"publisher":{"@id":"https:\/\/pragmatiq.pl\/mniejszosciowi\/#organization"},"image":{"@id":"https:\/\/pragmatiq.pl\/mniejszosciowi\/przeksztalcenie-spolki-jawnej-na-zadanie-spadkobiercy\/#primaryimage"},"thumbnailUrl":"https:\/\/pragmatiq.pl\/mniejszosciowi\/wp-content\/uploads\/2018\/08\/mniejszosciowi_grafika_artyku\u0142-10.jpg","keywords":["odpowiedzialno\u015b\u0107 wsp\u00f3lnik\u00f3w","przekszta\u0142cenie sp\u00f3\u0142ki","sp\u00f3\u0142ka jawna","sp\u00f3\u0142ka komandytowa","sp\u00f3\u0142ka komandytowo-akcyjna"],"articleSection":{"1":"Spory spadkobierc\u00f3w"},"inLanguage":"pl-PL","potentialAction":[{"@type":"CommentAction","name":"Comment","target":["https:\/\/pragmatiq.pl\/mniejszosciowi\/przeksztalcenie-spolki-jawnej-na-zadanie-spadkobiercy\/#respond"]}]},{"@type":"WebPage","@id":"https:\/\/pragmatiq.pl\/mniejszosciowi\/przeksztalcenie-spolki-jawnej-na-zadanie-spadkobiercy\/","url":"https:\/\/pragmatiq.pl\/mniejszosciowi\/przeksztalcenie-spolki-jawnej-na-zadanie-spadkobiercy\/","name":"Przekszta\u0142cenie sp\u00f3\u0142ki jawnej na \u017c\u0105danie spadkobiercy | mniejszosciowi.pl","isPartOf":{"@id":"https:\/\/pragmatiq.pl\/mniejszosciowi\/#website"},"primaryImageOfPage":{"@id":"https:\/\/pragmatiq.pl\/mniejszosciowi\/przeksztalcenie-spolki-jawnej-na-zadanie-spadkobiercy\/#primaryimage"},"image":{"@id":"https:\/\/pragmatiq.pl\/mniejszosciowi\/przeksztalcenie-spolki-jawnej-na-zadanie-spadkobiercy\/#primaryimage"},"thumbnailUrl":"https:\/\/pragmatiq.pl\/mniejszosciowi\/wp-content\/uploads\/2018\/08\/mniejszosciowi_grafika_artyku\u0142-10.jpg","datePublished":"2023-06-05T11:19:12+00:00","dateModified":"2023-08-10T14:50:23+00:00","breadcrumb":{"@id":"https:\/\/pragmatiq.pl\/mniejszosciowi\/przeksztalcenie-spolki-jawnej-na-zadanie-spadkobiercy\/#breadcrumb"},"inLanguage":"pl-PL","potentialAction":[{"@type":"ReadAction","target":["https:\/\/pragmatiq.pl\/mniejszosciowi\/przeksztalcenie-spolki-jawnej-na-zadanie-spadkobiercy\/"]}]},{"@type":"ImageObject","inLanguage":"pl-PL","@id":"https:\/\/pragmatiq.pl\/mniejszosciowi\/przeksztalcenie-spolki-jawnej-na-zadanie-spadkobiercy\/#primaryimage","url":"https:\/\/pragmatiq.pl\/mniejszosciowi\/wp-content\/uploads\/2018\/08\/mniejszosciowi_grafika_artyku\u0142-10.jpg","contentUrl":"https:\/\/pragmatiq.pl\/mniejszosciowi\/wp-content\/uploads\/2018\/08\/mniejszosciowi_grafika_artyku\u0142-10.jpg","width":2000,"height":625},{"@type":"BreadcrumbList","@id":"https:\/\/pragmatiq.pl\/mniejszosciowi\/przeksztalcenie-spolki-jawnej-na-zadanie-spadkobiercy\/#breadcrumb","itemListElement":[{"@type":"ListItem","position":1,"name":"Strona g\u0142\u00f3wna","item":"https:\/\/pragmatiq.pl\/mniejszosciowi\/"},{"@type":"ListItem","position":2,"name":"Przekszta\u0142cenie sp\u00f3\u0142ki jawnej na&nbsp;\u017c\u0105danie spadkobiercy"}]},{"@type":"WebSite","@id":"https:\/\/pragmatiq.pl\/mniejszosciowi\/#website","url":"https:\/\/pragmatiq.pl\/mniejszosciowi\/","name":"Mniejszo\u015bciowi","description":"","publisher":{"@id":"https:\/\/pragmatiq.pl\/mniejszosciowi\/#organization"},"potentialAction":[{"@type":"SearchAction","target":{"@type":"EntryPoint","urlTemplate":"https:\/\/pragmatiq.pl\/mniejszosciowi\/?s={search_term_string}"},"query-input":{"@type":"PropertyValueSpecification","valueRequired":true,"valueName":"search_term_string"}}],"inLanguage":"pl-PL"},{"@type":"Organization","@id":"https:\/\/pragmatiq.pl\/mniejszosciowi\/#organization","name":"Mniejszo\u015bciowi","url":"https:\/\/pragmatiq.pl\/mniejszosciowi\/","logo":{"@type":"ImageObject","inLanguage":"pl-PL","@id":"https:\/\/pragmatiq.pl\/mniejszosciowi\/#\/schema\/logo\/image\/","url":"https:\/\/pragmatiq.pl\/mniejszosciowi\/wp-content\/uploads\/2018\/05\/cropped-logo.png","contentUrl":"https:\/\/pragmatiq.pl\/mniejszosciowi\/wp-content\/uploads\/2018\/05\/cropped-logo.png","width":952,"height":250,"caption":"Mniejszo\u015bciowi"},"image":{"@id":"https:\/\/pragmatiq.pl\/mniejszosciowi\/#\/schema\/logo\/image\/"}},{"@type":"Person","@id":"https:\/\/pragmatiq.pl\/mniejszosciowi\/#\/schema\/person\/ce906c20de720157b60733e123391613","name":"magda","image":{"@type":"ImageObject","inLanguage":"pl-PL","@id":"https:\/\/secure.gravatar.com\/avatar\/6d24b7dcdb2aa81c311c2677433612c2566b3bbf8d7f5abdcd807de80d5f1fdc?s=96&d=mm&r=g","url":"https:\/\/secure.gravatar.com\/avatar\/6d24b7dcdb2aa81c311c2677433612c2566b3bbf8d7f5abdcd807de80d5f1fdc?s=96&d=mm&r=g","contentUrl":"https:\/\/secure.gravatar.com\/avatar\/6d24b7dcdb2aa81c311c2677433612c2566b3bbf8d7f5abdcd807de80d5f1fdc?s=96&d=mm&r=g","caption":"magda"},"url":"https:\/\/pragmatiq.pl\/mniejszosciowi\/author\/magda\/"}]}},"_links":{"self":[{"href":"https:\/\/pragmatiq.pl\/mniejszosciowi\/wp-json\/wp\/v2\/posts\/749","targetHints":{"allow":["GET"]}}],"collection":[{"href":"https:\/\/pragmatiq.pl\/mniejszosciowi\/wp-json\/wp\/v2\/posts"}],"about":[{"href":"https:\/\/pragmatiq.pl\/mniejszosciowi\/wp-json\/wp\/v2\/types\/post"}],"author":[{"embeddable":true,"href":"https:\/\/pragmatiq.pl\/mniejszosciowi\/wp-json\/wp\/v2\/users\/11"}],"replies":[{"embeddable":true,"href":"https:\/\/pragmatiq.pl\/mniejszosciowi\/wp-json\/wp\/v2\/comments?post=749"}],"version-history":[{"count":2,"href":"https:\/\/pragmatiq.pl\/mniejszosciowi\/wp-json\/wp\/v2\/posts\/749\/revisions"}],"predecessor-version":[{"id":751,"href":"https:\/\/pragmatiq.pl\/mniejszosciowi\/wp-json\/wp\/v2\/posts\/749\/revisions\/751"}],"wp:featuredmedia":[{"embeddable":true,"href":"https:\/\/pragmatiq.pl\/mniejszosciowi\/wp-json\/wp\/v2\/media\/95"}],"wp:attachment":[{"href":"https:\/\/pragmatiq.pl\/mniejszosciowi\/wp-json\/wp\/v2\/media?parent=749"}],"wp:term":[{"taxonomy":"category","embeddable":true,"href":"https:\/\/pragmatiq.pl\/mniejszosciowi\/wp-json\/wp\/v2\/categories?post=749"},{"taxonomy":"post_tag","embeddable":true,"href":"https:\/\/pragmatiq.pl\/mniejszosciowi\/wp-json\/wp\/v2\/tags?post=749"}],"curies":[{"name":"wp","href":"https:\/\/api.w.org\/{rel}","templated":true}]}}