{"id":742,"date":"2023-06-05T13:02:37","date_gmt":"2023-06-05T11:02:37","guid":{"rendered":"https:\/\/mniejszosciowi.pl\/?p=742"},"modified":"2025-08-26T11:37:34","modified_gmt":"2025-08-26T09:37:34","slug":"smierc-wspolnika-spolki-osobowej-skutki-dla-spolki","status":"publish","type":"post","link":"https:\/\/pragmatiq.pl\/mniejszosciowi\/smierc-wspolnika-spolki-osobowej-skutki-dla-spolki\/","title":{"rendered":"\u015amier\u0107 wsp\u00f3lnika sp\u00f3\u0142ki osobowej \u2013 skutki dla sp\u00f3\u0142ki"},"content":{"rendered":"\n<p><strong>\u015amier\u0107 wsp\u00f3lnika sp\u00f3\u0142ki osobowej stanowi cz\u0119sto ogromne wyzwanie dla pozosta\u0142ych wsp\u00f3lnik\u00f3w oraz dalszej dzia\u0142alno\u015bci sp\u00f3\u0142ki. W takiej sytuacji zazwyczaj dochodzi bowiem do zmiany uk\u0142adu si\u0142 w sp\u00f3\u0142ce, a tak\u017ce do konieczno\u015bci dokonania wielu zmian organizacyjnych zwi\u0105zanych z jej dzia\u0142aniem. W sp\u00f3\u0142kach osobowych to w\u0142a\u015bnie wsp\u00f3lnicy s\u0105 podstaw\u0105 funkcjonowania sp\u00f3\u0142ki \u2013 s\u0105 oni bowiem w wi\u0119kszo\u015bci przypadk\u00f3w mocno zaanga\u017cowani w dzia\u0142alno\u015b\u0107 przedsi\u0119biorstwa i osobi\u015bcie zajmuj\u0105 si\u0119 prowadzeniem jego spraw. Poni\u017cej przedstawiamy najwa\u017cniejsze informacje na temat tego, jakie skutki niesie dla sp\u00f3\u0142ki osobowej \u015bmier\u0107 jednego z jej wsp\u00f3lnik\u00f3w oraz jakie kroki warto podj\u0105\u0107 po \u015bmierci wsp\u00f3lnika, \u017ceby szybko i sprawnie poradzi\u0107 sobie z zaistnia\u0142ymi zmianami.<\/strong><\/p>\n\n\n\n<div id=\"ez-toc-container\" class=\"ez-toc-v2_0_82_2 counter-hierarchy ez-toc-counter ez-toc-grey ez-toc-container-direction\">\n<nav><ul class='ez-toc-list ez-toc-list-level-1 ' ><li class='ez-toc-page-1 ez-toc-heading-level-2'><a class=\"ez-toc-link ez-toc-heading-1\" href=\"https:\/\/pragmatiq.pl\/mniejszosciowi\/smierc-wspolnika-spolki-osobowej-skutki-dla-spolki\/#Smierc_wspolnika_spolki_osobowej_a_kontynuacja_dzialalnosci_spolki\" >\u015amier\u0107 wsp\u00f3lnika sp\u00f3\u0142ki osobowej a kontynuacja dzia\u0142alno\u015bci sp\u00f3\u0142ki<\/a><\/li><li class='ez-toc-page-1 ez-toc-heading-level-2'><a class=\"ez-toc-link ez-toc-heading-2\" href=\"https:\/\/pragmatiq.pl\/mniejszosciowi\/smierc-wspolnika-spolki-osobowej-skutki-dla-spolki\/#Kiedy_spadkobiercy_wstepuja_do_spolki\" >Kiedy spadkobiercy wst\u0119puj\u0105 do sp\u00f3\u0142ki?<\/a><\/li><li class='ez-toc-page-1 ez-toc-heading-level-2'><a class=\"ez-toc-link ez-toc-heading-3\" href=\"https:\/\/pragmatiq.pl\/mniejszosciowi\/smierc-wspolnika-spolki-osobowej-skutki-dla-spolki\/#Dziedziczenie_ogolu_praw_i_obowiazkow_przez_kilku_spadkobiercow\" >Dziedziczenie og\u00f3\u0142u praw i obowi\u0105zk\u00f3w przez kilku spadkobierc\u00f3w<\/a><\/li><li class='ez-toc-page-1 ez-toc-heading-level-2'><a class=\"ez-toc-link ez-toc-heading-4\" href=\"https:\/\/pragmatiq.pl\/mniejszosciowi\/smierc-wspolnika-spolki-osobowej-skutki-dla-spolki\/#Smierc_wspolnika_spolki_osobowej_%E2%80%93_jakie_kroki_podjac\" >\u015amier\u0107 wsp\u00f3lnika sp\u00f3\u0142ki osobowej \u2013 jakie kroki podj\u0105\u0107?<\/a><\/li><\/ul><\/nav><\/div>\n<h2 class=\"wp-block-heading\"><span class=\"ez-toc-section\" id=\"Smierc_wspolnika_spolki_osobowej_a_kontynuacja_dzialalnosci_spolki\"><\/span>\u015amier\u0107 wsp\u00f3lnika sp\u00f3\u0142ki osobowej a kontynuacja dzia\u0142alno\u015bci sp\u00f3\u0142ki<span class=\"ez-toc-section-end\"><\/span><\/h2>\n\n\n\n<p>Co do zasady, \u015bmier\u0107 wsp\u00f3lnika sp\u00f3\u0142ki osobowej prowadzi do rozwi\u0105zania umowy sp\u00f3\u0142ki i zako\u0144czenia jej dzia\u0142alno\u015bci. Oznacza to, \u017ce je\u017celi umowa sp\u00f3\u0142ki nie przewiduje, \u017ce \u015bmier\u0107 wsp\u00f3lnika nie stanowi przes\u0142anki do rozwi\u0105zania sp\u00f3\u0142ki lub te\u017c pozostali wsp\u00f3lnicy nie postanowi\u0105, \u017ce chc\u0105 kontynuowa\u0107 dzia\u0142alno\u015b\u0107, to sp\u00f3\u0142ka ulega rozwi\u0105zaniu. Konieczne jest w\u00f3wczas przeprowadzenie likwidacji, kt\u00f3rej celem jest up\u0142ynnienie maj\u0105tku sp\u00f3\u0142ki oraz zako\u0144czenie wszystkich jej interes\u00f3w. Maj\u0105tek pozosta\u0142y po przeprowadzeniu post\u0119powania likwidacyjnego oraz po zaspokojeniu wszystkich wierzycieli dzielony jest pomi\u0119dzy wsp\u00f3lnik\u00f3w sp\u00f3\u0142ki oraz spadkobierc\u00f3w zmar\u0142ego wsp\u00f3lnika, stosownie do postanowie\u0144 umowy sp\u00f3\u0142ki, a w przypadku ich braku, zgodnie z przepisami kodeksu sp\u00f3\u0142ek handlowych. Mo\u017cliwe jest r\u00f3wnie\u017c zako\u0144czenie dzia\u0142alno\u015bci sp\u00f3\u0142ki w inny spos\u00f3b i unikni\u0119cie procedury likwidacji, je\u015bli pomi\u0119dzy wsp\u00f3lnikami b\u0119dzie zgoda co do takiego rozwi\u0105zania. W takiej sytuacji mo\u017cliwa jest na przyk\u0142ad sprzeda\u017c ca\u0142ego przedsi\u0119biorstwa sp\u00f3\u0142ki na rzecz jednego z jej wsp\u00f3lnik\u00f3w i podzia\u0142 uzyskanych w ten spos\u00f3b \u015brodk\u00f3w pieni\u0119\u017cnych pomi\u0119dzy pozosta\u0142ych wsp\u00f3lnik\u00f3w oraz spadkobierc\u00f3w. W praktyce jest to korzystne rozwi\u0105zanie, gdy\u017c pozwala znacz\u0105co skr\u00f3ci\u0107 okres, w kt\u00f3rym dojdzie do zako\u0144czenia dzia\u0142alno\u015bci sp\u00f3\u0142ki.<\/p>\n\n\n\n<p>W przypadku sp\u00f3\u0142ki komandytowej przyczyn\u0119 rozwi\u0105zania sp\u00f3\u0142ki stanowi \u015bmier\u0107 ka\u017cdego komplementariusza. Wynika to z tego, \u017ce w sp\u00f3\u0142ce komandytowej to komplementariusze s\u0105 najcz\u0119\u015bciej wsp\u00f3lnikami odpowiedzialnymi za dzia\u0142alno\u015b\u0107 sp\u00f3\u0142ki, zajmuj\u0105 si\u0119 jej sprawami i rozwijaj\u0105 j\u0105, natomiast udzia\u0142 komandytariuszy ma najcz\u0119\u015bciej charakter pasywny. Natomiast rozwi\u0105zanie sp\u00f3\u0142ki komandytowo &#8211; akcyjnej powoduje wy\u0142\u0105cznie \u015bmier\u0107 jedynego komplementariusza sp\u00f3\u0142ki. Mo\u017cliwe jest odmienne uregulowanie tej kwestii w statucie sp\u00f3\u0142ki. Je\u017celi jednak wsp\u00f3lnicy sp\u00f3\u0142ki postanowi\u0105, \u017ce pomimo \u015bmierci jedynego komplementariusza sp\u00f3\u0142ka trwa nadal, warunkiem tego jest jednoczesne uzyskanie przez inn\u0105 osob\u0119 statusu komplementariusza w sp\u00f3\u0142ce.<\/p>\n\n\n\n<p>Sp\u00f3\u0142ka osobowa mo\u017ce kontynuowa\u0107 swoj\u0105 dzia\u0142alno\u015b\u0107 tak\u017ce w\u00f3wczas, gdy pomimo braku odpowiednich postanowie\u0144 umowy pozostali wsp\u00f3lnicy postanowi\u0105 o dalszym istnieniu sp\u00f3\u0142ki. Uzgodnienie takie powinno nast\u0105pi\u0107 niezw\u0142ocznie po \u015bmierci wsp\u00f3lnika. W przeciwnym wypadku spadkobiercy zmar\u0142ego wsp\u00f3lnika b\u0119d\u0105 mogli domaga\u0107 si\u0119 przeprowadzenia likwidacji sp\u00f3\u0142ki.<\/p>\n\n\n\n<figure class=\"wp-block-pullquote\"><blockquote><p><strong><span class=\"has-inline-color has-vivid-red-color\">Praktyczne kompendium wiedzy o biznesowej sukcesji! <\/span><\/strong><a rel=\"noreferrer noopener\" href=\"https:\/\/zmianawarty.pl\/ksiazka\/\" data-type=\"URL\" data-id=\"https:\/\/zmianawarty.pl\/ksiazka\/\" target=\"_blank\"><span class=\"has-inline-color has-vivid-red-color\"><strong>Sprawd\u017a nasz\u0105 ksi\u0105\u017ck\u0119<\/strong>.<\/span><\/a><\/p><\/blockquote><\/figure>\n\n\n\n<h2 class=\"wp-block-heading\"><span class=\"ez-toc-section\" id=\"Kiedy_spadkobiercy_wstepuja_do_spolki\"><\/span>Kiedy spadkobiercy wst\u0119puj\u0105 do sp\u00f3\u0142ki?<span class=\"ez-toc-section-end\"><\/span><\/h2>\n\n\n\n<p>Umowa sp\u00f3\u0142ki mo\u017ce jednak przewidywa\u0107, \u017ce pomimo \u015bmierci wsp\u00f3lnika sp\u00f3\u0142ka trwa nadal, a nawet mo\u017ce regulowa\u0107 dalej id\u0105ce kwestie zwi\u0105zane z dziedziczeniem og\u00f3\u0142u praw i obowi\u0105zk\u00f3w. Mo\u017cliwe jest na przyk\u0142ad wskazanie bezpo\u015brednio z imienia i nazwiska spadkobierc\u00f3w wst\u0119puj\u0105cych w miejsce zmar\u0142ego wsp\u00f3lnika. Dopuszczalne jest tak\u017ce ca\u0142kowite wy\u0142\u0105czenie mo\u017cliwo\u015bci wst\u0105pienia spadkobierc\u00f3w zmar\u0142ego wsp\u00f3lnika do sp\u00f3\u0142ki, z obowi\u0105zkiem dokonania na ich rzecz odpowiedniej sp\u0142aty. Wi\u0119cej na temat mo\u017cliwo\u015bci uregulowania w umowie sp\u00f3\u0142ki kwestii zwi\u0105zanych z sukcesj\u0105 piszemy w artykule<a href=\"https:\/\/pragmatiq.pl\/mniejszosciowi\/jak-umowy-i-statuty-wplywaja-na-dziedziczenie\/\" target=\"_blank\" rel=\"noreferrer noopener\"> Jak umowy i statuty wp\u0142ywaj\u0105 na dziedziczenie?<\/a><\/p>\n\n\n\n<p>Og\u00f3\u0142 praw i obowi\u0105zk\u00f3w w sp\u00f3\u0142ce osobowej mo\u017ce by\u0107 r\u00f3wnie\u017c przedmiotem zapisu zwyk\u0142ego lub zapisu windykacyjnego, kt\u00f3ry mo\u017ce zosta\u0107 uczyniony zar\u00f3wno na rzecz jednej, jak i kilku os\u00f3b. W tym wypadku to zapisobiercy wst\u0119puj\u0105 do sp\u00f3\u0142ki na miejsce zmar\u0142ego na takich samych zasadach jak spadkobiercy.<\/p>\n\n\n\n<p>Dodatkowo, w sp\u00f3\u0142ce jawnej, w kt\u00f3rej spadkobiercy wst\u0105pili do sp\u00f3\u0142ki w miejsce zmar\u0142ego wsp\u00f3lnika, mog\u0105 oni \u017c\u0105da\u0107 przekszta\u0142cenia sp\u00f3\u0142ki w sp\u00f3\u0142k\u0119 komandytow\u0105 i przyznania im statusu komandytariusza. Wi\u0119cej na ten temat piszemy w artykule<a href=\"https:\/\/pragmatiq.pl\/mniejszosciowi\/przeksztalcenie-spolki-jawnej-na-zadanie-spadkobiercy\/\" target=\"_blank\" rel=\"noreferrer noopener\"> Przekszta\u0142cenie sp\u00f3\u0142ki jawnej na \u017c\u0105danie spadkobiercy<\/a> <\/p>\n\n\n\n<h2 class=\"wp-block-heading\"><span class=\"ez-toc-section\" id=\"Dziedziczenie_ogolu_praw_i_obowiazkow_przez_kilku_spadkobiercow\"><\/span>Dziedziczenie og\u00f3\u0142u praw i obowi\u0105zk\u00f3w przez kilku spadkobierc\u00f3w<span class=\"ez-toc-section-end\"><\/span><\/h2>\n\n\n\n<p>Odziedziczenie og\u00f3\u0142u praw i obowi\u0105zk\u00f3w w sp\u00f3\u0142ce osobowej przez kilku spadkobierc\u00f3w to wyzwanie dla sp\u00f3\u0142ki, jak i dla samych spadkobierc\u00f3w. W takiej sytuacji spadkobiercy przyst\u0119puj\u0105 do sp\u00f3\u0142ki jako jeden wsp\u00f3lnik zbiorowy, a nie ka\u017cdy z nich z osobna. Konflikt spadkobierc\u00f3w lub przed\u0142u\u017caj\u0105ce si\u0119 post\u0119powanie spadkowe mo\u017ce doprowadzi\u0107 do chaosu, a cz\u0119sto nawet do parali\u017cu decyzyjnego w sp\u00f3\u0142ce, st\u0105d tak wa\u017cne jest uregulowanie kwestii dziedziczenia w sp\u00f3\u0142kach osobowych za \u017cycia jej wsp\u00f3lnik\u00f3w.<\/p>\n\n\n\n<p>Je\u017celi zmar\u0142y pozostawi\u0142 po sobie kilku spadkobierc\u00f3w, powinni oni wskaza\u0107 sp\u00f3\u0142ce jedn\u0105 osob\u0119 do wykonywania ich praw w sp\u00f3\u0142ce \u2013 b\u0119dzie to tak zwany wsp\u00f3lny przedstawiciel spadkobierc\u00f3w. Wi\u0119cej na ten temat piszemy w artykule Wsp\u00f3lny przedstawiciel spadkobierc\u00f3w \u2013 czyli jak spadkobiercy zmar\u0142ego wsp\u00f3lnika wykonuj\u0105 prawa w sp\u00f3\u0142ce? (3).<\/p>\n\n\n\n<p>Oczywi\u015bcie mo\u017cliwe jest r\u00f3wnie\u017c przyznanie og\u00f3\u0142u praw i obowi\u0105zk\u00f3w w sp\u00f3\u0142ce tylko jednemu ze spadkobierc\u00f3w w drodze dzia\u0142u spadku. Takie rozwi\u0105zanie jest jednak uzale\u017cnione w g\u0142\u00f3wnej mierze od mo\u017cliwo\u015bci porozumienia si\u0119 spadkobierc\u00f3w co do sposobu podzia\u0142u maj\u0105tku spadkowego, a w konsekwencji \u2013 co do dalszych los\u00f3w sp\u00f3\u0142ki.<\/p>\n\n\n\n<p>Konflikt spadkobierc\u00f3w mo\u017ce doprowadzi\u0107 do niemo\u017cno\u015bci prowadzenia bie\u017c\u0105cej dzia\u0142alno\u015bci sp\u00f3\u0142ki, jak r\u00f3wnie\u017c zagra\u017ca\u0107 samym spadkobiercom, kt\u00f3rzy nie b\u0119d\u0105 mogli reprezentowa\u0107 swoich interes\u00f3w w sp\u00f3\u0142ce oraz mie\u0107 wp\u0142ywu na jej dzia\u0142alno\u015b\u0107. Wi\u0119cej na ten temat piszemy w artykule <a href=\"https:\/\/pragmatiq.pl\/mniejszosciowi\/dziedziczenie-udzialow-w-spolce-osobowej-przez-kilku-spadkobiercow\/\" target=\"_blank\" rel=\"noreferrer noopener\">Dziedziczenie udzia\u0142\u00f3w w sp\u00f3\u0142ce osobowej przez kilku spadkobierc\u00f3w<\/a>.<\/p>\n\n\n\n<h2 class=\"wp-block-heading\"><span class=\"ez-toc-section\" id=\"Smierc_wspolnika_spolki_osobowej_%E2%80%93_jakie_kroki_podjac\"><\/span>\u015amier\u0107 wsp\u00f3lnika sp\u00f3\u0142ki osobowej \u2013 jakie kroki podj\u0105\u0107?<span class=\"ez-toc-section-end\"><\/span><\/h2>\n\n\n\n<p>W sytuacji, w kt\u00f3rej dochodzi do \u015bmierci jednego z jej wsp\u00f3lnik\u00f3w warto jest jak najszybciej ustali\u0107 dalszy plan post\u0119powania, kt\u00f3ry zapewni nieprzerwane funkcjonowanie sp\u00f3\u0142ki i doprowadzi do jak najszybszego uregulowania jej sytuacji prawnej. W tym celu nale\u017cy:<\/p>\n\n\n\n<p>&#8211; ustali\u0107 jakie s\u0105 postanowienia umowy sp\u00f3\u0142ki oraz innych porozumie\u0144 wsp\u00f3lnik\u00f3w w zakresie wst\u0105pienia do sp\u00f3\u0142ki spadkobierc\u00f3w lub te\u017c ich ewentualnej sp\u0142aty,<\/p>\n\n\n\n<p>&#8211; zweryfikowa\u0107 w jaki spos\u00f3b zmar\u0142y wsp\u00f3lnik rozporz\u0105dzi\u0142 swoim maj\u0105tkiem (czy pozostawi\u0142 testament), celem ustalenia kr\u0119gu spadkobierc\u00f3w oraz zakresu przys\u0142uguj\u0105cych im praw,<\/p>\n\n\n\n<p>&#8211; przeanalizowa\u0107 kwestie zwi\u0105zane z reprezentacj\u0105 sp\u00f3\u0142ki czy podejmowaniem uchwa\u0142 celem ustalenia czy sp\u00f3\u0142ka jest w stanie dalej dzia\u0142a\u0107,<\/p>\n\n\n\n<p>&#8211; sprawdzi\u0107 czy sp\u00f3\u0142ka ma wobec zmar\u0142ego wsp\u00f3lnika zobowi\u0105zania lub te\u017c czy do masy spadkowej wejd\u0105 roszczenia, jakie mia\u0142a sp\u00f3\u0142ka wzgl\u0119dem zmar\u0142ego wsp\u00f3lnika,<\/p>\n\n\n\n<p>&#8211; ustali\u0107 czy wsp\u00f3lnicy i spadkobiercy (je\u015bli wst\u0119puj\u0105 oni do sp\u00f3\u0142ki) maj\u0105 zamiar dalej prowadzi\u0107 dzia\u0142alno\u015b\u0107 sp\u00f3\u0142ki, a je\u015bli tak to w jaki kszta\u0142cie.<\/p>\n\n\n\n<p>Powy\u017csze kroki mog\u0105 u\u0142atwi\u0107 sp\u00f3\u0142ce kontynuowanie jej dzia\u0142alno\u015bci, mimo \u015bmierci jednego z jej wsp\u00f3lnik\u00f3w.<\/p>\n\n\n\n<p>Marta \u017bminkowska<\/p>\n","protected":false},"excerpt":{"rendered":"<p>Przeczytaj nasz artyku\u0142 i dowiedz si\u0119 jakie s\u0105 skutki \u015bmierci wsp\u00f3lnika w sp\u00f3\u0142ce osobowej.<\/p>\n","protected":false},"author":11,"featured_media":97,"comment_status":"open","ping_status":"open","sticky":false,"template":"","format":"standard","meta":{"_acf_changed":false,"footnotes":""},"categories":[1,34],"tags":[19,21,20,22],"class_list":["post-742","post","type-post","status-publish","format-standard","has-post-thumbnail","hentry","category-bez-kategorii","category-spory-spadkobiercow","tag-dziedziczenie-firmy","tag-smierc-wspolnika","tag-spolka-osobowa","tag-sukcesja-w-firmie"],"acf":[],"yoast_head":"<!-- This site is optimized with the Yoast SEO plugin v27.3 - https:\/\/yoast.com\/product\/yoast-seo-wordpress\/ -->\n<title>\u015amier\u0107 wsp\u00f3lnika sp\u00f3\u0142ki osobowej \u2013 skutki dla sp\u00f3\u0142ki | mniejszosciowi.pl<\/title>\n<meta name=\"robots\" content=\"index, follow, max-snippet:-1, max-image-preview:large, max-video-preview:-1\" \/>\n<link rel=\"canonical\" href=\"https:\/\/pragmatiq.pl\/mniejszosciowi\/smierc-wspolnika-spolki-osobowej-skutki-dla-spolki\/\" \/>\n<meta property=\"og:locale\" content=\"pl_PL\" \/>\n<meta property=\"og:type\" content=\"article\" \/>\n<meta property=\"og:title\" content=\"\u015amier\u0107 wsp\u00f3lnika sp\u00f3\u0142ki osobowej \u2013 skutki dla sp\u00f3\u0142ki | mniejszosciowi.pl\" \/>\n<meta property=\"og:description\" content=\"Przeczytaj nasz artyku\u0142 i dowiedz si\u0119 jakie s\u0105 skutki \u015bmierci wsp\u00f3lnika w sp\u00f3\u0142ce osobowej.\" \/>\n<meta property=\"og:url\" content=\"https:\/\/pragmatiq.pl\/mniejszosciowi\/smierc-wspolnika-spolki-osobowej-skutki-dla-spolki\/\" \/>\n<meta property=\"og:site_name\" content=\"Mniejszo\u015bciowi\" \/>\n<meta property=\"article:published_time\" content=\"2023-06-05T11:02:37+00:00\" \/>\n<meta property=\"article:modified_time\" content=\"2025-08-26T09:37:34+00:00\" \/>\n<meta property=\"og:image\" content=\"https:\/\/pragmatiq.pl\/mniejszosciowi\/wp-content\/uploads\/2018\/08\/mniejszosciowi_grafika_artyku\u0142-14-1.jpg\" \/>\n\t<meta property=\"og:image:width\" content=\"2000\" \/>\n\t<meta property=\"og:image:height\" content=\"625\" \/>\n\t<meta property=\"og:image:type\" content=\"image\/jpeg\" \/>\n<meta name=\"author\" content=\"magda\" \/>\n<meta name=\"twitter:card\" content=\"summary_large_image\" \/>\n<meta name=\"twitter:label1\" content=\"Napisane przez\" \/>\n\t<meta name=\"twitter:data1\" content=\"magda\" \/>\n\t<meta name=\"twitter:label2\" content=\"Szacowany czas czytania\" \/>\n\t<meta name=\"twitter:data2\" content=\"7 minut\" \/>\n<script type=\"application\/ld+json\" class=\"yoast-schema-graph\">{\"@context\":\"https:\\\/\\\/schema.org\",\"@graph\":[{\"@type\":\"Article\",\"@id\":\"https:\\\/\\\/pragmatiq.pl\\\/mniejszosciowi\\\/smierc-wspolnika-spolki-osobowej-skutki-dla-spolki\\\/#article\",\"isPartOf\":{\"@id\":\"https:\\\/\\\/pragmatiq.pl\\\/mniejszosciowi\\\/smierc-wspolnika-spolki-osobowej-skutki-dla-spolki\\\/\"},\"author\":{\"name\":\"magda\",\"@id\":\"https:\\\/\\\/pragmatiq.pl\\\/mniejszosciowi\\\/#\\\/schema\\\/person\\\/ce906c20de720157b60733e123391613\"},\"headline\":\"\u015amier\u0107 wsp\u00f3lnika sp\u00f3\u0142ki osobowej \u2013 skutki dla sp\u00f3\u0142ki\",\"datePublished\":\"2023-06-05T11:02:37+00:00\",\"dateModified\":\"2025-08-26T09:37:34+00:00\",\"mainEntityOfPage\":{\"@id\":\"https:\\\/\\\/pragmatiq.pl\\\/mniejszosciowi\\\/smierc-wspolnika-spolki-osobowej-skutki-dla-spolki\\\/\"},\"wordCount\":1332,\"commentCount\":0,\"publisher\":{\"@id\":\"https:\\\/\\\/pragmatiq.pl\\\/mniejszosciowi\\\/#organization\"},\"image\":{\"@id\":\"https:\\\/\\\/pragmatiq.pl\\\/mniejszosciowi\\\/smierc-wspolnika-spolki-osobowej-skutki-dla-spolki\\\/#primaryimage\"},\"thumbnailUrl\":\"https:\\\/\\\/pragmatiq.pl\\\/mniejszosciowi\\\/wp-content\\\/uploads\\\/2018\\\/08\\\/mniejszosciowi_grafika_artyku\u0142-14-1.jpg\",\"keywords\":[\"dziedziczenie firmy\",\"\u015bmier\u0107 wsp\u00f3lnika\",\"sp\u00f3\u0142ka osobowa\",\"sukcesja w firmie\"],\"articleSection\":{\"1\":\"Spory spadkobierc\u00f3w\"},\"inLanguage\":\"pl-PL\",\"potentialAction\":[{\"@type\":\"CommentAction\",\"name\":\"Comment\",\"target\":[\"https:\\\/\\\/pragmatiq.pl\\\/mniejszosciowi\\\/smierc-wspolnika-spolki-osobowej-skutki-dla-spolki\\\/#respond\"]}]},{\"@type\":\"WebPage\",\"@id\":\"https:\\\/\\\/pragmatiq.pl\\\/mniejszosciowi\\\/smierc-wspolnika-spolki-osobowej-skutki-dla-spolki\\\/\",\"url\":\"https:\\\/\\\/pragmatiq.pl\\\/mniejszosciowi\\\/smierc-wspolnika-spolki-osobowej-skutki-dla-spolki\\\/\",\"name\":\"\u015amier\u0107 wsp\u00f3lnika sp\u00f3\u0142ki osobowej \u2013 skutki dla sp\u00f3\u0142ki | mniejszosciowi.pl\",\"isPartOf\":{\"@id\":\"https:\\\/\\\/pragmatiq.pl\\\/mniejszosciowi\\\/#website\"},\"primaryImageOfPage\":{\"@id\":\"https:\\\/\\\/pragmatiq.pl\\\/mniejszosciowi\\\/smierc-wspolnika-spolki-osobowej-skutki-dla-spolki\\\/#primaryimage\"},\"image\":{\"@id\":\"https:\\\/\\\/pragmatiq.pl\\\/mniejszosciowi\\\/smierc-wspolnika-spolki-osobowej-skutki-dla-spolki\\\/#primaryimage\"},\"thumbnailUrl\":\"https:\\\/\\\/pragmatiq.pl\\\/mniejszosciowi\\\/wp-content\\\/uploads\\\/2018\\\/08\\\/mniejszosciowi_grafika_artyku\u0142-14-1.jpg\",\"datePublished\":\"2023-06-05T11:02:37+00:00\",\"dateModified\":\"2025-08-26T09:37:34+00:00\",\"breadcrumb\":{\"@id\":\"https:\\\/\\\/pragmatiq.pl\\\/mniejszosciowi\\\/smierc-wspolnika-spolki-osobowej-skutki-dla-spolki\\\/#breadcrumb\"},\"inLanguage\":\"pl-PL\",\"potentialAction\":[{\"@type\":\"ReadAction\",\"target\":[\"https:\\\/\\\/pragmatiq.pl\\\/mniejszosciowi\\\/smierc-wspolnika-spolki-osobowej-skutki-dla-spolki\\\/\"]}]},{\"@type\":\"ImageObject\",\"inLanguage\":\"pl-PL\",\"@id\":\"https:\\\/\\\/pragmatiq.pl\\\/mniejszosciowi\\\/smierc-wspolnika-spolki-osobowej-skutki-dla-spolki\\\/#primaryimage\",\"url\":\"https:\\\/\\\/pragmatiq.pl\\\/mniejszosciowi\\\/wp-content\\\/uploads\\\/2018\\\/08\\\/mniejszosciowi_grafika_artyku\u0142-14-1.jpg\",\"contentUrl\":\"https:\\\/\\\/pragmatiq.pl\\\/mniejszosciowi\\\/wp-content\\\/uploads\\\/2018\\\/08\\\/mniejszosciowi_grafika_artyku\u0142-14-1.jpg\",\"width\":2000,\"height\":625,\"caption\":\"Dost\u0119p do dokument\u00f3w sp\u00f3\u0142ki z o.o. \u2013 narz\u0119dzie kontroli dla mniejszo\u015bciowego wsp\u00f3lnika\"},{\"@type\":\"BreadcrumbList\",\"@id\":\"https:\\\/\\\/pragmatiq.pl\\\/mniejszosciowi\\\/smierc-wspolnika-spolki-osobowej-skutki-dla-spolki\\\/#breadcrumb\",\"itemListElement\":[{\"@type\":\"ListItem\",\"position\":1,\"name\":\"Strona g\u0142\u00f3wna\",\"item\":\"https:\\\/\\\/pragmatiq.pl\\\/mniejszosciowi\\\/\"},{\"@type\":\"ListItem\",\"position\":2,\"name\":\"\u015amier\u0107 wsp\u00f3lnika sp\u00f3\u0142ki osobowej \u2013 skutki dla sp\u00f3\u0142ki\"}]},{\"@type\":\"WebSite\",\"@id\":\"https:\\\/\\\/pragmatiq.pl\\\/mniejszosciowi\\\/#website\",\"url\":\"https:\\\/\\\/pragmatiq.pl\\\/mniejszosciowi\\\/\",\"name\":\"Mniejszo\u015bciowi\",\"description\":\"\",\"publisher\":{\"@id\":\"https:\\\/\\\/pragmatiq.pl\\\/mniejszosciowi\\\/#organization\"},\"potentialAction\":[{\"@type\":\"SearchAction\",\"target\":{\"@type\":\"EntryPoint\",\"urlTemplate\":\"https:\\\/\\\/pragmatiq.pl\\\/mniejszosciowi\\\/?s={search_term_string}\"},\"query-input\":{\"@type\":\"PropertyValueSpecification\",\"valueRequired\":true,\"valueName\":\"search_term_string\"}}],\"inLanguage\":\"pl-PL\"},{\"@type\":\"Organization\",\"@id\":\"https:\\\/\\\/pragmatiq.pl\\\/mniejszosciowi\\\/#organization\",\"name\":\"Mniejszo\u015bciowi\",\"url\":\"https:\\\/\\\/pragmatiq.pl\\\/mniejszosciowi\\\/\",\"logo\":{\"@type\":\"ImageObject\",\"inLanguage\":\"pl-PL\",\"@id\":\"https:\\\/\\\/pragmatiq.pl\\\/mniejszosciowi\\\/#\\\/schema\\\/logo\\\/image\\\/\",\"url\":\"https:\\\/\\\/pragmatiq.pl\\\/mniejszosciowi\\\/wp-content\\\/uploads\\\/2018\\\/05\\\/cropped-logo.png\",\"contentUrl\":\"https:\\\/\\\/pragmatiq.pl\\\/mniejszosciowi\\\/wp-content\\\/uploads\\\/2018\\\/05\\\/cropped-logo.png\",\"width\":952,\"height\":250,\"caption\":\"Mniejszo\u015bciowi\"},\"image\":{\"@id\":\"https:\\\/\\\/pragmatiq.pl\\\/mniejszosciowi\\\/#\\\/schema\\\/logo\\\/image\\\/\"}},{\"@type\":\"Person\",\"@id\":\"https:\\\/\\\/pragmatiq.pl\\\/mniejszosciowi\\\/#\\\/schema\\\/person\\\/ce906c20de720157b60733e123391613\",\"name\":\"magda\",\"image\":{\"@type\":\"ImageObject\",\"inLanguage\":\"pl-PL\",\"@id\":\"https:\\\/\\\/secure.gravatar.com\\\/avatar\\\/6d24b7dcdb2aa81c311c2677433612c2566b3bbf8d7f5abdcd807de80d5f1fdc?s=96&d=mm&r=g\",\"url\":\"https:\\\/\\\/secure.gravatar.com\\\/avatar\\\/6d24b7dcdb2aa81c311c2677433612c2566b3bbf8d7f5abdcd807de80d5f1fdc?s=96&d=mm&r=g\",\"contentUrl\":\"https:\\\/\\\/secure.gravatar.com\\\/avatar\\\/6d24b7dcdb2aa81c311c2677433612c2566b3bbf8d7f5abdcd807de80d5f1fdc?s=96&d=mm&r=g\",\"caption\":\"magda\"},\"url\":\"https:\\\/\\\/pragmatiq.pl\\\/mniejszosciowi\\\/author\\\/magda\\\/\"}]}<\/script>\n<!-- \/ Yoast SEO plugin. -->","yoast_head_json":{"title":"\u015amier\u0107 wsp\u00f3lnika sp\u00f3\u0142ki osobowej \u2013 skutki dla sp\u00f3\u0142ki | mniejszosciowi.pl","robots":{"index":"index","follow":"follow","max-snippet":"max-snippet:-1","max-image-preview":"max-image-preview:large","max-video-preview":"max-video-preview:-1"},"canonical":"https:\/\/pragmatiq.pl\/mniejszosciowi\/smierc-wspolnika-spolki-osobowej-skutki-dla-spolki\/","og_locale":"pl_PL","og_type":"article","og_title":"\u015amier\u0107 wsp\u00f3lnika sp\u00f3\u0142ki osobowej \u2013 skutki dla sp\u00f3\u0142ki | mniejszosciowi.pl","og_description":"Przeczytaj nasz artyku\u0142 i dowiedz si\u0119 jakie s\u0105 skutki \u015bmierci wsp\u00f3lnika w sp\u00f3\u0142ce osobowej.","og_url":"https:\/\/pragmatiq.pl\/mniejszosciowi\/smierc-wspolnika-spolki-osobowej-skutki-dla-spolki\/","og_site_name":"Mniejszo\u015bciowi","article_published_time":"2023-06-05T11:02:37+00:00","article_modified_time":"2025-08-26T09:37:34+00:00","og_image":[{"width":2000,"height":625,"url":"https:\/\/pragmatiq.pl\/mniejszosciowi\/wp-content\/uploads\/2018\/08\/mniejszosciowi_grafika_artyku\u0142-14-1.jpg","type":"image\/jpeg"}],"author":"magda","twitter_card":"summary_large_image","twitter_misc":{"Napisane przez":"magda","Szacowany czas czytania":"7 minut"},"schema":{"@context":"https:\/\/schema.org","@graph":[{"@type":"Article","@id":"https:\/\/pragmatiq.pl\/mniejszosciowi\/smierc-wspolnika-spolki-osobowej-skutki-dla-spolki\/#article","isPartOf":{"@id":"https:\/\/pragmatiq.pl\/mniejszosciowi\/smierc-wspolnika-spolki-osobowej-skutki-dla-spolki\/"},"author":{"name":"magda","@id":"https:\/\/pragmatiq.pl\/mniejszosciowi\/#\/schema\/person\/ce906c20de720157b60733e123391613"},"headline":"\u015amier\u0107 wsp\u00f3lnika sp\u00f3\u0142ki osobowej \u2013 skutki dla sp\u00f3\u0142ki","datePublished":"2023-06-05T11:02:37+00:00","dateModified":"2025-08-26T09:37:34+00:00","mainEntityOfPage":{"@id":"https:\/\/pragmatiq.pl\/mniejszosciowi\/smierc-wspolnika-spolki-osobowej-skutki-dla-spolki\/"},"wordCount":1332,"commentCount":0,"publisher":{"@id":"https:\/\/pragmatiq.pl\/mniejszosciowi\/#organization"},"image":{"@id":"https:\/\/pragmatiq.pl\/mniejszosciowi\/smierc-wspolnika-spolki-osobowej-skutki-dla-spolki\/#primaryimage"},"thumbnailUrl":"https:\/\/pragmatiq.pl\/mniejszosciowi\/wp-content\/uploads\/2018\/08\/mniejszosciowi_grafika_artyku\u0142-14-1.jpg","keywords":["dziedziczenie firmy","\u015bmier\u0107 wsp\u00f3lnika","sp\u00f3\u0142ka osobowa","sukcesja w firmie"],"articleSection":{"1":"Spory spadkobierc\u00f3w"},"inLanguage":"pl-PL","potentialAction":[{"@type":"CommentAction","name":"Comment","target":["https:\/\/pragmatiq.pl\/mniejszosciowi\/smierc-wspolnika-spolki-osobowej-skutki-dla-spolki\/#respond"]}]},{"@type":"WebPage","@id":"https:\/\/pragmatiq.pl\/mniejszosciowi\/smierc-wspolnika-spolki-osobowej-skutki-dla-spolki\/","url":"https:\/\/pragmatiq.pl\/mniejszosciowi\/smierc-wspolnika-spolki-osobowej-skutki-dla-spolki\/","name":"\u015amier\u0107 wsp\u00f3lnika sp\u00f3\u0142ki osobowej \u2013 skutki dla sp\u00f3\u0142ki | mniejszosciowi.pl","isPartOf":{"@id":"https:\/\/pragmatiq.pl\/mniejszosciowi\/#website"},"primaryImageOfPage":{"@id":"https:\/\/pragmatiq.pl\/mniejszosciowi\/smierc-wspolnika-spolki-osobowej-skutki-dla-spolki\/#primaryimage"},"image":{"@id":"https:\/\/pragmatiq.pl\/mniejszosciowi\/smierc-wspolnika-spolki-osobowej-skutki-dla-spolki\/#primaryimage"},"thumbnailUrl":"https:\/\/pragmatiq.pl\/mniejszosciowi\/wp-content\/uploads\/2018\/08\/mniejszosciowi_grafika_artyku\u0142-14-1.jpg","datePublished":"2023-06-05T11:02:37+00:00","dateModified":"2025-08-26T09:37:34+00:00","breadcrumb":{"@id":"https:\/\/pragmatiq.pl\/mniejszosciowi\/smierc-wspolnika-spolki-osobowej-skutki-dla-spolki\/#breadcrumb"},"inLanguage":"pl-PL","potentialAction":[{"@type":"ReadAction","target":["https:\/\/pragmatiq.pl\/mniejszosciowi\/smierc-wspolnika-spolki-osobowej-skutki-dla-spolki\/"]}]},{"@type":"ImageObject","inLanguage":"pl-PL","@id":"https:\/\/pragmatiq.pl\/mniejszosciowi\/smierc-wspolnika-spolki-osobowej-skutki-dla-spolki\/#primaryimage","url":"https:\/\/pragmatiq.pl\/mniejszosciowi\/wp-content\/uploads\/2018\/08\/mniejszosciowi_grafika_artyku\u0142-14-1.jpg","contentUrl":"https:\/\/pragmatiq.pl\/mniejszosciowi\/wp-content\/uploads\/2018\/08\/mniejszosciowi_grafika_artyku\u0142-14-1.jpg","width":2000,"height":625,"caption":"Dost\u0119p do dokument\u00f3w sp\u00f3\u0142ki z o.o. \u2013 narz\u0119dzie kontroli dla mniejszo\u015bciowego wsp\u00f3lnika"},{"@type":"BreadcrumbList","@id":"https:\/\/pragmatiq.pl\/mniejszosciowi\/smierc-wspolnika-spolki-osobowej-skutki-dla-spolki\/#breadcrumb","itemListElement":[{"@type":"ListItem","position":1,"name":"Strona g\u0142\u00f3wna","item":"https:\/\/pragmatiq.pl\/mniejszosciowi\/"},{"@type":"ListItem","position":2,"name":"\u015amier\u0107 wsp\u00f3lnika sp\u00f3\u0142ki osobowej \u2013 skutki dla sp\u00f3\u0142ki"}]},{"@type":"WebSite","@id":"https:\/\/pragmatiq.pl\/mniejszosciowi\/#website","url":"https:\/\/pragmatiq.pl\/mniejszosciowi\/","name":"Mniejszo\u015bciowi","description":"","publisher":{"@id":"https:\/\/pragmatiq.pl\/mniejszosciowi\/#organization"},"potentialAction":[{"@type":"SearchAction","target":{"@type":"EntryPoint","urlTemplate":"https:\/\/pragmatiq.pl\/mniejszosciowi\/?s={search_term_string}"},"query-input":{"@type":"PropertyValueSpecification","valueRequired":true,"valueName":"search_term_string"}}],"inLanguage":"pl-PL"},{"@type":"Organization","@id":"https:\/\/pragmatiq.pl\/mniejszosciowi\/#organization","name":"Mniejszo\u015bciowi","url":"https:\/\/pragmatiq.pl\/mniejszosciowi\/","logo":{"@type":"ImageObject","inLanguage":"pl-PL","@id":"https:\/\/pragmatiq.pl\/mniejszosciowi\/#\/schema\/logo\/image\/","url":"https:\/\/pragmatiq.pl\/mniejszosciowi\/wp-content\/uploads\/2018\/05\/cropped-logo.png","contentUrl":"https:\/\/pragmatiq.pl\/mniejszosciowi\/wp-content\/uploads\/2018\/05\/cropped-logo.png","width":952,"height":250,"caption":"Mniejszo\u015bciowi"},"image":{"@id":"https:\/\/pragmatiq.pl\/mniejszosciowi\/#\/schema\/logo\/image\/"}},{"@type":"Person","@id":"https:\/\/pragmatiq.pl\/mniejszosciowi\/#\/schema\/person\/ce906c20de720157b60733e123391613","name":"magda","image":{"@type":"ImageObject","inLanguage":"pl-PL","@id":"https:\/\/secure.gravatar.com\/avatar\/6d24b7dcdb2aa81c311c2677433612c2566b3bbf8d7f5abdcd807de80d5f1fdc?s=96&d=mm&r=g","url":"https:\/\/secure.gravatar.com\/avatar\/6d24b7dcdb2aa81c311c2677433612c2566b3bbf8d7f5abdcd807de80d5f1fdc?s=96&d=mm&r=g","contentUrl":"https:\/\/secure.gravatar.com\/avatar\/6d24b7dcdb2aa81c311c2677433612c2566b3bbf8d7f5abdcd807de80d5f1fdc?s=96&d=mm&r=g","caption":"magda"},"url":"https:\/\/pragmatiq.pl\/mniejszosciowi\/author\/magda\/"}]}},"_links":{"self":[{"href":"https:\/\/pragmatiq.pl\/mniejszosciowi\/wp-json\/wp\/v2\/posts\/742","targetHints":{"allow":["GET"]}}],"collection":[{"href":"https:\/\/pragmatiq.pl\/mniejszosciowi\/wp-json\/wp\/v2\/posts"}],"about":[{"href":"https:\/\/pragmatiq.pl\/mniejszosciowi\/wp-json\/wp\/v2\/types\/post"}],"author":[{"embeddable":true,"href":"https:\/\/pragmatiq.pl\/mniejszosciowi\/wp-json\/wp\/v2\/users\/11"}],"replies":[{"embeddable":true,"href":"https:\/\/pragmatiq.pl\/mniejszosciowi\/wp-json\/wp\/v2\/comments?post=742"}],"version-history":[{"count":4,"href":"https:\/\/pragmatiq.pl\/mniejszosciowi\/wp-json\/wp\/v2\/posts\/742\/revisions"}],"predecessor-version":[{"id":1053,"href":"https:\/\/pragmatiq.pl\/mniejszosciowi\/wp-json\/wp\/v2\/posts\/742\/revisions\/1053"}],"wp:featuredmedia":[{"embeddable":true,"href":"https:\/\/pragmatiq.pl\/mniejszosciowi\/wp-json\/wp\/v2\/media\/97"}],"wp:attachment":[{"href":"https:\/\/pragmatiq.pl\/mniejszosciowi\/wp-json\/wp\/v2\/media?parent=742"}],"wp:term":[{"taxonomy":"category","embeddable":true,"href":"https:\/\/pragmatiq.pl\/mniejszosciowi\/wp-json\/wp\/v2\/categories?post=742"},{"taxonomy":"post_tag","embeddable":true,"href":"https:\/\/pragmatiq.pl\/mniejszosciowi\/wp-json\/wp\/v2\/tags?post=742"}],"curies":[{"name":"wp","href":"https:\/\/api.w.org\/{rel}","templated":true}]}}