{"id":739,"date":"2023-06-05T12:53:22","date_gmt":"2023-06-05T10:53:22","guid":{"rendered":"https:\/\/mniejszosciowi.pl\/?p=739"},"modified":"2026-02-05T13:57:27","modified_gmt":"2026-02-05T12:57:27","slug":"wspolny-przedstawiciel-spadkobiercow-czyli-jak-spadkobiercy-zmarlego-wspolnika-wykonuja-prawa-w-spolce","status":"publish","type":"post","link":"https:\/\/pragmatiq.pl\/mniejszosciowi\/wspolny-przedstawiciel-spadkobiercow-czyli-jak-spadkobiercy-zmarlego-wspolnika-wykonuja-prawa-w-spolce\/","title":{"rendered":"Dziedziczenie w sp\u00f3\u0142ce osobowej \u2013 wsp\u00f3lny przedstawiciel spadkobierc\u00f3w wsp\u00f3lnika"},"content":{"rendered":"\n<p>\u015amier\u0107 wsp\u00f3lnika nierzadko skutkuje problemami w bie\u017c\u0105cym funkcjonowaniu sp\u00f3\u0142ki. Sprawa mo\u017ce si\u0119 skomplikowa\u0107 szczeg\u00f3lnie wtedy, gdy zmar\u0142y wsp\u00f3lnik ma nie jednego, a kilku spadkobierc\u00f3w.&nbsp;<\/p>\n\n\n\n<div id=\"ez-toc-container\" class=\"ez-toc-v2_0_82_2 counter-hierarchy ez-toc-counter ez-toc-grey ez-toc-container-direction\">\n<nav><ul class='ez-toc-list ez-toc-list-level-1 ' ><li class='ez-toc-page-1 ez-toc-heading-level-2'><a class=\"ez-toc-link ez-toc-heading-1\" href=\"https:\/\/pragmatiq.pl\/mniejszosciowi\/wspolny-przedstawiciel-spadkobiercow-czyli-jak-spadkobiercy-zmarlego-wspolnika-wykonuja-prawa-w-spolce\/#Spadkobiercy_w_spolkach_osobowych\" >Spadkobiercy w sp\u00f3\u0142kach osobowych<\/a><ul class='ez-toc-list-level-3' ><li class='ez-toc-heading-level-3'><a class=\"ez-toc-link ez-toc-heading-2\" href=\"https:\/\/pragmatiq.pl\/mniejszosciowi\/wspolny-przedstawiciel-spadkobiercow-czyli-jak-spadkobiercy-zmarlego-wspolnika-wykonuja-prawa-w-spolce\/#Spadkobiercy_w_spolkach_osobowych_%E2%80%93_dziedziczenie_ogolu_praw_i_obowiazkow_wspolnika\" >Spadkobiercy w sp\u00f3\u0142kach osobowych &#8211; dziedziczenie og\u00f3\u0142u praw i obowi\u0105zk\u00f3w wsp\u00f3lnika<\/a><\/li><li class='ez-toc-page-1 ez-toc-heading-level-3'><a class=\"ez-toc-link ez-toc-heading-3\" href=\"https:\/\/pragmatiq.pl\/mniejszosciowi\/wspolny-przedstawiciel-spadkobiercow-czyli-jak-spadkobiercy-zmarlego-wspolnika-wykonuja-prawa-w-spolce\/#Wspolny_przedstawiciel_spadkobiercow_w_spolkach_osobowych\" >Wsp\u00f3lny przedstawiciel spadkobierc\u00f3w w sp\u00f3\u0142kach osobowych<\/a><\/li><\/ul><\/li><li class='ez-toc-page-1 ez-toc-heading-level-2'><a class=\"ez-toc-link ez-toc-heading-4\" href=\"https:\/\/pragmatiq.pl\/mniejszosciowi\/wspolny-przedstawiciel-spadkobiercow-czyli-jak-spadkobiercy-zmarlego-wspolnika-wykonuja-prawa-w-spolce\/#Spadkobiercy_w_spolkach_kapitalowych\" >Spadkobiercy w sp\u00f3\u0142kach kapita\u0142owych<\/a><ul class='ez-toc-list-level-3' ><li class='ez-toc-heading-level-3'><a class=\"ez-toc-link ez-toc-heading-5\" href=\"https:\/\/pragmatiq.pl\/mniejszosciowi\/wspolny-przedstawiciel-spadkobiercow-czyli-jak-spadkobiercy-zmarlego-wspolnika-wykonuja-prawa-w-spolce\/#Jak_spadkobiercy_w_spolkach_kapitalowych_wykonuja_przyslugujace_im_prawa\" >Jak spadkobiercy w sp\u00f3\u0142kach kapita\u0142owych wykonuj\u0105 przys\u0142uguj\u0105ce im prawa?<\/a><\/li><li class='ez-toc-page-1 ez-toc-heading-level-3'><a class=\"ez-toc-link ez-toc-heading-6\" href=\"https:\/\/pragmatiq.pl\/mniejszosciowi\/wspolny-przedstawiciel-spadkobiercow-czyli-jak-spadkobiercy-zmarlego-wspolnika-wykonuja-prawa-w-spolce\/#Wspolny_przedstawiciel_spadkobiercow_w_spolkach_kapitalowych\" >Wsp\u00f3lny przedstawiciel spadkobierc\u00f3w w sp\u00f3\u0142kach kapita\u0142owych<\/a><\/li><\/ul><\/li><\/ul><\/nav><\/div>\n<h2 class=\"wp-block-heading\"><span class=\"ez-toc-section\" id=\"Spadkobiercy_w_spolkach_osobowych\"><\/span>Spadkobiercy w sp\u00f3\u0142kach osobowych<span class=\"ez-toc-section-end\"><\/span><\/h2>\n\n\n\n<p><strong>Co do zasady, og\u00f3\u0142 praw i obowi\u0105zk\u00f3w wsp\u00f3lnika sp\u00f3\u0142ki osobowej nie jest dziedziczony, a \u015bmier\u0107 wsp\u00f3lnika stanowi przyczyn\u0119 rozwi\u0105zania sp\u00f3\u0142ki. Aby unikn\u0105\u0107 rozwi\u0105zania sp\u00f3\u0142ki po \u015bmierci wsp\u00f3lnika, nale\u017cy uregulowa\u0107 t\u0119 kwesti\u0119 w umowie sp\u00f3\u0142ki. Mo\u017cliwe jest wskazanie w umowie sp\u00f3\u0142ki m.in., \u017ce:<\/strong><\/p>\n\n\n\n<ul class=\"wp-block-list\">\n<li>w przypadku \u015bmierci wsp\u00f3lnika sp\u00f3\u0142ka trwa nadal pomi\u0119dzy pozosta\u0142ymi wsp\u00f3lnikami,<\/li>\n\n\n\n<li>w miejsce zmar\u0142ego wsp\u00f3lnika do sp\u00f3\u0142ki przyst\u0105pi jeden, kilku, b\u0105d\u017a wszyscy jego spadkobiercy.<\/li>\n<\/ul>\n\n\n\n<p>Wi\u0119cej o tym, jak zabezpieczy\u0107 sp\u00f3\u0142k\u0119 na wypadek \u015bmierci wsp\u00f3lnika oraz konfliktu spadkobierc\u00f3w mo\u017cesz przeczyta\u0107 na naszym portalukomandytowa.pl w artykule: <a href=\"https:\/\/www.komandytowa.pl\/udzial-w-spolce-komandytowej-jak-zaplanowac-jego-sukcesje.html\">Udzia\u0142 w sp\u00f3\u0142ce komandytowej \u2013 jak zaplanowa\u0107 jego sukcesj\u0119?<\/a><\/p>\n\n\n\n<h3 class=\"wp-block-heading\"><span class=\"ez-toc-section\" id=\"Spadkobiercy_w_spolkach_osobowych_%E2%80%93_dziedziczenie_ogolu_praw_i_obowiazkow_wspolnika\"><\/span>Spadkobiercy w sp\u00f3\u0142kach osobowych &#8211; dziedziczenie og\u00f3\u0142u praw i obowi\u0105zk\u00f3w wsp\u00f3lnika<span class=\"ez-toc-section-end\"><\/span><\/h3>\n\n\n\n<p>W sytuacji gdy umowa sp\u00f3\u0142ki osobowej stanowi, \u017ce \u015bmier\u0107 wsp\u00f3lnika nie jest przyczyn\u0105 rozwi\u0105zania sp\u00f3\u0142ki, a w miejsce zmar\u0142ego wsp\u00f3lnika wst\u0119puj\u0105 jego spadkobiercy,&nbsp;og\u00f3\u0142 praw i obowi\u0105zk\u00f3w zmar\u0142ego wsp\u00f3lnika przys\u0142uguje im wsp\u00f3lnie.<\/p>\n\n\n\n<p>W praktyce oznacza to, \u017ce po \u015bmierci wsp\u00f3lnika \u017caden z jego spadkobierc\u00f3w nie staje si\u0119 samodzielnym wsp\u00f3lnikiem sp\u00f3\u0142ki. <strong>Do czasu dzia\u0142u spadku spadkobiercy wyst\u0119puj\u0105 wobec sp\u00f3\u0142ki wsp\u00f3lnie jako jeden zbiorowy wsp\u00f3lnik. <\/strong>W takiej sytuacji spadkobiercy wsp\u00f3lnika powinni wskaza\u0107 do wykonywania tych praw jedn\u0105 osob\u0119 \u2013 tzw. wsp\u00f3lnego przedstawiciela spadkobierc\u00f3w.&nbsp;<\/p>\n\n\n\n<p>Co istotne, do czasu wskazania sp\u00f3\u0142ce wsp\u00f3lnego przedstawiciela, \u017caden ze spadkobierc\u00f3w nie mo\u017ce realizowa\u0107 przys\u0142uguj\u0105cych mu praw, a czynno\u015bci dokonane przez pozosta\u0142ych wsp\u00f3lnik\u00f3w wi\u0105\u017c\u0105 r\u00f3wnie\u017c spadkobierc\u00f3w zmar\u0142ego wsp\u00f3lnika.&nbsp;<\/p>\n\n\n\n<figure class=\"wp-block-image size-large\"><img loading=\"lazy\" decoding=\"async\" width=\"1024\" height=\"683\" src=\"https:\/\/pragmatiq.pl\/mniejszosciowi\/wp-content\/uploads\/2026\/02\/IMG_1542-1024x683.jpeg\" alt=\"\" class=\"wp-image-1087\" srcset=\"https:\/\/pragmatiq.pl\/mniejszosciowi\/wp-content\/uploads\/2026\/02\/IMG_1542-1024x683.jpeg 1024w, https:\/\/pragmatiq.pl\/mniejszosciowi\/wp-content\/uploads\/2026\/02\/IMG_1542-300x200.jpeg 300w, https:\/\/pragmatiq.pl\/mniejszosciowi\/wp-content\/uploads\/2026\/02\/IMG_1542-768x512.jpeg 768w, https:\/\/pragmatiq.pl\/mniejszosciowi\/wp-content\/uploads\/2026\/02\/IMG_1542-1536x1024.jpeg 1536w, https:\/\/pragmatiq.pl\/mniejszosciowi\/wp-content\/uploads\/2026\/02\/IMG_1542-2048x1365.jpeg 2048w\" sizes=\"auto, (max-width: 767px) 89vw, (max-width: 1000px) 54vw, (max-width: 1071px) 543px, 580px\" \/><\/figure>\n\n\n\n<h3 class=\"wp-block-heading\"><span class=\"ez-toc-section\" id=\"Wspolny_przedstawiciel_spadkobiercow_w_spolkach_osobowych\"><\/span>Wsp\u00f3lny przedstawiciel spadkobierc\u00f3w w sp\u00f3\u0142kach osobowych<span class=\"ez-toc-section-end\"><\/span><\/h3>\n\n\n\n<p>Wsp\u00f3lny przedstawiciel wybierany jest przez spadkobierc\u00f3w jednomy\u015blnie.Odwo\u0142a\u0107 go z funkcji mo\u017ce natomiast samodzielnie ka\u017cdy ze spadkobierc\u00f3w wsp\u00f3lnika.<\/p>\n\n\n\n<p>Zgodnie z przewa\u017caj\u0105cym stanowiskiem, wsp\u00f3lnym przedstawicielem spadkobierc\u00f3w w sp\u00f3\u0142kach osobowych mo\u017ce by\u0107 wy\u0142\u0105cznie jeden ze spadkobierc\u00f3w. Niedopuszczalne jest zatem wyznaczenie do tej funkcji osoby trzeciej.<\/p>\n\n\n\n<p>Brak porozumienia spadkobierc\u00f3w zmar\u0142ego wsp\u00f3lnika co do wyboru wsp\u00f3lnego przedstawiciela mo\u017ce prze\u0142o\u017cy\u0107 si\u0119 na parali\u017c sp\u00f3\u0142ki. Wi\u0119cej na ten temat przeczytasz w naszym artykule: <a href=\"https:\/\/pragmatiq.pl\/mniejszosciowi\/dziedziczenie-udzialow-w-spolce-osobowej-przez-kilku-spadkobiercow\/\" target=\"_blank\" rel=\"noreferrer noopener\">Dziedziczenie udzia\u0142\u00f3w w sp\u00f3\u0142ce osobowej przez kilku spadkobierc\u00f3w<\/a><\/p>\n\n\n\n<h2 class=\"wp-block-heading\"><span class=\"ez-toc-section\" id=\"Spadkobiercy_w_spolkach_kapitalowych\"><\/span>Spadkobiercy w sp\u00f3\u0142kach kapita\u0142owych<span class=\"ez-toc-section-end\"><\/span><\/h2>\n\n\n\n<p><strong>Odmiennie ni\u017c w przypadku sp\u00f3\u0142ek osobowych, \u015bmier\u0107 wsp\u00f3lnika sp\u00f3\u0142ki kapita\u0142owej co do zasady nie stanowi przyczyny rozwi\u0105zania sp\u00f3\u0142ki.<\/strong> <strong>Wyj\u0105tkiem od powy\u017cszej zasady jest sytuacja, w kt\u00f3rej w umowie lub statucie sp\u00f3\u0142ki wyra\u017anie zastrze\u017cono, \u017ce \u015bmier\u0107 wsp\u00f3lnika jest przyczyn\u0105 rozwi\u0105zania sp\u00f3\u0142ki.<\/strong><\/p>\n\n\n\n<figure class=\"wp-block-image size-large\"><img loading=\"lazy\" decoding=\"async\" width=\"1024\" height=\"683\" src=\"https:\/\/pragmatiq.pl\/mniejszosciowi\/wp-content\/uploads\/2026\/02\/IMG_1543-1024x683.jpeg\" alt=\"\" class=\"wp-image-1088\" srcset=\"https:\/\/pragmatiq.pl\/mniejszosciowi\/wp-content\/uploads\/2026\/02\/IMG_1543-1024x683.jpeg 1024w, https:\/\/pragmatiq.pl\/mniejszosciowi\/wp-content\/uploads\/2026\/02\/IMG_1543-300x200.jpeg 300w, https:\/\/pragmatiq.pl\/mniejszosciowi\/wp-content\/uploads\/2026\/02\/IMG_1543-768x512.jpeg 768w, https:\/\/pragmatiq.pl\/mniejszosciowi\/wp-content\/uploads\/2026\/02\/IMG_1543-1536x1024.jpeg 1536w, https:\/\/pragmatiq.pl\/mniejszosciowi\/wp-content\/uploads\/2026\/02\/IMG_1543-2048x1366.jpeg 2048w\" sizes=\"auto, (max-width: 767px) 89vw, (max-width: 1000px) 54vw, (max-width: 1071px) 543px, 580px\" \/><\/figure>\n\n\n\n<p>Udzia\u0142y wsp\u00f3lnika w sp\u00f3\u0142kach kapita\u0142owych mog\u0105 by\u0107 dziedziczone na podstawie ustawy b\u0105d\u017a testamentu. Przej\u015bcie udzia\u0142\u00f3w w sp\u00f3\u0142ce z o.o. na spadkobierc\u00f3w nast\u0119puje z mocy prawa i nie wymaga z\u0142o\u017cenia o\u015bwiadczenia o przyst\u0105pieniu do sp\u00f3\u0142ki lub obj\u0119ciu udzia\u0142\u00f3w.<\/p>\n\n\n\n<p>Nale\u017cy jednak podkre\u015bli\u0107, \u017ce dopiero z momentem zawiadomienia sp\u00f3\u0142ki o nabyciu spadku i przedstawienia dowodu przej\u015bcia udzia\u0142\u00f3w spadkobiercy uwa\u017cani s\u0105 przez sp\u00f3\u0142k\u0119 za wsp\u00f3lnika. Do wspomnianego zawiadomienia nale\u017cy za\u0142\u0105czy\u0107 dow\u00f3d przej\u015bcia udzia\u0142\u00f3w sp\u00f3\u0142ki z o.o. w postaci postanowienia s\u0105du o stwierdzeniu nabycia spadku lub zarejestrowanego aktu po\u015bwiadczenia dziedziczenia.<\/p>\n\n\n\n<p>Co istotne, przed wspomnianym zawiadomieniem spadkobiercy nie mog\u0105 wykonywa\u0107 praw wynikaj\u0105cych z posiadanych w sp\u00f3\u0142ce udzia\u0142\u00f3w. Tym samym, w interesie spadkobierc\u00f3w zmar\u0142ego wsp\u00f3lnika le\u017cy, aby jak najszybciej poinformowa\u0107 sp\u00f3\u0142k\u0119 o dziedziczeniu udzia\u0142\u00f3w wchodz\u0105cych w sk\u0142ad spadku.<\/p>\n\n\n\n<h3 class=\"wp-block-heading\"><span class=\"ez-toc-section\" id=\"Jak_spadkobiercy_w_spolkach_kapitalowych_wykonuja_przyslugujace_im_prawa\"><\/span>Jak spadkobiercy w sp\u00f3\u0142kach kapita\u0142owych wykonuj\u0105 przys\u0142uguj\u0105ce im prawa?<span class=\"ez-toc-section-end\"><\/span><\/h3>\n\n\n\n<p>W sytuacji gdy udzia\u0142y zmar\u0142ego wsp\u00f3lnika zosta\u0142y odziedziczone przez wi\u0119cej ni\u017c jednego spadkobierc\u0119, spadkobiercy staj\u0105 si\u0119 wsp\u00f3\u0142w\u0142a\u015bcicielami udzia\u0142\u00f3w. Wsp\u00f3\u0142uprawnieni z udzia\u0142\u00f3w wykonuj\u0105 swoje prawa w sp\u00f3\u0142ce przez wsp\u00f3lnego przedstawiciela, kt\u00f3rym odmiennie ni\u017c w sp\u00f3\u0142kach osobowych mo\u017ce by\u0107 tak\u017ce osoba trzecia.<\/p>\n\n\n\n<p>Wsp\u00f3lny przedstawiciel spadkobierc\u00f3w w sp\u00f3\u0142kach kapita\u0142owych wykonuje wszystkie uprawnienia spadkobierc\u00f3w zmar\u0142ego wsp\u00f3lnika, jakie wynikaj\u0105 z ich uczestnictwa w sp\u00f3\u0142ce. Do zakresu umocowania wsp\u00f3lnego przedstawiciela spadkobierc\u00f3w mo\u017cna zaliczy\u0107 przede wszystkim prawo do:<\/p>\n\n\n\n<ul class=\"wp-block-list\">\n<li>uczestniczenia w zgromadzeniach wsp\u00f3lnik\u00f3w sp\u00f3\u0142ki,<\/li>\n\n\n\n<li>wykonywania prawa g\u0142osu na zgromadzeniu wsp\u00f3lnik\u00f3w sp\u00f3\u0142ki,<\/li>\n\n\n\n<li>przegl\u0105dania ksi\u0105g,<\/li>\n\n\n\n<li>indywidualnej kontroli.<\/li>\n<\/ul>\n\n\n\n<p>Warto doda\u0107, \u017ce umowa sp\u00f3\u0142ki mo\u017ce wy\u0142\u0105czy\u0107 lub ograniczy\u0107 dziedziczenie udzia\u0142\u00f3w sp\u00f3\u0142ki z o.o. Co istotne, je\u015bli umowa sp\u00f3\u0142ki wy\u0142\u0105cza mo\u017cliwo\u015b\u0107 wst\u0105pienia do sp\u00f3\u0142ki przez spadkobierc\u00f3w zmar\u0142ego wsp\u00f3lnika, powinna okre\u015bla\u0107 zasady sp\u0142aty spadkobierc\u00f3w. Wi\u0119cej na ten temat piszemy w artykule <a href=\"https:\/\/pragmatiq.pl\/mniejszosciowi\/wylaczenie-wstapienia-spadkobiercow-do-spolki-skutki-dla-spolki-i-wspolnikow\/\"><em>Wy\u0142\u0105czenie wst\u0105pienia spadkobierc\u00f3w do sp\u00f3\u0142ki &#8211; skutki dla sp\u00f3\u0142ki i wsp<\/em><\/a><a href=\"https:\/\/pragmatiq.pl\/mniejszosciowi\/wylaczenie-wstapienia-spadkobiercow-do-spolki-skutki-dla-spolki-i-wspolnikow\/\" target=\"_blank\" rel=\"noreferrer noopener\"><em>\u00f3lnik\u00f3<\/em>w<\/a> <\/p>\n\n\n\n<h3 class=\"wp-block-heading\"><span class=\"ez-toc-section\" id=\"Wspolny_przedstawiciel_spadkobiercow_w_spolkach_kapitalowych\"><\/span>Wsp\u00f3lny przedstawiciel spadkobierc\u00f3w w sp\u00f3\u0142kach kapita\u0142owych<span class=\"ez-toc-section-end\"><\/span><\/h3>\n\n\n\n<p>Podobnie jak w sp\u00f3\u0142kach osobowych, spadkobiercy w sp\u00f3\u0142kach kapita\u0142owych powinni dokona\u0107wyboru wsp\u00f3lnego przedstawiciela jednomy\u015blnie. Wsp\u00f3lny przedstawiciel spadkobierc\u00f3w traci swoje umocowanie, gdy co najmniej jeden ze spadkobierc\u00f3w z\u0142o\u017cy o\u015bwiadczenie o jego odwo\u0142aniu.<\/p>\n\n\n\n<p>Je\u015bli spadkobiercy zmar\u0142ego wsp\u00f3lnika nie s\u0105 w stanie porozumie\u0107 si\u0119 co do osoby wsp\u00f3lnego przedstawiciela, nie b\u0119dzie mo\u017cliwe wykonywanie praw z odziedziczonych udzia\u0142\u00f3w. W razie konfliktu mi\u0119dzy spadkobiercami i braku mo\u017cliwo\u015bci wy\u0142onienia wsp\u00f3lnego przedstawiciela mo\u017ce doj\u015b\u0107 do realnych problem\u00f3w w funkcjonowaniu sp\u00f3\u0142ki, a w skrajnych przypadkach nawet do jej parali\u017cu. Dzieje si\u0119 tak zw\u0142aszcza wtedy, gdy umowa sp\u00f3\u0142ki z o.o. uzale\u017cnia podejmowanie uchwa\u0142 na zgromadzeniu wsp\u00f3lnik\u00f3w sp\u00f3\u0142ki&nbsp; od spe\u0142nienia okre\u015blonego kworum (tj. od obecno\u015bci na zgromadzeniu wsp\u00f3lnik\u00f3w reprezentuj\u0105cych okre\u015blon\u0105 liczb\u0119 udzia\u0142\u00f3w).<\/p>\n\n\n\n<figure class=\"wp-block-image size-large\"><img loading=\"lazy\" decoding=\"async\" width=\"1024\" height=\"683\" src=\"https:\/\/pragmatiq.pl\/mniejszosciowi\/wp-content\/uploads\/2026\/02\/IMG_1590-1024x683.jpeg\" alt=\"\" class=\"wp-image-1089\" srcset=\"https:\/\/pragmatiq.pl\/mniejszosciowi\/wp-content\/uploads\/2026\/02\/IMG_1590-1024x683.jpeg 1024w, https:\/\/pragmatiq.pl\/mniejszosciowi\/wp-content\/uploads\/2026\/02\/IMG_1590-300x200.jpeg 300w, https:\/\/pragmatiq.pl\/mniejszosciowi\/wp-content\/uploads\/2026\/02\/IMG_1590-768x512.jpeg 768w, https:\/\/pragmatiq.pl\/mniejszosciowi\/wp-content\/uploads\/2026\/02\/IMG_1590-1536x1024.jpeg 1536w, https:\/\/pragmatiq.pl\/mniejszosciowi\/wp-content\/uploads\/2026\/02\/IMG_1590-2048x1365.jpeg 2048w\" sizes=\"auto, (max-width: 767px) 89vw, (max-width: 1000px) 54vw, (max-width: 1071px) 543px, 580px\" \/><\/figure>\n\n\n\n<p>Wi\u0119cej na temat konsekwencji \u015bmierci wsp\u00f3lnika oraz sukcesji w sp\u00f3\u0142ce z o.o przeczytasz na naszym portalu spolkazoo.net w artykule <a href=\"https:\/\/spolkazoo.net\/sukcesja-w-spolce-z-o-o-jak-skutecznie-przekazac-firme-nastepcom\" target=\"_blank\" rel=\"noreferrer noopener\">Sukcesja w sp\u00f3\u0142ce z o.o. \u2013 jak skutecznie przekaza\u0107 firm\u0119 nast\u0119pcom?<\/a><\/p>\n\n\n\n<p>Klaudia Frankowska<\/p>\n\n\n\n<p>Zuzanna \u017bytli\u0144ska<\/p>\n\n\n\n<p>Przeczytaj tak\u017ce:<\/p>\n\n\n\n<p><a data-type=\"URL\" data-id=\"https:\/\/zmianawarty.pl\/czy-zalozenie-fundacji-prywatnej-jest-sposobem-na-zaplanowanie-sukcesji-majatkowej\/\" href=\"https:\/\/zmianawarty.pl\/czy-zalozenie-fundacji-prywatnej-jest-sposobem-na-zaplanowanie-sukcesji-majatkowej\/\">Czy&nbsp;za\u0142o\u017cenie fundacji prywatnej jest sposobem na&nbsp;zaplanowanie sukcesji maj\u0105tkowe<\/a><a href=\"https:\/\/zmianawarty.pl\/czy-zalozenie-fundacji-prywatnej-jest-sposobem-na-zaplanowanie-sukcesji-majatkowej\/\" target=\"_blank\" rel=\"noreferrer noopener\">j?<\/a><\/p>\n","protected":false},"excerpt":{"rendered":"<p>Je\u015bli chcesz dowiedzie\u0107 si\u0119 w jaki spos\u00f3b spadkobiercy zmar\u0142ego wsp\u00f3lnika wykonuj\u0105 swoje prawa w sp\u00f3\u0142ce zapoznaj si\u0119 z naszym artyku\u0142em.<\/p>\n","protected":false},"author":11,"featured_media":80,"comment_status":"open","ping_status":"open","sticky":false,"template":"","format":"standard","meta":{"_acf_changed":false,"footnotes":""},"categories":[1,34],"tags":[19,21,20,22],"class_list":["post-739","post","type-post","status-publish","format-standard","has-post-thumbnail","hentry","category-bez-kategorii","category-spory-spadkobiercow","tag-dziedziczenie-firmy","tag-smierc-wspolnika","tag-spolka-osobowa","tag-sukcesja-w-firmie"],"acf":[],"yoast_head":"<!-- This site is optimized with the Yoast SEO plugin v27.3 - https:\/\/yoast.com\/product\/yoast-seo-wordpress\/ -->\n<title>Dziedziczenie w sp\u00f3\u0142ce osobowej \u2013 wsp\u00f3lny przedstawiciel spadkobierc\u00f3w wsp\u00f3lnika | mniejszosciowi.pl<\/title>\n<meta name=\"robots\" content=\"index, follow, max-snippet:-1, max-image-preview:large, max-video-preview:-1\" \/>\n<link rel=\"canonical\" href=\"https:\/\/pragmatiq.pl\/mniejszosciowi\/wspolny-przedstawiciel-spadkobiercow-czyli-jak-spadkobiercy-zmarlego-wspolnika-wykonuja-prawa-w-spolce\/\" \/>\n<meta property=\"og:locale\" content=\"pl_PL\" \/>\n<meta property=\"og:type\" content=\"article\" \/>\n<meta property=\"og:title\" content=\"Dziedziczenie w sp\u00f3\u0142ce osobowej \u2013 wsp\u00f3lny przedstawiciel spadkobierc\u00f3w wsp\u00f3lnika | mniejszosciowi.pl\" \/>\n<meta property=\"og:description\" content=\"Je\u015bli chcesz dowiedzie\u0107 si\u0119 w jaki spos\u00f3b spadkobiercy zmar\u0142ego wsp\u00f3lnika wykonuj\u0105 swoje prawa w sp\u00f3\u0142ce zapoznaj si\u0119 z naszym artyku\u0142em.\" \/>\n<meta property=\"og:url\" content=\"https:\/\/pragmatiq.pl\/mniejszosciowi\/wspolny-przedstawiciel-spadkobiercow-czyli-jak-spadkobiercy-zmarlego-wspolnika-wykonuja-prawa-w-spolce\/\" \/>\n<meta property=\"og:site_name\" content=\"Mniejszo\u015bciowi\" \/>\n<meta property=\"article:published_time\" content=\"2023-06-05T10:53:22+00:00\" \/>\n<meta property=\"article:modified_time\" content=\"2026-02-05T12:57:27+00:00\" \/>\n<meta property=\"og:image\" content=\"https:\/\/pragmatiq.pl\/mniejszosciowi\/wp-content\/uploads\/2018\/06\/mniejszosciowi_grafika_artyku\u0142-10.png\" \/>\n\t<meta property=\"og:image:width\" content=\"2000\" \/>\n\t<meta property=\"og:image:height\" content=\"625\" \/>\n\t<meta property=\"og:image:type\" content=\"image\/png\" \/>\n<meta name=\"author\" content=\"magda\" \/>\n<meta name=\"twitter:card\" content=\"summary_large_image\" \/>\n<meta name=\"twitter:label1\" content=\"Napisane przez\" \/>\n\t<meta name=\"twitter:data1\" content=\"magda\" \/>\n\t<meta name=\"twitter:label2\" content=\"Szacowany czas czytania\" \/>\n\t<meta name=\"twitter:data2\" content=\"6 minut\" \/>\n<script type=\"application\/ld+json\" class=\"yoast-schema-graph\">{\"@context\":\"https:\\\/\\\/schema.org\",\"@graph\":[{\"@type\":\"Article\",\"@id\":\"https:\\\/\\\/pragmatiq.pl\\\/mniejszosciowi\\\/wspolny-przedstawiciel-spadkobiercow-czyli-jak-spadkobiercy-zmarlego-wspolnika-wykonuja-prawa-w-spolce\\\/#article\",\"isPartOf\":{\"@id\":\"https:\\\/\\\/pragmatiq.pl\\\/mniejszosciowi\\\/wspolny-przedstawiciel-spadkobiercow-czyli-jak-spadkobiercy-zmarlego-wspolnika-wykonuja-prawa-w-spolce\\\/\"},\"author\":{\"name\":\"magda\",\"@id\":\"https:\\\/\\\/pragmatiq.pl\\\/mniejszosciowi\\\/#\\\/schema\\\/person\\\/ce906c20de720157b60733e123391613\"},\"headline\":\"Dziedziczenie w sp\u00f3\u0142ce osobowej \u2013 wsp\u00f3lny przedstawiciel spadkobierc\u00f3w wsp\u00f3lnika\",\"datePublished\":\"2023-06-05T10:53:22+00:00\",\"dateModified\":\"2026-02-05T12:57:27+00:00\",\"mainEntityOfPage\":{\"@id\":\"https:\\\/\\\/pragmatiq.pl\\\/mniejszosciowi\\\/wspolny-przedstawiciel-spadkobiercow-czyli-jak-spadkobiercy-zmarlego-wspolnika-wykonuja-prawa-w-spolce\\\/\"},\"wordCount\":1123,\"commentCount\":0,\"publisher\":{\"@id\":\"https:\\\/\\\/pragmatiq.pl\\\/mniejszosciowi\\\/#organization\"},\"image\":{\"@id\":\"https:\\\/\\\/pragmatiq.pl\\\/mniejszosciowi\\\/wspolny-przedstawiciel-spadkobiercow-czyli-jak-spadkobiercy-zmarlego-wspolnika-wykonuja-prawa-w-spolce\\\/#primaryimage\"},\"thumbnailUrl\":\"https:\\\/\\\/pragmatiq.pl\\\/mniejszosciowi\\\/wp-content\\\/uploads\\\/2018\\\/06\\\/mniejszosciowi_grafika_artyku\u0142-10.png\",\"keywords\":[\"dziedziczenie firmy\",\"\u015bmier\u0107 wsp\u00f3lnika\",\"sp\u00f3\u0142ka osobowa\",\"sukcesja w firmie\"],\"articleSection\":{\"1\":\"Spory spadkobierc\u00f3w\"},\"inLanguage\":\"pl-PL\",\"potentialAction\":[{\"@type\":\"CommentAction\",\"name\":\"Comment\",\"target\":[\"https:\\\/\\\/pragmatiq.pl\\\/mniejszosciowi\\\/wspolny-przedstawiciel-spadkobiercow-czyli-jak-spadkobiercy-zmarlego-wspolnika-wykonuja-prawa-w-spolce\\\/#respond\"]}]},{\"@type\":\"WebPage\",\"@id\":\"https:\\\/\\\/pragmatiq.pl\\\/mniejszosciowi\\\/wspolny-przedstawiciel-spadkobiercow-czyli-jak-spadkobiercy-zmarlego-wspolnika-wykonuja-prawa-w-spolce\\\/\",\"url\":\"https:\\\/\\\/pragmatiq.pl\\\/mniejszosciowi\\\/wspolny-przedstawiciel-spadkobiercow-czyli-jak-spadkobiercy-zmarlego-wspolnika-wykonuja-prawa-w-spolce\\\/\",\"name\":\"Dziedziczenie w sp\u00f3\u0142ce osobowej \u2013 wsp\u00f3lny przedstawiciel spadkobierc\u00f3w wsp\u00f3lnika | mniejszosciowi.pl\",\"isPartOf\":{\"@id\":\"https:\\\/\\\/pragmatiq.pl\\\/mniejszosciowi\\\/#website\"},\"primaryImageOfPage\":{\"@id\":\"https:\\\/\\\/pragmatiq.pl\\\/mniejszosciowi\\\/wspolny-przedstawiciel-spadkobiercow-czyli-jak-spadkobiercy-zmarlego-wspolnika-wykonuja-prawa-w-spolce\\\/#primaryimage\"},\"image\":{\"@id\":\"https:\\\/\\\/pragmatiq.pl\\\/mniejszosciowi\\\/wspolny-przedstawiciel-spadkobiercow-czyli-jak-spadkobiercy-zmarlego-wspolnika-wykonuja-prawa-w-spolce\\\/#primaryimage\"},\"thumbnailUrl\":\"https:\\\/\\\/pragmatiq.pl\\\/mniejszosciowi\\\/wp-content\\\/uploads\\\/2018\\\/06\\\/mniejszosciowi_grafika_artyku\u0142-10.png\",\"datePublished\":\"2023-06-05T10:53:22+00:00\",\"dateModified\":\"2026-02-05T12:57:27+00:00\",\"breadcrumb\":{\"@id\":\"https:\\\/\\\/pragmatiq.pl\\\/mniejszosciowi\\\/wspolny-przedstawiciel-spadkobiercow-czyli-jak-spadkobiercy-zmarlego-wspolnika-wykonuja-prawa-w-spolce\\\/#breadcrumb\"},\"inLanguage\":\"pl-PL\",\"potentialAction\":[{\"@type\":\"ReadAction\",\"target\":[\"https:\\\/\\\/pragmatiq.pl\\\/mniejszosciowi\\\/wspolny-przedstawiciel-spadkobiercow-czyli-jak-spadkobiercy-zmarlego-wspolnika-wykonuja-prawa-w-spolce\\\/\"]}]},{\"@type\":\"ImageObject\",\"inLanguage\":\"pl-PL\",\"@id\":\"https:\\\/\\\/pragmatiq.pl\\\/mniejszosciowi\\\/wspolny-przedstawiciel-spadkobiercow-czyli-jak-spadkobiercy-zmarlego-wspolnika-wykonuja-prawa-w-spolce\\\/#primaryimage\",\"url\":\"https:\\\/\\\/pragmatiq.pl\\\/mniejszosciowi\\\/wp-content\\\/uploads\\\/2018\\\/06\\\/mniejszosciowi_grafika_artyku\u0142-10.png\",\"contentUrl\":\"https:\\\/\\\/pragmatiq.pl\\\/mniejszosciowi\\\/wp-content\\\/uploads\\\/2018\\\/06\\\/mniejszosciowi_grafika_artyku\u0142-10.png\",\"width\":2000,\"height\":625,\"caption\":\"Sprzeda\u017c udzia\u0142\u00f3w bez zgody sp\u00f3\u0142ki \u2013 jakie rodzi konsekwencje?\"},{\"@type\":\"BreadcrumbList\",\"@id\":\"https:\\\/\\\/pragmatiq.pl\\\/mniejszosciowi\\\/wspolny-przedstawiciel-spadkobiercow-czyli-jak-spadkobiercy-zmarlego-wspolnika-wykonuja-prawa-w-spolce\\\/#breadcrumb\",\"itemListElement\":[{\"@type\":\"ListItem\",\"position\":1,\"name\":\"Strona g\u0142\u00f3wna\",\"item\":\"https:\\\/\\\/pragmatiq.pl\\\/mniejszosciowi\\\/\"},{\"@type\":\"ListItem\",\"position\":2,\"name\":\"Dziedziczenie w sp\u00f3\u0142ce osobowej \u2013 wsp\u00f3lny przedstawiciel spadkobierc\u00f3w wsp\u00f3lnika\"}]},{\"@type\":\"WebSite\",\"@id\":\"https:\\\/\\\/pragmatiq.pl\\\/mniejszosciowi\\\/#website\",\"url\":\"https:\\\/\\\/pragmatiq.pl\\\/mniejszosciowi\\\/\",\"name\":\"Mniejszo\u015bciowi\",\"description\":\"\",\"publisher\":{\"@id\":\"https:\\\/\\\/pragmatiq.pl\\\/mniejszosciowi\\\/#organization\"},\"potentialAction\":[{\"@type\":\"SearchAction\",\"target\":{\"@type\":\"EntryPoint\",\"urlTemplate\":\"https:\\\/\\\/pragmatiq.pl\\\/mniejszosciowi\\\/?s={search_term_string}\"},\"query-input\":{\"@type\":\"PropertyValueSpecification\",\"valueRequired\":true,\"valueName\":\"search_term_string\"}}],\"inLanguage\":\"pl-PL\"},{\"@type\":\"Organization\",\"@id\":\"https:\\\/\\\/pragmatiq.pl\\\/mniejszosciowi\\\/#organization\",\"name\":\"Mniejszo\u015bciowi\",\"url\":\"https:\\\/\\\/pragmatiq.pl\\\/mniejszosciowi\\\/\",\"logo\":{\"@type\":\"ImageObject\",\"inLanguage\":\"pl-PL\",\"@id\":\"https:\\\/\\\/pragmatiq.pl\\\/mniejszosciowi\\\/#\\\/schema\\\/logo\\\/image\\\/\",\"url\":\"https:\\\/\\\/pragmatiq.pl\\\/mniejszosciowi\\\/wp-content\\\/uploads\\\/2018\\\/05\\\/cropped-logo.png\",\"contentUrl\":\"https:\\\/\\\/pragmatiq.pl\\\/mniejszosciowi\\\/wp-content\\\/uploads\\\/2018\\\/05\\\/cropped-logo.png\",\"width\":952,\"height\":250,\"caption\":\"Mniejszo\u015bciowi\"},\"image\":{\"@id\":\"https:\\\/\\\/pragmatiq.pl\\\/mniejszosciowi\\\/#\\\/schema\\\/logo\\\/image\\\/\"}},{\"@type\":\"Person\",\"@id\":\"https:\\\/\\\/pragmatiq.pl\\\/mniejszosciowi\\\/#\\\/schema\\\/person\\\/ce906c20de720157b60733e123391613\",\"name\":\"magda\",\"image\":{\"@type\":\"ImageObject\",\"inLanguage\":\"pl-PL\",\"@id\":\"https:\\\/\\\/secure.gravatar.com\\\/avatar\\\/6d24b7dcdb2aa81c311c2677433612c2566b3bbf8d7f5abdcd807de80d5f1fdc?s=96&d=mm&r=g\",\"url\":\"https:\\\/\\\/secure.gravatar.com\\\/avatar\\\/6d24b7dcdb2aa81c311c2677433612c2566b3bbf8d7f5abdcd807de80d5f1fdc?s=96&d=mm&r=g\",\"contentUrl\":\"https:\\\/\\\/secure.gravatar.com\\\/avatar\\\/6d24b7dcdb2aa81c311c2677433612c2566b3bbf8d7f5abdcd807de80d5f1fdc?s=96&d=mm&r=g\",\"caption\":\"magda\"},\"url\":\"https:\\\/\\\/pragmatiq.pl\\\/mniejszosciowi\\\/author\\\/magda\\\/\"}]}<\/script>\n<!-- \/ Yoast SEO plugin. -->","yoast_head_json":{"title":"Dziedziczenie w sp\u00f3\u0142ce osobowej \u2013 wsp\u00f3lny przedstawiciel spadkobierc\u00f3w wsp\u00f3lnika | mniejszosciowi.pl","robots":{"index":"index","follow":"follow","max-snippet":"max-snippet:-1","max-image-preview":"max-image-preview:large","max-video-preview":"max-video-preview:-1"},"canonical":"https:\/\/pragmatiq.pl\/mniejszosciowi\/wspolny-przedstawiciel-spadkobiercow-czyli-jak-spadkobiercy-zmarlego-wspolnika-wykonuja-prawa-w-spolce\/","og_locale":"pl_PL","og_type":"article","og_title":"Dziedziczenie w sp\u00f3\u0142ce osobowej \u2013 wsp\u00f3lny przedstawiciel spadkobierc\u00f3w wsp\u00f3lnika | mniejszosciowi.pl","og_description":"Je\u015bli chcesz dowiedzie\u0107 si\u0119 w jaki spos\u00f3b spadkobiercy zmar\u0142ego wsp\u00f3lnika wykonuj\u0105 swoje prawa w sp\u00f3\u0142ce zapoznaj si\u0119 z naszym artyku\u0142em.","og_url":"https:\/\/pragmatiq.pl\/mniejszosciowi\/wspolny-przedstawiciel-spadkobiercow-czyli-jak-spadkobiercy-zmarlego-wspolnika-wykonuja-prawa-w-spolce\/","og_site_name":"Mniejszo\u015bciowi","article_published_time":"2023-06-05T10:53:22+00:00","article_modified_time":"2026-02-05T12:57:27+00:00","og_image":[{"width":2000,"height":625,"url":"https:\/\/pragmatiq.pl\/mniejszosciowi\/wp-content\/uploads\/2018\/06\/mniejszosciowi_grafika_artyku\u0142-10.png","type":"image\/png"}],"author":"magda","twitter_card":"summary_large_image","twitter_misc":{"Napisane przez":"magda","Szacowany czas czytania":"6 minut"},"schema":{"@context":"https:\/\/schema.org","@graph":[{"@type":"Article","@id":"https:\/\/pragmatiq.pl\/mniejszosciowi\/wspolny-przedstawiciel-spadkobiercow-czyli-jak-spadkobiercy-zmarlego-wspolnika-wykonuja-prawa-w-spolce\/#article","isPartOf":{"@id":"https:\/\/pragmatiq.pl\/mniejszosciowi\/wspolny-przedstawiciel-spadkobiercow-czyli-jak-spadkobiercy-zmarlego-wspolnika-wykonuja-prawa-w-spolce\/"},"author":{"name":"magda","@id":"https:\/\/pragmatiq.pl\/mniejszosciowi\/#\/schema\/person\/ce906c20de720157b60733e123391613"},"headline":"Dziedziczenie w sp\u00f3\u0142ce osobowej \u2013 wsp\u00f3lny przedstawiciel spadkobierc\u00f3w wsp\u00f3lnika","datePublished":"2023-06-05T10:53:22+00:00","dateModified":"2026-02-05T12:57:27+00:00","mainEntityOfPage":{"@id":"https:\/\/pragmatiq.pl\/mniejszosciowi\/wspolny-przedstawiciel-spadkobiercow-czyli-jak-spadkobiercy-zmarlego-wspolnika-wykonuja-prawa-w-spolce\/"},"wordCount":1123,"commentCount":0,"publisher":{"@id":"https:\/\/pragmatiq.pl\/mniejszosciowi\/#organization"},"image":{"@id":"https:\/\/pragmatiq.pl\/mniejszosciowi\/wspolny-przedstawiciel-spadkobiercow-czyli-jak-spadkobiercy-zmarlego-wspolnika-wykonuja-prawa-w-spolce\/#primaryimage"},"thumbnailUrl":"https:\/\/pragmatiq.pl\/mniejszosciowi\/wp-content\/uploads\/2018\/06\/mniejszosciowi_grafika_artyku\u0142-10.png","keywords":["dziedziczenie firmy","\u015bmier\u0107 wsp\u00f3lnika","sp\u00f3\u0142ka osobowa","sukcesja w firmie"],"articleSection":{"1":"Spory spadkobierc\u00f3w"},"inLanguage":"pl-PL","potentialAction":[{"@type":"CommentAction","name":"Comment","target":["https:\/\/pragmatiq.pl\/mniejszosciowi\/wspolny-przedstawiciel-spadkobiercow-czyli-jak-spadkobiercy-zmarlego-wspolnika-wykonuja-prawa-w-spolce\/#respond"]}]},{"@type":"WebPage","@id":"https:\/\/pragmatiq.pl\/mniejszosciowi\/wspolny-przedstawiciel-spadkobiercow-czyli-jak-spadkobiercy-zmarlego-wspolnika-wykonuja-prawa-w-spolce\/","url":"https:\/\/pragmatiq.pl\/mniejszosciowi\/wspolny-przedstawiciel-spadkobiercow-czyli-jak-spadkobiercy-zmarlego-wspolnika-wykonuja-prawa-w-spolce\/","name":"Dziedziczenie w sp\u00f3\u0142ce osobowej \u2013 wsp\u00f3lny przedstawiciel spadkobierc\u00f3w wsp\u00f3lnika | mniejszosciowi.pl","isPartOf":{"@id":"https:\/\/pragmatiq.pl\/mniejszosciowi\/#website"},"primaryImageOfPage":{"@id":"https:\/\/pragmatiq.pl\/mniejszosciowi\/wspolny-przedstawiciel-spadkobiercow-czyli-jak-spadkobiercy-zmarlego-wspolnika-wykonuja-prawa-w-spolce\/#primaryimage"},"image":{"@id":"https:\/\/pragmatiq.pl\/mniejszosciowi\/wspolny-przedstawiciel-spadkobiercow-czyli-jak-spadkobiercy-zmarlego-wspolnika-wykonuja-prawa-w-spolce\/#primaryimage"},"thumbnailUrl":"https:\/\/pragmatiq.pl\/mniejszosciowi\/wp-content\/uploads\/2018\/06\/mniejszosciowi_grafika_artyku\u0142-10.png","datePublished":"2023-06-05T10:53:22+00:00","dateModified":"2026-02-05T12:57:27+00:00","breadcrumb":{"@id":"https:\/\/pragmatiq.pl\/mniejszosciowi\/wspolny-przedstawiciel-spadkobiercow-czyli-jak-spadkobiercy-zmarlego-wspolnika-wykonuja-prawa-w-spolce\/#breadcrumb"},"inLanguage":"pl-PL","potentialAction":[{"@type":"ReadAction","target":["https:\/\/pragmatiq.pl\/mniejszosciowi\/wspolny-przedstawiciel-spadkobiercow-czyli-jak-spadkobiercy-zmarlego-wspolnika-wykonuja-prawa-w-spolce\/"]}]},{"@type":"ImageObject","inLanguage":"pl-PL","@id":"https:\/\/pragmatiq.pl\/mniejszosciowi\/wspolny-przedstawiciel-spadkobiercow-czyli-jak-spadkobiercy-zmarlego-wspolnika-wykonuja-prawa-w-spolce\/#primaryimage","url":"https:\/\/pragmatiq.pl\/mniejszosciowi\/wp-content\/uploads\/2018\/06\/mniejszosciowi_grafika_artyku\u0142-10.png","contentUrl":"https:\/\/pragmatiq.pl\/mniejszosciowi\/wp-content\/uploads\/2018\/06\/mniejszosciowi_grafika_artyku\u0142-10.png","width":2000,"height":625,"caption":"Sprzeda\u017c udzia\u0142\u00f3w bez zgody sp\u00f3\u0142ki \u2013 jakie rodzi konsekwencje?"},{"@type":"BreadcrumbList","@id":"https:\/\/pragmatiq.pl\/mniejszosciowi\/wspolny-przedstawiciel-spadkobiercow-czyli-jak-spadkobiercy-zmarlego-wspolnika-wykonuja-prawa-w-spolce\/#breadcrumb","itemListElement":[{"@type":"ListItem","position":1,"name":"Strona g\u0142\u00f3wna","item":"https:\/\/pragmatiq.pl\/mniejszosciowi\/"},{"@type":"ListItem","position":2,"name":"Dziedziczenie w sp\u00f3\u0142ce osobowej \u2013 wsp\u00f3lny przedstawiciel spadkobierc\u00f3w wsp\u00f3lnika"}]},{"@type":"WebSite","@id":"https:\/\/pragmatiq.pl\/mniejszosciowi\/#website","url":"https:\/\/pragmatiq.pl\/mniejszosciowi\/","name":"Mniejszo\u015bciowi","description":"","publisher":{"@id":"https:\/\/pragmatiq.pl\/mniejszosciowi\/#organization"},"potentialAction":[{"@type":"SearchAction","target":{"@type":"EntryPoint","urlTemplate":"https:\/\/pragmatiq.pl\/mniejszosciowi\/?s={search_term_string}"},"query-input":{"@type":"PropertyValueSpecification","valueRequired":true,"valueName":"search_term_string"}}],"inLanguage":"pl-PL"},{"@type":"Organization","@id":"https:\/\/pragmatiq.pl\/mniejszosciowi\/#organization","name":"Mniejszo\u015bciowi","url":"https:\/\/pragmatiq.pl\/mniejszosciowi\/","logo":{"@type":"ImageObject","inLanguage":"pl-PL","@id":"https:\/\/pragmatiq.pl\/mniejszosciowi\/#\/schema\/logo\/image\/","url":"https:\/\/pragmatiq.pl\/mniejszosciowi\/wp-content\/uploads\/2018\/05\/cropped-logo.png","contentUrl":"https:\/\/pragmatiq.pl\/mniejszosciowi\/wp-content\/uploads\/2018\/05\/cropped-logo.png","width":952,"height":250,"caption":"Mniejszo\u015bciowi"},"image":{"@id":"https:\/\/pragmatiq.pl\/mniejszosciowi\/#\/schema\/logo\/image\/"}},{"@type":"Person","@id":"https:\/\/pragmatiq.pl\/mniejszosciowi\/#\/schema\/person\/ce906c20de720157b60733e123391613","name":"magda","image":{"@type":"ImageObject","inLanguage":"pl-PL","@id":"https:\/\/secure.gravatar.com\/avatar\/6d24b7dcdb2aa81c311c2677433612c2566b3bbf8d7f5abdcd807de80d5f1fdc?s=96&d=mm&r=g","url":"https:\/\/secure.gravatar.com\/avatar\/6d24b7dcdb2aa81c311c2677433612c2566b3bbf8d7f5abdcd807de80d5f1fdc?s=96&d=mm&r=g","contentUrl":"https:\/\/secure.gravatar.com\/avatar\/6d24b7dcdb2aa81c311c2677433612c2566b3bbf8d7f5abdcd807de80d5f1fdc?s=96&d=mm&r=g","caption":"magda"},"url":"https:\/\/pragmatiq.pl\/mniejszosciowi\/author\/magda\/"}]}},"_links":{"self":[{"href":"https:\/\/pragmatiq.pl\/mniejszosciowi\/wp-json\/wp\/v2\/posts\/739","targetHints":{"allow":["GET"]}}],"collection":[{"href":"https:\/\/pragmatiq.pl\/mniejszosciowi\/wp-json\/wp\/v2\/posts"}],"about":[{"href":"https:\/\/pragmatiq.pl\/mniejszosciowi\/wp-json\/wp\/v2\/types\/post"}],"author":[{"embeddable":true,"href":"https:\/\/pragmatiq.pl\/mniejszosciowi\/wp-json\/wp\/v2\/users\/11"}],"replies":[{"embeddable":true,"href":"https:\/\/pragmatiq.pl\/mniejszosciowi\/wp-json\/wp\/v2\/comments?post=739"}],"version-history":[{"count":6,"href":"https:\/\/pragmatiq.pl\/mniejszosciowi\/wp-json\/wp\/v2\/posts\/739\/revisions"}],"predecessor-version":[{"id":1092,"href":"https:\/\/pragmatiq.pl\/mniejszosciowi\/wp-json\/wp\/v2\/posts\/739\/revisions\/1092"}],"wp:featuredmedia":[{"embeddable":true,"href":"https:\/\/pragmatiq.pl\/mniejszosciowi\/wp-json\/wp\/v2\/media\/80"}],"wp:attachment":[{"href":"https:\/\/pragmatiq.pl\/mniejszosciowi\/wp-json\/wp\/v2\/media?parent=739"}],"wp:term":[{"taxonomy":"category","embeddable":true,"href":"https:\/\/pragmatiq.pl\/mniejszosciowi\/wp-json\/wp\/v2\/categories?post=739"},{"taxonomy":"post_tag","embeddable":true,"href":"https:\/\/pragmatiq.pl\/mniejszosciowi\/wp-json\/wp\/v2\/tags?post=739"}],"curies":[{"name":"wp","href":"https:\/\/api.w.org\/{rel}","templated":true}]}}