{"id":737,"date":"2023-06-05T12:44:31","date_gmt":"2023-06-05T10:44:31","guid":{"rendered":"https:\/\/mniejszosciowi.pl\/?p=737"},"modified":"2025-08-26T11:28:53","modified_gmt":"2025-08-26T09:28:53","slug":"smierc-wspolnika-spolki-z-o-o-jak-zabezpieczyc-spolke-na-wypadek-konfliktu-spadkobiercow","status":"publish","type":"post","link":"https:\/\/pragmatiq.pl\/mniejszosciowi\/smierc-wspolnika-spolki-z-o-o-jak-zabezpieczyc-spolke-na-wypadek-konfliktu-spadkobiercow\/","title":{"rendered":"\u015amier\u0107 wsp\u00f3lnika sp\u00f3\u0142ki z o.o. &#8211; jak zabezpieczy\u0107 sp\u00f3\u0142k\u0119 na wypadek konfliktu spadkobierc\u00f3w?"},"content":{"rendered":"\n<p><strong>\u015amier\u0107 jednego ze wsp\u00f3lnik\u00f3w mo\u017ce by\u0107 wydarzeniem, kt\u00f3re b\u0119dzie mia\u0142o kluczowe znaczenie dla dalszego rozwoju sp\u00f3\u0142ki. Niezaplanowana sukcesja w firmie mo\u017ce doprowadzi\u0107 do konfliktu spadkobierc\u00f3w, kt\u00f3rego konsekwencj\u0105 b\u0119dzie parali\u017c decyzyjny w sp\u00f3\u0142ce. Z tego powodu warto zabezpieczy\u0107 sp\u00f3\u0142k\u0119 na wypadek sporu spadkobierc\u00f3w. <\/strong><strong>Pozostawienie kwestii dziedziczenia zasadom ustawowym i brak uregulowania sukcesji w testamencie lub umowie sp\u00f3\u0142ki mo\u017ce by\u0107 bowiem przyczyn\u0105 powstania konfliktu spadkobierc\u00f3w, a w konsekwencji \u2013 spowodowa\u0107 utrat\u0119 pozycji sp\u00f3\u0142ki na rynku.<\/strong><\/p>\n\n\n\n<div id=\"ez-toc-container\" class=\"ez-toc-v2_0_82_2 counter-hierarchy ez-toc-counter ez-toc-grey ez-toc-container-direction\">\n<nav><ul class='ez-toc-list ez-toc-list-level-1 ' ><li class='ez-toc-page-1 ez-toc-heading-level-2'><a class=\"ez-toc-link ez-toc-heading-1\" href=\"https:\/\/pragmatiq.pl\/mniejszosciowi\/smierc-wspolnika-spolki-z-o-o-jak-zabezpieczyc-spolke-na-wypadek-konfliktu-spadkobiercow\/#Udzialy_w_spolce_z_oo_po_smierci_wspolnika\" >Udzia\u0142y w sp\u00f3\u0142ce z o.o. po \u015bmierci wsp\u00f3lnika<\/a><\/li><li class='ez-toc-page-1 ez-toc-heading-level-2'><a class=\"ez-toc-link ez-toc-heading-2\" href=\"https:\/\/pragmatiq.pl\/mniejszosciowi\/smierc-wspolnika-spolki-z-o-o-jak-zabezpieczyc-spolke-na-wypadek-konfliktu-spadkobiercow\/#Przekazanie_udzialow_konkretnym_spadkobiercom\" >Przekazanie udzia\u0142\u00f3w konkretnym spadkobiercom<\/a><\/li><li class='ez-toc-page-1 ez-toc-heading-level-2'><a class=\"ez-toc-link ez-toc-heading-3\" href=\"https:\/\/pragmatiq.pl\/mniejszosciowi\/smierc-wspolnika-spolki-z-o-o-jak-zabezpieczyc-spolke-na-wypadek-konfliktu-spadkobiercow\/#Wylaczenie_lub_ograniczenie_dziedziczenia_udzialow\" >Wy\u0142\u0105czenie lub ograniczenie dziedziczenia udzia\u0142\u00f3w<\/a><\/li><li class='ez-toc-page-1 ez-toc-heading-level-2'><a class=\"ez-toc-link ez-toc-heading-4\" href=\"https:\/\/pragmatiq.pl\/mniejszosciowi\/smierc-wspolnika-spolki-z-o-o-jak-zabezpieczyc-spolke-na-wypadek-konfliktu-spadkobiercow\/#Pozostale_uregulowania_umowy_spolki\" >Pozosta\u0142e uregulowania umowy sp\u00f3\u0142ki<\/a><\/li><\/ul><\/nav><\/div>\n<h2 class=\"wp-block-heading\"><span class=\"ez-toc-section\" id=\"Udzialy_w_spolce_z_oo_po_smierci_wspolnika\"><\/span>Udzia\u0142y w sp\u00f3\u0142ce z o.o. po \u015bmierci wsp\u00f3lnika<span class=\"ez-toc-section-end\"><\/span><\/h2>\n\n\n\n<p>Odmiennie ni\u017c w przypadku sp\u00f3\u0142ek osobowych, \u015bmier\u0107 wsp\u00f3lnika sp\u00f3\u0142ki z o.o., co do zasady, nie jest przyczyn\u0105 rozwi\u0105zania sp\u00f3\u0142ki, chyba \u017ce umowa sp\u00f3\u0142ki stanowi inaczej. O tym, jakie skutki dla sp\u00f3\u0142ki z o.o. powoduje \u015bmier\u0107 jej wsp\u00f3lnika przeczytasz w naszym artykule <a href=\"https:\/\/pragmatiq.pl\/mniejszosciowi\/jak-wykazac-w-spolce-ze-jest-sie-spadkobierca-wspolnika\/\" target=\"_blank\" rel=\"noreferrer noopener\">\u015amier\u0107 wsp\u00f3lnika sp\u00f3\u0142ki z o.o. \u2013 skutki dla sp\u00f3\u0142ki.<\/a> \u00a0Dziedziczenie udzia\u0142\u00f3w mo\u017ce nast\u0105pi\u0107 na podstawie ustawy lub testamentu. Przej\u015bcie udzia\u0142\u00f3w na spadkobierc\u00f3w nast\u0119puje z mocy prawa, jednak dopiero z momentem zawiadomienia sp\u00f3\u0142ki o nabyciu spadku, spadkobierca uwa\u017cany jest przez sp\u00f3\u0142k\u0119 za wsp\u00f3lnika. O tym, jak skutecznie zawiadomi\u0107 sp\u00f3\u0142k\u0119 o nabyciu spadku, piszemy w artykule <a href=\"https:\/\/pragmatiq.pl\/mniejszosciowi\/jak-wykazac-w-spolce-ze-jest-sie-spadkobierca-wspolnika\/\" target=\"_blank\" rel=\"noreferrer noopener\">Jak wykaza\u0107 w sp\u00f3\u0142ce, \u017ce jest si\u0119 spadkobierc\u0105?<\/a><\/p>\n\n\n\n<p>W sytuacji, gdy udzia\u0142y s\u0105 dziedziczone przez wi\u0119cej ni\u017c jedn\u0105 osob\u0119, spadkobiercy staj\u0105 si\u0119 wsp\u00f3\u0142w\u0142a\u015bcicielami udzia\u0142\u00f3w, a swoje prawa w sp\u00f3\u0142ce mog\u0105 wykonywa\u0107 wy\u0142\u0105cznie przez wsp\u00f3lnego przedstawiciela. Wi\u0119cej na temat wsp\u00f3lnego przedstawiciela piszemy w artykule <a href=\"https:\/\/pragmatiq.pl\/mniejszosciowi\/wspolny-przedstawiciel-spadkobiercow-czyli-jak-spadkobiercy-zmarlego-wspolnika-wykonuja-prawa-w-spolce\/\" target=\"_blank\" rel=\"noreferrer noopener\">Wsp\u00f3lny przedstawiciel spadkobierc\u00f3w \u2013 czyli jak spadkobiercy zmar\u0142ego wsp\u00f3lnika wykonuj\u0105 prawa w sp\u00f3\u0142ce.<\/a> W okre\u015blonych przypadkach, w przypadku konfliktu spadkobierc\u00f3w i braku wskazania wsp\u00f3lnego przedstawiciela mo\u017ce doj\u015b\u0107 do sytuacji, w kt\u00f3rej nie b\u0119dzie mo\u017cliwe podejmowanie jakichkolwiek uchwa\u0142 na zgromadzeniach wsp\u00f3lnik\u00f3w.<\/p>\n\n\n\n<figure class=\"wp-block-pullquote\"><blockquote><p><span style=\"background-color:rgba(0, 0, 0, 0)\" class=\"has-inline-color has-vivid-red-color\">Zabezpiecz swoj\u0105 firm\u0119 i bliskich. <a href=\"https:\/\/pragmatiq.pl\/sklep\/zmiana-warty\" target=\"_blank\" rel=\"noreferrer noopener\">Sprawd\u017a praktyczny poradnik <\/a>po trzech drogach do sukcesji!<\/span><\/p><\/blockquote><\/figure>\n\n\n\n<h2 class=\"wp-block-heading\"><span class=\"ez-toc-section\" id=\"Przekazanie_udzialow_konkretnym_spadkobiercom\"><\/span>Przekazanie udzia\u0142\u00f3w konkretnym spadkobiercom<span class=\"ez-toc-section-end\"><\/span><\/h2>\n\n\n\n<p>Podstawowym rozwi\u0105zaniem, kt\u00f3re mo\u017ce zapewni\u0107 sp\u00f3\u0142ce sprawne funkcjonowanie po \u015bmierci wsp\u00f3lnika, jest sporz\u0105dzenie testamentu. W testamencie spadkodawca wskazuje grono swoich spadkobierc\u00f3w, bez zwi\u0105zania ramami wynikaj\u0105cymi z przepis\u00f3w prawa. Oznacza to, \u017ce spadkodawca mo\u017ce powo\u0142a\u0107 do dziedziczenia tylko niekt\u00f3rych ze spadkobierc\u00f3w ustawowych albo nawet osoby trzecie. Co istotne, samo sporz\u0105dzenie testamentu nie powoduje automatycznie, \u017ce konkretne sk\u0142adniki maj\u0105tku przypadn\u0105 okre\u015blonym osobom. Oznacza to jedynie, \u017ce w przypadku powo\u0142ania do dziedziczenia w testamencie kilku os\u00f3b, stan\u0105 si\u0119 one wsp\u00f3\u0142uprawnionymi z udzia\u0142\u00f3w w sp\u00f3\u0142ce i musz\u0105 wskaza\u0107 wsp\u00f3lnego przedstawiciela do wykonywania swoich praw.<\/p>\n\n\n\n<p>Dalej id\u0105cym rozwi\u0105zaniem jest zapis windykacyjny, kt\u00f3ry pozwala na przekazanie konkretnym osobom okre\u015blonej liczby udzia\u0142\u00f3w. W takiej sytuacji udzia\u0142y s\u0105 przyznawane konkretnym osobom i nie dochodzi do powstania wsp\u00f3\u0142w\u0142asno\u015bci udzia\u0142\u00f3w, a co za tym idzie \u2013 nie ma konieczno\u015bci wskazywania przez spadkobierc\u00f3w wsp\u00f3lnego przedstawiciela do wykonywania przez nich praw w sp\u00f3\u0142ce. Wskazane rozwi\u0105zanie minimalizuje zatem ryzyko parali\u017cu decyzyjnego sp\u00f3\u0142ki.<\/p>\n\n\n\n<h2 class=\"wp-block-heading\"><span class=\"ez-toc-section\" id=\"Wylaczenie_lub_ograniczenie_dziedziczenia_udzialow\"><\/span>Wy\u0142\u0105czenie lub ograniczenie dziedziczenia udzia\u0142\u00f3w<span class=\"ez-toc-section-end\"><\/span><\/h2>\n\n\n\n<p>Poza mo\u017cliwo\u015bci\u0105 sporz\u0105dzenia testamentu, b\u0119d\u0105c\u0105 indywidualn\u0105 spraw\u0105 ka\u017cdego ze wsp\u00f3lnik\u00f3w, kwestie dziedziczenia mo\u017cna uregulowa\u0107 w tre\u015bci umowy sp\u00f3\u0142ki.<\/p>\n\n\n\n<p>Najdalej id\u0105cym rozwi\u0105zaniem, maj\u0105cym na celu zachowanie sta\u0142ego sk\u0142adu osobowego wsp\u00f3lnik\u00f3w,&nbsp;jest wy\u0142\u0105czenie mo\u017cliwo\u015bci dziedziczenia udzia\u0142\u00f3w. Wprowadzenie takiego postanowienia gwarantuje, \u017ce po \u015bmierci wsp\u00f3lnika nale\u017c\u0105ce do niego udzia\u0142y nie przejd\u0105 na spadkobierc\u00f3w. Warunkiem skutecznego wy\u0142\u0105czenia mo\u017cliwo\u015bci dziedziczenia udzia\u0142\u00f3w jest jednak wprowadzenie do umowy sp\u00f3\u0142ki zasad rozliczenia ze spadkobiercami. Aby unikn\u0105\u0107 potencjalnych konflikt\u00f3w w tym zakresie, warto ju\u017c w umowie sp\u00f3\u0142ki mo\u017cliwie precyzyjnie wskaza\u0107 metod\u0119 okre\u015blania warto\u015bci sp\u0142aty oraz procedur\u0119 jej dokonywania (w szczeg\u00f3lno\u015bci poprzez wskazanie termin\u00f3w sp\u0142aty).<\/p>\n\n\n\n<p>Mo\u017cliwe jest tak\u017ce wprowadzenie do umowy sp\u00f3\u0142ki ogranicze\u0144 w zakresie wst\u0105pienia do sp\u00f3\u0142ki spadkobierc\u00f3w zmar\u0142ego wsp\u00f3lnika. Przepisy nie wskazuj\u0105 wprost jakie to mog\u0105 by\u0107 ograniczenia, jednak w praktyce dopuszczalne jest przyk\u0142adowo:<\/p>\n\n\n\n<p>&#8211;&nbsp;&nbsp;uzale\u017cnienie mo\u017cliwo\u015bci dziedziczenia udzia\u0142\u00f3w od posiadania okre\u015blonych kwalifikacji,<\/p>\n\n\n\n<p>&#8211;&nbsp;&nbsp;dopuszczenie dziedziczenia udzia\u0142\u00f3w tylko przez dotychczasowych wsp\u00f3lnik\u00f3w sp\u00f3\u0142ki,<\/p>\n\n\n\n<p>&#8211;&nbsp;&nbsp;uzale\u017cnienie mo\u017cliwo\u015bci dziedziczenia udzia\u0142\u00f3w od uzyskania zgody pozosta\u0142ych wsp\u00f3lnik\u00f3w.<\/p>\n\n\n\n<h2 class=\"wp-block-heading\"><span class=\"ez-toc-section\" id=\"Pozostale_uregulowania_umowy_spolki\"><\/span>Pozosta\u0142e uregulowania umowy sp\u00f3\u0142ki<span class=\"ez-toc-section-end\"><\/span><\/h2>\n\n\n\n<p>Poza wskazanymi powy\u017cej rozwi\u0105zaniami zwi\u0105zanymi z wy\u0142\u0105czeniem lub ograniczeniem mo\u017cliwo\u015bci dziedziczenia udzia\u0142\u00f3w, warto zastanowi\u0107 si\u0119 nad uk\u0142adem si\u0142 w sp\u00f3\u0142ce po \u015bmierci danego wsp\u00f3lnika. Postanowienia umowy sp\u00f3\u0142ki powinny uwzgl\u0119dnia\u0107 struktur\u0119 w\u0142a\u015bcicielsk\u0105 konkretnej sp\u00f3\u0142ki oraz za\u0142o\u017cenia zwi\u0105zane z prowadzon\u0105 przez ni\u0105 dzia\u0142alno\u015bci\u0105 gospodarcz\u0105.<\/p>\n\n\n\n<p>Maj\u0105c to na uwadze, warto zweryfikowa\u0107 umow\u0119 sp\u00f3\u0142ki w szczeg\u00f3lno\u015bci w zakresie kwestii dotycz\u0105cych podejmowania uchwa\u0142, takich jak odpowiednia wi\u0119kszo\u015b\u0107 g\u0142os\u00f3w do podejmowania okre\u015blonych uchwa\u0142 oraz postanowienia dotycz\u0105ce kworum. Przyk\u0142adowo: wym\u00f3g uczestnictwa w zgromadzeniach wsp\u00f3lnik\u00f3w udzia\u0142owc\u00f3w reprezentuj\u0105cych ca\u0142y kapita\u0142 zak\u0142adowy mo\u017ce doprowadzi\u0107 do parali\u017cu sp\u00f3\u0142ki w sytuacji, gdy dojdzie do konfliktu spadkobierc\u00f3w.<\/p>\n\n\n\n<p>Je\u015bli chcesz skorzysta\u0107 z pomocy do\u015bwiadczonego doradcy, kt\u00f3ry pomo\u017ce Ci kompleksowo skonstruowa\u0107 zapisy umowy sp\u00f3\u0142ki oraz testamentu, skontaktuj si\u0119 z doradcami Kancelarii PragmatIQ. Zach\u0119camy tak\u017ce do sprawdzenia naszej oferty.<\/p>\n\n\n\n<p>Martyna Kunke<\/p>\n\n\n\n<p>Przeczytaj tak\u017ce:<\/p>\n\n\n\n<p><a href=\"https:\/\/zmianawarty.pl\/czy-zalozenie-fundacji-prywatnej-jest-sposobem-na-zaplanowanie-sukcesji-majatkowej\/\" data-type=\"URL\" data-id=\"https:\/\/zmianawarty.pl\/czy-zalozenie-fundacji-prywatnej-jest-sposobem-na-zaplanowanie-sukcesji-majatkowej\/\">Czy&nbsp;za\u0142o\u017cenie fundacji prywatnej jest sposobem na&nbsp;zaplanowanie sukcesji maj\u0105tkowej?<\/a><\/p>\n","protected":false},"excerpt":{"rendered":"<p>Przeczytaj nasz artyku\u0142 i dowiedz si\u0119 jak zabezpieczy\u0107 sp\u00f3\u0142k\u0119 na wypadek \u015bmierci wsp\u00f3lnika!<\/p>\n","protected":false},"author":11,"featured_media":402,"comment_status":"open","ping_status":"open","sticky":false,"template":"","format":"standard","meta":{"_acf_changed":false,"footnotes":""},"categories":[1,34],"tags":[19,21,23,22],"class_list":["post-737","post","type-post","status-publish","format-standard","has-post-thumbnail","hentry","category-bez-kategorii","category-spory-spadkobiercow","tag-dziedziczenie-firmy","tag-smierc-wspolnika","tag-spor-spadkobiercow","tag-sukcesja-w-firmie"],"acf":[],"yoast_head":"<!-- This site is optimized with the Yoast SEO plugin v27.3 - https:\/\/yoast.com\/product\/yoast-seo-wordpress\/ -->\n<title>\u015amier\u0107 wsp\u00f3lnika sp\u00f3\u0142ki z o.o. - jak zabezpieczy\u0107 sp\u00f3\u0142k\u0119 na wypadek konfliktu spadkobierc\u00f3w? | mniejszosciowi.pl<\/title>\n<meta name=\"robots\" content=\"index, follow, max-snippet:-1, max-image-preview:large, max-video-preview:-1\" \/>\n<link rel=\"canonical\" href=\"https:\/\/pragmatiq.pl\/mniejszosciowi\/smierc-wspolnika-spolki-z-o-o-jak-zabezpieczyc-spolke-na-wypadek-konfliktu-spadkobiercow\/\" \/>\n<meta property=\"og:locale\" content=\"pl_PL\" \/>\n<meta property=\"og:type\" content=\"article\" \/>\n<meta property=\"og:title\" content=\"\u015amier\u0107 wsp\u00f3lnika sp\u00f3\u0142ki z o.o. - jak zabezpieczy\u0107 sp\u00f3\u0142k\u0119 na wypadek konfliktu spadkobierc\u00f3w? | mniejszosciowi.pl\" \/>\n<meta property=\"og:description\" content=\"Przeczytaj nasz artyku\u0142 i dowiedz si\u0119 jak zabezpieczy\u0107 sp\u00f3\u0142k\u0119 na wypadek \u015bmierci wsp\u00f3lnika!\" \/>\n<meta property=\"og:url\" content=\"https:\/\/pragmatiq.pl\/mniejszosciowi\/smierc-wspolnika-spolki-z-o-o-jak-zabezpieczyc-spolke-na-wypadek-konfliktu-spadkobiercow\/\" \/>\n<meta property=\"og:site_name\" content=\"Mniejszo\u015bciowi\" \/>\n<meta property=\"article:published_time\" content=\"2023-06-05T10:44:31+00:00\" \/>\n<meta property=\"article:modified_time\" content=\"2025-08-26T09:28:53+00:00\" \/>\n<meta property=\"og:image\" content=\"https:\/\/pragmatiq.pl\/mniejszosciowi\/wp-content\/uploads\/2020\/09\/mniejszosciowi.png\" \/>\n\t<meta property=\"og:image:width\" content=\"2000\" \/>\n\t<meta property=\"og:image:height\" content=\"625\" \/>\n\t<meta property=\"og:image:type\" content=\"image\/png\" \/>\n<meta name=\"author\" content=\"magda\" \/>\n<meta name=\"twitter:card\" content=\"summary_large_image\" \/>\n<meta name=\"twitter:label1\" content=\"Napisane przez\" \/>\n\t<meta name=\"twitter:data1\" content=\"magda\" \/>\n\t<meta name=\"twitter:label2\" content=\"Szacowany czas czytania\" \/>\n\t<meta name=\"twitter:data2\" content=\"5 minut\" \/>\n<script type=\"application\/ld+json\" class=\"yoast-schema-graph\">{\"@context\":\"https:\\\/\\\/schema.org\",\"@graph\":[{\"@type\":\"Article\",\"@id\":\"https:\\\/\\\/pragmatiq.pl\\\/mniejszosciowi\\\/smierc-wspolnika-spolki-z-o-o-jak-zabezpieczyc-spolke-na-wypadek-konfliktu-spadkobiercow\\\/#article\",\"isPartOf\":{\"@id\":\"https:\\\/\\\/pragmatiq.pl\\\/mniejszosciowi\\\/smierc-wspolnika-spolki-z-o-o-jak-zabezpieczyc-spolke-na-wypadek-konfliktu-spadkobiercow\\\/\"},\"author\":{\"name\":\"magda\",\"@id\":\"https:\\\/\\\/pragmatiq.pl\\\/mniejszosciowi\\\/#\\\/schema\\\/person\\\/ce906c20de720157b60733e123391613\"},\"headline\":\"\u015amier\u0107 wsp\u00f3lnika sp\u00f3\u0142ki z o.o. &#8211; jak zabezpieczy\u0107 sp\u00f3\u0142k\u0119 na wypadek konfliktu spadkobierc\u00f3w?\",\"datePublished\":\"2023-06-05T10:44:31+00:00\",\"dateModified\":\"2025-08-26T09:28:53+00:00\",\"mainEntityOfPage\":{\"@id\":\"https:\\\/\\\/pragmatiq.pl\\\/mniejszosciowi\\\/smierc-wspolnika-spolki-z-o-o-jak-zabezpieczyc-spolke-na-wypadek-konfliktu-spadkobiercow\\\/\"},\"wordCount\":988,\"commentCount\":0,\"publisher\":{\"@id\":\"https:\\\/\\\/pragmatiq.pl\\\/mniejszosciowi\\\/#organization\"},\"image\":{\"@id\":\"https:\\\/\\\/pragmatiq.pl\\\/mniejszosciowi\\\/smierc-wspolnika-spolki-z-o-o-jak-zabezpieczyc-spolke-na-wypadek-konfliktu-spadkobiercow\\\/#primaryimage\"},\"thumbnailUrl\":\"https:\\\/\\\/pragmatiq.pl\\\/mniejszosciowi\\\/wp-content\\\/uploads\\\/2020\\\/09\\\/mniejszosciowi.png\",\"keywords\":[\"dziedziczenie firmy\",\"\u015bmier\u0107 wsp\u00f3lnika\",\"sp\u00f3r spadkobierc\u00f3w\",\"sukcesja w firmie\"],\"articleSection\":{\"1\":\"Spory spadkobierc\u00f3w\"},\"inLanguage\":\"pl-PL\",\"potentialAction\":[{\"@type\":\"CommentAction\",\"name\":\"Comment\",\"target\":[\"https:\\\/\\\/pragmatiq.pl\\\/mniejszosciowi\\\/smierc-wspolnika-spolki-z-o-o-jak-zabezpieczyc-spolke-na-wypadek-konfliktu-spadkobiercow\\\/#respond\"]}]},{\"@type\":\"WebPage\",\"@id\":\"https:\\\/\\\/pragmatiq.pl\\\/mniejszosciowi\\\/smierc-wspolnika-spolki-z-o-o-jak-zabezpieczyc-spolke-na-wypadek-konfliktu-spadkobiercow\\\/\",\"url\":\"https:\\\/\\\/pragmatiq.pl\\\/mniejszosciowi\\\/smierc-wspolnika-spolki-z-o-o-jak-zabezpieczyc-spolke-na-wypadek-konfliktu-spadkobiercow\\\/\",\"name\":\"\u015amier\u0107 wsp\u00f3lnika sp\u00f3\u0142ki z o.o. - jak zabezpieczy\u0107 sp\u00f3\u0142k\u0119 na wypadek konfliktu spadkobierc\u00f3w? | mniejszosciowi.pl\",\"isPartOf\":{\"@id\":\"https:\\\/\\\/pragmatiq.pl\\\/mniejszosciowi\\\/#website\"},\"primaryImageOfPage\":{\"@id\":\"https:\\\/\\\/pragmatiq.pl\\\/mniejszosciowi\\\/smierc-wspolnika-spolki-z-o-o-jak-zabezpieczyc-spolke-na-wypadek-konfliktu-spadkobiercow\\\/#primaryimage\"},\"image\":{\"@id\":\"https:\\\/\\\/pragmatiq.pl\\\/mniejszosciowi\\\/smierc-wspolnika-spolki-z-o-o-jak-zabezpieczyc-spolke-na-wypadek-konfliktu-spadkobiercow\\\/#primaryimage\"},\"thumbnailUrl\":\"https:\\\/\\\/pragmatiq.pl\\\/mniejszosciowi\\\/wp-content\\\/uploads\\\/2020\\\/09\\\/mniejszosciowi.png\",\"datePublished\":\"2023-06-05T10:44:31+00:00\",\"dateModified\":\"2025-08-26T09:28:53+00:00\",\"breadcrumb\":{\"@id\":\"https:\\\/\\\/pragmatiq.pl\\\/mniejszosciowi\\\/smierc-wspolnika-spolki-z-o-o-jak-zabezpieczyc-spolke-na-wypadek-konfliktu-spadkobiercow\\\/#breadcrumb\"},\"inLanguage\":\"pl-PL\",\"potentialAction\":[{\"@type\":\"ReadAction\",\"target\":[\"https:\\\/\\\/pragmatiq.pl\\\/mniejszosciowi\\\/smierc-wspolnika-spolki-z-o-o-jak-zabezpieczyc-spolke-na-wypadek-konfliktu-spadkobiercow\\\/\"]}]},{\"@type\":\"ImageObject\",\"inLanguage\":\"pl-PL\",\"@id\":\"https:\\\/\\\/pragmatiq.pl\\\/mniejszosciowi\\\/smierc-wspolnika-spolki-z-o-o-jak-zabezpieczyc-spolke-na-wypadek-konfliktu-spadkobiercow\\\/#primaryimage\",\"url\":\"https:\\\/\\\/pragmatiq.pl\\\/mniejszosciowi\\\/wp-content\\\/uploads\\\/2020\\\/09\\\/mniejszosciowi.png\",\"contentUrl\":\"https:\\\/\\\/pragmatiq.pl\\\/mniejszosciowi\\\/wp-content\\\/uploads\\\/2020\\\/09\\\/mniejszosciowi.png\",\"width\":2000,\"height\":625},{\"@type\":\"BreadcrumbList\",\"@id\":\"https:\\\/\\\/pragmatiq.pl\\\/mniejszosciowi\\\/smierc-wspolnika-spolki-z-o-o-jak-zabezpieczyc-spolke-na-wypadek-konfliktu-spadkobiercow\\\/#breadcrumb\",\"itemListElement\":[{\"@type\":\"ListItem\",\"position\":1,\"name\":\"Strona g\u0142\u00f3wna\",\"item\":\"https:\\\/\\\/pragmatiq.pl\\\/mniejszosciowi\\\/\"},{\"@type\":\"ListItem\",\"position\":2,\"name\":\"\u015amier\u0107 wsp\u00f3lnika sp\u00f3\u0142ki z o.o. &#8211; jak zabezpieczy\u0107 sp\u00f3\u0142k\u0119 na wypadek konfliktu spadkobierc\u00f3w?\"}]},{\"@type\":\"WebSite\",\"@id\":\"https:\\\/\\\/pragmatiq.pl\\\/mniejszosciowi\\\/#website\",\"url\":\"https:\\\/\\\/pragmatiq.pl\\\/mniejszosciowi\\\/\",\"name\":\"Mniejszo\u015bciowi\",\"description\":\"\",\"publisher\":{\"@id\":\"https:\\\/\\\/pragmatiq.pl\\\/mniejszosciowi\\\/#organization\"},\"potentialAction\":[{\"@type\":\"SearchAction\",\"target\":{\"@type\":\"EntryPoint\",\"urlTemplate\":\"https:\\\/\\\/pragmatiq.pl\\\/mniejszosciowi\\\/?s={search_term_string}\"},\"query-input\":{\"@type\":\"PropertyValueSpecification\",\"valueRequired\":true,\"valueName\":\"search_term_string\"}}],\"inLanguage\":\"pl-PL\"},{\"@type\":\"Organization\",\"@id\":\"https:\\\/\\\/pragmatiq.pl\\\/mniejszosciowi\\\/#organization\",\"name\":\"Mniejszo\u015bciowi\",\"url\":\"https:\\\/\\\/pragmatiq.pl\\\/mniejszosciowi\\\/\",\"logo\":{\"@type\":\"ImageObject\",\"inLanguage\":\"pl-PL\",\"@id\":\"https:\\\/\\\/pragmatiq.pl\\\/mniejszosciowi\\\/#\\\/schema\\\/logo\\\/image\\\/\",\"url\":\"https:\\\/\\\/pragmatiq.pl\\\/mniejszosciowi\\\/wp-content\\\/uploads\\\/2018\\\/05\\\/cropped-logo.png\",\"contentUrl\":\"https:\\\/\\\/pragmatiq.pl\\\/mniejszosciowi\\\/wp-content\\\/uploads\\\/2018\\\/05\\\/cropped-logo.png\",\"width\":952,\"height\":250,\"caption\":\"Mniejszo\u015bciowi\"},\"image\":{\"@id\":\"https:\\\/\\\/pragmatiq.pl\\\/mniejszosciowi\\\/#\\\/schema\\\/logo\\\/image\\\/\"}},{\"@type\":\"Person\",\"@id\":\"https:\\\/\\\/pragmatiq.pl\\\/mniejszosciowi\\\/#\\\/schema\\\/person\\\/ce906c20de720157b60733e123391613\",\"name\":\"magda\",\"image\":{\"@type\":\"ImageObject\",\"inLanguage\":\"pl-PL\",\"@id\":\"https:\\\/\\\/secure.gravatar.com\\\/avatar\\\/6d24b7dcdb2aa81c311c2677433612c2566b3bbf8d7f5abdcd807de80d5f1fdc?s=96&d=mm&r=g\",\"url\":\"https:\\\/\\\/secure.gravatar.com\\\/avatar\\\/6d24b7dcdb2aa81c311c2677433612c2566b3bbf8d7f5abdcd807de80d5f1fdc?s=96&d=mm&r=g\",\"contentUrl\":\"https:\\\/\\\/secure.gravatar.com\\\/avatar\\\/6d24b7dcdb2aa81c311c2677433612c2566b3bbf8d7f5abdcd807de80d5f1fdc?s=96&d=mm&r=g\",\"caption\":\"magda\"},\"url\":\"https:\\\/\\\/pragmatiq.pl\\\/mniejszosciowi\\\/author\\\/magda\\\/\"}]}<\/script>\n<!-- \/ Yoast SEO plugin. -->","yoast_head_json":{"title":"\u015amier\u0107 wsp\u00f3lnika sp\u00f3\u0142ki z o.o. - jak zabezpieczy\u0107 sp\u00f3\u0142k\u0119 na wypadek konfliktu spadkobierc\u00f3w? | mniejszosciowi.pl","robots":{"index":"index","follow":"follow","max-snippet":"max-snippet:-1","max-image-preview":"max-image-preview:large","max-video-preview":"max-video-preview:-1"},"canonical":"https:\/\/pragmatiq.pl\/mniejszosciowi\/smierc-wspolnika-spolki-z-o-o-jak-zabezpieczyc-spolke-na-wypadek-konfliktu-spadkobiercow\/","og_locale":"pl_PL","og_type":"article","og_title":"\u015amier\u0107 wsp\u00f3lnika sp\u00f3\u0142ki z o.o. - jak zabezpieczy\u0107 sp\u00f3\u0142k\u0119 na wypadek konfliktu spadkobierc\u00f3w? | mniejszosciowi.pl","og_description":"Przeczytaj nasz artyku\u0142 i dowiedz si\u0119 jak zabezpieczy\u0107 sp\u00f3\u0142k\u0119 na wypadek \u015bmierci wsp\u00f3lnika!","og_url":"https:\/\/pragmatiq.pl\/mniejszosciowi\/smierc-wspolnika-spolki-z-o-o-jak-zabezpieczyc-spolke-na-wypadek-konfliktu-spadkobiercow\/","og_site_name":"Mniejszo\u015bciowi","article_published_time":"2023-06-05T10:44:31+00:00","article_modified_time":"2025-08-26T09:28:53+00:00","og_image":[{"width":2000,"height":625,"url":"https:\/\/pragmatiq.pl\/mniejszosciowi\/wp-content\/uploads\/2020\/09\/mniejszosciowi.png","type":"image\/png"}],"author":"magda","twitter_card":"summary_large_image","twitter_misc":{"Napisane przez":"magda","Szacowany czas czytania":"5 minut"},"schema":{"@context":"https:\/\/schema.org","@graph":[{"@type":"Article","@id":"https:\/\/pragmatiq.pl\/mniejszosciowi\/smierc-wspolnika-spolki-z-o-o-jak-zabezpieczyc-spolke-na-wypadek-konfliktu-spadkobiercow\/#article","isPartOf":{"@id":"https:\/\/pragmatiq.pl\/mniejszosciowi\/smierc-wspolnika-spolki-z-o-o-jak-zabezpieczyc-spolke-na-wypadek-konfliktu-spadkobiercow\/"},"author":{"name":"magda","@id":"https:\/\/pragmatiq.pl\/mniejszosciowi\/#\/schema\/person\/ce906c20de720157b60733e123391613"},"headline":"\u015amier\u0107 wsp\u00f3lnika sp\u00f3\u0142ki z o.o. &#8211; jak zabezpieczy\u0107 sp\u00f3\u0142k\u0119 na wypadek konfliktu spadkobierc\u00f3w?","datePublished":"2023-06-05T10:44:31+00:00","dateModified":"2025-08-26T09:28:53+00:00","mainEntityOfPage":{"@id":"https:\/\/pragmatiq.pl\/mniejszosciowi\/smierc-wspolnika-spolki-z-o-o-jak-zabezpieczyc-spolke-na-wypadek-konfliktu-spadkobiercow\/"},"wordCount":988,"commentCount":0,"publisher":{"@id":"https:\/\/pragmatiq.pl\/mniejszosciowi\/#organization"},"image":{"@id":"https:\/\/pragmatiq.pl\/mniejszosciowi\/smierc-wspolnika-spolki-z-o-o-jak-zabezpieczyc-spolke-na-wypadek-konfliktu-spadkobiercow\/#primaryimage"},"thumbnailUrl":"https:\/\/pragmatiq.pl\/mniejszosciowi\/wp-content\/uploads\/2020\/09\/mniejszosciowi.png","keywords":["dziedziczenie firmy","\u015bmier\u0107 wsp\u00f3lnika","sp\u00f3r spadkobierc\u00f3w","sukcesja w firmie"],"articleSection":{"1":"Spory spadkobierc\u00f3w"},"inLanguage":"pl-PL","potentialAction":[{"@type":"CommentAction","name":"Comment","target":["https:\/\/pragmatiq.pl\/mniejszosciowi\/smierc-wspolnika-spolki-z-o-o-jak-zabezpieczyc-spolke-na-wypadek-konfliktu-spadkobiercow\/#respond"]}]},{"@type":"WebPage","@id":"https:\/\/pragmatiq.pl\/mniejszosciowi\/smierc-wspolnika-spolki-z-o-o-jak-zabezpieczyc-spolke-na-wypadek-konfliktu-spadkobiercow\/","url":"https:\/\/pragmatiq.pl\/mniejszosciowi\/smierc-wspolnika-spolki-z-o-o-jak-zabezpieczyc-spolke-na-wypadek-konfliktu-spadkobiercow\/","name":"\u015amier\u0107 wsp\u00f3lnika sp\u00f3\u0142ki z o.o. - jak zabezpieczy\u0107 sp\u00f3\u0142k\u0119 na wypadek konfliktu spadkobierc\u00f3w? | mniejszosciowi.pl","isPartOf":{"@id":"https:\/\/pragmatiq.pl\/mniejszosciowi\/#website"},"primaryImageOfPage":{"@id":"https:\/\/pragmatiq.pl\/mniejszosciowi\/smierc-wspolnika-spolki-z-o-o-jak-zabezpieczyc-spolke-na-wypadek-konfliktu-spadkobiercow\/#primaryimage"},"image":{"@id":"https:\/\/pragmatiq.pl\/mniejszosciowi\/smierc-wspolnika-spolki-z-o-o-jak-zabezpieczyc-spolke-na-wypadek-konfliktu-spadkobiercow\/#primaryimage"},"thumbnailUrl":"https:\/\/pragmatiq.pl\/mniejszosciowi\/wp-content\/uploads\/2020\/09\/mniejszosciowi.png","datePublished":"2023-06-05T10:44:31+00:00","dateModified":"2025-08-26T09:28:53+00:00","breadcrumb":{"@id":"https:\/\/pragmatiq.pl\/mniejszosciowi\/smierc-wspolnika-spolki-z-o-o-jak-zabezpieczyc-spolke-na-wypadek-konfliktu-spadkobiercow\/#breadcrumb"},"inLanguage":"pl-PL","potentialAction":[{"@type":"ReadAction","target":["https:\/\/pragmatiq.pl\/mniejszosciowi\/smierc-wspolnika-spolki-z-o-o-jak-zabezpieczyc-spolke-na-wypadek-konfliktu-spadkobiercow\/"]}]},{"@type":"ImageObject","inLanguage":"pl-PL","@id":"https:\/\/pragmatiq.pl\/mniejszosciowi\/smierc-wspolnika-spolki-z-o-o-jak-zabezpieczyc-spolke-na-wypadek-konfliktu-spadkobiercow\/#primaryimage","url":"https:\/\/pragmatiq.pl\/mniejszosciowi\/wp-content\/uploads\/2020\/09\/mniejszosciowi.png","contentUrl":"https:\/\/pragmatiq.pl\/mniejszosciowi\/wp-content\/uploads\/2020\/09\/mniejszosciowi.png","width":2000,"height":625},{"@type":"BreadcrumbList","@id":"https:\/\/pragmatiq.pl\/mniejszosciowi\/smierc-wspolnika-spolki-z-o-o-jak-zabezpieczyc-spolke-na-wypadek-konfliktu-spadkobiercow\/#breadcrumb","itemListElement":[{"@type":"ListItem","position":1,"name":"Strona g\u0142\u00f3wna","item":"https:\/\/pragmatiq.pl\/mniejszosciowi\/"},{"@type":"ListItem","position":2,"name":"\u015amier\u0107 wsp\u00f3lnika sp\u00f3\u0142ki z o.o. &#8211; jak zabezpieczy\u0107 sp\u00f3\u0142k\u0119 na wypadek konfliktu spadkobierc\u00f3w?"}]},{"@type":"WebSite","@id":"https:\/\/pragmatiq.pl\/mniejszosciowi\/#website","url":"https:\/\/pragmatiq.pl\/mniejszosciowi\/","name":"Mniejszo\u015bciowi","description":"","publisher":{"@id":"https:\/\/pragmatiq.pl\/mniejszosciowi\/#organization"},"potentialAction":[{"@type":"SearchAction","target":{"@type":"EntryPoint","urlTemplate":"https:\/\/pragmatiq.pl\/mniejszosciowi\/?s={search_term_string}"},"query-input":{"@type":"PropertyValueSpecification","valueRequired":true,"valueName":"search_term_string"}}],"inLanguage":"pl-PL"},{"@type":"Organization","@id":"https:\/\/pragmatiq.pl\/mniejszosciowi\/#organization","name":"Mniejszo\u015bciowi","url":"https:\/\/pragmatiq.pl\/mniejszosciowi\/","logo":{"@type":"ImageObject","inLanguage":"pl-PL","@id":"https:\/\/pragmatiq.pl\/mniejszosciowi\/#\/schema\/logo\/image\/","url":"https:\/\/pragmatiq.pl\/mniejszosciowi\/wp-content\/uploads\/2018\/05\/cropped-logo.png","contentUrl":"https:\/\/pragmatiq.pl\/mniejszosciowi\/wp-content\/uploads\/2018\/05\/cropped-logo.png","width":952,"height":250,"caption":"Mniejszo\u015bciowi"},"image":{"@id":"https:\/\/pragmatiq.pl\/mniejszosciowi\/#\/schema\/logo\/image\/"}},{"@type":"Person","@id":"https:\/\/pragmatiq.pl\/mniejszosciowi\/#\/schema\/person\/ce906c20de720157b60733e123391613","name":"magda","image":{"@type":"ImageObject","inLanguage":"pl-PL","@id":"https:\/\/secure.gravatar.com\/avatar\/6d24b7dcdb2aa81c311c2677433612c2566b3bbf8d7f5abdcd807de80d5f1fdc?s=96&d=mm&r=g","url":"https:\/\/secure.gravatar.com\/avatar\/6d24b7dcdb2aa81c311c2677433612c2566b3bbf8d7f5abdcd807de80d5f1fdc?s=96&d=mm&r=g","contentUrl":"https:\/\/secure.gravatar.com\/avatar\/6d24b7dcdb2aa81c311c2677433612c2566b3bbf8d7f5abdcd807de80d5f1fdc?s=96&d=mm&r=g","caption":"magda"},"url":"https:\/\/pragmatiq.pl\/mniejszosciowi\/author\/magda\/"}]}},"_links":{"self":[{"href":"https:\/\/pragmatiq.pl\/mniejszosciowi\/wp-json\/wp\/v2\/posts\/737","targetHints":{"allow":["GET"]}}],"collection":[{"href":"https:\/\/pragmatiq.pl\/mniejszosciowi\/wp-json\/wp\/v2\/posts"}],"about":[{"href":"https:\/\/pragmatiq.pl\/mniejszosciowi\/wp-json\/wp\/v2\/types\/post"}],"author":[{"embeddable":true,"href":"https:\/\/pragmatiq.pl\/mniejszosciowi\/wp-json\/wp\/v2\/users\/11"}],"replies":[{"embeddable":true,"href":"https:\/\/pragmatiq.pl\/mniejszosciowi\/wp-json\/wp\/v2\/comments?post=737"}],"version-history":[{"count":4,"href":"https:\/\/pragmatiq.pl\/mniejszosciowi\/wp-json\/wp\/v2\/posts\/737\/revisions"}],"predecessor-version":[{"id":1050,"href":"https:\/\/pragmatiq.pl\/mniejszosciowi\/wp-json\/wp\/v2\/posts\/737\/revisions\/1050"}],"wp:featuredmedia":[{"embeddable":true,"href":"https:\/\/pragmatiq.pl\/mniejszosciowi\/wp-json\/wp\/v2\/media\/402"}],"wp:attachment":[{"href":"https:\/\/pragmatiq.pl\/mniejszosciowi\/wp-json\/wp\/v2\/media?parent=737"}],"wp:term":[{"taxonomy":"category","embeddable":true,"href":"https:\/\/pragmatiq.pl\/mniejszosciowi\/wp-json\/wp\/v2\/categories?post=737"},{"taxonomy":"post_tag","embeddable":true,"href":"https:\/\/pragmatiq.pl\/mniejszosciowi\/wp-json\/wp\/v2\/tags?post=737"}],"curies":[{"name":"wp","href":"https:\/\/api.w.org\/{rel}","templated":true}]}}