{"id":729,"date":"2023-06-05T12:26:08","date_gmt":"2023-06-05T10:26:08","guid":{"rendered":"https:\/\/mniejszosciowi.pl\/?p=729"},"modified":"2025-08-26T11:19:27","modified_gmt":"2025-08-26T09:19:27","slug":"dziedziczenie-udzialow-w-spolce-osobowej-przez-kilku-spadkobiercow","status":"publish","type":"post","link":"https:\/\/pragmatiq.pl\/mniejszosciowi\/dziedziczenie-udzialow-w-spolce-osobowej-przez-kilku-spadkobiercow\/","title":{"rendered":"Dziedziczenie udzia\u0142\u00f3w w sp\u00f3\u0142ce osobowej przez kilku spadkobierc\u00f3w"},"content":{"rendered":"\n<p><strong>Odziedziczenie og\u00f3\u0142u praw i obowi\u0105zk\u00f3w w sp\u00f3\u0142ce osobowej przez kilku spadkobierc\u00f3w mo\u017ce okaza\u0107 si\u0119 sporym wyzwaniem zar\u00f3wno dla sp\u00f3\u0142ki, jak i dla samych spadkobierc\u00f3w. Odpowiednie zaplanowanie sukcesji mo\u017ce jednak ograniczy\u0107 ryzyka zwi\u0105zane ze \u015bmierci\u0105 wsp\u00f3lnika.<\/strong><\/p>\n\n\n\n<div id=\"ez-toc-container\" class=\"ez-toc-v2_0_82_2 counter-hierarchy ez-toc-counter ez-toc-grey ez-toc-container-direction\">\n<nav><ul class='ez-toc-list ez-toc-list-level-1 ' ><li class='ez-toc-page-1 ez-toc-heading-level-2'><a class=\"ez-toc-link ez-toc-heading-1\" href=\"https:\/\/pragmatiq.pl\/mniejszosciowi\/dziedziczenie-udzialow-w-spolce-osobowej-przez-kilku-spadkobiercow\/#Kiedy_mozliwe_jest_dziedziczenie_ogolu_praw_i_obowiazkow\" >Kiedy mo\u017cliwe jest dziedziczenie og\u00f3\u0142u praw i obowi\u0105zk\u00f3w?<\/a><\/li><li class='ez-toc-page-1 ez-toc-heading-level-2'><a class=\"ez-toc-link ez-toc-heading-2\" href=\"https:\/\/pragmatiq.pl\/mniejszosciowi\/dziedziczenie-udzialow-w-spolce-osobowej-przez-kilku-spadkobiercow\/#Konflikt_spadkobiercow_a_ryzyko_paralizu_spolki\" >Konflikt spadkobierc\u00f3w a ryzyko parali\u017cu sp\u00f3\u0142ki<\/a><\/li><li class='ez-toc-page-1 ez-toc-heading-level-2'><a class=\"ez-toc-link ez-toc-heading-3\" href=\"https:\/\/pragmatiq.pl\/mniejszosciowi\/dziedziczenie-udzialow-w-spolce-osobowej-przez-kilku-spadkobiercow\/#Jak_ograniczyc_ryzyka_zwiazane_z_dziedziczeniem_ogolu_praw_i_obowiazkow\" >Jak ograniczy\u0107 ryzyka zwi\u0105zane z dziedziczeniem og\u00f3\u0142u praw i obowi\u0105zk\u00f3w?<\/a><\/li><\/ul><\/nav><\/div>\n<h2 class=\"wp-block-heading\"><span class=\"ez-toc-section\" id=\"Kiedy_mozliwe_jest_dziedziczenie_ogolu_praw_i_obowiazkow\"><\/span>Kiedy mo\u017cliwe jest dziedziczenie og\u00f3\u0142u praw i obowi\u0105zk\u00f3w?<span class=\"ez-toc-section-end\"><\/span><\/h2>\n\n\n\n<p>W odniesieniu do dziedziczenia og\u00f3\u0142u praw i obowi\u0105zk\u00f3w w sp\u00f3\u0142ce osobowej, kluczowe s\u0105 postanowienia umowy sp\u00f3\u0142ki. Zasad\u0105 jest bowiem, \u017ce spadkobiercy zmar\u0142ego wsp\u00f3lnika nie wst\u0119puj\u0105 do sp\u00f3\u0142ki osobowej w jego miejsce. Tym samym, wst\u0105pienie spadkobierc\u00f3w w miejsce zmar\u0142ego wsp\u00f3lnika ma miejsce w\u00f3wczas, tylko gdy umowa sp\u00f3\u0142ki wyra\u017anie to przewiduje. Jednocze\u015bnie, z uwagi na niepodzielno\u015b\u0107 og\u00f3\u0142u praw i obowi\u0105zk\u00f3w w sp\u00f3\u0142kach osobowych, spadkobiercy staj\u0105 si\u0119 wsp\u00f3\u0142w\u0142a\u015bcicielami \u201eudzia\u0142u\u201d w sp\u00f3\u0142ce.<\/p>\n\n\n\n<figure class=\"wp-block-pullquote\"><blockquote><p><em><span style=\"background-color:rgba(0, 0, 0, 0)\" class=\"has-inline-color has-vivid-red-color\"><strong>Zdob\u0105d\u017a najwi\u0119ksze kompendium wiedzy i wykorzystaj je w praktyce! Niemal 333 pyta\u0144 i odpowiedzi na temat sukcesji w prywatnej firmie. <a href=\"https:\/\/pragmatiq.pl\/sklep\/zmiana-warty\" target=\"_blank\" rel=\"noreferrer noopener\">Sprawd\u017a teraz!<\/a><\/strong> <\/span> <\/em><\/p><\/blockquote><\/figure>\n\n\n\n<h2 class=\"wp-block-heading\"><span class=\"ez-toc-section\" id=\"Konflikt_spadkobiercow_a_ryzyko_paralizu_spolki\"><\/span>Konflikt spadkobierc\u00f3w a ryzyko parali\u017cu sp\u00f3\u0142ki<span class=\"ez-toc-section-end\"><\/span><\/h2>\n\n\n\n<p>W przypadku, gdy spadkobiercy s\u0105 wsp\u00f3\u0142w\u0142a\u015bcicielami og\u00f3\u0142u praw i obowi\u0105zk\u00f3w, mog\u0105 wykonywa\u0107 swoje prawa w sp\u00f3\u0142ce wy\u0142\u0105cznie przez ustanowionego przez nich wsp\u00f3lnego przedstawiciela. Co wa\u017cne, do momentu wskazania takiego przedstawiciela, wszelkie czynno\u015bci dokonane przez pozosta\u0142ych wsp\u00f3lnik\u00f3w sp\u00f3\u0142ki s\u0105 wi\u0105\u017c\u0105ce dla spadkobierc\u00f3w. W zwi\u0105zku z tym, je\u017celi mi\u0119dzy spadkobiercami nie ma sporu, wsp\u00f3lnego przedstawiciela warto wybra\u0107 jak najszybciej. Wyb\u00f3r wsp\u00f3lnego przedstawiciela spadkobierc\u00f3w musi by\u0107 dokonany jednomy\u015blnie przez wszystkich spadkobierc\u00f3w. Z kolei odwo\u0142a\u0107 go z tej funkcji mo\u017ce ka\u017cdy spadkobierca. Przyjmuje si\u0119, \u017ce przedstawicielem spadkobierc\u00f3w w sp\u00f3\u0142ce osobowej mo\u017ce by\u0107 wy\u0142\u0105cznie jeden z nich, a nie osoba trzecia.<\/p>\n\n\n\n<p>Niestety, w praktyce pomi\u0119dzy spadkobiercami mo\u017ce pojawi\u0107 si\u0119 sp\u00f3r co do wyboru osoby wsp\u00f3lnego przedstawiciela. Taki konflikt w skrajnych przypadkach mo\u017ce doprowadzi\u0107 do parali\u017cu dzia\u0142alno\u015bci sp\u00f3\u0142ki (np. w sytuacji, gdy brak powo\u0142ania wsp\u00f3lnego przedstawiciela prowadzi do braku mo\u017cliwo\u015bci osi\u0105gniecia kworum wymaganego do podj\u0119cia uchwa\u0142y). Nie jest to tak\u017ce sytuacja korzysta dla samych spadkobierc\u00f3w, poniewa\u017c s\u0105 oni pozbawieni wp\u0142ywu na dzia\u0142alno\u015b\u0107 sp\u00f3\u0142ki.<\/p>\n\n\n\n<p>Co prawda, w przypadku braku zgody spadkobierc\u00f3w na powo\u0142anie wsp\u00f3lnego przedstawiciela, istnieje mo\u017cliwo\u015b\u0107 \u017c\u0105dania powo\u0142ania wsp\u00f3lnego przedstawiciela spadkobierc\u00f3w przez s\u0105d. Z takim \u017c\u0105daniem mog\u0105 jednak wyst\u0105pi\u0107 wy\u0142\u0105cznie spadkobiercy reprezentuj\u0105cy \u0142\u0105cznie powy\u017cej 50% udzia\u0142u w rzeczy obj\u0119tej wsp\u00f3\u0142w\u0142asno\u015bci\u0105 \u2013 w tym przypadku, powy\u017cej 50% udzia\u0142u w og\u00f3le praw i obowi\u0105zk\u00f3w w sp\u00f3\u0142ce.<\/p>\n\n\n\n<p>Wi\u0119cej na temat wsp\u00f3lnego przedstawiciela spadkobierc\u00f3w przeczytasz w artykule: <em><a href=\"https:\/\/pragmatiq.pl\/mniejszosciowi\/wspolny-przedstawiciel-spadkobiercow-czyli-jak-spadkobiercy-zmarlego-wspolnika-wykonuja-prawa-w-spolce\/\" target=\"_blank\" rel=\"noreferrer noopener\">Wsp\u00f3lny przedstawiciel spadkobierc\u00f3w \u2013 czyli jak spadkobiercy zmar\u0142ego wsp\u00f3lnika wykonuj\u0105 prawa w sp\u00f3\u0142ce.<\/a> <\/em><\/p>\n\n\n\n<h2 class=\"wp-block-heading\"><span class=\"ez-toc-section\" id=\"Jak_ograniczyc_ryzyka_zwiazane_z_dziedziczeniem_ogolu_praw_i_obowiazkow\"><\/span>Jak ograniczy\u0107 ryzyka zwi\u0105zane z dziedziczeniem og\u00f3\u0142u praw i obowi\u0105zk\u00f3w?<span class=\"ez-toc-section-end\"><\/span><\/h2>\n\n\n\n<p>Dziedziczenie og\u00f3\u0142u praw i obowi\u0105zk\u00f3w w sp\u00f3\u0142ce osobowej przez kilku spadkobierc\u00f3w mo\u017ce okaza\u0107 si\u0119 problemem zar\u00f3wno dla sp\u00f3\u0142ki, jak i dla nowych wsp\u00f3lnik\u00f3w &#8211; spadkobierc\u00f3w. Dlatego tak wa\u017cne jest mo\u017cliwie precyzyjne uregulowanie sukcesji w umowie sp\u00f3\u0142ki i testamencie. Daje to pewno\u015b\u0107, \u017ce dzia\u0142alno\u015b\u0107 budowanego przez ca\u0142e \u017cycie biznesu jest dobrze zabezpieczona, a potencjalny konflikt mi\u0119dzy spadkobiercami nie sparali\u017cuje sp\u00f3\u0142ki. O tym, jakie uregulowania dotycz\u0105ce dziedziczenia mog\u0105 si\u0119 znale\u017a\u0107 w umowie sp\u00f3\u0142ki, piszemy w artykule <em><a rel=\"noreferrer noopener\" href=\"https:\/\/www.komandytowa.pl\/udzial-w-spolce-komandytowej-jak-zaplanowac-jego-sukcesje.html\" data-type=\"URL\" data-id=\"https:\/\/www.komandytowa.pl\/udzial-w-spolce-komandytowej-jak-zaplanowac-jego-sukcesje.html\" target=\"_blank\">Udzia\u0142 w sp\u00f3\u0142ce komandytowej \u2013 jak zaplanowa\u0107 jego sukcesj\u0119? <\/a><\/em>na portalu komandytowa.pl<\/p>\n\n\n\n<p>Dodatkowo, o innych skutkach, kt\u00f3re mo\u017ce wywo\u0142a\u0107 \u015bmier\u0107 wsp\u00f3lnika sp\u00f3\u0142ki osobowej, przeczytasz w innym naszym artykule \u2013 <em><a href=\"https:\/\/pragmatiq.pl\/mniejszosciowi\/smierc-wspolnika-spolki-osobowej-skutki-dla-spolki\/\" target=\"_blank\" rel=\"noreferrer noopener\">\u015amier\u0107 wsp\u00f3lnika sp\u00f3\u0142ki osobowej \u2013 skutki dla sp\u00f3\u0142ki<\/a> <\/em><\/p>\n\n\n\n<p>Kacper Chachurski<\/p>\n\n\n\n<p>Przeczytaj tak\u017ce:<\/p>\n\n\n\n<p><a href=\"https:\/\/zmianawarty.pl\/czy-zalozenie-fundacji-prywatnej-jest-sposobem-na-zaplanowanie-sukcesji-majatkowej\/\" data-type=\"URL\" data-id=\"https:\/\/zmianawarty.pl\/czy-zalozenie-fundacji-prywatnej-jest-sposobem-na-zaplanowanie-sukcesji-majatkowej\/\">Czy&nbsp;za\u0142o\u017cenie fundacji prywatnej jest sposobem na&nbsp;zaplanowanie sukcesji maj\u0105tkowej?<\/a><\/p>\n","protected":false},"excerpt":{"rendered":"<p>Dziedziczenie udzia\u0142\u00f3w przez kilku spadkobierc\u00f3w mo\u017ce by\u0107 k\u0142opotliwe dla samej sp\u00f3\u0142ki. Sprawd\u017a, jak si\u0119 przed tym chroni\u0107!<\/p>\n","protected":false},"author":11,"featured_media":79,"comment_status":"open","ping_status":"open","sticky":false,"template":"","format":"standard","meta":{"_acf_changed":false,"footnotes":""},"categories":[1,34],"tags":[19,21,20,22],"class_list":["post-729","post","type-post","status-publish","format-standard","has-post-thumbnail","hentry","category-bez-kategorii","category-spory-spadkobiercow","tag-dziedziczenie-firmy","tag-smierc-wspolnika","tag-spolka-osobowa","tag-sukcesja-w-firmie"],"acf":[],"yoast_head":"<!-- This site is optimized with the Yoast SEO plugin v27.3 - https:\/\/yoast.com\/product\/yoast-seo-wordpress\/ -->\n<title>Dziedziczenie udzia\u0142\u00f3w w sp\u00f3\u0142ce osobowej przez kilku spadkobierc\u00f3w | mniejszosciowi.pl<\/title>\n<meta name=\"robots\" content=\"index, follow, max-snippet:-1, max-image-preview:large, max-video-preview:-1\" \/>\n<link rel=\"canonical\" href=\"https:\/\/pragmatiq.pl\/mniejszosciowi\/dziedziczenie-udzialow-w-spolce-osobowej-przez-kilku-spadkobiercow\/\" \/>\n<meta property=\"og:locale\" content=\"pl_PL\" \/>\n<meta property=\"og:type\" content=\"article\" \/>\n<meta property=\"og:title\" content=\"Dziedziczenie udzia\u0142\u00f3w w sp\u00f3\u0142ce osobowej przez kilku spadkobierc\u00f3w | mniejszosciowi.pl\" \/>\n<meta property=\"og:description\" content=\"Dziedziczenie udzia\u0142\u00f3w przez kilku spadkobierc\u00f3w mo\u017ce by\u0107 k\u0142opotliwe dla samej sp\u00f3\u0142ki. Sprawd\u017a, jak si\u0119 przed tym chroni\u0107!\" \/>\n<meta property=\"og:url\" content=\"https:\/\/pragmatiq.pl\/mniejszosciowi\/dziedziczenie-udzialow-w-spolce-osobowej-przez-kilku-spadkobiercow\/\" \/>\n<meta property=\"og:site_name\" content=\"Mniejszo\u015bciowi\" \/>\n<meta property=\"article:published_time\" content=\"2023-06-05T10:26:08+00:00\" \/>\n<meta property=\"article:modified_time\" content=\"2025-08-26T09:19:27+00:00\" \/>\n<meta property=\"og:image\" content=\"https:\/\/pragmatiq.pl\/mniejszosciowi\/wp-content\/uploads\/2018\/06\/mniejszosciowi_grafika_artyku\u0142-9-2.png\" \/>\n\t<meta property=\"og:image:width\" content=\"2000\" \/>\n\t<meta property=\"og:image:height\" content=\"625\" \/>\n\t<meta property=\"og:image:type\" content=\"image\/png\" \/>\n<meta name=\"author\" content=\"magda\" \/>\n<meta name=\"twitter:card\" content=\"summary_large_image\" \/>\n<meta name=\"twitter:label1\" content=\"Napisane przez\" \/>\n\t<meta name=\"twitter:data1\" content=\"magda\" \/>\n\t<meta name=\"twitter:label2\" content=\"Szacowany czas czytania\" \/>\n\t<meta name=\"twitter:data2\" content=\"4 minuty\" \/>\n<script type=\"application\/ld+json\" class=\"yoast-schema-graph\">{\"@context\":\"https:\\\/\\\/schema.org\",\"@graph\":[{\"@type\":\"Article\",\"@id\":\"https:\\\/\\\/pragmatiq.pl\\\/mniejszosciowi\\\/dziedziczenie-udzialow-w-spolce-osobowej-przez-kilku-spadkobiercow\\\/#article\",\"isPartOf\":{\"@id\":\"https:\\\/\\\/pragmatiq.pl\\\/mniejszosciowi\\\/dziedziczenie-udzialow-w-spolce-osobowej-przez-kilku-spadkobiercow\\\/\"},\"author\":{\"name\":\"magda\",\"@id\":\"https:\\\/\\\/pragmatiq.pl\\\/mniejszosciowi\\\/#\\\/schema\\\/person\\\/ce906c20de720157b60733e123391613\"},\"headline\":\"Dziedziczenie udzia\u0142\u00f3w w sp\u00f3\u0142ce osobowej przez kilku spadkobierc\u00f3w\",\"datePublished\":\"2023-06-05T10:26:08+00:00\",\"dateModified\":\"2025-08-26T09:19:27+00:00\",\"mainEntityOfPage\":{\"@id\":\"https:\\\/\\\/pragmatiq.pl\\\/mniejszosciowi\\\/dziedziczenie-udzialow-w-spolce-osobowej-przez-kilku-spadkobiercow\\\/\"},\"wordCount\":680,\"commentCount\":0,\"publisher\":{\"@id\":\"https:\\\/\\\/pragmatiq.pl\\\/mniejszosciowi\\\/#organization\"},\"image\":{\"@id\":\"https:\\\/\\\/pragmatiq.pl\\\/mniejszosciowi\\\/dziedziczenie-udzialow-w-spolce-osobowej-przez-kilku-spadkobiercow\\\/#primaryimage\"},\"thumbnailUrl\":\"https:\\\/\\\/pragmatiq.pl\\\/mniejszosciowi\\\/wp-content\\\/uploads\\\/2018\\\/06\\\/mniejszosciowi_grafika_artyku\u0142-9-2.png\",\"keywords\":[\"dziedziczenie firmy\",\"\u015bmier\u0107 wsp\u00f3lnika\",\"sp\u00f3\u0142ka osobowa\",\"sukcesja w firmie\"],\"articleSection\":{\"1\":\"Spory spadkobierc\u00f3w\"},\"inLanguage\":\"pl-PL\",\"potentialAction\":[{\"@type\":\"CommentAction\",\"name\":\"Comment\",\"target\":[\"https:\\\/\\\/pragmatiq.pl\\\/mniejszosciowi\\\/dziedziczenie-udzialow-w-spolce-osobowej-przez-kilku-spadkobiercow\\\/#respond\"]}]},{\"@type\":\"WebPage\",\"@id\":\"https:\\\/\\\/pragmatiq.pl\\\/mniejszosciowi\\\/dziedziczenie-udzialow-w-spolce-osobowej-przez-kilku-spadkobiercow\\\/\",\"url\":\"https:\\\/\\\/pragmatiq.pl\\\/mniejszosciowi\\\/dziedziczenie-udzialow-w-spolce-osobowej-przez-kilku-spadkobiercow\\\/\",\"name\":\"Dziedziczenie udzia\u0142\u00f3w w sp\u00f3\u0142ce osobowej przez kilku spadkobierc\u00f3w | mniejszosciowi.pl\",\"isPartOf\":{\"@id\":\"https:\\\/\\\/pragmatiq.pl\\\/mniejszosciowi\\\/#website\"},\"primaryImageOfPage\":{\"@id\":\"https:\\\/\\\/pragmatiq.pl\\\/mniejszosciowi\\\/dziedziczenie-udzialow-w-spolce-osobowej-przez-kilku-spadkobiercow\\\/#primaryimage\"},\"image\":{\"@id\":\"https:\\\/\\\/pragmatiq.pl\\\/mniejszosciowi\\\/dziedziczenie-udzialow-w-spolce-osobowej-przez-kilku-spadkobiercow\\\/#primaryimage\"},\"thumbnailUrl\":\"https:\\\/\\\/pragmatiq.pl\\\/mniejszosciowi\\\/wp-content\\\/uploads\\\/2018\\\/06\\\/mniejszosciowi_grafika_artyku\u0142-9-2.png\",\"datePublished\":\"2023-06-05T10:26:08+00:00\",\"dateModified\":\"2025-08-26T09:19:27+00:00\",\"breadcrumb\":{\"@id\":\"https:\\\/\\\/pragmatiq.pl\\\/mniejszosciowi\\\/dziedziczenie-udzialow-w-spolce-osobowej-przez-kilku-spadkobiercow\\\/#breadcrumb\"},\"inLanguage\":\"pl-PL\",\"potentialAction\":[{\"@type\":\"ReadAction\",\"target\":[\"https:\\\/\\\/pragmatiq.pl\\\/mniejszosciowi\\\/dziedziczenie-udzialow-w-spolce-osobowej-przez-kilku-spadkobiercow\\\/\"]}]},{\"@type\":\"ImageObject\",\"inLanguage\":\"pl-PL\",\"@id\":\"https:\\\/\\\/pragmatiq.pl\\\/mniejszosciowi\\\/dziedziczenie-udzialow-w-spolce-osobowej-przez-kilku-spadkobiercow\\\/#primaryimage\",\"url\":\"https:\\\/\\\/pragmatiq.pl\\\/mniejszosciowi\\\/wp-content\\\/uploads\\\/2018\\\/06\\\/mniejszosciowi_grafika_artyku\u0142-9-2.png\",\"contentUrl\":\"https:\\\/\\\/pragmatiq.pl\\\/mniejszosciowi\\\/wp-content\\\/uploads\\\/2018\\\/06\\\/mniejszosciowi_grafika_artyku\u0142-9-2.png\",\"width\":2000,\"height\":625,\"caption\":\"Wycena sp\u00f3\u0142ki \u2013 podstawa do ustalenia strategii w sporze ze wsp\u00f3lnikiem\"},{\"@type\":\"BreadcrumbList\",\"@id\":\"https:\\\/\\\/pragmatiq.pl\\\/mniejszosciowi\\\/dziedziczenie-udzialow-w-spolce-osobowej-przez-kilku-spadkobiercow\\\/#breadcrumb\",\"itemListElement\":[{\"@type\":\"ListItem\",\"position\":1,\"name\":\"Strona g\u0142\u00f3wna\",\"item\":\"https:\\\/\\\/pragmatiq.pl\\\/mniejszosciowi\\\/\"},{\"@type\":\"ListItem\",\"position\":2,\"name\":\"Dziedziczenie udzia\u0142\u00f3w w sp\u00f3\u0142ce osobowej przez kilku spadkobierc\u00f3w\"}]},{\"@type\":\"WebSite\",\"@id\":\"https:\\\/\\\/pragmatiq.pl\\\/mniejszosciowi\\\/#website\",\"url\":\"https:\\\/\\\/pragmatiq.pl\\\/mniejszosciowi\\\/\",\"name\":\"Mniejszo\u015bciowi\",\"description\":\"\",\"publisher\":{\"@id\":\"https:\\\/\\\/pragmatiq.pl\\\/mniejszosciowi\\\/#organization\"},\"potentialAction\":[{\"@type\":\"SearchAction\",\"target\":{\"@type\":\"EntryPoint\",\"urlTemplate\":\"https:\\\/\\\/pragmatiq.pl\\\/mniejszosciowi\\\/?s={search_term_string}\"},\"query-input\":{\"@type\":\"PropertyValueSpecification\",\"valueRequired\":true,\"valueName\":\"search_term_string\"}}],\"inLanguage\":\"pl-PL\"},{\"@type\":\"Organization\",\"@id\":\"https:\\\/\\\/pragmatiq.pl\\\/mniejszosciowi\\\/#organization\",\"name\":\"Mniejszo\u015bciowi\",\"url\":\"https:\\\/\\\/pragmatiq.pl\\\/mniejszosciowi\\\/\",\"logo\":{\"@type\":\"ImageObject\",\"inLanguage\":\"pl-PL\",\"@id\":\"https:\\\/\\\/pragmatiq.pl\\\/mniejszosciowi\\\/#\\\/schema\\\/logo\\\/image\\\/\",\"url\":\"https:\\\/\\\/pragmatiq.pl\\\/mniejszosciowi\\\/wp-content\\\/uploads\\\/2018\\\/05\\\/cropped-logo.png\",\"contentUrl\":\"https:\\\/\\\/pragmatiq.pl\\\/mniejszosciowi\\\/wp-content\\\/uploads\\\/2018\\\/05\\\/cropped-logo.png\",\"width\":952,\"height\":250,\"caption\":\"Mniejszo\u015bciowi\"},\"image\":{\"@id\":\"https:\\\/\\\/pragmatiq.pl\\\/mniejszosciowi\\\/#\\\/schema\\\/logo\\\/image\\\/\"}},{\"@type\":\"Person\",\"@id\":\"https:\\\/\\\/pragmatiq.pl\\\/mniejszosciowi\\\/#\\\/schema\\\/person\\\/ce906c20de720157b60733e123391613\",\"name\":\"magda\",\"image\":{\"@type\":\"ImageObject\",\"inLanguage\":\"pl-PL\",\"@id\":\"https:\\\/\\\/secure.gravatar.com\\\/avatar\\\/6d24b7dcdb2aa81c311c2677433612c2566b3bbf8d7f5abdcd807de80d5f1fdc?s=96&d=mm&r=g\",\"url\":\"https:\\\/\\\/secure.gravatar.com\\\/avatar\\\/6d24b7dcdb2aa81c311c2677433612c2566b3bbf8d7f5abdcd807de80d5f1fdc?s=96&d=mm&r=g\",\"contentUrl\":\"https:\\\/\\\/secure.gravatar.com\\\/avatar\\\/6d24b7dcdb2aa81c311c2677433612c2566b3bbf8d7f5abdcd807de80d5f1fdc?s=96&d=mm&r=g\",\"caption\":\"magda\"},\"url\":\"https:\\\/\\\/pragmatiq.pl\\\/mniejszosciowi\\\/author\\\/magda\\\/\"}]}<\/script>\n<!-- \/ Yoast SEO plugin. -->","yoast_head_json":{"title":"Dziedziczenie udzia\u0142\u00f3w w sp\u00f3\u0142ce osobowej przez kilku spadkobierc\u00f3w | mniejszosciowi.pl","robots":{"index":"index","follow":"follow","max-snippet":"max-snippet:-1","max-image-preview":"max-image-preview:large","max-video-preview":"max-video-preview:-1"},"canonical":"https:\/\/pragmatiq.pl\/mniejszosciowi\/dziedziczenie-udzialow-w-spolce-osobowej-przez-kilku-spadkobiercow\/","og_locale":"pl_PL","og_type":"article","og_title":"Dziedziczenie udzia\u0142\u00f3w w sp\u00f3\u0142ce osobowej przez kilku spadkobierc\u00f3w | mniejszosciowi.pl","og_description":"Dziedziczenie udzia\u0142\u00f3w przez kilku spadkobierc\u00f3w mo\u017ce by\u0107 k\u0142opotliwe dla samej sp\u00f3\u0142ki. Sprawd\u017a, jak si\u0119 przed tym chroni\u0107!","og_url":"https:\/\/pragmatiq.pl\/mniejszosciowi\/dziedziczenie-udzialow-w-spolce-osobowej-przez-kilku-spadkobiercow\/","og_site_name":"Mniejszo\u015bciowi","article_published_time":"2023-06-05T10:26:08+00:00","article_modified_time":"2025-08-26T09:19:27+00:00","og_image":[{"width":2000,"height":625,"url":"https:\/\/pragmatiq.pl\/mniejszosciowi\/wp-content\/uploads\/2018\/06\/mniejszosciowi_grafika_artyku\u0142-9-2.png","type":"image\/png"}],"author":"magda","twitter_card":"summary_large_image","twitter_misc":{"Napisane przez":"magda","Szacowany czas czytania":"4 minuty"},"schema":{"@context":"https:\/\/schema.org","@graph":[{"@type":"Article","@id":"https:\/\/pragmatiq.pl\/mniejszosciowi\/dziedziczenie-udzialow-w-spolce-osobowej-przez-kilku-spadkobiercow\/#article","isPartOf":{"@id":"https:\/\/pragmatiq.pl\/mniejszosciowi\/dziedziczenie-udzialow-w-spolce-osobowej-przez-kilku-spadkobiercow\/"},"author":{"name":"magda","@id":"https:\/\/pragmatiq.pl\/mniejszosciowi\/#\/schema\/person\/ce906c20de720157b60733e123391613"},"headline":"Dziedziczenie udzia\u0142\u00f3w w sp\u00f3\u0142ce osobowej przez kilku spadkobierc\u00f3w","datePublished":"2023-06-05T10:26:08+00:00","dateModified":"2025-08-26T09:19:27+00:00","mainEntityOfPage":{"@id":"https:\/\/pragmatiq.pl\/mniejszosciowi\/dziedziczenie-udzialow-w-spolce-osobowej-przez-kilku-spadkobiercow\/"},"wordCount":680,"commentCount":0,"publisher":{"@id":"https:\/\/pragmatiq.pl\/mniejszosciowi\/#organization"},"image":{"@id":"https:\/\/pragmatiq.pl\/mniejszosciowi\/dziedziczenie-udzialow-w-spolce-osobowej-przez-kilku-spadkobiercow\/#primaryimage"},"thumbnailUrl":"https:\/\/pragmatiq.pl\/mniejszosciowi\/wp-content\/uploads\/2018\/06\/mniejszosciowi_grafika_artyku\u0142-9-2.png","keywords":["dziedziczenie firmy","\u015bmier\u0107 wsp\u00f3lnika","sp\u00f3\u0142ka osobowa","sukcesja w firmie"],"articleSection":{"1":"Spory spadkobierc\u00f3w"},"inLanguage":"pl-PL","potentialAction":[{"@type":"CommentAction","name":"Comment","target":["https:\/\/pragmatiq.pl\/mniejszosciowi\/dziedziczenie-udzialow-w-spolce-osobowej-przez-kilku-spadkobiercow\/#respond"]}]},{"@type":"WebPage","@id":"https:\/\/pragmatiq.pl\/mniejszosciowi\/dziedziczenie-udzialow-w-spolce-osobowej-przez-kilku-spadkobiercow\/","url":"https:\/\/pragmatiq.pl\/mniejszosciowi\/dziedziczenie-udzialow-w-spolce-osobowej-przez-kilku-spadkobiercow\/","name":"Dziedziczenie udzia\u0142\u00f3w w sp\u00f3\u0142ce osobowej przez kilku spadkobierc\u00f3w | mniejszosciowi.pl","isPartOf":{"@id":"https:\/\/pragmatiq.pl\/mniejszosciowi\/#website"},"primaryImageOfPage":{"@id":"https:\/\/pragmatiq.pl\/mniejszosciowi\/dziedziczenie-udzialow-w-spolce-osobowej-przez-kilku-spadkobiercow\/#primaryimage"},"image":{"@id":"https:\/\/pragmatiq.pl\/mniejszosciowi\/dziedziczenie-udzialow-w-spolce-osobowej-przez-kilku-spadkobiercow\/#primaryimage"},"thumbnailUrl":"https:\/\/pragmatiq.pl\/mniejszosciowi\/wp-content\/uploads\/2018\/06\/mniejszosciowi_grafika_artyku\u0142-9-2.png","datePublished":"2023-06-05T10:26:08+00:00","dateModified":"2025-08-26T09:19:27+00:00","breadcrumb":{"@id":"https:\/\/pragmatiq.pl\/mniejszosciowi\/dziedziczenie-udzialow-w-spolce-osobowej-przez-kilku-spadkobiercow\/#breadcrumb"},"inLanguage":"pl-PL","potentialAction":[{"@type":"ReadAction","target":["https:\/\/pragmatiq.pl\/mniejszosciowi\/dziedziczenie-udzialow-w-spolce-osobowej-przez-kilku-spadkobiercow\/"]}]},{"@type":"ImageObject","inLanguage":"pl-PL","@id":"https:\/\/pragmatiq.pl\/mniejszosciowi\/dziedziczenie-udzialow-w-spolce-osobowej-przez-kilku-spadkobiercow\/#primaryimage","url":"https:\/\/pragmatiq.pl\/mniejszosciowi\/wp-content\/uploads\/2018\/06\/mniejszosciowi_grafika_artyku\u0142-9-2.png","contentUrl":"https:\/\/pragmatiq.pl\/mniejszosciowi\/wp-content\/uploads\/2018\/06\/mniejszosciowi_grafika_artyku\u0142-9-2.png","width":2000,"height":625,"caption":"Wycena sp\u00f3\u0142ki \u2013 podstawa do ustalenia strategii w sporze ze wsp\u00f3lnikiem"},{"@type":"BreadcrumbList","@id":"https:\/\/pragmatiq.pl\/mniejszosciowi\/dziedziczenie-udzialow-w-spolce-osobowej-przez-kilku-spadkobiercow\/#breadcrumb","itemListElement":[{"@type":"ListItem","position":1,"name":"Strona g\u0142\u00f3wna","item":"https:\/\/pragmatiq.pl\/mniejszosciowi\/"},{"@type":"ListItem","position":2,"name":"Dziedziczenie udzia\u0142\u00f3w w sp\u00f3\u0142ce osobowej przez kilku spadkobierc\u00f3w"}]},{"@type":"WebSite","@id":"https:\/\/pragmatiq.pl\/mniejszosciowi\/#website","url":"https:\/\/pragmatiq.pl\/mniejszosciowi\/","name":"Mniejszo\u015bciowi","description":"","publisher":{"@id":"https:\/\/pragmatiq.pl\/mniejszosciowi\/#organization"},"potentialAction":[{"@type":"SearchAction","target":{"@type":"EntryPoint","urlTemplate":"https:\/\/pragmatiq.pl\/mniejszosciowi\/?s={search_term_string}"},"query-input":{"@type":"PropertyValueSpecification","valueRequired":true,"valueName":"search_term_string"}}],"inLanguage":"pl-PL"},{"@type":"Organization","@id":"https:\/\/pragmatiq.pl\/mniejszosciowi\/#organization","name":"Mniejszo\u015bciowi","url":"https:\/\/pragmatiq.pl\/mniejszosciowi\/","logo":{"@type":"ImageObject","inLanguage":"pl-PL","@id":"https:\/\/pragmatiq.pl\/mniejszosciowi\/#\/schema\/logo\/image\/","url":"https:\/\/pragmatiq.pl\/mniejszosciowi\/wp-content\/uploads\/2018\/05\/cropped-logo.png","contentUrl":"https:\/\/pragmatiq.pl\/mniejszosciowi\/wp-content\/uploads\/2018\/05\/cropped-logo.png","width":952,"height":250,"caption":"Mniejszo\u015bciowi"},"image":{"@id":"https:\/\/pragmatiq.pl\/mniejszosciowi\/#\/schema\/logo\/image\/"}},{"@type":"Person","@id":"https:\/\/pragmatiq.pl\/mniejszosciowi\/#\/schema\/person\/ce906c20de720157b60733e123391613","name":"magda","image":{"@type":"ImageObject","inLanguage":"pl-PL","@id":"https:\/\/secure.gravatar.com\/avatar\/6d24b7dcdb2aa81c311c2677433612c2566b3bbf8d7f5abdcd807de80d5f1fdc?s=96&d=mm&r=g","url":"https:\/\/secure.gravatar.com\/avatar\/6d24b7dcdb2aa81c311c2677433612c2566b3bbf8d7f5abdcd807de80d5f1fdc?s=96&d=mm&r=g","contentUrl":"https:\/\/secure.gravatar.com\/avatar\/6d24b7dcdb2aa81c311c2677433612c2566b3bbf8d7f5abdcd807de80d5f1fdc?s=96&d=mm&r=g","caption":"magda"},"url":"https:\/\/pragmatiq.pl\/mniejszosciowi\/author\/magda\/"}]}},"_links":{"self":[{"href":"https:\/\/pragmatiq.pl\/mniejszosciowi\/wp-json\/wp\/v2\/posts\/729","targetHints":{"allow":["GET"]}}],"collection":[{"href":"https:\/\/pragmatiq.pl\/mniejszosciowi\/wp-json\/wp\/v2\/posts"}],"about":[{"href":"https:\/\/pragmatiq.pl\/mniejszosciowi\/wp-json\/wp\/v2\/types\/post"}],"author":[{"embeddable":true,"href":"https:\/\/pragmatiq.pl\/mniejszosciowi\/wp-json\/wp\/v2\/users\/11"}],"replies":[{"embeddable":true,"href":"https:\/\/pragmatiq.pl\/mniejszosciowi\/wp-json\/wp\/v2\/comments?post=729"}],"version-history":[{"count":8,"href":"https:\/\/pragmatiq.pl\/mniejszosciowi\/wp-json\/wp\/v2\/posts\/729\/revisions"}],"predecessor-version":[{"id":1048,"href":"https:\/\/pragmatiq.pl\/mniejszosciowi\/wp-json\/wp\/v2\/posts\/729\/revisions\/1048"}],"wp:featuredmedia":[{"embeddable":true,"href":"https:\/\/pragmatiq.pl\/mniejszosciowi\/wp-json\/wp\/v2\/media\/79"}],"wp:attachment":[{"href":"https:\/\/pragmatiq.pl\/mniejszosciowi\/wp-json\/wp\/v2\/media?parent=729"}],"wp:term":[{"taxonomy":"category","embeddable":true,"href":"https:\/\/pragmatiq.pl\/mniejszosciowi\/wp-json\/wp\/v2\/categories?post=729"},{"taxonomy":"post_tag","embeddable":true,"href":"https:\/\/pragmatiq.pl\/mniejszosciowi\/wp-json\/wp\/v2\/tags?post=729"}],"curies":[{"name":"wp","href":"https:\/\/api.w.org\/{rel}","templated":true}]}}