{"id":54,"date":"2018-04-07T10:17:43","date_gmt":"2018-04-07T08:17:43","guid":{"rendered":"http:\/\/mniejszosciowi.pl\/?p=54"},"modified":"2025-08-25T14:11:56","modified_gmt":"2025-08-25T12:11:56","slug":"sprzedaz-udzialow-bez-zgody-spolki-jakie-rodzi-konsekwencje","status":"publish","type":"post","link":"https:\/\/pragmatiq.pl\/mniejszosciowi\/sprzedaz-udzialow-bez-zgody-spolki-jakie-rodzi-konsekwencje\/","title":{"rendered":"Sprzeda\u017c udzia\u0142\u00f3w bez zgody sp\u00f3\u0142ki \u2013 jakie rodzi konsekwencje?"},"content":{"rendered":"\n<p><strong>Umowy sp\u00f3\u0142ek najcz\u0119\u015bciej zawieraj\u0105 r\u00f3\u017cne postanowienia, kt\u00f3re uzale\u017cniaj\u0105 zbycie udzia\u0142\u00f3w od&nbsp;zgody sp\u00f3\u0142ki, ewentualnie okre\u015blaj\u0105 r\u00f3wnie\u017c procedur\u0119 udzielenia takiej zgody. Powstaje pytanie jakie konsekwencje powoduje sprzeda\u017c udzia\u0142\u00f3w w sp\u00f3\u0142ce z o.o. bez&nbsp;wymaganej zgody.<\/strong><\/p>\n\n\n\n<div id=\"ez-toc-container\" class=\"ez-toc-v2_0_82_2 counter-hierarchy ez-toc-counter ez-toc-grey ez-toc-container-direction\">\n<nav><ul class='ez-toc-list ez-toc-list-level-1 ' ><li class='ez-toc-page-1 ez-toc-heading-level-2'><a class=\"ez-toc-link ez-toc-heading-1\" href=\"https:\/\/pragmatiq.pl\/mniejszosciowi\/sprzedaz-udzialow-bez-zgody-spolki-jakie-rodzi-konsekwencje\/#Kto_moze_udzielic_zgody_na_sprzedaz_udzialow_w_spolce_z_oo_Czy_wazna_jest_umowa_spolki\" >Kto mo\u017ce udzieli\u0107 zgody na&nbsp;sprzeda\u017c udzia\u0142\u00f3w w sp\u00f3\u0142ce z o.o.? Czy wa\u017cna jest umowa sp\u00f3\u0142ki?<\/a><\/li><li class='ez-toc-page-1 ez-toc-heading-level-2'><a class=\"ez-toc-link ez-toc-heading-2\" href=\"https:\/\/pragmatiq.pl\/mniejszosciowi\/sprzedaz-udzialow-bez-zgody-spolki-jakie-rodzi-konsekwencje\/#Brak_zgody_%E2%80%93_konsekwencje\" >Brak zgody \u2013 konsekwencje<\/a><\/li><li class='ez-toc-page-1 ez-toc-heading-level-2'><a class=\"ez-toc-link ez-toc-heading-3\" href=\"https:\/\/pragmatiq.pl\/mniejszosciowi\/sprzedaz-udzialow-bez-zgody-spolki-jakie-rodzi-konsekwencje\/#Ostatecznie_%E2%80%93_wystapienie_do_sadu_o_wyrazenie_zgody\" >Ostatecznie &#8211; wyst\u0105pienie do&nbsp;s\u0105du o&nbsp;wyra\u017cenie zgody<\/a><\/li><li class='ez-toc-page-1 ez-toc-heading-level-2'><a class=\"ez-toc-link ez-toc-heading-4\" href=\"https:\/\/pragmatiq.pl\/mniejszosciowi\/sprzedaz-udzialow-bez-zgody-spolki-jakie-rodzi-konsekwencje\/#Czym_sa_%E2%80%9Ewazne_powody%E2%80%9D\" >Czym s\u0105 &#8222;wa\u017cne powody&#8221;?<\/a><\/li><\/ul><\/nav><\/div>\n<h2 class=\"wp-block-heading\"><span class=\"ez-toc-section\" id=\"Kto_moze_udzielic_zgody_na_sprzedaz_udzialow_w_spolce_z_oo_Czy_wazna_jest_umowa_spolki\"><\/span><strong>Kto mo\u017ce udzieli\u0107 zgody na&nbsp;sprzeda\u017c udzia\u0142\u00f3w w sp\u00f3\u0142ce z o.o.? Czy wa\u017cna jest umowa sp\u00f3\u0142ki?<\/strong><span class=\"ez-toc-section-end\"><\/span><\/h2>\n\n\n\n<p>Co do&nbsp;zasady <strong>zgody na&nbsp;sprzeda\u017c udzia\u0142\u00f3w<\/strong> udziela zarz\u0105d sp\u00f3\u0142ki, o&nbsp;ile umowa sp\u00f3\u0142ki nie&nbsp;stanowi inaczej. Umowa sp\u00f3\u0142ki mo\u017ce zatem przewidywa\u0107 inny spos\u00f3b udzielania zgody na&nbsp;dokonanie tej&nbsp;czynno\u015bci, w&nbsp;szczeg\u00f3lno\u015bci mo\u017ce przewidywa\u0107, \u017ce&nbsp;zgod\u0119 wydaje inny organ sp\u00f3\u0142ki np.&nbsp;<strong>zgromadzenie wsp\u00f3lnik\u00f3w<\/strong> lub rada nadzorcza. Je\u015bli w tre\u015bci umowy sp\u00f3\u0142ki brak jest ogranicze\u0144 dotycz\u0105cych zbycia udzia\u0142\u00f3w, transakcja sprzeda\u017cy udzia\u0142\u00f3w nie wymaga zgody sp\u00f3\u0142ki.<\/p>\n\n\n\n<h2 class=\"wp-block-heading\"><span class=\"ez-toc-section\" id=\"Brak_zgody_%E2%80%93_konsekwencje\"><\/span><strong>Brak zgody \u2013 konsekwencje<\/strong><span class=\"ez-toc-section-end\"><\/span><\/h2>\n\n\n\n<p><strong>Umowa sprzeda\u017cy udzia\u0142\u00f3w<\/strong> zawarta bez&nbsp;wymaganej zgody stanowi czynno\u015b\u0107 bezskuteczn\u0105, i&nbsp;to&nbsp;zar\u00f3wno wobec sp\u00f3\u0142ki, kt\u00f3rej&nbsp;udzia\u0142y s\u0105 sprzedawane, jak i&nbsp;w&nbsp;stosunkach mi\u0119dzy nabywc\u0105 i&nbsp;zbywc\u0105 udzia\u0142\u00f3w. <strong>Sprzeda\u017c udzia\u0142\u00f3w<\/strong> bez&nbsp;wymaganej zgody nie&nbsp;wywo\u0142uje zatem skutk\u00f3w do&nbsp;momentu jej uzyskania. Umowa taka mo\u017ce sta\u0107 si\u0119 skuteczna dopiero wtedy, gdy&nbsp;zostanie udzielone stosowne zezwolenie ze&nbsp;strony sp\u00f3\u0142ki. Udzielenie<strong> zgody na&nbsp;sprzeda\u017c udzia\u0142\u00f3w<\/strong> mo\u017ce zatem nast\u0105pi\u0107 zar\u00f3wno przed&nbsp;sprzeda\u017c\u0105, jak i&nbsp;po&nbsp;zawarciu umowy.<\/p>\n\n\n\n<figure class=\"wp-block-gallery has-nested-images columns-default is-cropped wp-block-gallery-1 is-layout-flex wp-block-gallery-is-layout-flex\">\n<figure class=\"wp-block-image size-large\"><img loading=\"lazy\" decoding=\"async\" width=\"1024\" height=\"683\" data-id=\"620\" src=\"https:\/\/pragmatiq.pl\/mniejszosciowi\/wp-content\/uploads\/2022\/09\/Pomoc-prawna-w-sprzedazy-gotowej-spolki-2-1024x683.jpg\" alt=\"Sprzeda\u017c udzia\u0142\u00f3w bez zgody sp\u00f3\u0142ki \" class=\"wp-image-620\"\/><\/figure>\n<\/figure>\n\n\n\n<h2 class=\"wp-block-heading\"><span class=\"ez-toc-section\" id=\"Ostatecznie_%E2%80%93_wystapienie_do_sadu_o_wyrazenie_zgody\"><\/span><strong>Ostatecznie &#8211; wyst\u0105pienie do&nbsp;s\u0105du o&nbsp;wyra\u017cenie zgody<\/strong><span class=\"ez-toc-section-end\"><\/span><\/h2>\n\n\n\n<p>W&nbsp;przypadku niepodj\u0119cia przez&nbsp;zarz\u0105d uchwa\u0142y w&nbsp;przedmiocie udzielenia zgody, albo&nbsp;w&nbsp;przypadku podj\u0119cia uchwa\u0142y o&nbsp;niewyra\u017ceniu zgody na&nbsp;zbycie udzia\u0142u, wsp\u00f3lnik, kt\u00f3ry&nbsp;zamierza dokona\u0107 takiej czynno\u015bci mo\u017ce wyst\u0105pi\u0107 do&nbsp;s\u0105du rejestrowego, z&nbsp;wnioskiem o&nbsp;wyra\u017cenie <strong>zgody na&nbsp;sprzeda\u017c udzia\u0142\u00f3w<\/strong>, o&nbsp;ile istniej\u0105 ku temu tzw. \u201ewa\u017cne powody\u201d.<\/p>\n\n\n\n<h2 class=\"wp-block-heading\"><span class=\"ez-toc-section\" id=\"Czym_sa_%E2%80%9Ewazne_powody%E2%80%9D\"><\/span><strong>Czym s\u0105 &#8222;wa\u017cne powody&#8221;?<\/strong><span class=\"ez-toc-section-end\"><\/span><\/h2>\n\n\n\n<p>Poj\u0119cie wa\u017cnych powod\u00f3w nie&nbsp;zosta\u0142o zdefiniowane przez&nbsp;ustawodawc\u0119, ka\u017cdorazowo nale\u017cy wi\u0119c&nbsp;rozwa\u017cy\u0107, czy&nbsp;w&nbsp;danej sytuacji istniej\u0105 uzasadnione, istotne argumenty, kt\u00f3re przemawia\u0142by za&nbsp;zbyciem udzia\u0142\u00f3w.<\/p>\n\n\n\n<p>Wi\u0119cej na&nbsp;ten temat znajdziesz w&nbsp;artykule&nbsp;<a target=\"_blank\" rel=\"noreferrer noopener\" href=\"http:\/\/www.doradzamy.to\/artykuly\/sprzedaz-udzialow-w-spolce-z-o-o-bez-zgody-drugiego-wspolnika-lub-zarzadu\">Sprzeda\u017c udzia\u0142\u00f3w w&nbsp;sp\u00f3\u0142ce z&nbsp;o.o. bez&nbsp;zgody drugiego wsp\u00f3lnika lub zarz\u0105du<\/a>&nbsp;opublikowanym na&nbsp;portalu&nbsp;<a target=\"_blank\" rel=\"noreferrer noopener\" href=\"http:\/\/Doradzamy.to\">Doradzamy.to<\/a>.<\/p>\n\n\n\n<p>W przypadku uzyskania wymaganej zgody sp\u00f3\u0142ki, nale\u017cy pami\u0119ta\u0107, \u017ce umowa sprzeda\u017cy udzia\u0142\u00f3w musi zosta\u0107 sporz\u0105dzona w formie pisemnej z podpisami notarialnie po\u015bwiadczonymi.<\/p>\n\n\n\n<p>Wi\u0119cej na&nbsp;temat procesu sprzeda\u017cy udzia\u0142\u00f3w dowiesz si\u0119 z&nbsp;naszych artyku\u0142\u00f3w na&nbsp;portalu <a target=\"_blank\" rel=\"noreferrer noopener\" href=\"http:\/\/spolkazoo.net\">spolkazoo.net<\/a> <a target=\"_blank\" rel=\"noreferrer noopener\" href=\"https:\/\/spolkazoo.net\/sprzedaz-udzialow-spolki-z-o-o-na-co-zwrocic-uwage\">Sprzeda\u017c udzia\u0142\u00f3w sp\u00f3\u0142ki z&nbsp;o.o. \u2013 na&nbsp;co zwr\u00f3ci\u0107 uwag\u0119?<\/a>&nbsp; oraz&nbsp;<a target=\"_blank\" rel=\"noreferrer noopener\" href=\"https:\/\/spolkazoo.net\/umowa-sprzedazy-udzialow-spolki-z-o-o-co-warto-w-niej-uregulowac\">Umowa sprzeda\u017cy udzia\u0142\u00f3w sp\u00f3\u0142ki z&nbsp;o.o. \u2013 co warto w&nbsp;niej uregulowa\u0107?<\/a><\/p>\n\n\n\n<p>Warto r\u00f3wnie\u017c zwr\u00f3ci\u0107 uwag\u0119 na inne ograniczenia w transakcjach sprzeda\u017cy udzia\u0142\u00f3w &#8211; s\u0105 nimi np. prawo pierwsze\u0144stwa nabycia udzia\u0142\u00f3w lub prawo pierwokupu, kt\u00f3re mog\u0105 zosta\u0107 zawarte w umowie sp\u00f3\u0142ki. Tak\u017ce sprzeda\u017c udzia\u0142\u00f3w w sp\u00f3\u0142ce b\u0119d\u0105cej w\u0142a\u015bcicielem nieruchomo\u015bci rolnej podlega ustawowym restrykcjom.<\/p>\n\n\n\n<p>Tomasz Rutkowski<br>Micha\u0142 Walczak<\/p>\n","protected":false},"excerpt":{"rendered":"<p>Planujesz sprzeda\u017c udzia\u0142\u00f3w, poniewa\u017c w sp\u00f3\u0142ce pojawi\u0142 si\u0119 konflikt? Sprawd\u017a czy mo\u017cesz to zrobi\u0107 bez zgody sp\u00f3\u0142ki!<\/p>\n","protected":false},"author":9,"featured_media":80,"comment_status":"open","ping_status":"open","sticky":false,"template":"","format":"standard","meta":{"_acf_changed":false,"footnotes":""},"categories":[4,33],"tags":[],"class_list":["post-54","post","type-post","status-publish","format-standard","has-post-thumbnail","hentry","category-artykuly","category-spory-wspolnikow"],"acf":[],"yoast_head":"<!-- This site is optimized with the Yoast SEO plugin v27.3 - https:\/\/yoast.com\/product\/yoast-seo-wordpress\/ -->\n<title>Sprzeda\u017c udzia\u0142\u00f3w bez zgody sp\u00f3\u0142ki \u2013 jakie rodzi konsekwencje? | mniejszosciowi.pl<\/title>\n<meta name=\"robots\" content=\"index, follow, max-snippet:-1, max-image-preview:large, max-video-preview:-1\" \/>\n<link rel=\"canonical\" href=\"https:\/\/pragmatiq.pl\/mniejszosciowi\/sprzedaz-udzialow-bez-zgody-spolki-jakie-rodzi-konsekwencje\/\" \/>\n<meta property=\"og:locale\" content=\"pl_PL\" \/>\n<meta property=\"og:type\" content=\"article\" \/>\n<meta property=\"og:title\" content=\"Sprzeda\u017c udzia\u0142\u00f3w bez zgody sp\u00f3\u0142ki \u2013 jakie rodzi konsekwencje? | mniejszosciowi.pl\" \/>\n<meta property=\"og:description\" content=\"Planujesz sprzeda\u017c udzia\u0142\u00f3w, poniewa\u017c w sp\u00f3\u0142ce pojawi\u0142 si\u0119 konflikt? Sprawd\u017a czy mo\u017cesz to zrobi\u0107 bez zgody sp\u00f3\u0142ki!\" \/>\n<meta property=\"og:url\" content=\"https:\/\/pragmatiq.pl\/mniejszosciowi\/sprzedaz-udzialow-bez-zgody-spolki-jakie-rodzi-konsekwencje\/\" \/>\n<meta property=\"og:site_name\" content=\"Mniejszo\u015bciowi\" \/>\n<meta property=\"article:published_time\" content=\"2018-04-07T08:17:43+00:00\" \/>\n<meta property=\"article:modified_time\" content=\"2025-08-25T12:11:56+00:00\" \/>\n<meta property=\"og:image\" content=\"https:\/\/pragmatiq.pl\/mniejszosciowi\/wp-content\/uploads\/2018\/06\/mniejszosciowi_grafika_artyku\u0142-10.png\" \/>\n\t<meta property=\"og:image:width\" content=\"2000\" \/>\n\t<meta property=\"og:image:height\" content=\"625\" \/>\n\t<meta property=\"og:image:type\" content=\"image\/png\" \/>\n<meta name=\"author\" content=\"AleksanderG\" \/>\n<meta name=\"twitter:card\" content=\"summary_large_image\" \/>\n<meta name=\"twitter:label1\" content=\"Napisane przez\" \/>\n\t<meta name=\"twitter:data1\" content=\"AleksanderG\" \/>\n\t<meta name=\"twitter:label2\" content=\"Szacowany czas czytania\" \/>\n\t<meta name=\"twitter:data2\" content=\"3 minuty\" \/>\n<script type=\"application\/ld+json\" class=\"yoast-schema-graph\">{\"@context\":\"https:\\\/\\\/schema.org\",\"@graph\":[{\"@type\":\"Article\",\"@id\":\"https:\\\/\\\/pragmatiq.pl\\\/mniejszosciowi\\\/sprzedaz-udzialow-bez-zgody-spolki-jakie-rodzi-konsekwencje\\\/#article\",\"isPartOf\":{\"@id\":\"https:\\\/\\\/pragmatiq.pl\\\/mniejszosciowi\\\/sprzedaz-udzialow-bez-zgody-spolki-jakie-rodzi-konsekwencje\\\/\"},\"author\":{\"name\":\"AleksanderG\",\"@id\":\"https:\\\/\\\/pragmatiq.pl\\\/mniejszosciowi\\\/#\\\/schema\\\/person\\\/e4d808c0488d97460824f466d576c347\"},\"headline\":\"Sprzeda\u017c udzia\u0142\u00f3w bez zgody sp\u00f3\u0142ki \u2013 jakie rodzi konsekwencje?\",\"datePublished\":\"2018-04-07T08:17:43+00:00\",\"dateModified\":\"2025-08-25T12:11:56+00:00\",\"mainEntityOfPage\":{\"@id\":\"https:\\\/\\\/pragmatiq.pl\\\/mniejszosciowi\\\/sprzedaz-udzialow-bez-zgody-spolki-jakie-rodzi-konsekwencje\\\/\"},\"wordCount\":607,\"commentCount\":0,\"publisher\":{\"@id\":\"https:\\\/\\\/pragmatiq.pl\\\/mniejszosciowi\\\/#organization\"},\"image\":{\"@id\":\"https:\\\/\\\/pragmatiq.pl\\\/mniejszosciowi\\\/sprzedaz-udzialow-bez-zgody-spolki-jakie-rodzi-konsekwencje\\\/#primaryimage\"},\"thumbnailUrl\":\"https:\\\/\\\/pragmatiq.pl\\\/mniejszosciowi\\\/wp-content\\\/uploads\\\/2018\\\/06\\\/mniejszosciowi_grafika_artyku\u0142-10.png\",\"articleSection\":[\"Artyku\u0142y\",\"Spory wsp\u00f3lnik\u00f3w\"],\"inLanguage\":\"pl-PL\",\"potentialAction\":[{\"@type\":\"CommentAction\",\"name\":\"Comment\",\"target\":[\"https:\\\/\\\/pragmatiq.pl\\\/mniejszosciowi\\\/sprzedaz-udzialow-bez-zgody-spolki-jakie-rodzi-konsekwencje\\\/#respond\"]}]},{\"@type\":\"WebPage\",\"@id\":\"https:\\\/\\\/pragmatiq.pl\\\/mniejszosciowi\\\/sprzedaz-udzialow-bez-zgody-spolki-jakie-rodzi-konsekwencje\\\/\",\"url\":\"https:\\\/\\\/pragmatiq.pl\\\/mniejszosciowi\\\/sprzedaz-udzialow-bez-zgody-spolki-jakie-rodzi-konsekwencje\\\/\",\"name\":\"Sprzeda\u017c udzia\u0142\u00f3w bez zgody sp\u00f3\u0142ki \u2013 jakie rodzi konsekwencje? | mniejszosciowi.pl\",\"isPartOf\":{\"@id\":\"https:\\\/\\\/pragmatiq.pl\\\/mniejszosciowi\\\/#website\"},\"primaryImageOfPage\":{\"@id\":\"https:\\\/\\\/pragmatiq.pl\\\/mniejszosciowi\\\/sprzedaz-udzialow-bez-zgody-spolki-jakie-rodzi-konsekwencje\\\/#primaryimage\"},\"image\":{\"@id\":\"https:\\\/\\\/pragmatiq.pl\\\/mniejszosciowi\\\/sprzedaz-udzialow-bez-zgody-spolki-jakie-rodzi-konsekwencje\\\/#primaryimage\"},\"thumbnailUrl\":\"https:\\\/\\\/pragmatiq.pl\\\/mniejszosciowi\\\/wp-content\\\/uploads\\\/2018\\\/06\\\/mniejszosciowi_grafika_artyku\u0142-10.png\",\"datePublished\":\"2018-04-07T08:17:43+00:00\",\"dateModified\":\"2025-08-25T12:11:56+00:00\",\"breadcrumb\":{\"@id\":\"https:\\\/\\\/pragmatiq.pl\\\/mniejszosciowi\\\/sprzedaz-udzialow-bez-zgody-spolki-jakie-rodzi-konsekwencje\\\/#breadcrumb\"},\"inLanguage\":\"pl-PL\",\"potentialAction\":[{\"@type\":\"ReadAction\",\"target\":[\"https:\\\/\\\/pragmatiq.pl\\\/mniejszosciowi\\\/sprzedaz-udzialow-bez-zgody-spolki-jakie-rodzi-konsekwencje\\\/\"]}]},{\"@type\":\"ImageObject\",\"inLanguage\":\"pl-PL\",\"@id\":\"https:\\\/\\\/pragmatiq.pl\\\/mniejszosciowi\\\/sprzedaz-udzialow-bez-zgody-spolki-jakie-rodzi-konsekwencje\\\/#primaryimage\",\"url\":\"https:\\\/\\\/pragmatiq.pl\\\/mniejszosciowi\\\/wp-content\\\/uploads\\\/2018\\\/06\\\/mniejszosciowi_grafika_artyku\u0142-10.png\",\"contentUrl\":\"https:\\\/\\\/pragmatiq.pl\\\/mniejszosciowi\\\/wp-content\\\/uploads\\\/2018\\\/06\\\/mniejszosciowi_grafika_artyku\u0142-10.png\",\"width\":2000,\"height\":625,\"caption\":\"Sprzeda\u017c udzia\u0142\u00f3w bez zgody sp\u00f3\u0142ki \u2013 jakie rodzi konsekwencje?\"},{\"@type\":\"BreadcrumbList\",\"@id\":\"https:\\\/\\\/pragmatiq.pl\\\/mniejszosciowi\\\/sprzedaz-udzialow-bez-zgody-spolki-jakie-rodzi-konsekwencje\\\/#breadcrumb\",\"itemListElement\":[{\"@type\":\"ListItem\",\"position\":1,\"name\":\"Strona g\u0142\u00f3wna\",\"item\":\"https:\\\/\\\/pragmatiq.pl\\\/mniejszosciowi\\\/\"},{\"@type\":\"ListItem\",\"position\":2,\"name\":\"Sprzeda\u017c udzia\u0142\u00f3w bez zgody sp\u00f3\u0142ki \u2013 jakie rodzi konsekwencje?\"}]},{\"@type\":\"WebSite\",\"@id\":\"https:\\\/\\\/pragmatiq.pl\\\/mniejszosciowi\\\/#website\",\"url\":\"https:\\\/\\\/pragmatiq.pl\\\/mniejszosciowi\\\/\",\"name\":\"Mniejszo\u015bciowi\",\"description\":\"\",\"publisher\":{\"@id\":\"https:\\\/\\\/pragmatiq.pl\\\/mniejszosciowi\\\/#organization\"},\"potentialAction\":[{\"@type\":\"SearchAction\",\"target\":{\"@type\":\"EntryPoint\",\"urlTemplate\":\"https:\\\/\\\/pragmatiq.pl\\\/mniejszosciowi\\\/?s={search_term_string}\"},\"query-input\":{\"@type\":\"PropertyValueSpecification\",\"valueRequired\":true,\"valueName\":\"search_term_string\"}}],\"inLanguage\":\"pl-PL\"},{\"@type\":\"Organization\",\"@id\":\"https:\\\/\\\/pragmatiq.pl\\\/mniejszosciowi\\\/#organization\",\"name\":\"Mniejszo\u015bciowi\",\"url\":\"https:\\\/\\\/pragmatiq.pl\\\/mniejszosciowi\\\/\",\"logo\":{\"@type\":\"ImageObject\",\"inLanguage\":\"pl-PL\",\"@id\":\"https:\\\/\\\/pragmatiq.pl\\\/mniejszosciowi\\\/#\\\/schema\\\/logo\\\/image\\\/\",\"url\":\"https:\\\/\\\/pragmatiq.pl\\\/mniejszosciowi\\\/wp-content\\\/uploads\\\/2018\\\/05\\\/cropped-logo.png\",\"contentUrl\":\"https:\\\/\\\/pragmatiq.pl\\\/mniejszosciowi\\\/wp-content\\\/uploads\\\/2018\\\/05\\\/cropped-logo.png\",\"width\":952,\"height\":250,\"caption\":\"Mniejszo\u015bciowi\"},\"image\":{\"@id\":\"https:\\\/\\\/pragmatiq.pl\\\/mniejszosciowi\\\/#\\\/schema\\\/logo\\\/image\\\/\"}},{\"@type\":\"Person\",\"@id\":\"https:\\\/\\\/pragmatiq.pl\\\/mniejszosciowi\\\/#\\\/schema\\\/person\\\/e4d808c0488d97460824f466d576c347\",\"name\":\"AleksanderG\",\"image\":{\"@type\":\"ImageObject\",\"inLanguage\":\"pl-PL\",\"@id\":\"https:\\\/\\\/secure.gravatar.com\\\/avatar\\\/e0063a8a474902617274a95e9be19adbb8477e146d6b76b83e7e6e0cd7a26836?s=96&d=mm&r=g\",\"url\":\"https:\\\/\\\/secure.gravatar.com\\\/avatar\\\/e0063a8a474902617274a95e9be19adbb8477e146d6b76b83e7e6e0cd7a26836?s=96&d=mm&r=g\",\"contentUrl\":\"https:\\\/\\\/secure.gravatar.com\\\/avatar\\\/e0063a8a474902617274a95e9be19adbb8477e146d6b76b83e7e6e0cd7a26836?s=96&d=mm&r=g\",\"caption\":\"AleksanderG\"},\"url\":\"https:\\\/\\\/pragmatiq.pl\\\/mniejszosciowi\\\/author\\\/aleksanderg\\\/\"}]}<\/script>\n<!-- \/ Yoast SEO plugin. -->","yoast_head_json":{"title":"Sprzeda\u017c udzia\u0142\u00f3w bez zgody sp\u00f3\u0142ki \u2013 jakie rodzi konsekwencje? | mniejszosciowi.pl","robots":{"index":"index","follow":"follow","max-snippet":"max-snippet:-1","max-image-preview":"max-image-preview:large","max-video-preview":"max-video-preview:-1"},"canonical":"https:\/\/pragmatiq.pl\/mniejszosciowi\/sprzedaz-udzialow-bez-zgody-spolki-jakie-rodzi-konsekwencje\/","og_locale":"pl_PL","og_type":"article","og_title":"Sprzeda\u017c udzia\u0142\u00f3w bez zgody sp\u00f3\u0142ki \u2013 jakie rodzi konsekwencje? | mniejszosciowi.pl","og_description":"Planujesz sprzeda\u017c udzia\u0142\u00f3w, poniewa\u017c w sp\u00f3\u0142ce pojawi\u0142 si\u0119 konflikt? Sprawd\u017a czy mo\u017cesz to zrobi\u0107 bez zgody sp\u00f3\u0142ki!","og_url":"https:\/\/pragmatiq.pl\/mniejszosciowi\/sprzedaz-udzialow-bez-zgody-spolki-jakie-rodzi-konsekwencje\/","og_site_name":"Mniejszo\u015bciowi","article_published_time":"2018-04-07T08:17:43+00:00","article_modified_time":"2025-08-25T12:11:56+00:00","og_image":[{"width":2000,"height":625,"url":"https:\/\/pragmatiq.pl\/mniejszosciowi\/wp-content\/uploads\/2018\/06\/mniejszosciowi_grafika_artyku\u0142-10.png","type":"image\/png"}],"author":"AleksanderG","twitter_card":"summary_large_image","twitter_misc":{"Napisane przez":"AleksanderG","Szacowany czas czytania":"3 minuty"},"schema":{"@context":"https:\/\/schema.org","@graph":[{"@type":"Article","@id":"https:\/\/pragmatiq.pl\/mniejszosciowi\/sprzedaz-udzialow-bez-zgody-spolki-jakie-rodzi-konsekwencje\/#article","isPartOf":{"@id":"https:\/\/pragmatiq.pl\/mniejszosciowi\/sprzedaz-udzialow-bez-zgody-spolki-jakie-rodzi-konsekwencje\/"},"author":{"name":"AleksanderG","@id":"https:\/\/pragmatiq.pl\/mniejszosciowi\/#\/schema\/person\/e4d808c0488d97460824f466d576c347"},"headline":"Sprzeda\u017c udzia\u0142\u00f3w bez zgody sp\u00f3\u0142ki \u2013 jakie rodzi konsekwencje?","datePublished":"2018-04-07T08:17:43+00:00","dateModified":"2025-08-25T12:11:56+00:00","mainEntityOfPage":{"@id":"https:\/\/pragmatiq.pl\/mniejszosciowi\/sprzedaz-udzialow-bez-zgody-spolki-jakie-rodzi-konsekwencje\/"},"wordCount":607,"commentCount":0,"publisher":{"@id":"https:\/\/pragmatiq.pl\/mniejszosciowi\/#organization"},"image":{"@id":"https:\/\/pragmatiq.pl\/mniejszosciowi\/sprzedaz-udzialow-bez-zgody-spolki-jakie-rodzi-konsekwencje\/#primaryimage"},"thumbnailUrl":"https:\/\/pragmatiq.pl\/mniejszosciowi\/wp-content\/uploads\/2018\/06\/mniejszosciowi_grafika_artyku\u0142-10.png","articleSection":["Artyku\u0142y","Spory wsp\u00f3lnik\u00f3w"],"inLanguage":"pl-PL","potentialAction":[{"@type":"CommentAction","name":"Comment","target":["https:\/\/pragmatiq.pl\/mniejszosciowi\/sprzedaz-udzialow-bez-zgody-spolki-jakie-rodzi-konsekwencje\/#respond"]}]},{"@type":"WebPage","@id":"https:\/\/pragmatiq.pl\/mniejszosciowi\/sprzedaz-udzialow-bez-zgody-spolki-jakie-rodzi-konsekwencje\/","url":"https:\/\/pragmatiq.pl\/mniejszosciowi\/sprzedaz-udzialow-bez-zgody-spolki-jakie-rodzi-konsekwencje\/","name":"Sprzeda\u017c udzia\u0142\u00f3w bez zgody sp\u00f3\u0142ki \u2013 jakie rodzi konsekwencje? | mniejszosciowi.pl","isPartOf":{"@id":"https:\/\/pragmatiq.pl\/mniejszosciowi\/#website"},"primaryImageOfPage":{"@id":"https:\/\/pragmatiq.pl\/mniejszosciowi\/sprzedaz-udzialow-bez-zgody-spolki-jakie-rodzi-konsekwencje\/#primaryimage"},"image":{"@id":"https:\/\/pragmatiq.pl\/mniejszosciowi\/sprzedaz-udzialow-bez-zgody-spolki-jakie-rodzi-konsekwencje\/#primaryimage"},"thumbnailUrl":"https:\/\/pragmatiq.pl\/mniejszosciowi\/wp-content\/uploads\/2018\/06\/mniejszosciowi_grafika_artyku\u0142-10.png","datePublished":"2018-04-07T08:17:43+00:00","dateModified":"2025-08-25T12:11:56+00:00","breadcrumb":{"@id":"https:\/\/pragmatiq.pl\/mniejszosciowi\/sprzedaz-udzialow-bez-zgody-spolki-jakie-rodzi-konsekwencje\/#breadcrumb"},"inLanguage":"pl-PL","potentialAction":[{"@type":"ReadAction","target":["https:\/\/pragmatiq.pl\/mniejszosciowi\/sprzedaz-udzialow-bez-zgody-spolki-jakie-rodzi-konsekwencje\/"]}]},{"@type":"ImageObject","inLanguage":"pl-PL","@id":"https:\/\/pragmatiq.pl\/mniejszosciowi\/sprzedaz-udzialow-bez-zgody-spolki-jakie-rodzi-konsekwencje\/#primaryimage","url":"https:\/\/pragmatiq.pl\/mniejszosciowi\/wp-content\/uploads\/2018\/06\/mniejszosciowi_grafika_artyku\u0142-10.png","contentUrl":"https:\/\/pragmatiq.pl\/mniejszosciowi\/wp-content\/uploads\/2018\/06\/mniejszosciowi_grafika_artyku\u0142-10.png","width":2000,"height":625,"caption":"Sprzeda\u017c udzia\u0142\u00f3w bez zgody sp\u00f3\u0142ki \u2013 jakie rodzi konsekwencje?"},{"@type":"BreadcrumbList","@id":"https:\/\/pragmatiq.pl\/mniejszosciowi\/sprzedaz-udzialow-bez-zgody-spolki-jakie-rodzi-konsekwencje\/#breadcrumb","itemListElement":[{"@type":"ListItem","position":1,"name":"Strona g\u0142\u00f3wna","item":"https:\/\/pragmatiq.pl\/mniejszosciowi\/"},{"@type":"ListItem","position":2,"name":"Sprzeda\u017c udzia\u0142\u00f3w bez zgody sp\u00f3\u0142ki \u2013 jakie rodzi konsekwencje?"}]},{"@type":"WebSite","@id":"https:\/\/pragmatiq.pl\/mniejszosciowi\/#website","url":"https:\/\/pragmatiq.pl\/mniejszosciowi\/","name":"Mniejszo\u015bciowi","description":"","publisher":{"@id":"https:\/\/pragmatiq.pl\/mniejszosciowi\/#organization"},"potentialAction":[{"@type":"SearchAction","target":{"@type":"EntryPoint","urlTemplate":"https:\/\/pragmatiq.pl\/mniejszosciowi\/?s={search_term_string}"},"query-input":{"@type":"PropertyValueSpecification","valueRequired":true,"valueName":"search_term_string"}}],"inLanguage":"pl-PL"},{"@type":"Organization","@id":"https:\/\/pragmatiq.pl\/mniejszosciowi\/#organization","name":"Mniejszo\u015bciowi","url":"https:\/\/pragmatiq.pl\/mniejszosciowi\/","logo":{"@type":"ImageObject","inLanguage":"pl-PL","@id":"https:\/\/pragmatiq.pl\/mniejszosciowi\/#\/schema\/logo\/image\/","url":"https:\/\/pragmatiq.pl\/mniejszosciowi\/wp-content\/uploads\/2018\/05\/cropped-logo.png","contentUrl":"https:\/\/pragmatiq.pl\/mniejszosciowi\/wp-content\/uploads\/2018\/05\/cropped-logo.png","width":952,"height":250,"caption":"Mniejszo\u015bciowi"},"image":{"@id":"https:\/\/pragmatiq.pl\/mniejszosciowi\/#\/schema\/logo\/image\/"}},{"@type":"Person","@id":"https:\/\/pragmatiq.pl\/mniejszosciowi\/#\/schema\/person\/e4d808c0488d97460824f466d576c347","name":"AleksanderG","image":{"@type":"ImageObject","inLanguage":"pl-PL","@id":"https:\/\/secure.gravatar.com\/avatar\/e0063a8a474902617274a95e9be19adbb8477e146d6b76b83e7e6e0cd7a26836?s=96&d=mm&r=g","url":"https:\/\/secure.gravatar.com\/avatar\/e0063a8a474902617274a95e9be19adbb8477e146d6b76b83e7e6e0cd7a26836?s=96&d=mm&r=g","contentUrl":"https:\/\/secure.gravatar.com\/avatar\/e0063a8a474902617274a95e9be19adbb8477e146d6b76b83e7e6e0cd7a26836?s=96&d=mm&r=g","caption":"AleksanderG"},"url":"https:\/\/pragmatiq.pl\/mniejszosciowi\/author\/aleksanderg\/"}]}},"_links":{"self":[{"href":"https:\/\/pragmatiq.pl\/mniejszosciowi\/wp-json\/wp\/v2\/posts\/54","targetHints":{"allow":["GET"]}}],"collection":[{"href":"https:\/\/pragmatiq.pl\/mniejszosciowi\/wp-json\/wp\/v2\/posts"}],"about":[{"href":"https:\/\/pragmatiq.pl\/mniejszosciowi\/wp-json\/wp\/v2\/types\/post"}],"author":[{"embeddable":true,"href":"https:\/\/pragmatiq.pl\/mniejszosciowi\/wp-json\/wp\/v2\/users\/9"}],"replies":[{"embeddable":true,"href":"https:\/\/pragmatiq.pl\/mniejszosciowi\/wp-json\/wp\/v2\/comments?post=54"}],"version-history":[{"count":9,"href":"https:\/\/pragmatiq.pl\/mniejszosciowi\/wp-json\/wp\/v2\/posts\/54\/revisions"}],"predecessor-version":[{"id":1018,"href":"https:\/\/pragmatiq.pl\/mniejszosciowi\/wp-json\/wp\/v2\/posts\/54\/revisions\/1018"}],"wp:featuredmedia":[{"embeddable":true,"href":"https:\/\/pragmatiq.pl\/mniejszosciowi\/wp-json\/wp\/v2\/media\/80"}],"wp:attachment":[{"href":"https:\/\/pragmatiq.pl\/mniejszosciowi\/wp-json\/wp\/v2\/media?parent=54"}],"wp:term":[{"taxonomy":"category","embeddable":true,"href":"https:\/\/pragmatiq.pl\/mniejszosciowi\/wp-json\/wp\/v2\/categories?post=54"},{"taxonomy":"post_tag","embeddable":true,"href":"https:\/\/pragmatiq.pl\/mniejszosciowi\/wp-json\/wp\/v2\/tags?post=54"}],"curies":[{"name":"wp","href":"https:\/\/api.w.org\/{rel}","templated":true}]}}