{"id":516,"date":"2022-05-31T09:32:48","date_gmt":"2022-05-31T07:32:48","guid":{"rendered":"https:\/\/mniejszosciowi.pl\/?p=516"},"modified":"2025-08-26T11:12:24","modified_gmt":"2025-08-26T09:12:24","slug":"prawo-holdingowe-wejscie-zmian-w-zycie","status":"publish","type":"post","link":"https:\/\/pragmatiq.pl\/mniejszosciowi\/prawo-holdingowe-wejscie-zmian-w-zycie\/","title":{"rendered":"Prawo holdingowe \u2013 wej\u015bcie zmian w \u017cycie"},"content":{"rendered":"\n<p><strong>4 kwietnia 2022 roku Prezydent podpisa\u0142 ustaw\u0119 wprowadzaj\u0105c\u0105 zmiany w Kodeksie sp\u00f3\u0142ek handlowych, kt\u00f3ra ma wej\u015b\u0107 w \u017cycie w pa\u017adzierniku 2022 roku. Jak zmiany wp\u0142yn\u0105 na funkcjonowanie wsp\u00f3lnik\u00f3w mniejszo\u015bciowych?<\/strong><\/p>\n\n\n\n<div id=\"ez-toc-container\" class=\"ez-toc-v2_0_82_2 counter-hierarchy ez-toc-counter ez-toc-grey ez-toc-container-direction\">\n<nav><ul class='ez-toc-list ez-toc-list-level-1 ' ><li class='ez-toc-page-1 ez-toc-heading-level-2'><a class=\"ez-toc-link ez-toc-heading-1\" href=\"https:\/\/pragmatiq.pl\/mniejszosciowi\/prawo-holdingowe-wejscie-zmian-w-zycie\/#Co_sie_zmieni\" >Co si\u0119 zmieni?<\/a><\/li><li class='ez-toc-page-1 ez-toc-heading-level-2'><a class=\"ez-toc-link ez-toc-heading-2\" href=\"https:\/\/pragmatiq.pl\/mniejszosciowi\/prawo-holdingowe-wejscie-zmian-w-zycie\/#Jak_zmiany_wplyna_na_wspolnikow_mniejszosciowych\" >Jak zmiany wp\u0142yn\u0105 na wsp\u00f3lnik\u00f3w mniejszo\u015bciowych?<\/a><\/li><\/ul><\/nav><\/div>\n<h2 class=\"wp-block-heading\"><span class=\"ez-toc-section\" id=\"Co_sie_zmieni\"><\/span>Co si\u0119 zmieni?<span class=\"ez-toc-section-end\"><\/span><\/h2>\n\n\n\n<p>Od pa\u017adziernika tego roku w Kodeksie sp\u00f3\u0142ek handlowych pojawi si\u0119 Dzia\u0142 IV. B\u0119dzie on zawiera\u0142 szereg przepis\u00f3w odnosz\u0105cych si\u0119 do \u201egrupy sp\u00f3\u0142ek\u201d, w praktyce okre\u015blanych jako prawo holdingowe. O tym <a data-type=\"URL\" data-id=\"https:\/\/www.doradzamy.to\/artykuly\/co-to-jest-grupa-spolek\" href=\"https:\/\/www.doradzamy.to\/artykuly\/co-to-jest-grupa-spolek\" target=\"_blank\" rel=\"noreferrer noopener\"><em>Co to jest grupa sp\u00f3\u0142ek?<\/em> <\/a> pisali\u015bmy ju\u017c na naszym portalu <em><a data-type=\"URL\" data-id=\"https:\/\/www.doradzamy.to\/\" href=\"https:\/\/www.doradzamy.to\/\" target=\"_blank\" rel=\"noreferrer noopener\">Doradzamy.to.<\/a><\/em>\u00a0W\u015br\u00f3d szeregu zmian przewidzianych przez ustaw\u0119 warto wskaza\u0107 na wprowadzenie takich rozwi\u0105za\u0144 jak wydawanie wi\u0105\u017c\u0105cych polece\u0144 sp\u00f3\u0142ki dominuj\u0105cej (matki) wzgl\u0119dem sp\u00f3\u0142ki zale\u017cnej (c\u00f3rki) czy te\u017c prawo do wyj\u015bcia ze sp\u00f3\u0142ki poprzez \u017c\u0105danie odkupu (sell-out), o kt\u00f3rym pisali\u015bmy w artykule <em><a href=\"https:\/\/pragmatiq.pl\/mniejszosciowi\/sell-out-nowe-uprawnienie-wspolnikow-mniejszosciowych-w-prawie-holdingowym\/\" target=\"_blank\" rel=\"noreferrer noopener\">Sell out \u2013 nowe uprawnienie wsp\u00f3lnik\u00f3w mniejszo\u015bciowych w prawie holdingowym<\/a><\/em>. Dodatkowo poszerzone zostan\u0105 kompetencje rad nadzorczych.<\/p>\n\n\n\n<h2 class=\"wp-block-heading\"><span class=\"ez-toc-section\" id=\"Jak_zmiany_wplyna_na_wspolnikow_mniejszosciowych\"><\/span>Jak zmiany wp\u0142yn\u0105 na wsp\u00f3lnik\u00f3w mniejszo\u015bciowych?<span class=\"ez-toc-section-end\"><\/span><\/h2>\n\n\n\n<p>Zmiany nale\u017cy odbiera\u0107 pozytywnie, poniewa\u017c wprowadzaj\u0105 cho\u0107by prawo do <em>sell out\u2019u<\/em> (cho\u0107 uprawnienie to b\u0119dzie przys\u0142ugiwa\u0107 do\u015b\u0107 w\u0105skiej grupie wsp\u00f3lnik\u00f3w). W zwi\u0105zku ze zmianami pojawia si\u0119 jednak tak\u017ce kilka potencjalnych zagro\u017ce\u0144 dla wsp\u00f3lnik\u00f3w mniejszo\u015bciowych, takich jak cho\u0107by mo\u017cliwo\u015b\u0107 przeprowadzenia procedury tzw. <em>squeeze out<\/em>, o kt\u00f3rym pisali\u015bmy ju\u017c na wczesnym etapie prac nad prawem holdingowym w artykule <a href=\"https:\/\/www.doradzamy.to\/artykuly\/squeeze-out-rowniez-w-spolce-z-o-o\" data-type=\"URL\" data-id=\"https:\/\/www.doradzamy.to\/artykuly\/squeeze-out-rowniez-w-spolce-z-o-o\" target=\"_blank\" rel=\"noreferrer noopener\"><em>Squeeze out r\u00f3wnie\u017c w sp\u00f3\u0142ce z o.o.?<\/em> .<\/a><\/p>\n\n\n\n<p>Miko\u0142aj Stacherski<\/p>\n","protected":false},"excerpt":{"rendered":"<p>4 kwietnia 2022 roku Prezydent podpisa\u0142 ustaw\u0119 wprowadzaj\u0105c\u0105 zmiany w Kodeksie sp\u00f3\u0142ek handlowych, kt\u00f3ra ma wej\u015b\u0107 w \u017cycie w pa\u017adzierniku 2022 roku. Jak zmiany wp\u0142yn\u0105 na funkcjonowanie wsp\u00f3lnik\u00f3w mniejszo\u015bciowych?<\/p>\n","protected":false},"author":9,"featured_media":208,"comment_status":"open","ping_status":"open","sticky":false,"template":"","format":"standard","meta":{"_acf_changed":false,"footnotes":""},"categories":[4,33],"tags":[],"class_list":["post-516","post","type-post","status-publish","format-standard","has-post-thumbnail","hentry","category-artykuly","category-spory-wspolnikow"],"acf":[],"yoast_head":"<!-- This site is optimized with the Yoast SEO plugin v27.3 - https:\/\/yoast.com\/product\/yoast-seo-wordpress\/ -->\n<title>Prawo holdingowe \u2013 wej\u015bcie zmian w \u017cycie | mniejszosciowi.pl<\/title>\n<meta name=\"robots\" content=\"index, follow, max-snippet:-1, max-image-preview:large, max-video-preview:-1\" \/>\n<link rel=\"canonical\" href=\"https:\/\/pragmatiq.pl\/mniejszosciowi\/prawo-holdingowe-wejscie-zmian-w-zycie\/\" \/>\n<meta property=\"og:locale\" content=\"pl_PL\" \/>\n<meta property=\"og:type\" content=\"article\" \/>\n<meta property=\"og:title\" content=\"Prawo holdingowe \u2013 wej\u015bcie zmian w \u017cycie | mniejszosciowi.pl\" \/>\n<meta property=\"og:description\" content=\"4 kwietnia 2022 roku Prezydent podpisa\u0142 ustaw\u0119 wprowadzaj\u0105c\u0105 zmiany w Kodeksie sp\u00f3\u0142ek handlowych, kt\u00f3ra ma wej\u015b\u0107 w \u017cycie w pa\u017adzierniku 2022 roku. Jak zmiany wp\u0142yn\u0105 na funkcjonowanie wsp\u00f3lnik\u00f3w mniejszo\u015bciowych?\" \/>\n<meta property=\"og:url\" content=\"https:\/\/pragmatiq.pl\/mniejszosciowi\/prawo-holdingowe-wejscie-zmian-w-zycie\/\" \/>\n<meta property=\"og:site_name\" content=\"Mniejszo\u015bciowi\" \/>\n<meta property=\"article:published_time\" content=\"2022-05-31T07:32:48+00:00\" \/>\n<meta property=\"article:modified_time\" content=\"2025-08-26T09:12:24+00:00\" \/>\n<meta property=\"og:image\" content=\"https:\/\/pragmatiq.pl\/mniejszosciowi\/wp-content\/uploads\/2019\/05\/zoo.png\" \/>\n\t<meta property=\"og:image:width\" content=\"2000\" \/>\n\t<meta property=\"og:image:height\" content=\"625\" \/>\n\t<meta property=\"og:image:type\" content=\"image\/png\" \/>\n<meta name=\"author\" content=\"AleksanderG\" \/>\n<meta name=\"twitter:card\" content=\"summary_large_image\" \/>\n<meta name=\"twitter:label1\" content=\"Napisane przez\" \/>\n\t<meta name=\"twitter:data1\" content=\"AleksanderG\" \/>\n\t<meta name=\"twitter:label2\" content=\"Szacowany czas czytania\" \/>\n\t<meta name=\"twitter:data2\" content=\"2 minuty\" \/>\n<script type=\"application\/ld+json\" class=\"yoast-schema-graph\">{\"@context\":\"https:\\\/\\\/schema.org\",\"@graph\":[{\"@type\":\"Article\",\"@id\":\"https:\\\/\\\/pragmatiq.pl\\\/mniejszosciowi\\\/prawo-holdingowe-wejscie-zmian-w-zycie\\\/#article\",\"isPartOf\":{\"@id\":\"https:\\\/\\\/pragmatiq.pl\\\/mniejszosciowi\\\/prawo-holdingowe-wejscie-zmian-w-zycie\\\/\"},\"author\":{\"name\":\"AleksanderG\",\"@id\":\"https:\\\/\\\/pragmatiq.pl\\\/mniejszosciowi\\\/#\\\/schema\\\/person\\\/e4d808c0488d97460824f466d576c347\"},\"headline\":\"Prawo holdingowe \u2013 wej\u015bcie zmian w \u017cycie\",\"datePublished\":\"2022-05-31T07:32:48+00:00\",\"dateModified\":\"2025-08-26T09:12:24+00:00\",\"mainEntityOfPage\":{\"@id\":\"https:\\\/\\\/pragmatiq.pl\\\/mniejszosciowi\\\/prawo-holdingowe-wejscie-zmian-w-zycie\\\/\"},\"wordCount\":263,\"commentCount\":0,\"publisher\":{\"@id\":\"https:\\\/\\\/pragmatiq.pl\\\/mniejszosciowi\\\/#organization\"},\"image\":{\"@id\":\"https:\\\/\\\/pragmatiq.pl\\\/mniejszosciowi\\\/prawo-holdingowe-wejscie-zmian-w-zycie\\\/#primaryimage\"},\"thumbnailUrl\":\"https:\\\/\\\/pragmatiq.pl\\\/mniejszosciowi\\\/wp-content\\\/uploads\\\/2019\\\/05\\\/zoo.png\",\"articleSection\":[\"Artyku\u0142y\",\"Spory wsp\u00f3lnik\u00f3w\"],\"inLanguage\":\"pl-PL\",\"potentialAction\":[{\"@type\":\"CommentAction\",\"name\":\"Comment\",\"target\":[\"https:\\\/\\\/pragmatiq.pl\\\/mniejszosciowi\\\/prawo-holdingowe-wejscie-zmian-w-zycie\\\/#respond\"]}]},{\"@type\":\"WebPage\",\"@id\":\"https:\\\/\\\/pragmatiq.pl\\\/mniejszosciowi\\\/prawo-holdingowe-wejscie-zmian-w-zycie\\\/\",\"url\":\"https:\\\/\\\/pragmatiq.pl\\\/mniejszosciowi\\\/prawo-holdingowe-wejscie-zmian-w-zycie\\\/\",\"name\":\"Prawo holdingowe \u2013 wej\u015bcie zmian w \u017cycie | mniejszosciowi.pl\",\"isPartOf\":{\"@id\":\"https:\\\/\\\/pragmatiq.pl\\\/mniejszosciowi\\\/#website\"},\"primaryImageOfPage\":{\"@id\":\"https:\\\/\\\/pragmatiq.pl\\\/mniejszosciowi\\\/prawo-holdingowe-wejscie-zmian-w-zycie\\\/#primaryimage\"},\"image\":{\"@id\":\"https:\\\/\\\/pragmatiq.pl\\\/mniejszosciowi\\\/prawo-holdingowe-wejscie-zmian-w-zycie\\\/#primaryimage\"},\"thumbnailUrl\":\"https:\\\/\\\/pragmatiq.pl\\\/mniejszosciowi\\\/wp-content\\\/uploads\\\/2019\\\/05\\\/zoo.png\",\"datePublished\":\"2022-05-31T07:32:48+00:00\",\"dateModified\":\"2025-08-26T09:12:24+00:00\",\"breadcrumb\":{\"@id\":\"https:\\\/\\\/pragmatiq.pl\\\/mniejszosciowi\\\/prawo-holdingowe-wejscie-zmian-w-zycie\\\/#breadcrumb\"},\"inLanguage\":\"pl-PL\",\"potentialAction\":[{\"@type\":\"ReadAction\",\"target\":[\"https:\\\/\\\/pragmatiq.pl\\\/mniejszosciowi\\\/prawo-holdingowe-wejscie-zmian-w-zycie\\\/\"]}]},{\"@type\":\"ImageObject\",\"inLanguage\":\"pl-PL\",\"@id\":\"https:\\\/\\\/pragmatiq.pl\\\/mniejszosciowi\\\/prawo-holdingowe-wejscie-zmian-w-zycie\\\/#primaryimage\",\"url\":\"https:\\\/\\\/pragmatiq.pl\\\/mniejszosciowi\\\/wp-content\\\/uploads\\\/2019\\\/05\\\/zoo.png\",\"contentUrl\":\"https:\\\/\\\/pragmatiq.pl\\\/mniejszosciowi\\\/wp-content\\\/uploads\\\/2019\\\/05\\\/zoo.png\",\"width\":2000,\"height\":625,\"caption\":\"\u201eSprzedam udzia\u0142y w sp\u00f3\u0142ce z o.o.\u201d, czyli jak przygotowa\u0107 si\u0119 do wyj\u015bcia ze sp\u00f3\u0142ki\"},{\"@type\":\"BreadcrumbList\",\"@id\":\"https:\\\/\\\/pragmatiq.pl\\\/mniejszosciowi\\\/prawo-holdingowe-wejscie-zmian-w-zycie\\\/#breadcrumb\",\"itemListElement\":[{\"@type\":\"ListItem\",\"position\":1,\"name\":\"Strona g\u0142\u00f3wna\",\"item\":\"https:\\\/\\\/pragmatiq.pl\\\/mniejszosciowi\\\/\"},{\"@type\":\"ListItem\",\"position\":2,\"name\":\"Prawo holdingowe \u2013 wej\u015bcie zmian w \u017cycie\"}]},{\"@type\":\"WebSite\",\"@id\":\"https:\\\/\\\/pragmatiq.pl\\\/mniejszosciowi\\\/#website\",\"url\":\"https:\\\/\\\/pragmatiq.pl\\\/mniejszosciowi\\\/\",\"name\":\"Mniejszo\u015bciowi\",\"description\":\"\",\"publisher\":{\"@id\":\"https:\\\/\\\/pragmatiq.pl\\\/mniejszosciowi\\\/#organization\"},\"potentialAction\":[{\"@type\":\"SearchAction\",\"target\":{\"@type\":\"EntryPoint\",\"urlTemplate\":\"https:\\\/\\\/pragmatiq.pl\\\/mniejszosciowi\\\/?s={search_term_string}\"},\"query-input\":{\"@type\":\"PropertyValueSpecification\",\"valueRequired\":true,\"valueName\":\"search_term_string\"}}],\"inLanguage\":\"pl-PL\"},{\"@type\":\"Organization\",\"@id\":\"https:\\\/\\\/pragmatiq.pl\\\/mniejszosciowi\\\/#organization\",\"name\":\"Mniejszo\u015bciowi\",\"url\":\"https:\\\/\\\/pragmatiq.pl\\\/mniejszosciowi\\\/\",\"logo\":{\"@type\":\"ImageObject\",\"inLanguage\":\"pl-PL\",\"@id\":\"https:\\\/\\\/pragmatiq.pl\\\/mniejszosciowi\\\/#\\\/schema\\\/logo\\\/image\\\/\",\"url\":\"https:\\\/\\\/pragmatiq.pl\\\/mniejszosciowi\\\/wp-content\\\/uploads\\\/2018\\\/05\\\/cropped-logo.png\",\"contentUrl\":\"https:\\\/\\\/pragmatiq.pl\\\/mniejszosciowi\\\/wp-content\\\/uploads\\\/2018\\\/05\\\/cropped-logo.png\",\"width\":952,\"height\":250,\"caption\":\"Mniejszo\u015bciowi\"},\"image\":{\"@id\":\"https:\\\/\\\/pragmatiq.pl\\\/mniejszosciowi\\\/#\\\/schema\\\/logo\\\/image\\\/\"}},{\"@type\":\"Person\",\"@id\":\"https:\\\/\\\/pragmatiq.pl\\\/mniejszosciowi\\\/#\\\/schema\\\/person\\\/e4d808c0488d97460824f466d576c347\",\"name\":\"AleksanderG\",\"image\":{\"@type\":\"ImageObject\",\"inLanguage\":\"pl-PL\",\"@id\":\"https:\\\/\\\/secure.gravatar.com\\\/avatar\\\/e0063a8a474902617274a95e9be19adbb8477e146d6b76b83e7e6e0cd7a26836?s=96&d=mm&r=g\",\"url\":\"https:\\\/\\\/secure.gravatar.com\\\/avatar\\\/e0063a8a474902617274a95e9be19adbb8477e146d6b76b83e7e6e0cd7a26836?s=96&d=mm&r=g\",\"contentUrl\":\"https:\\\/\\\/secure.gravatar.com\\\/avatar\\\/e0063a8a474902617274a95e9be19adbb8477e146d6b76b83e7e6e0cd7a26836?s=96&d=mm&r=g\",\"caption\":\"AleksanderG\"},\"url\":\"https:\\\/\\\/pragmatiq.pl\\\/mniejszosciowi\\\/author\\\/aleksanderg\\\/\"}]}<\/script>\n<!-- \/ Yoast SEO plugin. -->","yoast_head_json":{"title":"Prawo holdingowe \u2013 wej\u015bcie zmian w \u017cycie | mniejszosciowi.pl","robots":{"index":"index","follow":"follow","max-snippet":"max-snippet:-1","max-image-preview":"max-image-preview:large","max-video-preview":"max-video-preview:-1"},"canonical":"https:\/\/pragmatiq.pl\/mniejszosciowi\/prawo-holdingowe-wejscie-zmian-w-zycie\/","og_locale":"pl_PL","og_type":"article","og_title":"Prawo holdingowe \u2013 wej\u015bcie zmian w \u017cycie | mniejszosciowi.pl","og_description":"4 kwietnia 2022 roku Prezydent podpisa\u0142 ustaw\u0119 wprowadzaj\u0105c\u0105 zmiany w Kodeksie sp\u00f3\u0142ek handlowych, kt\u00f3ra ma wej\u015b\u0107 w \u017cycie w pa\u017adzierniku 2022 roku. Jak zmiany wp\u0142yn\u0105 na funkcjonowanie wsp\u00f3lnik\u00f3w mniejszo\u015bciowych?","og_url":"https:\/\/pragmatiq.pl\/mniejszosciowi\/prawo-holdingowe-wejscie-zmian-w-zycie\/","og_site_name":"Mniejszo\u015bciowi","article_published_time":"2022-05-31T07:32:48+00:00","article_modified_time":"2025-08-26T09:12:24+00:00","og_image":[{"width":2000,"height":625,"url":"https:\/\/pragmatiq.pl\/mniejszosciowi\/wp-content\/uploads\/2019\/05\/zoo.png","type":"image\/png"}],"author":"AleksanderG","twitter_card":"summary_large_image","twitter_misc":{"Napisane przez":"AleksanderG","Szacowany czas czytania":"2 minuty"},"schema":{"@context":"https:\/\/schema.org","@graph":[{"@type":"Article","@id":"https:\/\/pragmatiq.pl\/mniejszosciowi\/prawo-holdingowe-wejscie-zmian-w-zycie\/#article","isPartOf":{"@id":"https:\/\/pragmatiq.pl\/mniejszosciowi\/prawo-holdingowe-wejscie-zmian-w-zycie\/"},"author":{"name":"AleksanderG","@id":"https:\/\/pragmatiq.pl\/mniejszosciowi\/#\/schema\/person\/e4d808c0488d97460824f466d576c347"},"headline":"Prawo holdingowe \u2013 wej\u015bcie zmian w \u017cycie","datePublished":"2022-05-31T07:32:48+00:00","dateModified":"2025-08-26T09:12:24+00:00","mainEntityOfPage":{"@id":"https:\/\/pragmatiq.pl\/mniejszosciowi\/prawo-holdingowe-wejscie-zmian-w-zycie\/"},"wordCount":263,"commentCount":0,"publisher":{"@id":"https:\/\/pragmatiq.pl\/mniejszosciowi\/#organization"},"image":{"@id":"https:\/\/pragmatiq.pl\/mniejszosciowi\/prawo-holdingowe-wejscie-zmian-w-zycie\/#primaryimage"},"thumbnailUrl":"https:\/\/pragmatiq.pl\/mniejszosciowi\/wp-content\/uploads\/2019\/05\/zoo.png","articleSection":["Artyku\u0142y","Spory wsp\u00f3lnik\u00f3w"],"inLanguage":"pl-PL","potentialAction":[{"@type":"CommentAction","name":"Comment","target":["https:\/\/pragmatiq.pl\/mniejszosciowi\/prawo-holdingowe-wejscie-zmian-w-zycie\/#respond"]}]},{"@type":"WebPage","@id":"https:\/\/pragmatiq.pl\/mniejszosciowi\/prawo-holdingowe-wejscie-zmian-w-zycie\/","url":"https:\/\/pragmatiq.pl\/mniejszosciowi\/prawo-holdingowe-wejscie-zmian-w-zycie\/","name":"Prawo holdingowe \u2013 wej\u015bcie zmian w \u017cycie | mniejszosciowi.pl","isPartOf":{"@id":"https:\/\/pragmatiq.pl\/mniejszosciowi\/#website"},"primaryImageOfPage":{"@id":"https:\/\/pragmatiq.pl\/mniejszosciowi\/prawo-holdingowe-wejscie-zmian-w-zycie\/#primaryimage"},"image":{"@id":"https:\/\/pragmatiq.pl\/mniejszosciowi\/prawo-holdingowe-wejscie-zmian-w-zycie\/#primaryimage"},"thumbnailUrl":"https:\/\/pragmatiq.pl\/mniejszosciowi\/wp-content\/uploads\/2019\/05\/zoo.png","datePublished":"2022-05-31T07:32:48+00:00","dateModified":"2025-08-26T09:12:24+00:00","breadcrumb":{"@id":"https:\/\/pragmatiq.pl\/mniejszosciowi\/prawo-holdingowe-wejscie-zmian-w-zycie\/#breadcrumb"},"inLanguage":"pl-PL","potentialAction":[{"@type":"ReadAction","target":["https:\/\/pragmatiq.pl\/mniejszosciowi\/prawo-holdingowe-wejscie-zmian-w-zycie\/"]}]},{"@type":"ImageObject","inLanguage":"pl-PL","@id":"https:\/\/pragmatiq.pl\/mniejszosciowi\/prawo-holdingowe-wejscie-zmian-w-zycie\/#primaryimage","url":"https:\/\/pragmatiq.pl\/mniejszosciowi\/wp-content\/uploads\/2019\/05\/zoo.png","contentUrl":"https:\/\/pragmatiq.pl\/mniejszosciowi\/wp-content\/uploads\/2019\/05\/zoo.png","width":2000,"height":625,"caption":"\u201eSprzedam udzia\u0142y w sp\u00f3\u0142ce z o.o.\u201d, czyli jak przygotowa\u0107 si\u0119 do wyj\u015bcia ze sp\u00f3\u0142ki"},{"@type":"BreadcrumbList","@id":"https:\/\/pragmatiq.pl\/mniejszosciowi\/prawo-holdingowe-wejscie-zmian-w-zycie\/#breadcrumb","itemListElement":[{"@type":"ListItem","position":1,"name":"Strona g\u0142\u00f3wna","item":"https:\/\/pragmatiq.pl\/mniejszosciowi\/"},{"@type":"ListItem","position":2,"name":"Prawo holdingowe \u2013 wej\u015bcie zmian w \u017cycie"}]},{"@type":"WebSite","@id":"https:\/\/pragmatiq.pl\/mniejszosciowi\/#website","url":"https:\/\/pragmatiq.pl\/mniejszosciowi\/","name":"Mniejszo\u015bciowi","description":"","publisher":{"@id":"https:\/\/pragmatiq.pl\/mniejszosciowi\/#organization"},"potentialAction":[{"@type":"SearchAction","target":{"@type":"EntryPoint","urlTemplate":"https:\/\/pragmatiq.pl\/mniejszosciowi\/?s={search_term_string}"},"query-input":{"@type":"PropertyValueSpecification","valueRequired":true,"valueName":"search_term_string"}}],"inLanguage":"pl-PL"},{"@type":"Organization","@id":"https:\/\/pragmatiq.pl\/mniejszosciowi\/#organization","name":"Mniejszo\u015bciowi","url":"https:\/\/pragmatiq.pl\/mniejszosciowi\/","logo":{"@type":"ImageObject","inLanguage":"pl-PL","@id":"https:\/\/pragmatiq.pl\/mniejszosciowi\/#\/schema\/logo\/image\/","url":"https:\/\/pragmatiq.pl\/mniejszosciowi\/wp-content\/uploads\/2018\/05\/cropped-logo.png","contentUrl":"https:\/\/pragmatiq.pl\/mniejszosciowi\/wp-content\/uploads\/2018\/05\/cropped-logo.png","width":952,"height":250,"caption":"Mniejszo\u015bciowi"},"image":{"@id":"https:\/\/pragmatiq.pl\/mniejszosciowi\/#\/schema\/logo\/image\/"}},{"@type":"Person","@id":"https:\/\/pragmatiq.pl\/mniejszosciowi\/#\/schema\/person\/e4d808c0488d97460824f466d576c347","name":"AleksanderG","image":{"@type":"ImageObject","inLanguage":"pl-PL","@id":"https:\/\/secure.gravatar.com\/avatar\/e0063a8a474902617274a95e9be19adbb8477e146d6b76b83e7e6e0cd7a26836?s=96&d=mm&r=g","url":"https:\/\/secure.gravatar.com\/avatar\/e0063a8a474902617274a95e9be19adbb8477e146d6b76b83e7e6e0cd7a26836?s=96&d=mm&r=g","contentUrl":"https:\/\/secure.gravatar.com\/avatar\/e0063a8a474902617274a95e9be19adbb8477e146d6b76b83e7e6e0cd7a26836?s=96&d=mm&r=g","caption":"AleksanderG"},"url":"https:\/\/pragmatiq.pl\/mniejszosciowi\/author\/aleksanderg\/"}]}},"_links":{"self":[{"href":"https:\/\/pragmatiq.pl\/mniejszosciowi\/wp-json\/wp\/v2\/posts\/516","targetHints":{"allow":["GET"]}}],"collection":[{"href":"https:\/\/pragmatiq.pl\/mniejszosciowi\/wp-json\/wp\/v2\/posts"}],"about":[{"href":"https:\/\/pragmatiq.pl\/mniejszosciowi\/wp-json\/wp\/v2\/types\/post"}],"author":[{"embeddable":true,"href":"https:\/\/pragmatiq.pl\/mniejszosciowi\/wp-json\/wp\/v2\/users\/9"}],"replies":[{"embeddable":true,"href":"https:\/\/pragmatiq.pl\/mniejszosciowi\/wp-json\/wp\/v2\/comments?post=516"}],"version-history":[{"count":3,"href":"https:\/\/pragmatiq.pl\/mniejszosciowi\/wp-json\/wp\/v2\/posts\/516\/revisions"}],"predecessor-version":[{"id":1043,"href":"https:\/\/pragmatiq.pl\/mniejszosciowi\/wp-json\/wp\/v2\/posts\/516\/revisions\/1043"}],"wp:featuredmedia":[{"embeddable":true,"href":"https:\/\/pragmatiq.pl\/mniejszosciowi\/wp-json\/wp\/v2\/media\/208"}],"wp:attachment":[{"href":"https:\/\/pragmatiq.pl\/mniejszosciowi\/wp-json\/wp\/v2\/media?parent=516"}],"wp:term":[{"taxonomy":"category","embeddable":true,"href":"https:\/\/pragmatiq.pl\/mniejszosciowi\/wp-json\/wp\/v2\/categories?post=516"},{"taxonomy":"post_tag","embeddable":true,"href":"https:\/\/pragmatiq.pl\/mniejszosciowi\/wp-json\/wp\/v2\/tags?post=516"}],"curies":[{"name":"wp","href":"https:\/\/api.w.org\/{rel}","templated":true}]}}