{"id":510,"date":"2022-03-22T09:27:14","date_gmt":"2022-03-22T08:27:14","guid":{"rendered":"https:\/\/mniejszosciowi.pl\/?p=510"},"modified":"2025-08-26T11:09:38","modified_gmt":"2025-08-26T09:09:38","slug":"raport-o-sporach-wspolnikow-w-dzienniku-gazecie-prawnej","status":"publish","type":"post","link":"https:\/\/pragmatiq.pl\/mniejszosciowi\/raport-o-sporach-wspolnikow-w-dzienniku-gazecie-prawnej\/","title":{"rendered":"Raport o sporach wsp\u00f3lnik\u00f3w w Dzienniku Gazecie Prawnej!"},"content":{"rendered":"\n<p><strong>Raport o sporach wsp\u00f3lnik\u00f3w przygotowany przez zesp\u00f3\u0142 Mniejszosciowi.pl cieszy si\u0119 coraz wi\u0119ksz\u0105 popularno\u015bci\u0105. Artyku\u0142 o naszej publikacji ukaza\u0142 si\u0119 8 marca 2022 roku na \u0142amach Dziennika Gazety Prawnej.<\/strong><\/p>\n\n\n\n<div id=\"ez-toc-container\" class=\"ez-toc-v2_0_82_2 counter-hierarchy ez-toc-counter ez-toc-grey ez-toc-container-direction\">\n<nav><ul class='ez-toc-list ez-toc-list-level-1 ' ><li class='ez-toc-page-1 ez-toc-heading-level-2'><a class=\"ez-toc-link ez-toc-heading-1\" href=\"https:\/\/pragmatiq.pl\/mniejszosciowi\/raport-o-sporach-wspolnikow-w-dzienniku-gazecie-prawnej\/#Czego_dotycza_spory_wspolnikow\" >Czego dotycz\u0105 spory wsp\u00f3lnik\u00f3w?<\/a><\/li><li class='ez-toc-page-1 ez-toc-heading-level-2'><a class=\"ez-toc-link ez-toc-heading-2\" href=\"https:\/\/pragmatiq.pl\/mniejszosciowi\/raport-o-sporach-wspolnikow-w-dzienniku-gazecie-prawnej\/#Jak_orzekaja_sady\" >Jak orzekaj\u0105 s\u0105dy?<\/a><\/li><li class='ez-toc-page-1 ez-toc-heading-level-2'><a class=\"ez-toc-link ez-toc-heading-3\" href=\"https:\/\/pragmatiq.pl\/mniejszosciowi\/raport-o-sporach-wspolnikow-w-dzienniku-gazecie-prawnej\/#Jak_zabezpieczyc_sie_przed_sporem\" >Jak zabezpieczy\u0107 si\u0119 przed sporem?<\/a><\/li><li class='ez-toc-page-1 ez-toc-heading-level-2'><a class=\"ez-toc-link ez-toc-heading-4\" href=\"https:\/\/pragmatiq.pl\/mniejszosciowi\/raport-o-sporach-wspolnikow-w-dzienniku-gazecie-prawnej\/#Konieczne_zmiany_w_KSH\" >Konieczne zmiany w KSH<\/a><\/li><\/ul><\/nav><\/div>\n<h2 class=\"wp-block-heading\"><span class=\"ez-toc-section\" id=\"Czego_dotycza_spory_wspolnikow\"><\/span><strong>Czego dotycz\u0105 spory wsp\u00f3lnik\u00f3w?<\/strong><span class=\"ez-toc-section-end\"><\/span><\/h2>\n\n\n\n<p>W opublikowanym artykule wskazali\u015bmy, \u017ce a\u017c 80% spor\u00f3w rozstrzyganych przez s\u0105dy dotyczy\u0142o dw\u00f3ch g\u0142\u00f3wnych kategorii spraw: kwestii finansowych oraz spor\u00f3w kompetencyjnych na linii zarz\u0105d \u2013 wsp\u00f3lnicy. Najcz\u0119\u015bciej spory te dotyczy\u0142y takich aspekt\u00f3w jak wyp\u0142ata dywidendy dla wsp\u00f3lnik\u00f3w, wniesienie dop\u0142at, podwy\u017cszenie lub obni\u017cenie kapita\u0142u zak\u0142adowego, a tak\u017ce powo\u0142anie lub odwo\u0142anie cz\u0142onk\u00f3w organ\u00f3w, podejmowanie przez cz\u0142onka zarz\u0105du dzia\u0142a\u0144 przekraczaj\u0105cych zakres zwyk\u0142ych spraw sp\u00f3\u0142ki bez uzyskania wcze\u015bniejszej zgody innych organ\u00f3w, dzia\u0142anie cz\u0142onk\u00f3w zarz\u0105du na szkod\u0119 sp\u00f3\u0142ki.<\/p>\n\n\n\n<h2 class=\"wp-block-heading\"><span class=\"ez-toc-section\" id=\"Jak_orzekaja_sady\"><\/span><strong>Jak orzekaj\u0105 s\u0105dy?<\/strong><span class=\"ez-toc-section-end\"><\/span><\/h2>\n\n\n\n<p>Zgodnie z przeprowadzon\u0105 analiz\u0105, oko\u0142o 50% pow\u00f3dztw w sprawach dotycz\u0105cych konflikt\u00f3w korporacyjnych jest uwzgl\u0119dnianych w pierwszej instancji. Jednak bior\u0105c pod uwag\u0119 r\u00f3wnie\u017c post\u0119powanie w drugiej instancji, odsetek pozytywnych rozstrzygni\u0119\u0107 nie jest tak korzystny dla powod\u00f3w.<\/p>\n\n\n\n<p>W po\u0142\u0105czeniu z d\u0142ugotrwa\u0142ym post\u0119powaniem s\u0105dowym, kt\u00f3re zgodnie z nasz\u0105 analiz\u0105 mo\u017ce trwa\u0107 w zale\u017cno\u015bci od przedmiotu sporu \u015brednio od dw\u00f3ch do nawet sze\u015bciu lat w obu instancjach, warto zastanowi\u0107 si\u0119, czy obecne przepisy prawa nale\u017cycie zabezpieczaj\u0105 interesy wsp\u00f3lnik\u00f3w sp\u00f3\u0142ek z o.o.<\/p>\n\n\n\n<h2 class=\"wp-block-heading\"><span class=\"ez-toc-section\" id=\"Jak_zabezpieczyc_sie_przed_sporem\"><\/span><strong>Jak zabezpieczy\u0107 si\u0119 przed sporem?<\/strong><span class=\"ez-toc-section-end\"><\/span><\/h2>\n\n\n\n<p>Naszym zdaniem przed sporem mo\u017cna zabezpieczy\u0107 si\u0119 ju\u017c na etapie zawi\u0105zywania nowej sp\u00f3\u0142ki. Warto zwr\u00f3ci\u0107 szczeg\u00f3ln\u0105 uwag\u0119 na umow\u0119 sp\u00f3\u0142ki oraz towarzysz\u0105ce jej porozumienia wsp\u00f3lnik\u00f3w. Kompleksowe uregulowanie kwestii, kt\u00f3re mog\u0105 w przysz\u0142o\u015bci wywo\u0142a\u0107 konflikt korporacyjny z pewno\u015bci\u0105 pozwoli na znalezienie kompromisu w razie zaistnienia pata decyzyjnego albo pozas\u0105dowe rozstanie si\u0119 wsp\u00f3lnik\u00f3w i zako\u0144czenie wsp\u00f3lnej dzia\u0142alno\u015bci.<\/p>\n\n\n\n<p>O tym jakie postanowienia warto zawrze\u0107 w umowie sp\u00f3\u0142ki, piszemy w artykule <em><a href=\"https:\/\/www.doradzamy.to\/poradniki\/10-10-kwestii-kt%C3%B3re-nalezy-madrze-okreslic-w-umowie-spolki#\" data-type=\"URL\" data-id=\"https:\/\/www.doradzamy.to\/poradniki\/10-10-kwestii-kt%C3%B3re-nalezy-madrze-okreslic-w-umowie-spolki#\" target=\"_blank\" rel=\"noreferrer noopener\">10 kwestii, kt\u00f3re nale\u017cy m\u0105drze okre\u015bli\u0107 w umowie sp\u00f3\u0142ki<\/a> <\/em> na portalu <em><a href=\"https:\/\/www.doradzamy.to\/#\" data-type=\"URL\" data-id=\"https:\/\/www.doradzamy.to\/#\" target=\"_blank\" rel=\"noreferrer noopener\">doradzamy.to<\/a><\/em> <\/p>\n\n\n\n<h2 class=\"wp-block-heading\"><span class=\"ez-toc-section\" id=\"Konieczne_zmiany_w_KSH\"><\/span><strong>Konieczne zmiany w KSH<\/strong><span class=\"ez-toc-section-end\"><\/span><\/h2>\n\n\n\n<p>Jednym z najwa\u017cniejszych wniosk\u00f3w wynikaj\u0105cych z Raportu jest potrzeba wprowadzenia zmian w Kodeksie sp\u00f3\u0142ek handlowych, kt\u00f3re pozwol\u0105 na wyst\u0105pienie wsp\u00f3lnika mniejszo\u015bciowego ze sp\u00f3\u0142ki z o.o. Z przeprowadzonej analizy wynika, \u017ce w wielu sp\u00f3\u0142kach konflikt rozpoczyna\u0142 si\u0119 w wyniku braku mo\u017cliwo\u015bci wyst\u0105pienia wsp\u00f3lnika mniejszo\u015bciowego za rynkow\u0105 sp\u0142at\u0105.<\/p>\n\n\n\n<p>W przypadku innych sp\u00f3\u0142ek prawa handlowego funkcjonuj\u0105 mechanizmy pozwalaj\u0105ce na wyj\u015bcie wsp\u00f3lnika za odpowiedni\u0105 sp\u0142at\u0105 z jego inicjatywy. Obecnie sp\u00f3\u0142ka z o.o. pozostaje zatem jedyn\u0105 form\u0105 prawn\u0105, dla kt\u00f3rej nie zosta\u0142o przewidziane s\u0105dowe \u017c\u0105danie wyst\u0105pienia ze sp\u00f3\u0142ki z inicjatywy pokrzywdzonego wsp\u00f3lnika. Zapowiedzi\u0105 zmian mo\u017ce by\u0107 procedowane prawo holdingowe, w szczeg\u00f3lno\u015bci zawarte w projekcie mechanizm sell-out obejmuj\u0105cy r\u00f3wnie\u017c w pewnych warunkach wsp\u00f3lnik\u00f3w sp\u00f3\u0142ki z o.o. Jest to jednak zaledwie pocz\u0105tek zmian, kt\u00f3rych wdro\u017cenie naszym zdaniem jest niezwykle istotne dla zabezpieczenia interes\u00f3w wsp\u00f3lnik\u00f3w. Wi\u0119cej na temat sell-out i prawa holdingowego dowiesz si\u0119 z naszego artyku\u0142u<a href=\"https:\/\/pragmatiq.pl\/mniejszosciowi\/sell-out-nowe-uprawnienie-wspolnikow-mniejszosciowych-w-prawie-holdingowym\/\" target=\"_blank\" rel=\"noreferrer noopener\"> <em>Sell out \u2013 nowe uprawnienie wsp\u00f3lnik\u00f3w mniejszo\u015bciowych w prawie holdingowym<\/em> <\/a><\/p>\n\n\n\n<p>Pe\u0142ny tekst artyku\u0142u <em><a href=\"https:\/\/www.gazetaprawna.pl\/firma-i-prawo\/artykuly\/8374400,raport-o-sporach-wspolnikow.html\">Raport o sporach wsp\u00f3lnik\u00f3w. Wnioski z analizy tysi\u0105ca orzecze\u0144 s\u0105d\u00f3w powszechnych [ANALIZA]<\/a><\/em> dost\u0119pny jest na stronie <a data-type=\"URL\" data-id=\"https:\/\/www.gazetaprawna.pl\/firma-i-prawo\/artykuly\/8374400,raport-o-sporach-wspolnikow.html\" href=\"https:\/\/www.gazetaprawna.pl\/firma-i-prawo\/artykuly\/8374400,raport-o-sporach-wspolnikow.html\" target=\"_blank\" rel=\"noreferrer noopener\">Dziennika Gazety Prawnej<\/a>.<\/p>\n\n\n\n<p>Zapoznaj si\u0119 z Raportem o sporach wsp\u00f3lnik\u00f3w \u2013 szczeg\u00f3\u0142ow\u0105 analiz\u0105 1.000 orzecze\u0144 przygotowan\u0105 przez specjalist\u00f3w mniejszosciowi.pl. Dowiedz si\u0119, jakie s\u0105 najskuteczniejsze podstawy zaskar\u017cenia uchwa\u0142, ile \u015brednio trwa post\u0119powanie oraz jakie uchwa\u0142y s\u0105 najcz\u0119\u015bciej uchylane. Pobierz <em><a href=\"https:\/\/pragmatiq.pl\/mniejszosciowi\/#raport\" target=\"_blank\" rel=\"noreferrer noopener\">Raport o sporach wsp\u00f3lnik\u00f3w<\/a><\/em><\/p>\n\n\n\n<p>Jan Kacprzak<\/p>\n\n\n\n<p>Micha\u0142 Walczak<\/p>\n","protected":false},"excerpt":{"rendered":"<p>Raport o sporach wsp\u00f3lnik\u00f3w przygotowany przez zesp\u00f3\u0142 Mniejszosciowi.pl cieszy si\u0119 coraz wi\u0119ksz\u0105 popularno\u015bci\u0105. Artyku\u0142 o naszej publikacji ukaza\u0142 si\u0119 8 marca 2022 roku na \u0142amach Dziennika Gazety Prawnej. Czego dotycz\u0105 spory wsp\u00f3lnik\u00f3w? W opublikowanym artykule wskazali\u015bmy, \u017ce a\u017c 80% spor\u00f3w rozstrzyganych przez s\u0105dy dotyczy\u0142o dw\u00f3ch g\u0142\u00f3wnych kategorii spraw: kwestii finansowych oraz spor\u00f3w kompetencyjnych na linii &hellip; <\/p>\n<p class=\"link-more\"><a href=\"https:\/\/pragmatiq.pl\/mniejszosciowi\/raport-o-sporach-wspolnikow-w-dzienniku-gazecie-prawnej\/\" class=\"more-link\">Continue reading<span class=\"screen-reader-text\"> &#8222;Raport o sporach wsp\u00f3lnik\u00f3w w Dzienniku Gazecie Prawnej!&#8221;<\/span><\/a><\/p>\n","protected":false},"author":9,"featured_media":130,"comment_status":"open","ping_status":"open","sticky":false,"template":"","format":"standard","meta":{"_acf_changed":false,"footnotes":""},"categories":[4,33],"tags":[18,6],"class_list":["post-510","post","type-post","status-publish","format-standard","has-post-thumbnail","hentry","category-artykuly","category-spory-wspolnikow","tag-konflikt-wspolnikow","tag-spor-wspolnikow"],"acf":[],"yoast_head":"<!-- This site is optimized with the Yoast SEO plugin v27.3 - https:\/\/yoast.com\/product\/yoast-seo-wordpress\/ -->\n<title>Raport o sporach wsp\u00f3lnik\u00f3w w Dzienniku Gazecie Prawnej! | mniejszosciowi.pl<\/title>\n<meta name=\"robots\" content=\"index, follow, max-snippet:-1, max-image-preview:large, max-video-preview:-1\" \/>\n<link rel=\"canonical\" href=\"https:\/\/pragmatiq.pl\/mniejszosciowi\/raport-o-sporach-wspolnikow-w-dzienniku-gazecie-prawnej\/\" \/>\n<meta property=\"og:locale\" content=\"pl_PL\" \/>\n<meta property=\"og:type\" content=\"article\" \/>\n<meta property=\"og:title\" content=\"Raport o sporach wsp\u00f3lnik\u00f3w w Dzienniku Gazecie Prawnej! | mniejszosciowi.pl\" \/>\n<meta property=\"og:description\" content=\"Raport o sporach wsp\u00f3lnik\u00f3w przygotowany przez zesp\u00f3\u0142 Mniejszosciowi.pl cieszy si\u0119 coraz wi\u0119ksz\u0105 popularno\u015bci\u0105. Artyku\u0142 o naszej publikacji ukaza\u0142 si\u0119 8 marca 2022 roku na \u0142amach Dziennika Gazety Prawnej. Czego dotycz\u0105 spory wsp\u00f3lnik\u00f3w? W opublikowanym artykule wskazali\u015bmy, \u017ce a\u017c 80% spor\u00f3w rozstrzyganych przez s\u0105dy dotyczy\u0142o dw\u00f3ch g\u0142\u00f3wnych kategorii spraw: kwestii finansowych oraz spor\u00f3w kompetencyjnych na linii &hellip; Continue reading &quot;Raport o sporach wsp\u00f3lnik\u00f3w w Dzienniku Gazecie Prawnej!&quot;\" \/>\n<meta property=\"og:url\" content=\"https:\/\/pragmatiq.pl\/mniejszosciowi\/raport-o-sporach-wspolnikow-w-dzienniku-gazecie-prawnej\/\" \/>\n<meta property=\"og:site_name\" content=\"Mniejszo\u015bciowi\" \/>\n<meta property=\"article:published_time\" content=\"2022-03-22T08:27:14+00:00\" \/>\n<meta property=\"article:modified_time\" content=\"2025-08-26T09:09:38+00:00\" \/>\n<meta property=\"og:image\" content=\"https:\/\/pragmatiq.pl\/mniejszosciowi\/wp-content\/uploads\/2018\/09\/images_office-3295557.jpg\" \/>\n\t<meta property=\"og:image:width\" content=\"2000\" \/>\n\t<meta property=\"og:image:height\" content=\"625\" \/>\n\t<meta property=\"og:image:type\" content=\"image\/jpeg\" \/>\n<meta name=\"author\" content=\"AleksanderG\" \/>\n<meta name=\"twitter:card\" content=\"summary_large_image\" \/>\n<meta name=\"twitter:label1\" content=\"Napisane przez\" \/>\n\t<meta name=\"twitter:data1\" content=\"AleksanderG\" \/>\n\t<meta name=\"twitter:label2\" content=\"Szacowany czas czytania\" \/>\n\t<meta name=\"twitter:data2\" content=\"4 minuty\" \/>\n<script type=\"application\/ld+json\" class=\"yoast-schema-graph\">{\"@context\":\"https:\\\/\\\/schema.org\",\"@graph\":[{\"@type\":\"Article\",\"@id\":\"https:\\\/\\\/pragmatiq.pl\\\/mniejszosciowi\\\/raport-o-sporach-wspolnikow-w-dzienniku-gazecie-prawnej\\\/#article\",\"isPartOf\":{\"@id\":\"https:\\\/\\\/pragmatiq.pl\\\/mniejszosciowi\\\/raport-o-sporach-wspolnikow-w-dzienniku-gazecie-prawnej\\\/\"},\"author\":{\"name\":\"AleksanderG\",\"@id\":\"https:\\\/\\\/pragmatiq.pl\\\/mniejszosciowi\\\/#\\\/schema\\\/person\\\/e4d808c0488d97460824f466d576c347\"},\"headline\":\"Raport o sporach wsp\u00f3lnik\u00f3w w Dzienniku Gazecie Prawnej!\",\"datePublished\":\"2022-03-22T08:27:14+00:00\",\"dateModified\":\"2025-08-26T09:09:38+00:00\",\"mainEntityOfPage\":{\"@id\":\"https:\\\/\\\/pragmatiq.pl\\\/mniejszosciowi\\\/raport-o-sporach-wspolnikow-w-dzienniku-gazecie-prawnej\\\/\"},\"wordCount\":657,\"commentCount\":0,\"publisher\":{\"@id\":\"https:\\\/\\\/pragmatiq.pl\\\/mniejszosciowi\\\/#organization\"},\"image\":{\"@id\":\"https:\\\/\\\/pragmatiq.pl\\\/mniejszosciowi\\\/raport-o-sporach-wspolnikow-w-dzienniku-gazecie-prawnej\\\/#primaryimage\"},\"thumbnailUrl\":\"https:\\\/\\\/pragmatiq.pl\\\/mniejszosciowi\\\/wp-content\\\/uploads\\\/2018\\\/09\\\/images_office-3295557.jpg\",\"keywords\":[\"konflikt wsp\u00f3lnik\u00f3w\",\"sp\u00f3r wsp\u00f3lnik\u00f3w\"],\"articleSection\":[\"Artyku\u0142y\",\"Spory wsp\u00f3lnik\u00f3w\"],\"inLanguage\":\"pl-PL\",\"potentialAction\":[{\"@type\":\"CommentAction\",\"name\":\"Comment\",\"target\":[\"https:\\\/\\\/pragmatiq.pl\\\/mniejszosciowi\\\/raport-o-sporach-wspolnikow-w-dzienniku-gazecie-prawnej\\\/#respond\"]}]},{\"@type\":\"WebPage\",\"@id\":\"https:\\\/\\\/pragmatiq.pl\\\/mniejszosciowi\\\/raport-o-sporach-wspolnikow-w-dzienniku-gazecie-prawnej\\\/\",\"url\":\"https:\\\/\\\/pragmatiq.pl\\\/mniejszosciowi\\\/raport-o-sporach-wspolnikow-w-dzienniku-gazecie-prawnej\\\/\",\"name\":\"Raport o sporach wsp\u00f3lnik\u00f3w w Dzienniku Gazecie Prawnej! | mniejszosciowi.pl\",\"isPartOf\":{\"@id\":\"https:\\\/\\\/pragmatiq.pl\\\/mniejszosciowi\\\/#website\"},\"primaryImageOfPage\":{\"@id\":\"https:\\\/\\\/pragmatiq.pl\\\/mniejszosciowi\\\/raport-o-sporach-wspolnikow-w-dzienniku-gazecie-prawnej\\\/#primaryimage\"},\"image\":{\"@id\":\"https:\\\/\\\/pragmatiq.pl\\\/mniejszosciowi\\\/raport-o-sporach-wspolnikow-w-dzienniku-gazecie-prawnej\\\/#primaryimage\"},\"thumbnailUrl\":\"https:\\\/\\\/pragmatiq.pl\\\/mniejszosciowi\\\/wp-content\\\/uploads\\\/2018\\\/09\\\/images_office-3295557.jpg\",\"datePublished\":\"2022-03-22T08:27:14+00:00\",\"dateModified\":\"2025-08-26T09:09:38+00:00\",\"breadcrumb\":{\"@id\":\"https:\\\/\\\/pragmatiq.pl\\\/mniejszosciowi\\\/raport-o-sporach-wspolnikow-w-dzienniku-gazecie-prawnej\\\/#breadcrumb\"},\"inLanguage\":\"pl-PL\",\"potentialAction\":[{\"@type\":\"ReadAction\",\"target\":[\"https:\\\/\\\/pragmatiq.pl\\\/mniejszosciowi\\\/raport-o-sporach-wspolnikow-w-dzienniku-gazecie-prawnej\\\/\"]}]},{\"@type\":\"ImageObject\",\"inLanguage\":\"pl-PL\",\"@id\":\"https:\\\/\\\/pragmatiq.pl\\\/mniejszosciowi\\\/raport-o-sporach-wspolnikow-w-dzienniku-gazecie-prawnej\\\/#primaryimage\",\"url\":\"https:\\\/\\\/pragmatiq.pl\\\/mniejszosciowi\\\/wp-content\\\/uploads\\\/2018\\\/09\\\/images_office-3295557.jpg\",\"contentUrl\":\"https:\\\/\\\/pragmatiq.pl\\\/mniejszosciowi\\\/wp-content\\\/uploads\\\/2018\\\/09\\\/images_office-3295557.jpg\",\"width\":2000,\"height\":625,\"caption\":\"Jak wsp\u00f3lnik mniejszo\u015bciowy mo\u017ce zagwarantowa\u0107 sobie wyp\u0142at\u0119 dywidendy?\"},{\"@type\":\"BreadcrumbList\",\"@id\":\"https:\\\/\\\/pragmatiq.pl\\\/mniejszosciowi\\\/raport-o-sporach-wspolnikow-w-dzienniku-gazecie-prawnej\\\/#breadcrumb\",\"itemListElement\":[{\"@type\":\"ListItem\",\"position\":1,\"name\":\"Strona g\u0142\u00f3wna\",\"item\":\"https:\\\/\\\/pragmatiq.pl\\\/mniejszosciowi\\\/\"},{\"@type\":\"ListItem\",\"position\":2,\"name\":\"Raport o sporach wsp\u00f3lnik\u00f3w w Dzienniku Gazecie Prawnej!\"}]},{\"@type\":\"WebSite\",\"@id\":\"https:\\\/\\\/pragmatiq.pl\\\/mniejszosciowi\\\/#website\",\"url\":\"https:\\\/\\\/pragmatiq.pl\\\/mniejszosciowi\\\/\",\"name\":\"Mniejszo\u015bciowi\",\"description\":\"\",\"publisher\":{\"@id\":\"https:\\\/\\\/pragmatiq.pl\\\/mniejszosciowi\\\/#organization\"},\"potentialAction\":[{\"@type\":\"SearchAction\",\"target\":{\"@type\":\"EntryPoint\",\"urlTemplate\":\"https:\\\/\\\/pragmatiq.pl\\\/mniejszosciowi\\\/?s={search_term_string}\"},\"query-input\":{\"@type\":\"PropertyValueSpecification\",\"valueRequired\":true,\"valueName\":\"search_term_string\"}}],\"inLanguage\":\"pl-PL\"},{\"@type\":\"Organization\",\"@id\":\"https:\\\/\\\/pragmatiq.pl\\\/mniejszosciowi\\\/#organization\",\"name\":\"Mniejszo\u015bciowi\",\"url\":\"https:\\\/\\\/pragmatiq.pl\\\/mniejszosciowi\\\/\",\"logo\":{\"@type\":\"ImageObject\",\"inLanguage\":\"pl-PL\",\"@id\":\"https:\\\/\\\/pragmatiq.pl\\\/mniejszosciowi\\\/#\\\/schema\\\/logo\\\/image\\\/\",\"url\":\"https:\\\/\\\/pragmatiq.pl\\\/mniejszosciowi\\\/wp-content\\\/uploads\\\/2018\\\/05\\\/cropped-logo.png\",\"contentUrl\":\"https:\\\/\\\/pragmatiq.pl\\\/mniejszosciowi\\\/wp-content\\\/uploads\\\/2018\\\/05\\\/cropped-logo.png\",\"width\":952,\"height\":250,\"caption\":\"Mniejszo\u015bciowi\"},\"image\":{\"@id\":\"https:\\\/\\\/pragmatiq.pl\\\/mniejszosciowi\\\/#\\\/schema\\\/logo\\\/image\\\/\"}},{\"@type\":\"Person\",\"@id\":\"https:\\\/\\\/pragmatiq.pl\\\/mniejszosciowi\\\/#\\\/schema\\\/person\\\/e4d808c0488d97460824f466d576c347\",\"name\":\"AleksanderG\",\"image\":{\"@type\":\"ImageObject\",\"inLanguage\":\"pl-PL\",\"@id\":\"https:\\\/\\\/secure.gravatar.com\\\/avatar\\\/e0063a8a474902617274a95e9be19adbb8477e146d6b76b83e7e6e0cd7a26836?s=96&d=mm&r=g\",\"url\":\"https:\\\/\\\/secure.gravatar.com\\\/avatar\\\/e0063a8a474902617274a95e9be19adbb8477e146d6b76b83e7e6e0cd7a26836?s=96&d=mm&r=g\",\"contentUrl\":\"https:\\\/\\\/secure.gravatar.com\\\/avatar\\\/e0063a8a474902617274a95e9be19adbb8477e146d6b76b83e7e6e0cd7a26836?s=96&d=mm&r=g\",\"caption\":\"AleksanderG\"},\"url\":\"https:\\\/\\\/pragmatiq.pl\\\/mniejszosciowi\\\/author\\\/aleksanderg\\\/\"}]}<\/script>\n<!-- \/ Yoast SEO plugin. -->","yoast_head_json":{"title":"Raport o sporach wsp\u00f3lnik\u00f3w w Dzienniku Gazecie Prawnej! | mniejszosciowi.pl","robots":{"index":"index","follow":"follow","max-snippet":"max-snippet:-1","max-image-preview":"max-image-preview:large","max-video-preview":"max-video-preview:-1"},"canonical":"https:\/\/pragmatiq.pl\/mniejszosciowi\/raport-o-sporach-wspolnikow-w-dzienniku-gazecie-prawnej\/","og_locale":"pl_PL","og_type":"article","og_title":"Raport o sporach wsp\u00f3lnik\u00f3w w Dzienniku Gazecie Prawnej! | mniejszosciowi.pl","og_description":"Raport o sporach wsp\u00f3lnik\u00f3w przygotowany przez zesp\u00f3\u0142 Mniejszosciowi.pl cieszy si\u0119 coraz wi\u0119ksz\u0105 popularno\u015bci\u0105. Artyku\u0142 o naszej publikacji ukaza\u0142 si\u0119 8 marca 2022 roku na \u0142amach Dziennika Gazety Prawnej. Czego dotycz\u0105 spory wsp\u00f3lnik\u00f3w? W opublikowanym artykule wskazali\u015bmy, \u017ce a\u017c 80% spor\u00f3w rozstrzyganych przez s\u0105dy dotyczy\u0142o dw\u00f3ch g\u0142\u00f3wnych kategorii spraw: kwestii finansowych oraz spor\u00f3w kompetencyjnych na linii &hellip; Continue reading \"Raport o sporach wsp\u00f3lnik\u00f3w w Dzienniku Gazecie Prawnej!\"","og_url":"https:\/\/pragmatiq.pl\/mniejszosciowi\/raport-o-sporach-wspolnikow-w-dzienniku-gazecie-prawnej\/","og_site_name":"Mniejszo\u015bciowi","article_published_time":"2022-03-22T08:27:14+00:00","article_modified_time":"2025-08-26T09:09:38+00:00","og_image":[{"width":2000,"height":625,"url":"https:\/\/pragmatiq.pl\/mniejszosciowi\/wp-content\/uploads\/2018\/09\/images_office-3295557.jpg","type":"image\/jpeg"}],"author":"AleksanderG","twitter_card":"summary_large_image","twitter_misc":{"Napisane przez":"AleksanderG","Szacowany czas czytania":"4 minuty"},"schema":{"@context":"https:\/\/schema.org","@graph":[{"@type":"Article","@id":"https:\/\/pragmatiq.pl\/mniejszosciowi\/raport-o-sporach-wspolnikow-w-dzienniku-gazecie-prawnej\/#article","isPartOf":{"@id":"https:\/\/pragmatiq.pl\/mniejszosciowi\/raport-o-sporach-wspolnikow-w-dzienniku-gazecie-prawnej\/"},"author":{"name":"AleksanderG","@id":"https:\/\/pragmatiq.pl\/mniejszosciowi\/#\/schema\/person\/e4d808c0488d97460824f466d576c347"},"headline":"Raport o sporach wsp\u00f3lnik\u00f3w w Dzienniku Gazecie Prawnej!","datePublished":"2022-03-22T08:27:14+00:00","dateModified":"2025-08-26T09:09:38+00:00","mainEntityOfPage":{"@id":"https:\/\/pragmatiq.pl\/mniejszosciowi\/raport-o-sporach-wspolnikow-w-dzienniku-gazecie-prawnej\/"},"wordCount":657,"commentCount":0,"publisher":{"@id":"https:\/\/pragmatiq.pl\/mniejszosciowi\/#organization"},"image":{"@id":"https:\/\/pragmatiq.pl\/mniejszosciowi\/raport-o-sporach-wspolnikow-w-dzienniku-gazecie-prawnej\/#primaryimage"},"thumbnailUrl":"https:\/\/pragmatiq.pl\/mniejszosciowi\/wp-content\/uploads\/2018\/09\/images_office-3295557.jpg","keywords":["konflikt wsp\u00f3lnik\u00f3w","sp\u00f3r wsp\u00f3lnik\u00f3w"],"articleSection":["Artyku\u0142y","Spory wsp\u00f3lnik\u00f3w"],"inLanguage":"pl-PL","potentialAction":[{"@type":"CommentAction","name":"Comment","target":["https:\/\/pragmatiq.pl\/mniejszosciowi\/raport-o-sporach-wspolnikow-w-dzienniku-gazecie-prawnej\/#respond"]}]},{"@type":"WebPage","@id":"https:\/\/pragmatiq.pl\/mniejszosciowi\/raport-o-sporach-wspolnikow-w-dzienniku-gazecie-prawnej\/","url":"https:\/\/pragmatiq.pl\/mniejszosciowi\/raport-o-sporach-wspolnikow-w-dzienniku-gazecie-prawnej\/","name":"Raport o sporach wsp\u00f3lnik\u00f3w w Dzienniku Gazecie Prawnej! | mniejszosciowi.pl","isPartOf":{"@id":"https:\/\/pragmatiq.pl\/mniejszosciowi\/#website"},"primaryImageOfPage":{"@id":"https:\/\/pragmatiq.pl\/mniejszosciowi\/raport-o-sporach-wspolnikow-w-dzienniku-gazecie-prawnej\/#primaryimage"},"image":{"@id":"https:\/\/pragmatiq.pl\/mniejszosciowi\/raport-o-sporach-wspolnikow-w-dzienniku-gazecie-prawnej\/#primaryimage"},"thumbnailUrl":"https:\/\/pragmatiq.pl\/mniejszosciowi\/wp-content\/uploads\/2018\/09\/images_office-3295557.jpg","datePublished":"2022-03-22T08:27:14+00:00","dateModified":"2025-08-26T09:09:38+00:00","breadcrumb":{"@id":"https:\/\/pragmatiq.pl\/mniejszosciowi\/raport-o-sporach-wspolnikow-w-dzienniku-gazecie-prawnej\/#breadcrumb"},"inLanguage":"pl-PL","potentialAction":[{"@type":"ReadAction","target":["https:\/\/pragmatiq.pl\/mniejszosciowi\/raport-o-sporach-wspolnikow-w-dzienniku-gazecie-prawnej\/"]}]},{"@type":"ImageObject","inLanguage":"pl-PL","@id":"https:\/\/pragmatiq.pl\/mniejszosciowi\/raport-o-sporach-wspolnikow-w-dzienniku-gazecie-prawnej\/#primaryimage","url":"https:\/\/pragmatiq.pl\/mniejszosciowi\/wp-content\/uploads\/2018\/09\/images_office-3295557.jpg","contentUrl":"https:\/\/pragmatiq.pl\/mniejszosciowi\/wp-content\/uploads\/2018\/09\/images_office-3295557.jpg","width":2000,"height":625,"caption":"Jak wsp\u00f3lnik mniejszo\u015bciowy mo\u017ce zagwarantowa\u0107 sobie wyp\u0142at\u0119 dywidendy?"},{"@type":"BreadcrumbList","@id":"https:\/\/pragmatiq.pl\/mniejszosciowi\/raport-o-sporach-wspolnikow-w-dzienniku-gazecie-prawnej\/#breadcrumb","itemListElement":[{"@type":"ListItem","position":1,"name":"Strona g\u0142\u00f3wna","item":"https:\/\/pragmatiq.pl\/mniejszosciowi\/"},{"@type":"ListItem","position":2,"name":"Raport o sporach wsp\u00f3lnik\u00f3w w Dzienniku Gazecie Prawnej!"}]},{"@type":"WebSite","@id":"https:\/\/pragmatiq.pl\/mniejszosciowi\/#website","url":"https:\/\/pragmatiq.pl\/mniejszosciowi\/","name":"Mniejszo\u015bciowi","description":"","publisher":{"@id":"https:\/\/pragmatiq.pl\/mniejszosciowi\/#organization"},"potentialAction":[{"@type":"SearchAction","target":{"@type":"EntryPoint","urlTemplate":"https:\/\/pragmatiq.pl\/mniejszosciowi\/?s={search_term_string}"},"query-input":{"@type":"PropertyValueSpecification","valueRequired":true,"valueName":"search_term_string"}}],"inLanguage":"pl-PL"},{"@type":"Organization","@id":"https:\/\/pragmatiq.pl\/mniejszosciowi\/#organization","name":"Mniejszo\u015bciowi","url":"https:\/\/pragmatiq.pl\/mniejszosciowi\/","logo":{"@type":"ImageObject","inLanguage":"pl-PL","@id":"https:\/\/pragmatiq.pl\/mniejszosciowi\/#\/schema\/logo\/image\/","url":"https:\/\/pragmatiq.pl\/mniejszosciowi\/wp-content\/uploads\/2018\/05\/cropped-logo.png","contentUrl":"https:\/\/pragmatiq.pl\/mniejszosciowi\/wp-content\/uploads\/2018\/05\/cropped-logo.png","width":952,"height":250,"caption":"Mniejszo\u015bciowi"},"image":{"@id":"https:\/\/pragmatiq.pl\/mniejszosciowi\/#\/schema\/logo\/image\/"}},{"@type":"Person","@id":"https:\/\/pragmatiq.pl\/mniejszosciowi\/#\/schema\/person\/e4d808c0488d97460824f466d576c347","name":"AleksanderG","image":{"@type":"ImageObject","inLanguage":"pl-PL","@id":"https:\/\/secure.gravatar.com\/avatar\/e0063a8a474902617274a95e9be19adbb8477e146d6b76b83e7e6e0cd7a26836?s=96&d=mm&r=g","url":"https:\/\/secure.gravatar.com\/avatar\/e0063a8a474902617274a95e9be19adbb8477e146d6b76b83e7e6e0cd7a26836?s=96&d=mm&r=g","contentUrl":"https:\/\/secure.gravatar.com\/avatar\/e0063a8a474902617274a95e9be19adbb8477e146d6b76b83e7e6e0cd7a26836?s=96&d=mm&r=g","caption":"AleksanderG"},"url":"https:\/\/pragmatiq.pl\/mniejszosciowi\/author\/aleksanderg\/"}]}},"_links":{"self":[{"href":"https:\/\/pragmatiq.pl\/mniejszosciowi\/wp-json\/wp\/v2\/posts\/510","targetHints":{"allow":["GET"]}}],"collection":[{"href":"https:\/\/pragmatiq.pl\/mniejszosciowi\/wp-json\/wp\/v2\/posts"}],"about":[{"href":"https:\/\/pragmatiq.pl\/mniejszosciowi\/wp-json\/wp\/v2\/types\/post"}],"author":[{"embeddable":true,"href":"https:\/\/pragmatiq.pl\/mniejszosciowi\/wp-json\/wp\/v2\/users\/9"}],"replies":[{"embeddable":true,"href":"https:\/\/pragmatiq.pl\/mniejszosciowi\/wp-json\/wp\/v2\/comments?post=510"}],"version-history":[{"count":2,"href":"https:\/\/pragmatiq.pl\/mniejszosciowi\/wp-json\/wp\/v2\/posts\/510\/revisions"}],"predecessor-version":[{"id":1042,"href":"https:\/\/pragmatiq.pl\/mniejszosciowi\/wp-json\/wp\/v2\/posts\/510\/revisions\/1042"}],"wp:featuredmedia":[{"embeddable":true,"href":"https:\/\/pragmatiq.pl\/mniejszosciowi\/wp-json\/wp\/v2\/media\/130"}],"wp:attachment":[{"href":"https:\/\/pragmatiq.pl\/mniejszosciowi\/wp-json\/wp\/v2\/media?parent=510"}],"wp:term":[{"taxonomy":"category","embeddable":true,"href":"https:\/\/pragmatiq.pl\/mniejszosciowi\/wp-json\/wp\/v2\/categories?post=510"},{"taxonomy":"post_tag","embeddable":true,"href":"https:\/\/pragmatiq.pl\/mniejszosciowi\/wp-json\/wp\/v2\/tags?post=510"}],"curies":[{"name":"wp","href":"https:\/\/api.w.org\/{rel}","templated":true}]}}