{"id":474,"date":"2021-11-30T13:37:28","date_gmt":"2021-11-30T12:37:28","guid":{"rendered":"https:\/\/mniejszosciowi.pl\/?p=474"},"modified":"2025-08-26T11:04:21","modified_gmt":"2025-08-26T09:04:21","slug":"1-000-przeanalizowanych-spraw-iv-wydanie-raportu-o-sporach-wspolnikow","status":"publish","type":"post","link":"https:\/\/pragmatiq.pl\/mniejszosciowi\/1-000-przeanalizowanych-spraw-iv-wydanie-raportu-o-sporach-wspolnikow\/","title":{"rendered":"1.000 przeanalizowanych spraw &#8211; IV wydanie raportu o sporach wsp\u00f3lnik\u00f3w"},"content":{"rendered":"\n<p><strong>Ju\u017c po raz czwarty publikujemy raport o sporach wsp\u00f3lnik\u00f3w. Najnowsze wydanie raportu bazuje na a\u017c tysi\u0105cu orzeczeniach s\u0105d\u00f3w powszechnych.<\/strong><\/p>\n\n\n\n<div id=\"ez-toc-container\" class=\"ez-toc-v2_0_82_2 counter-hierarchy ez-toc-counter ez-toc-grey ez-toc-container-direction\">\n<nav><ul class='ez-toc-list ez-toc-list-level-1 ' ><li class='ez-toc-page-1 ez-toc-heading-level-2'><a class=\"ez-toc-link ez-toc-heading-1\" href=\"https:\/\/pragmatiq.pl\/mniejszosciowi\/1-000-przeanalizowanych-spraw-iv-wydanie-raportu-o-sporach-wspolnikow\/#Jakie_sa_glowne_zrodla_konfliktow_miedzy_wspolnikami\" >Jakie s\u0105 g\u0142\u00f3wne \u017ar\u00f3d\u0142a konflikt\u00f3w mi\u0119dzy wsp\u00f3lnikami?<\/a><\/li><li class='ez-toc-page-1 ez-toc-heading-level-2'><a class=\"ez-toc-link ez-toc-heading-2\" href=\"https:\/\/pragmatiq.pl\/mniejszosciowi\/1-000-przeanalizowanych-spraw-iv-wydanie-raportu-o-sporach-wspolnikow\/#Czas_trwania_postepowan\" >Czas trwania post\u0119powa\u0144<\/a><\/li><li class='ez-toc-page-1 ez-toc-heading-level-2'><a class=\"ez-toc-link ez-toc-heading-3\" href=\"https:\/\/pragmatiq.pl\/mniejszosciowi\/1-000-przeanalizowanych-spraw-iv-wydanie-raportu-o-sporach-wspolnikow\/#Raport_o_sporach_wspolnikow_%E2%80%93_nie_tylko_statystyka\" >Raport o sporach wsp\u00f3lnik\u00f3w &#8211; nie tylko statystyka!<\/a><\/li><\/ul><\/nav><\/div>\n<h2 class=\"wp-block-heading\"><span class=\"ez-toc-section\" id=\"Jakie_sa_glowne_zrodla_konfliktow_miedzy_wspolnikami\"><\/span>Jakie s\u0105 g\u0142\u00f3wne \u017ar\u00f3d\u0142a konflikt\u00f3w mi\u0119dzy wsp\u00f3lnikami?<span class=\"ez-toc-section-end\"><\/span><\/h2>\n\n\n\n<p>Analiza 1.000 wyrok\u00f3w pokaza\u0142a, \u017ce do s\u0105d\u00f3w najcz\u0119\u015bciej trafiaj\u0105 spory wsp\u00f3lnik\u00f3w zwi\u0105zane z &nbsp;finansami sp\u00f3\u0142ki oraz konflikty pomi\u0119dzy wsp\u00f3lnikami a zarz\u0105dem sp\u00f3\u0142ki. Maj\u0105c to na uwadze mo\u017cna uzna\u0107, \u017ce kluczowe dla prowadzenia biznesu jest prawid\u0142owe uregulowanie tych kwestii w umowie sp\u00f3\u0142ki i porozumieniach wsp\u00f3lnik\u00f3w.<\/p>\n\n\n\n<h2 class=\"wp-block-heading\"><span class=\"ez-toc-section\" id=\"Czas_trwania_postepowan\"><\/span>Czas trwania post\u0119powa\u0144<span class=\"ez-toc-section-end\"><\/span><\/h2>\n\n\n\n<p>Czas trwania post\u0119powa\u0144 s\u0105dowych w sprawach z zakresu spor\u00f3w wsp\u00f3lnik\u00f3w r\u00f3\u017cni si\u0119 w zale\u017cno\u015bci od stopnia skomplikowania sprawy oraz konkretnego rodzaju post\u0119powania. Co do zasady sprawy dotycz\u0105ce zaskar\u017cenia uchwa\u0142 rozpoznawane s\u0105 szybciej od spraw dotycz\u0105cych rozwi\u0105zania sp\u00f3\u0142ki i wy\u0142\u0105czenia wsp\u00f3lnika.<\/p>\n\n\n\n<h2 class=\"wp-block-heading\"><span class=\"ez-toc-section\" id=\"Raport_o_sporach_wspolnikow_%E2%80%93_nie_tylko_statystyka\"><\/span>Raport o sporach wsp\u00f3lnik\u00f3w &#8211; nie tylko statystyka!<span class=\"ez-toc-section-end\"><\/span><\/h2>\n\n\n\n<p>IV edycja raportu o sporach wsp\u00f3lnik\u00f3w zawiera r\u00f3wnie\u017c uwagi i wnioski naszych ekspert\u00f3w. Nasza publikacja pos\u0142u\u017cy Pa\u0144stwu do zorientowania si\u0119 w swojej sytuacji w sp\u00f3\u0142ce, zabezpieczenia si\u0119 przed konfliktem lub u\u0142o\u017cenia strategii dzia\u0142a\u0144, w razie pojawienia si\u0119 sporu w sp\u00f3\u0142ce.<\/p>\n\n\n<div class=\"wp-block-image\">\n<figure class=\"aligncenter size-full\"><a href=\"https:\/\/pragmatiq.pl\/mniejszosciowi\/download\/raport-o-sporach-wspolnikow-iv-wydanie\/\" target=\"_blank\" rel=\"noopener\"><img loading=\"lazy\" decoding=\"async\" width=\"250\" height=\"60\" src=\"https:\/\/pragmatiq.pl\/mniejszosciowi\/wp-content\/uploads\/2021\/11\/pobierz-raport-btn.png\" alt=\"\" class=\"wp-image-476\"\/><\/a><\/figure>\n<\/div>","protected":false},"excerpt":{"rendered":"<p>Ju\u017c po raz czwarty publikujemy raport o sporach wsp\u00f3lnik\u00f3w. Najnowsze wydanie raportu bazuje na a\u017c tysi\u0105cu orzeczeniach s\u0105d\u00f3w powszechnych. Jakie s\u0105 g\u0142\u00f3wne \u017ar\u00f3d\u0142a konflikt\u00f3w mi\u0119dzy wsp\u00f3lnikami? Analiza 1.000 wyrok\u00f3w pokaza\u0142a, \u017ce do s\u0105d\u00f3w najcz\u0119\u015bciej trafiaj\u0105 spory wsp\u00f3lnik\u00f3w zwi\u0105zane z &nbsp;finansami sp\u00f3\u0142ki oraz konflikty pomi\u0119dzy wsp\u00f3lnikami a zarz\u0105dem sp\u00f3\u0142ki. Maj\u0105c to na uwadze mo\u017cna uzna\u0107, \u017ce &hellip; <\/p>\n<p class=\"link-more\"><a href=\"https:\/\/pragmatiq.pl\/mniejszosciowi\/1-000-przeanalizowanych-spraw-iv-wydanie-raportu-o-sporach-wspolnikow\/\" class=\"more-link\">Continue reading<span class=\"screen-reader-text\"> &#8222;1.000 przeanalizowanych spraw &#8211; IV wydanie raportu o sporach wsp\u00f3lnik\u00f3w&#8221;<\/span><\/a><\/p>\n","protected":false},"author":9,"featured_media":475,"comment_status":"open","ping_status":"open","sticky":false,"template":"","format":"standard","meta":{"_acf_changed":false,"footnotes":""},"categories":[4,33],"tags":[6,11],"class_list":["post-474","post","type-post","status-publish","format-standard","has-post-thumbnail","hentry","category-artykuly","category-spory-wspolnikow","tag-spor-wspolnikow","tag-spory-wspolnikow"],"acf":[],"yoast_head":"<!-- This site is optimized with the Yoast SEO plugin v27.3 - https:\/\/yoast.com\/product\/yoast-seo-wordpress\/ -->\n<title>1.000 przeanalizowanych spraw - IV wydanie raportu o sporach wsp\u00f3lnik\u00f3w | mniejszosciowi.pl<\/title>\n<meta name=\"robots\" content=\"index, follow, max-snippet:-1, max-image-preview:large, max-video-preview:-1\" \/>\n<link rel=\"canonical\" href=\"https:\/\/pragmatiq.pl\/mniejszosciowi\/1-000-przeanalizowanych-spraw-iv-wydanie-raportu-o-sporach-wspolnikow\/\" \/>\n<meta property=\"og:locale\" content=\"pl_PL\" \/>\n<meta property=\"og:type\" content=\"article\" \/>\n<meta property=\"og:title\" content=\"1.000 przeanalizowanych spraw - IV wydanie raportu o sporach wsp\u00f3lnik\u00f3w | mniejszosciowi.pl\" \/>\n<meta property=\"og:description\" content=\"Ju\u017c po raz czwarty publikujemy raport o sporach wsp\u00f3lnik\u00f3w. Najnowsze wydanie raportu bazuje na a\u017c tysi\u0105cu orzeczeniach s\u0105d\u00f3w powszechnych. Jakie s\u0105 g\u0142\u00f3wne \u017ar\u00f3d\u0142a konflikt\u00f3w mi\u0119dzy wsp\u00f3lnikami? Analiza 1.000 wyrok\u00f3w pokaza\u0142a, \u017ce do s\u0105d\u00f3w najcz\u0119\u015bciej trafiaj\u0105 spory wsp\u00f3lnik\u00f3w zwi\u0105zane z &nbsp;finansami sp\u00f3\u0142ki oraz konflikty pomi\u0119dzy wsp\u00f3lnikami a zarz\u0105dem sp\u00f3\u0142ki. Maj\u0105c to na uwadze mo\u017cna uzna\u0107, \u017ce &hellip; Continue reading &quot;1.000 przeanalizowanych spraw &#8211; IV wydanie raportu o sporach wsp\u00f3lnik\u00f3w&quot;\" \/>\n<meta property=\"og:url\" content=\"https:\/\/pragmatiq.pl\/mniejszosciowi\/1-000-przeanalizowanych-spraw-iv-wydanie-raportu-o-sporach-wspolnikow\/\" \/>\n<meta property=\"og:site_name\" content=\"Mniejszo\u015bciowi\" \/>\n<meta property=\"article:published_time\" content=\"2021-11-30T12:37:28+00:00\" \/>\n<meta property=\"article:modified_time\" content=\"2025-08-26T09:04:21+00:00\" \/>\n<meta property=\"og:image\" content=\"https:\/\/pragmatiq.pl\/mniejszosciowi\/wp-content\/uploads\/2021\/11\/mniejszosciowi-raport-iv.png\" \/>\n\t<meta property=\"og:image:width\" content=\"1903\" \/>\n\t<meta property=\"og:image:height\" content=\"595\" \/>\n\t<meta property=\"og:image:type\" content=\"image\/png\" \/>\n<meta name=\"author\" content=\"AleksanderG\" \/>\n<meta name=\"twitter:card\" content=\"summary_large_image\" \/>\n<meta name=\"twitter:label1\" content=\"Napisane przez\" \/>\n\t<meta name=\"twitter:data1\" content=\"AleksanderG\" \/>\n\t<meta name=\"twitter:label2\" content=\"Szacowany czas czytania\" \/>\n\t<meta name=\"twitter:data2\" content=\"2 minuty\" \/>\n<script type=\"application\/ld+json\" class=\"yoast-schema-graph\">{\"@context\":\"https:\\\/\\\/schema.org\",\"@graph\":[{\"@type\":\"Article\",\"@id\":\"https:\\\/\\\/pragmatiq.pl\\\/mniejszosciowi\\\/1-000-przeanalizowanych-spraw-iv-wydanie-raportu-o-sporach-wspolnikow\\\/#article\",\"isPartOf\":{\"@id\":\"https:\\\/\\\/pragmatiq.pl\\\/mniejszosciowi\\\/1-000-przeanalizowanych-spraw-iv-wydanie-raportu-o-sporach-wspolnikow\\\/\"},\"author\":{\"name\":\"AleksanderG\",\"@id\":\"https:\\\/\\\/pragmatiq.pl\\\/mniejszosciowi\\\/#\\\/schema\\\/person\\\/e4d808c0488d97460824f466d576c347\"},\"headline\":\"1.000 przeanalizowanych spraw &#8211; IV wydanie raportu o sporach wsp\u00f3lnik\u00f3w\",\"datePublished\":\"2021-11-30T12:37:28+00:00\",\"dateModified\":\"2025-08-26T09:04:21+00:00\",\"mainEntityOfPage\":{\"@id\":\"https:\\\/\\\/pragmatiq.pl\\\/mniejszosciowi\\\/1-000-przeanalizowanych-spraw-iv-wydanie-raportu-o-sporach-wspolnikow\\\/\"},\"wordCount\":233,\"commentCount\":0,\"publisher\":{\"@id\":\"https:\\\/\\\/pragmatiq.pl\\\/mniejszosciowi\\\/#organization\"},\"image\":{\"@id\":\"https:\\\/\\\/pragmatiq.pl\\\/mniejszosciowi\\\/1-000-przeanalizowanych-spraw-iv-wydanie-raportu-o-sporach-wspolnikow\\\/#primaryimage\"},\"thumbnailUrl\":\"https:\\\/\\\/pragmatiq.pl\\\/mniejszosciowi\\\/wp-content\\\/uploads\\\/2021\\\/11\\\/mniejszosciowi-raport-iv.png\",\"keywords\":[\"sp\u00f3r wsp\u00f3lnik\u00f3w\",\"spory wsp\u00f3lnik\u00f3w\"],\"articleSection\":[\"Artyku\u0142y\",\"Spory wsp\u00f3lnik\u00f3w\"],\"inLanguage\":\"pl-PL\",\"potentialAction\":[{\"@type\":\"CommentAction\",\"name\":\"Comment\",\"target\":[\"https:\\\/\\\/pragmatiq.pl\\\/mniejszosciowi\\\/1-000-przeanalizowanych-spraw-iv-wydanie-raportu-o-sporach-wspolnikow\\\/#respond\"]}]},{\"@type\":\"WebPage\",\"@id\":\"https:\\\/\\\/pragmatiq.pl\\\/mniejszosciowi\\\/1-000-przeanalizowanych-spraw-iv-wydanie-raportu-o-sporach-wspolnikow\\\/\",\"url\":\"https:\\\/\\\/pragmatiq.pl\\\/mniejszosciowi\\\/1-000-przeanalizowanych-spraw-iv-wydanie-raportu-o-sporach-wspolnikow\\\/\",\"name\":\"1.000 przeanalizowanych spraw - IV wydanie raportu o sporach wsp\u00f3lnik\u00f3w | mniejszosciowi.pl\",\"isPartOf\":{\"@id\":\"https:\\\/\\\/pragmatiq.pl\\\/mniejszosciowi\\\/#website\"},\"primaryImageOfPage\":{\"@id\":\"https:\\\/\\\/pragmatiq.pl\\\/mniejszosciowi\\\/1-000-przeanalizowanych-spraw-iv-wydanie-raportu-o-sporach-wspolnikow\\\/#primaryimage\"},\"image\":{\"@id\":\"https:\\\/\\\/pragmatiq.pl\\\/mniejszosciowi\\\/1-000-przeanalizowanych-spraw-iv-wydanie-raportu-o-sporach-wspolnikow\\\/#primaryimage\"},\"thumbnailUrl\":\"https:\\\/\\\/pragmatiq.pl\\\/mniejszosciowi\\\/wp-content\\\/uploads\\\/2021\\\/11\\\/mniejszosciowi-raport-iv.png\",\"datePublished\":\"2021-11-30T12:37:28+00:00\",\"dateModified\":\"2025-08-26T09:04:21+00:00\",\"breadcrumb\":{\"@id\":\"https:\\\/\\\/pragmatiq.pl\\\/mniejszosciowi\\\/1-000-przeanalizowanych-spraw-iv-wydanie-raportu-o-sporach-wspolnikow\\\/#breadcrumb\"},\"inLanguage\":\"pl-PL\",\"potentialAction\":[{\"@type\":\"ReadAction\",\"target\":[\"https:\\\/\\\/pragmatiq.pl\\\/mniejszosciowi\\\/1-000-przeanalizowanych-spraw-iv-wydanie-raportu-o-sporach-wspolnikow\\\/\"]}]},{\"@type\":\"ImageObject\",\"inLanguage\":\"pl-PL\",\"@id\":\"https:\\\/\\\/pragmatiq.pl\\\/mniejszosciowi\\\/1-000-przeanalizowanych-spraw-iv-wydanie-raportu-o-sporach-wspolnikow\\\/#primaryimage\",\"url\":\"https:\\\/\\\/pragmatiq.pl\\\/mniejszosciowi\\\/wp-content\\\/uploads\\\/2021\\\/11\\\/mniejszosciowi-raport-iv.png\",\"contentUrl\":\"https:\\\/\\\/pragmatiq.pl\\\/mniejszosciowi\\\/wp-content\\\/uploads\\\/2021\\\/11\\\/mniejszosciowi-raport-iv.png\",\"width\":1903,\"height\":595},{\"@type\":\"BreadcrumbList\",\"@id\":\"https:\\\/\\\/pragmatiq.pl\\\/mniejszosciowi\\\/1-000-przeanalizowanych-spraw-iv-wydanie-raportu-o-sporach-wspolnikow\\\/#breadcrumb\",\"itemListElement\":[{\"@type\":\"ListItem\",\"position\":1,\"name\":\"Strona g\u0142\u00f3wna\",\"item\":\"https:\\\/\\\/pragmatiq.pl\\\/mniejszosciowi\\\/\"},{\"@type\":\"ListItem\",\"position\":2,\"name\":\"1.000 przeanalizowanych spraw &#8211; IV wydanie raportu o sporach wsp\u00f3lnik\u00f3w\"}]},{\"@type\":\"WebSite\",\"@id\":\"https:\\\/\\\/pragmatiq.pl\\\/mniejszosciowi\\\/#website\",\"url\":\"https:\\\/\\\/pragmatiq.pl\\\/mniejszosciowi\\\/\",\"name\":\"Mniejszo\u015bciowi\",\"description\":\"\",\"publisher\":{\"@id\":\"https:\\\/\\\/pragmatiq.pl\\\/mniejszosciowi\\\/#organization\"},\"potentialAction\":[{\"@type\":\"SearchAction\",\"target\":{\"@type\":\"EntryPoint\",\"urlTemplate\":\"https:\\\/\\\/pragmatiq.pl\\\/mniejszosciowi\\\/?s={search_term_string}\"},\"query-input\":{\"@type\":\"PropertyValueSpecification\",\"valueRequired\":true,\"valueName\":\"search_term_string\"}}],\"inLanguage\":\"pl-PL\"},{\"@type\":\"Organization\",\"@id\":\"https:\\\/\\\/pragmatiq.pl\\\/mniejszosciowi\\\/#organization\",\"name\":\"Mniejszo\u015bciowi\",\"url\":\"https:\\\/\\\/pragmatiq.pl\\\/mniejszosciowi\\\/\",\"logo\":{\"@type\":\"ImageObject\",\"inLanguage\":\"pl-PL\",\"@id\":\"https:\\\/\\\/pragmatiq.pl\\\/mniejszosciowi\\\/#\\\/schema\\\/logo\\\/image\\\/\",\"url\":\"https:\\\/\\\/pragmatiq.pl\\\/mniejszosciowi\\\/wp-content\\\/uploads\\\/2018\\\/05\\\/cropped-logo.png\",\"contentUrl\":\"https:\\\/\\\/pragmatiq.pl\\\/mniejszosciowi\\\/wp-content\\\/uploads\\\/2018\\\/05\\\/cropped-logo.png\",\"width\":952,\"height\":250,\"caption\":\"Mniejszo\u015bciowi\"},\"image\":{\"@id\":\"https:\\\/\\\/pragmatiq.pl\\\/mniejszosciowi\\\/#\\\/schema\\\/logo\\\/image\\\/\"}},{\"@type\":\"Person\",\"@id\":\"https:\\\/\\\/pragmatiq.pl\\\/mniejszosciowi\\\/#\\\/schema\\\/person\\\/e4d808c0488d97460824f466d576c347\",\"name\":\"AleksanderG\",\"image\":{\"@type\":\"ImageObject\",\"inLanguage\":\"pl-PL\",\"@id\":\"https:\\\/\\\/secure.gravatar.com\\\/avatar\\\/e0063a8a474902617274a95e9be19adbb8477e146d6b76b83e7e6e0cd7a26836?s=96&d=mm&r=g\",\"url\":\"https:\\\/\\\/secure.gravatar.com\\\/avatar\\\/e0063a8a474902617274a95e9be19adbb8477e146d6b76b83e7e6e0cd7a26836?s=96&d=mm&r=g\",\"contentUrl\":\"https:\\\/\\\/secure.gravatar.com\\\/avatar\\\/e0063a8a474902617274a95e9be19adbb8477e146d6b76b83e7e6e0cd7a26836?s=96&d=mm&r=g\",\"caption\":\"AleksanderG\"},\"url\":\"https:\\\/\\\/pragmatiq.pl\\\/mniejszosciowi\\\/author\\\/aleksanderg\\\/\"}]}<\/script>\n<!-- \/ Yoast SEO plugin. -->","yoast_head_json":{"title":"1.000 przeanalizowanych spraw - IV wydanie raportu o sporach wsp\u00f3lnik\u00f3w | mniejszosciowi.pl","robots":{"index":"index","follow":"follow","max-snippet":"max-snippet:-1","max-image-preview":"max-image-preview:large","max-video-preview":"max-video-preview:-1"},"canonical":"https:\/\/pragmatiq.pl\/mniejszosciowi\/1-000-przeanalizowanych-spraw-iv-wydanie-raportu-o-sporach-wspolnikow\/","og_locale":"pl_PL","og_type":"article","og_title":"1.000 przeanalizowanych spraw - IV wydanie raportu o sporach wsp\u00f3lnik\u00f3w | mniejszosciowi.pl","og_description":"Ju\u017c po raz czwarty publikujemy raport o sporach wsp\u00f3lnik\u00f3w. Najnowsze wydanie raportu bazuje na a\u017c tysi\u0105cu orzeczeniach s\u0105d\u00f3w powszechnych. Jakie s\u0105 g\u0142\u00f3wne \u017ar\u00f3d\u0142a konflikt\u00f3w mi\u0119dzy wsp\u00f3lnikami? Analiza 1.000 wyrok\u00f3w pokaza\u0142a, \u017ce do s\u0105d\u00f3w najcz\u0119\u015bciej trafiaj\u0105 spory wsp\u00f3lnik\u00f3w zwi\u0105zane z &nbsp;finansami sp\u00f3\u0142ki oraz konflikty pomi\u0119dzy wsp\u00f3lnikami a zarz\u0105dem sp\u00f3\u0142ki. Maj\u0105c to na uwadze mo\u017cna uzna\u0107, \u017ce &hellip; Continue reading \"1.000 przeanalizowanych spraw &#8211; IV wydanie raportu o sporach wsp\u00f3lnik\u00f3w\"","og_url":"https:\/\/pragmatiq.pl\/mniejszosciowi\/1-000-przeanalizowanych-spraw-iv-wydanie-raportu-o-sporach-wspolnikow\/","og_site_name":"Mniejszo\u015bciowi","article_published_time":"2021-11-30T12:37:28+00:00","article_modified_time":"2025-08-26T09:04:21+00:00","og_image":[{"width":1903,"height":595,"url":"https:\/\/pragmatiq.pl\/mniejszosciowi\/wp-content\/uploads\/2021\/11\/mniejszosciowi-raport-iv.png","type":"image\/png"}],"author":"AleksanderG","twitter_card":"summary_large_image","twitter_misc":{"Napisane przez":"AleksanderG","Szacowany czas czytania":"2 minuty"},"schema":{"@context":"https:\/\/schema.org","@graph":[{"@type":"Article","@id":"https:\/\/pragmatiq.pl\/mniejszosciowi\/1-000-przeanalizowanych-spraw-iv-wydanie-raportu-o-sporach-wspolnikow\/#article","isPartOf":{"@id":"https:\/\/pragmatiq.pl\/mniejszosciowi\/1-000-przeanalizowanych-spraw-iv-wydanie-raportu-o-sporach-wspolnikow\/"},"author":{"name":"AleksanderG","@id":"https:\/\/pragmatiq.pl\/mniejszosciowi\/#\/schema\/person\/e4d808c0488d97460824f466d576c347"},"headline":"1.000 przeanalizowanych spraw &#8211; IV wydanie raportu o sporach wsp\u00f3lnik\u00f3w","datePublished":"2021-11-30T12:37:28+00:00","dateModified":"2025-08-26T09:04:21+00:00","mainEntityOfPage":{"@id":"https:\/\/pragmatiq.pl\/mniejszosciowi\/1-000-przeanalizowanych-spraw-iv-wydanie-raportu-o-sporach-wspolnikow\/"},"wordCount":233,"commentCount":0,"publisher":{"@id":"https:\/\/pragmatiq.pl\/mniejszosciowi\/#organization"},"image":{"@id":"https:\/\/pragmatiq.pl\/mniejszosciowi\/1-000-przeanalizowanych-spraw-iv-wydanie-raportu-o-sporach-wspolnikow\/#primaryimage"},"thumbnailUrl":"https:\/\/pragmatiq.pl\/mniejszosciowi\/wp-content\/uploads\/2021\/11\/mniejszosciowi-raport-iv.png","keywords":["sp\u00f3r wsp\u00f3lnik\u00f3w","spory wsp\u00f3lnik\u00f3w"],"articleSection":["Artyku\u0142y","Spory wsp\u00f3lnik\u00f3w"],"inLanguage":"pl-PL","potentialAction":[{"@type":"CommentAction","name":"Comment","target":["https:\/\/pragmatiq.pl\/mniejszosciowi\/1-000-przeanalizowanych-spraw-iv-wydanie-raportu-o-sporach-wspolnikow\/#respond"]}]},{"@type":"WebPage","@id":"https:\/\/pragmatiq.pl\/mniejszosciowi\/1-000-przeanalizowanych-spraw-iv-wydanie-raportu-o-sporach-wspolnikow\/","url":"https:\/\/pragmatiq.pl\/mniejszosciowi\/1-000-przeanalizowanych-spraw-iv-wydanie-raportu-o-sporach-wspolnikow\/","name":"1.000 przeanalizowanych spraw - IV wydanie raportu o sporach wsp\u00f3lnik\u00f3w | mniejszosciowi.pl","isPartOf":{"@id":"https:\/\/pragmatiq.pl\/mniejszosciowi\/#website"},"primaryImageOfPage":{"@id":"https:\/\/pragmatiq.pl\/mniejszosciowi\/1-000-przeanalizowanych-spraw-iv-wydanie-raportu-o-sporach-wspolnikow\/#primaryimage"},"image":{"@id":"https:\/\/pragmatiq.pl\/mniejszosciowi\/1-000-przeanalizowanych-spraw-iv-wydanie-raportu-o-sporach-wspolnikow\/#primaryimage"},"thumbnailUrl":"https:\/\/pragmatiq.pl\/mniejszosciowi\/wp-content\/uploads\/2021\/11\/mniejszosciowi-raport-iv.png","datePublished":"2021-11-30T12:37:28+00:00","dateModified":"2025-08-26T09:04:21+00:00","breadcrumb":{"@id":"https:\/\/pragmatiq.pl\/mniejszosciowi\/1-000-przeanalizowanych-spraw-iv-wydanie-raportu-o-sporach-wspolnikow\/#breadcrumb"},"inLanguage":"pl-PL","potentialAction":[{"@type":"ReadAction","target":["https:\/\/pragmatiq.pl\/mniejszosciowi\/1-000-przeanalizowanych-spraw-iv-wydanie-raportu-o-sporach-wspolnikow\/"]}]},{"@type":"ImageObject","inLanguage":"pl-PL","@id":"https:\/\/pragmatiq.pl\/mniejszosciowi\/1-000-przeanalizowanych-spraw-iv-wydanie-raportu-o-sporach-wspolnikow\/#primaryimage","url":"https:\/\/pragmatiq.pl\/mniejszosciowi\/wp-content\/uploads\/2021\/11\/mniejszosciowi-raport-iv.png","contentUrl":"https:\/\/pragmatiq.pl\/mniejszosciowi\/wp-content\/uploads\/2021\/11\/mniejszosciowi-raport-iv.png","width":1903,"height":595},{"@type":"BreadcrumbList","@id":"https:\/\/pragmatiq.pl\/mniejszosciowi\/1-000-przeanalizowanych-spraw-iv-wydanie-raportu-o-sporach-wspolnikow\/#breadcrumb","itemListElement":[{"@type":"ListItem","position":1,"name":"Strona g\u0142\u00f3wna","item":"https:\/\/pragmatiq.pl\/mniejszosciowi\/"},{"@type":"ListItem","position":2,"name":"1.000 przeanalizowanych spraw &#8211; IV wydanie raportu o sporach wsp\u00f3lnik\u00f3w"}]},{"@type":"WebSite","@id":"https:\/\/pragmatiq.pl\/mniejszosciowi\/#website","url":"https:\/\/pragmatiq.pl\/mniejszosciowi\/","name":"Mniejszo\u015bciowi","description":"","publisher":{"@id":"https:\/\/pragmatiq.pl\/mniejszosciowi\/#organization"},"potentialAction":[{"@type":"SearchAction","target":{"@type":"EntryPoint","urlTemplate":"https:\/\/pragmatiq.pl\/mniejszosciowi\/?s={search_term_string}"},"query-input":{"@type":"PropertyValueSpecification","valueRequired":true,"valueName":"search_term_string"}}],"inLanguage":"pl-PL"},{"@type":"Organization","@id":"https:\/\/pragmatiq.pl\/mniejszosciowi\/#organization","name":"Mniejszo\u015bciowi","url":"https:\/\/pragmatiq.pl\/mniejszosciowi\/","logo":{"@type":"ImageObject","inLanguage":"pl-PL","@id":"https:\/\/pragmatiq.pl\/mniejszosciowi\/#\/schema\/logo\/image\/","url":"https:\/\/pragmatiq.pl\/mniejszosciowi\/wp-content\/uploads\/2018\/05\/cropped-logo.png","contentUrl":"https:\/\/pragmatiq.pl\/mniejszosciowi\/wp-content\/uploads\/2018\/05\/cropped-logo.png","width":952,"height":250,"caption":"Mniejszo\u015bciowi"},"image":{"@id":"https:\/\/pragmatiq.pl\/mniejszosciowi\/#\/schema\/logo\/image\/"}},{"@type":"Person","@id":"https:\/\/pragmatiq.pl\/mniejszosciowi\/#\/schema\/person\/e4d808c0488d97460824f466d576c347","name":"AleksanderG","image":{"@type":"ImageObject","inLanguage":"pl-PL","@id":"https:\/\/secure.gravatar.com\/avatar\/e0063a8a474902617274a95e9be19adbb8477e146d6b76b83e7e6e0cd7a26836?s=96&d=mm&r=g","url":"https:\/\/secure.gravatar.com\/avatar\/e0063a8a474902617274a95e9be19adbb8477e146d6b76b83e7e6e0cd7a26836?s=96&d=mm&r=g","contentUrl":"https:\/\/secure.gravatar.com\/avatar\/e0063a8a474902617274a95e9be19adbb8477e146d6b76b83e7e6e0cd7a26836?s=96&d=mm&r=g","caption":"AleksanderG"},"url":"https:\/\/pragmatiq.pl\/mniejszosciowi\/author\/aleksanderg\/"}]}},"_links":{"self":[{"href":"https:\/\/pragmatiq.pl\/mniejszosciowi\/wp-json\/wp\/v2\/posts\/474","targetHints":{"allow":["GET"]}}],"collection":[{"href":"https:\/\/pragmatiq.pl\/mniejszosciowi\/wp-json\/wp\/v2\/posts"}],"about":[{"href":"https:\/\/pragmatiq.pl\/mniejszosciowi\/wp-json\/wp\/v2\/types\/post"}],"author":[{"embeddable":true,"href":"https:\/\/pragmatiq.pl\/mniejszosciowi\/wp-json\/wp\/v2\/users\/9"}],"replies":[{"embeddable":true,"href":"https:\/\/pragmatiq.pl\/mniejszosciowi\/wp-json\/wp\/v2\/comments?post=474"}],"version-history":[{"count":3,"href":"https:\/\/pragmatiq.pl\/mniejszosciowi\/wp-json\/wp\/v2\/posts\/474\/revisions"}],"predecessor-version":[{"id":1040,"href":"https:\/\/pragmatiq.pl\/mniejszosciowi\/wp-json\/wp\/v2\/posts\/474\/revisions\/1040"}],"wp:featuredmedia":[{"embeddable":true,"href":"https:\/\/pragmatiq.pl\/mniejszosciowi\/wp-json\/wp\/v2\/media\/475"}],"wp:attachment":[{"href":"https:\/\/pragmatiq.pl\/mniejszosciowi\/wp-json\/wp\/v2\/media?parent=474"}],"wp:term":[{"taxonomy":"category","embeddable":true,"href":"https:\/\/pragmatiq.pl\/mniejszosciowi\/wp-json\/wp\/v2\/categories?post=474"},{"taxonomy":"post_tag","embeddable":true,"href":"https:\/\/pragmatiq.pl\/mniejszosciowi\/wp-json\/wp\/v2\/tags?post=474"}],"curies":[{"name":"wp","href":"https:\/\/api.w.org\/{rel}","templated":true}]}}