{"id":408,"date":"2021-03-25T10:58:51","date_gmt":"2021-03-25T09:58:51","guid":{"rendered":"https:\/\/mniejszosciowi.pl\/?p=408"},"modified":"2023-08-10T16:50:53","modified_gmt":"2023-08-10T14:50:53","slug":"czy-udzial-w-zysku-wspolnikow-spolki-jawnej-moze-byc-okreslany-uchwala-wspolnikow","status":"publish","type":"post","link":"https:\/\/pragmatiq.pl\/mniejszosciowi\/czy-udzial-w-zysku-wspolnikow-spolki-jawnej-moze-byc-okreslany-uchwala-wspolnikow\/","title":{"rendered":"Czy udzia\u0142 w zysku wsp\u00f3lnik\u00f3w sp\u00f3\u0142ki jawnej mo\u017ce by\u0107 okre\u015blany uchwa\u0142\u0105 wsp\u00f3lnik\u00f3w?"},"content":{"rendered":"\n<p>W sp\u00f3\u0142kach jawnych (jak r\u00f3wnie\u017c komandytowych) <strong>udzia\u0142 w zysku<\/strong> poszczeg\u00f3lnych wsp\u00f3lnik\u00f3w najcz\u0119\u015bciej okre\u015blany jest poprzez wskazanie w umowie sp\u00f3\u0142ki procentowego udzia\u0142u w zysku przys\u0142uguj\u0105cego poszczeg\u00f3lnym wsp\u00f3lnikom (np. Jan Kowalski ma prawo do X% zysku sp\u00f3\u0142ki). Tak sformu\u0142owane zasady <strong>podzia\u0142u zysku<\/strong> s\u0105 jednoznaczne i nie budz\u0105 w\u0105tpliwo\u015bci.&nbsp;<\/p>\n\n\n\n<div id=\"ez-toc-container\" class=\"ez-toc-v2_0_82_2 counter-hierarchy ez-toc-counter ez-toc-grey ez-toc-container-direction\">\n<nav><ul class='ez-toc-list ez-toc-list-level-1 ' ><li class='ez-toc-page-1 ez-toc-heading-level-2'><a class=\"ez-toc-link ez-toc-heading-1\" href=\"https:\/\/pragmatiq.pl\/mniejszosciowi\/czy-udzial-w-zysku-wspolnikow-spolki-jawnej-moze-byc-okreslany-uchwala-wspolnikow\/#Okreslenie_udzialu_w_zysku_uchwala\" >Okre\u015blenie udzia\u0142u w zysku uchwa\u0142\u0105<\/a><\/li><li class='ez-toc-page-1 ez-toc-heading-level-2'><a class=\"ez-toc-link ez-toc-heading-2\" href=\"https:\/\/pragmatiq.pl\/mniejszosciowi\/czy-udzial-w-zysku-wspolnikow-spolki-jawnej-moze-byc-okreslany-uchwala-wspolnikow\/#Czy_jest_to_dopuszczalne\" >Czy jest to dopuszczalne?<\/a><\/li><li class='ez-toc-page-1 ez-toc-heading-level-2'><a class=\"ez-toc-link ez-toc-heading-3\" href=\"https:\/\/pragmatiq.pl\/mniejszosciowi\/czy-udzial-w-zysku-wspolnikow-spolki-jawnej-moze-byc-okreslany-uchwala-wspolnikow\/#Powodztwo_o_wyplate_zysku\" >Pow\u00f3dztwo o wyp\u0142at\u0119 zysku?<\/a><\/li><\/ul><\/nav><\/div>\n<h2 class=\"wp-block-heading\"><span class=\"ez-toc-section\" id=\"Okreslenie_udzialu_w_zysku_uchwala\"><\/span><strong>Okre\u015blenie udzia\u0142u w zysku uchwa\u0142\u0105<\/strong><span class=\"ez-toc-section-end\"><\/span><\/h2>\n\n\n\n<p>W praktyce czasem zdarzaj\u0105 si\u0119 jednak umowy sp\u00f3\u0142ek, kt\u00f3re zawieraj\u0105 zapisy przewiduj\u0105ce, \u017ce udzia\u0142 wsp\u00f3lnik\u00f3w w zysku sp\u00f3\u0142ki ka\u017cdorazowo okre\u015blany jest<strong> uchwa\u0142\u0105 wsp\u00f3lnik\u00f3w<\/strong>. Bywa, \u017ce do podj\u0119cia takiej uchwa\u0142y wystarczaj\u0105ca jest bezwzgl\u0119dna wi\u0119kszo\u015b\u0107 g\u0142os\u00f3w. W takich sytuacjach o <strong>udzia\u0142ach w zysku<\/strong> wszystkich wsp\u00f3lnik\u00f3w w sp\u00f3\u0142ce mo\u017ce decydowa\u0107 wsp\u00f3lnik maj\u0105cy niewiele ponad 50% g\u0142os\u00f3w. Zapisy takie s\u0105 zatem bardzo gro\u017ane dla <strong>wsp\u00f3lnik\u00f3w mniejszo\u015bciowych<\/strong>, kt\u00f3rzy zdani s\u0105 w\u00f3wczas na dobr\u0105 wol\u0119 wsp\u00f3lnika wi\u0119kszo\u015bciowego. Oczywi\u015bcie najcz\u0119\u015bciej obok um\u00f3w sp\u00f3\u0142ek zawierane s\u0105 dodatkowe porozumienia wsp\u00f3lnik\u00f3w, kt\u00f3re wprowadzaj\u0105 okre\u015blone zasady ustalania wysoko\u015bci udzia\u0142\u00f3w w zysku. Takie porozumienia bywaj\u0105 jednak bardzo swobodnie interpretowane przez wsp\u00f3lnik\u00f3w wi\u0119kszo\u015bciowych. Powstaje zatem pytanie, czy zapisy um\u00f3w sp\u00f3\u0142ek wskazuj\u0105ce, \u017ce to <strong>uchwa\u0142a wsp\u00f3lnik\u00f3w<\/strong> okre\u015bla ich udzia\u0142 w zysku sp\u00f3\u0142ki s\u0105 w og\u00f3le dopuszczalne?<\/p>\n\n\n\n<h2 class=\"wp-block-heading\"><span class=\"ez-toc-section\" id=\"Czy_jest_to_dopuszczalne\"><\/span><strong>Czy jest to dopuszczalne?<\/strong><span class=\"ez-toc-section-end\"><\/span><\/h2>\n\n\n\n<p>Kodeks sp\u00f3\u0142ek handlowych dopuszcza mo\u017cliwo\u015b\u0107 okre\u015blenia w umowie sp\u00f3\u0142ki zasad podzia\u0142u zysku sp\u00f3\u0142ki jawnej w spos\u00f3b odmienny od regu\u0142 ustawowych przewiduj\u0105cych, \u017ce ka\u017cdemu wsp\u00f3lnikowi przys\u0142uguje zysk w r\u00f3wnej wysoko\u015bci. R\u00f3wnie\u017c w przypadku sp\u00f3\u0142ki komandytowej udzia\u0142 w zysku mo\u017ce zosta\u0107 okre\u015blony w spos\u00f3b odbiegaj\u0105cy od regulacji kodeksowej. Powa\u017cne w\u0105tpliwo\u015bci musi budzi\u0107 jednak kwestia, czy to odmienne okre\u015blenie w umowie sp\u00f3\u0142ki zasad <strong>podzia\u0142u zysku<\/strong> mo\u017ce oznacza\u0107 delegowanie takiej decyzji wsp\u00f3lnikom, kt\u00f3rzy podejmowa\u0107 j\u0105 b\u0119d\u0105 w formie uchwa\u0142y. Odpowied\u017a pozytywna oznacza\u0142aby tak naprawd\u0119, \u017ce uchwa\u0142a wsp\u00f3lnik\u00f3w mo\u017ce zast\u0119powa\u0107 umow\u0119 sp\u00f3\u0142ki w zakresie okre\u015blenia zasad podzia\u0142u zysku, a w konsekwencji, \u017ce w okre\u015blonych sytuacjach decydowa\u0107 o tym b\u0119d\u0105 <strong>wsp\u00f3lnicy wi\u0119kszo\u015bciowi<\/strong>.<\/p>\n\n\n\n<p>S\u0105dy coraz cz\u0119\u015bciej przyjmuj\u0105, \u017ce skoro ustawodawca w Kodeksie sp\u00f3\u0142ek handlowych w zakresie okre\u015blania zasad podzia\u0142u zysku odsy\u0142a tylko do <strong>umowy sp\u00f3\u0142ki<\/strong>, to kwestia ta powinna zosta\u0107 uregulowana bezpo\u015brednio w umowie sp\u00f3\u0142ki, a nie przekazana dalej &#8211; do kompetencji wsp\u00f3lnik\u00f3w. W konsekwencji zapisy takie uznaje si\u0119 za niewa\u017cne. Zast\u0105pienie ich <strong>uchwa\u0142ami wsp\u00f3lnik\u00f3w<\/strong> pozostaje bowiem w sprzeczno\u015bci z kodeksem, stanowi\u0105c jednocze\u015bnie obej\u015bcie przepis\u00f3w przewiduj\u0105cych procedur\u0119 zmiany umowy sp\u00f3\u0142ki jawnej.<\/p>\n\n\n\n<h2 class=\"wp-block-heading\"><span class=\"ez-toc-section\" id=\"Powodztwo_o_wyplate_zysku\"><\/span><strong>Pow\u00f3dztwo o wyp\u0142at\u0119 zysku?<\/strong><span class=\"ez-toc-section-end\"><\/span><\/h2>\n\n\n\n<p>Wsp\u00f3lnicy mniejszo\u015bciowi, kt\u00f3rych udzia\u0142 w zysku sp\u00f3\u0142ki w krzywdz\u0105cy spos\u00f3b zosta\u0142 okre\u015blony uchwa\u0142\u0105 wsp\u00f3lnik\u00f3w powinni zatem rozwa\u017cy\u0107 z\u0142o\u017cenie wobec sp\u00f3\u0142ki <strong>pow\u00f3dztwa o zap\u0142at\u0119<\/strong> przypadaj\u0105cej im na podstawie zasad kodeksowych dywidendy, powo\u0142uj\u0105c si\u0119 na niewa\u017cno\u015b\u0107 zapisu umowy sp\u00f3\u0142ki dotycz\u0105cego podzia\u0142u zysku.<\/p>\n\n\n\n<p>O tym, czy mo\u017cliwa jest zmiana umowy sp\u00f3\u0142ki jawnej krzywdz\u0105ca jednego ze wsp\u00f3lnik\u00f3w w zakresie zasad podzia\u0142u zysku piszemy natomiast na naszym portalu <a rel=\"noreferrer noopener\" href=\"https:\/\/www.doradzamy.to\/\" data-type=\"URL\" data-id=\"https:\/\/www.doradzamy.to\/\" target=\"_blank\"><em>Doradzamy.to<\/em> <\/a>w artykule <a rel=\"noreferrer noopener\" href=\"https:\/\/www.doradzamy.to\/artykuly\/czy-pozostali-wspolnicy-w-spolce-jawnej-moga-wbrew-mojej-woli-postanowic-o-zmniejszeniu-przyslugujacego-mi-udzialu-w-zysku\" data-type=\"URL\" data-id=\"https:\/\/www.doradzamy.to\/artykuly\/czy-pozostali-wspolnicy-w-spolce-jawnej-moga-wbrew-mojej-woli-postanowic-o-zmniejszeniu-przyslugujacego-mi-udzialu-w-zysku\" target=\"_blank\"><em>Czy pozostali wsp\u00f3lnicy w sp\u00f3\u0142ce jawnej mog\u0105 wbrew mojej woli postanowi\u0107 o zmniejszeniu przys\u0142uguj\u0105cego mi udzia\u0142u w zysku?<\/em> <\/a><\/p>\n\n\n\n<p>Tomasz Rutkowski<\/p>\n","protected":false},"excerpt":{"rendered":"<p>W sp\u00f3\u0142kach jawnych (jak r\u00f3wnie\u017c komandytowych) udzia\u0142 w zysku poszczeg\u00f3lnych wsp\u00f3lnik\u00f3w najcz\u0119\u015bciej okre\u015blany jest poprzez wskazanie w umowie sp\u00f3\u0142ki procentowego udzia\u0142u w zysku przys\u0142uguj\u0105cego poszczeg\u00f3lnym wsp\u00f3lnikom (np. Jan Kowalski ma prawo do X% zysku sp\u00f3\u0142ki). Tak sformu\u0142owane zasady podzia\u0142u zysku s\u0105 jednoznaczne i nie budz\u0105 w\u0105tpliwo\u015bci.&nbsp; Okre\u015blenie udzia\u0142u w zysku uchwa\u0142\u0105 W praktyce czasem zdarzaj\u0105 &hellip; <\/p>\n<p class=\"link-more\"><a href=\"https:\/\/pragmatiq.pl\/mniejszosciowi\/czy-udzial-w-zysku-wspolnikow-spolki-jawnej-moze-byc-okreslany-uchwala-wspolnikow\/\" class=\"more-link\">Continue reading<span class=\"screen-reader-text\"> &#8222;Czy udzia\u0142 w zysku wsp\u00f3lnik\u00f3w sp\u00f3\u0142ki jawnej mo\u017ce by\u0107 okre\u015blany uchwa\u0142\u0105 wsp\u00f3lnik\u00f3w?&#8221;<\/span><\/a><\/p>\n","protected":false},"author":9,"featured_media":77,"comment_status":"open","ping_status":"open","sticky":false,"template":"","format":"standard","meta":{"_acf_changed":false,"footnotes":""},"categories":[4,33],"tags":[],"class_list":["post-408","post","type-post","status-publish","format-standard","has-post-thumbnail","hentry","category-artykuly","category-spory-wspolnikow"],"acf":[],"yoast_head":"<!-- This site is optimized with the Yoast SEO plugin v27.3 - https:\/\/yoast.com\/product\/yoast-seo-wordpress\/ -->\n<title>Czy udzia\u0142 w zysku wsp\u00f3lnik\u00f3w sp\u00f3\u0142ki jawnej mo\u017ce by\u0107 okre\u015blany uchwa\u0142\u0105 wsp\u00f3lnik\u00f3w? | mniejszosciowi.pl<\/title>\n<meta name=\"robots\" content=\"index, follow, max-snippet:-1, max-image-preview:large, max-video-preview:-1\" \/>\n<link rel=\"canonical\" href=\"https:\/\/pragmatiq.pl\/mniejszosciowi\/czy-udzial-w-zysku-wspolnikow-spolki-jawnej-moze-byc-okreslany-uchwala-wspolnikow\/\" \/>\n<meta property=\"og:locale\" content=\"pl_PL\" \/>\n<meta property=\"og:type\" content=\"article\" \/>\n<meta property=\"og:title\" content=\"Czy udzia\u0142 w zysku wsp\u00f3lnik\u00f3w sp\u00f3\u0142ki jawnej mo\u017ce by\u0107 okre\u015blany uchwa\u0142\u0105 wsp\u00f3lnik\u00f3w? | mniejszosciowi.pl\" \/>\n<meta property=\"og:description\" content=\"W sp\u00f3\u0142kach jawnych (jak r\u00f3wnie\u017c komandytowych) udzia\u0142 w zysku poszczeg\u00f3lnych wsp\u00f3lnik\u00f3w najcz\u0119\u015bciej okre\u015blany jest poprzez wskazanie w umowie sp\u00f3\u0142ki procentowego udzia\u0142u w zysku przys\u0142uguj\u0105cego poszczeg\u00f3lnym wsp\u00f3lnikom (np. Jan Kowalski ma prawo do X% zysku sp\u00f3\u0142ki). Tak sformu\u0142owane zasady podzia\u0142u zysku s\u0105 jednoznaczne i nie budz\u0105 w\u0105tpliwo\u015bci.&nbsp; Okre\u015blenie udzia\u0142u w zysku uchwa\u0142\u0105 W praktyce czasem zdarzaj\u0105 &hellip; Continue reading &quot;Czy udzia\u0142 w zysku wsp\u00f3lnik\u00f3w sp\u00f3\u0142ki jawnej mo\u017ce by\u0107 okre\u015blany uchwa\u0142\u0105 wsp\u00f3lnik\u00f3w?&quot;\" \/>\n<meta property=\"og:url\" content=\"https:\/\/pragmatiq.pl\/mniejszosciowi\/czy-udzial-w-zysku-wspolnikow-spolki-jawnej-moze-byc-okreslany-uchwala-wspolnikow\/\" \/>\n<meta property=\"og:site_name\" content=\"Mniejszo\u015bciowi\" \/>\n<meta property=\"article:published_time\" content=\"2021-03-25T09:58:51+00:00\" \/>\n<meta property=\"article:modified_time\" content=\"2023-08-10T14:50:53+00:00\" \/>\n<meta property=\"og:image\" content=\"https:\/\/pragmatiq.pl\/mniejszosciowi\/wp-content\/uploads\/2018\/06\/mniejszosciowi_grafika_artyku\u0142-9.png\" \/>\n\t<meta property=\"og:image:width\" content=\"2000\" \/>\n\t<meta property=\"og:image:height\" content=\"625\" \/>\n\t<meta property=\"og:image:type\" content=\"image\/png\" \/>\n<meta name=\"author\" content=\"AleksanderG\" \/>\n<meta name=\"twitter:card\" content=\"summary_large_image\" \/>\n<meta name=\"twitter:label1\" content=\"Napisane przez\" \/>\n\t<meta name=\"twitter:data1\" content=\"AleksanderG\" \/>\n\t<meta name=\"twitter:label2\" content=\"Szacowany czas czytania\" \/>\n\t<meta name=\"twitter:data2\" content=\"3 minuty\" \/>\n<script type=\"application\/ld+json\" class=\"yoast-schema-graph\">{\"@context\":\"https:\\\/\\\/schema.org\",\"@graph\":[{\"@type\":\"Article\",\"@id\":\"https:\\\/\\\/pragmatiq.pl\\\/mniejszosciowi\\\/czy-udzial-w-zysku-wspolnikow-spolki-jawnej-moze-byc-okreslany-uchwala-wspolnikow\\\/#article\",\"isPartOf\":{\"@id\":\"https:\\\/\\\/pragmatiq.pl\\\/mniejszosciowi\\\/czy-udzial-w-zysku-wspolnikow-spolki-jawnej-moze-byc-okreslany-uchwala-wspolnikow\\\/\"},\"author\":{\"name\":\"AleksanderG\",\"@id\":\"https:\\\/\\\/pragmatiq.pl\\\/mniejszosciowi\\\/#\\\/schema\\\/person\\\/e4d808c0488d97460824f466d576c347\"},\"headline\":\"Czy udzia\u0142 w zysku wsp\u00f3lnik\u00f3w sp\u00f3\u0142ki jawnej mo\u017ce by\u0107 okre\u015blany uchwa\u0142\u0105 wsp\u00f3lnik\u00f3w?\",\"datePublished\":\"2021-03-25T09:58:51+00:00\",\"dateModified\":\"2023-08-10T14:50:53+00:00\",\"mainEntityOfPage\":{\"@id\":\"https:\\\/\\\/pragmatiq.pl\\\/mniejszosciowi\\\/czy-udzial-w-zysku-wspolnikow-spolki-jawnej-moze-byc-okreslany-uchwala-wspolnikow\\\/\"},\"wordCount\":641,\"commentCount\":0,\"publisher\":{\"@id\":\"https:\\\/\\\/pragmatiq.pl\\\/mniejszosciowi\\\/#organization\"},\"image\":{\"@id\":\"https:\\\/\\\/pragmatiq.pl\\\/mniejszosciowi\\\/czy-udzial-w-zysku-wspolnikow-spolki-jawnej-moze-byc-okreslany-uchwala-wspolnikow\\\/#primaryimage\"},\"thumbnailUrl\":\"https:\\\/\\\/pragmatiq.pl\\\/mniejszosciowi\\\/wp-content\\\/uploads\\\/2018\\\/06\\\/mniejszosciowi_grafika_artyku\u0142-9.png\",\"articleSection\":[\"Artyku\u0142y\",\"Spory wsp\u00f3lnik\u00f3w\"],\"inLanguage\":\"pl-PL\",\"potentialAction\":[{\"@type\":\"CommentAction\",\"name\":\"Comment\",\"target\":[\"https:\\\/\\\/pragmatiq.pl\\\/mniejszosciowi\\\/czy-udzial-w-zysku-wspolnikow-spolki-jawnej-moze-byc-okreslany-uchwala-wspolnikow\\\/#respond\"]}]},{\"@type\":\"WebPage\",\"@id\":\"https:\\\/\\\/pragmatiq.pl\\\/mniejszosciowi\\\/czy-udzial-w-zysku-wspolnikow-spolki-jawnej-moze-byc-okreslany-uchwala-wspolnikow\\\/\",\"url\":\"https:\\\/\\\/pragmatiq.pl\\\/mniejszosciowi\\\/czy-udzial-w-zysku-wspolnikow-spolki-jawnej-moze-byc-okreslany-uchwala-wspolnikow\\\/\",\"name\":\"Czy udzia\u0142 w zysku wsp\u00f3lnik\u00f3w sp\u00f3\u0142ki jawnej mo\u017ce by\u0107 okre\u015blany uchwa\u0142\u0105 wsp\u00f3lnik\u00f3w? | mniejszosciowi.pl\",\"isPartOf\":{\"@id\":\"https:\\\/\\\/pragmatiq.pl\\\/mniejszosciowi\\\/#website\"},\"primaryImageOfPage\":{\"@id\":\"https:\\\/\\\/pragmatiq.pl\\\/mniejszosciowi\\\/czy-udzial-w-zysku-wspolnikow-spolki-jawnej-moze-byc-okreslany-uchwala-wspolnikow\\\/#primaryimage\"},\"image\":{\"@id\":\"https:\\\/\\\/pragmatiq.pl\\\/mniejszosciowi\\\/czy-udzial-w-zysku-wspolnikow-spolki-jawnej-moze-byc-okreslany-uchwala-wspolnikow\\\/#primaryimage\"},\"thumbnailUrl\":\"https:\\\/\\\/pragmatiq.pl\\\/mniejszosciowi\\\/wp-content\\\/uploads\\\/2018\\\/06\\\/mniejszosciowi_grafika_artyku\u0142-9.png\",\"datePublished\":\"2021-03-25T09:58:51+00:00\",\"dateModified\":\"2023-08-10T14:50:53+00:00\",\"breadcrumb\":{\"@id\":\"https:\\\/\\\/pragmatiq.pl\\\/mniejszosciowi\\\/czy-udzial-w-zysku-wspolnikow-spolki-jawnej-moze-byc-okreslany-uchwala-wspolnikow\\\/#breadcrumb\"},\"inLanguage\":\"pl-PL\",\"potentialAction\":[{\"@type\":\"ReadAction\",\"target\":[\"https:\\\/\\\/pragmatiq.pl\\\/mniejszosciowi\\\/czy-udzial-w-zysku-wspolnikow-spolki-jawnej-moze-byc-okreslany-uchwala-wspolnikow\\\/\"]}]},{\"@type\":\"ImageObject\",\"inLanguage\":\"pl-PL\",\"@id\":\"https:\\\/\\\/pragmatiq.pl\\\/mniejszosciowi\\\/czy-udzial-w-zysku-wspolnikow-spolki-jawnej-moze-byc-okreslany-uchwala-wspolnikow\\\/#primaryimage\",\"url\":\"https:\\\/\\\/pragmatiq.pl\\\/mniejszosciowi\\\/wp-content\\\/uploads\\\/2018\\\/06\\\/mniejszosciowi_grafika_artyku\u0142-9.png\",\"contentUrl\":\"https:\\\/\\\/pragmatiq.pl\\\/mniejszosciowi\\\/wp-content\\\/uploads\\\/2018\\\/06\\\/mniejszosciowi_grafika_artyku\u0142-9.png\",\"width\":2000,\"height\":625},{\"@type\":\"BreadcrumbList\",\"@id\":\"https:\\\/\\\/pragmatiq.pl\\\/mniejszosciowi\\\/czy-udzial-w-zysku-wspolnikow-spolki-jawnej-moze-byc-okreslany-uchwala-wspolnikow\\\/#breadcrumb\",\"itemListElement\":[{\"@type\":\"ListItem\",\"position\":1,\"name\":\"Strona g\u0142\u00f3wna\",\"item\":\"https:\\\/\\\/pragmatiq.pl\\\/mniejszosciowi\\\/\"},{\"@type\":\"ListItem\",\"position\":2,\"name\":\"Czy&nbsp;udzia\u0142 w&nbsp;zysku wsp\u00f3lnik\u00f3w sp\u00f3\u0142ki jawnej mo\u017ce by\u0107 okre\u015blany uchwa\u0142\u0105 wsp\u00f3lnik\u00f3w?\"}]},{\"@type\":\"WebSite\",\"@id\":\"https:\\\/\\\/pragmatiq.pl\\\/mniejszosciowi\\\/#website\",\"url\":\"https:\\\/\\\/pragmatiq.pl\\\/mniejszosciowi\\\/\",\"name\":\"Mniejszo\u015bciowi\",\"description\":\"\",\"publisher\":{\"@id\":\"https:\\\/\\\/pragmatiq.pl\\\/mniejszosciowi\\\/#organization\"},\"potentialAction\":[{\"@type\":\"SearchAction\",\"target\":{\"@type\":\"EntryPoint\",\"urlTemplate\":\"https:\\\/\\\/pragmatiq.pl\\\/mniejszosciowi\\\/?s={search_term_string}\"},\"query-input\":{\"@type\":\"PropertyValueSpecification\",\"valueRequired\":true,\"valueName\":\"search_term_string\"}}],\"inLanguage\":\"pl-PL\"},{\"@type\":\"Organization\",\"@id\":\"https:\\\/\\\/pragmatiq.pl\\\/mniejszosciowi\\\/#organization\",\"name\":\"Mniejszo\u015bciowi\",\"url\":\"https:\\\/\\\/pragmatiq.pl\\\/mniejszosciowi\\\/\",\"logo\":{\"@type\":\"ImageObject\",\"inLanguage\":\"pl-PL\",\"@id\":\"https:\\\/\\\/pragmatiq.pl\\\/mniejszosciowi\\\/#\\\/schema\\\/logo\\\/image\\\/\",\"url\":\"https:\\\/\\\/pragmatiq.pl\\\/mniejszosciowi\\\/wp-content\\\/uploads\\\/2018\\\/05\\\/cropped-logo.png\",\"contentUrl\":\"https:\\\/\\\/pragmatiq.pl\\\/mniejszosciowi\\\/wp-content\\\/uploads\\\/2018\\\/05\\\/cropped-logo.png\",\"width\":952,\"height\":250,\"caption\":\"Mniejszo\u015bciowi\"},\"image\":{\"@id\":\"https:\\\/\\\/pragmatiq.pl\\\/mniejszosciowi\\\/#\\\/schema\\\/logo\\\/image\\\/\"}},{\"@type\":\"Person\",\"@id\":\"https:\\\/\\\/pragmatiq.pl\\\/mniejszosciowi\\\/#\\\/schema\\\/person\\\/e4d808c0488d97460824f466d576c347\",\"name\":\"AleksanderG\",\"image\":{\"@type\":\"ImageObject\",\"inLanguage\":\"pl-PL\",\"@id\":\"https:\\\/\\\/secure.gravatar.com\\\/avatar\\\/e0063a8a474902617274a95e9be19adbb8477e146d6b76b83e7e6e0cd7a26836?s=96&d=mm&r=g\",\"url\":\"https:\\\/\\\/secure.gravatar.com\\\/avatar\\\/e0063a8a474902617274a95e9be19adbb8477e146d6b76b83e7e6e0cd7a26836?s=96&d=mm&r=g\",\"contentUrl\":\"https:\\\/\\\/secure.gravatar.com\\\/avatar\\\/e0063a8a474902617274a95e9be19adbb8477e146d6b76b83e7e6e0cd7a26836?s=96&d=mm&r=g\",\"caption\":\"AleksanderG\"},\"url\":\"https:\\\/\\\/pragmatiq.pl\\\/mniejszosciowi\\\/author\\\/aleksanderg\\\/\"}]}<\/script>\n<!-- \/ Yoast SEO plugin. -->","yoast_head_json":{"title":"Czy udzia\u0142 w zysku wsp\u00f3lnik\u00f3w sp\u00f3\u0142ki jawnej mo\u017ce by\u0107 okre\u015blany uchwa\u0142\u0105 wsp\u00f3lnik\u00f3w? | mniejszosciowi.pl","robots":{"index":"index","follow":"follow","max-snippet":"max-snippet:-1","max-image-preview":"max-image-preview:large","max-video-preview":"max-video-preview:-1"},"canonical":"https:\/\/pragmatiq.pl\/mniejszosciowi\/czy-udzial-w-zysku-wspolnikow-spolki-jawnej-moze-byc-okreslany-uchwala-wspolnikow\/","og_locale":"pl_PL","og_type":"article","og_title":"Czy udzia\u0142 w zysku wsp\u00f3lnik\u00f3w sp\u00f3\u0142ki jawnej mo\u017ce by\u0107 okre\u015blany uchwa\u0142\u0105 wsp\u00f3lnik\u00f3w? | mniejszosciowi.pl","og_description":"W sp\u00f3\u0142kach jawnych (jak r\u00f3wnie\u017c komandytowych) udzia\u0142 w zysku poszczeg\u00f3lnych wsp\u00f3lnik\u00f3w najcz\u0119\u015bciej okre\u015blany jest poprzez wskazanie w umowie sp\u00f3\u0142ki procentowego udzia\u0142u w zysku przys\u0142uguj\u0105cego poszczeg\u00f3lnym wsp\u00f3lnikom (np. Jan Kowalski ma prawo do X% zysku sp\u00f3\u0142ki). Tak sformu\u0142owane zasady podzia\u0142u zysku s\u0105 jednoznaczne i nie budz\u0105 w\u0105tpliwo\u015bci.&nbsp; Okre\u015blenie udzia\u0142u w zysku uchwa\u0142\u0105 W praktyce czasem zdarzaj\u0105 &hellip; Continue reading \"Czy udzia\u0142 w zysku wsp\u00f3lnik\u00f3w sp\u00f3\u0142ki jawnej mo\u017ce by\u0107 okre\u015blany uchwa\u0142\u0105 wsp\u00f3lnik\u00f3w?\"","og_url":"https:\/\/pragmatiq.pl\/mniejszosciowi\/czy-udzial-w-zysku-wspolnikow-spolki-jawnej-moze-byc-okreslany-uchwala-wspolnikow\/","og_site_name":"Mniejszo\u015bciowi","article_published_time":"2021-03-25T09:58:51+00:00","article_modified_time":"2023-08-10T14:50:53+00:00","og_image":[{"width":2000,"height":625,"url":"https:\/\/pragmatiq.pl\/mniejszosciowi\/wp-content\/uploads\/2018\/06\/mniejszosciowi_grafika_artyku\u0142-9.png","type":"image\/png"}],"author":"AleksanderG","twitter_card":"summary_large_image","twitter_misc":{"Napisane przez":"AleksanderG","Szacowany czas czytania":"3 minuty"},"schema":{"@context":"https:\/\/schema.org","@graph":[{"@type":"Article","@id":"https:\/\/pragmatiq.pl\/mniejszosciowi\/czy-udzial-w-zysku-wspolnikow-spolki-jawnej-moze-byc-okreslany-uchwala-wspolnikow\/#article","isPartOf":{"@id":"https:\/\/pragmatiq.pl\/mniejszosciowi\/czy-udzial-w-zysku-wspolnikow-spolki-jawnej-moze-byc-okreslany-uchwala-wspolnikow\/"},"author":{"name":"AleksanderG","@id":"https:\/\/pragmatiq.pl\/mniejszosciowi\/#\/schema\/person\/e4d808c0488d97460824f466d576c347"},"headline":"Czy udzia\u0142 w zysku wsp\u00f3lnik\u00f3w sp\u00f3\u0142ki jawnej mo\u017ce by\u0107 okre\u015blany uchwa\u0142\u0105 wsp\u00f3lnik\u00f3w?","datePublished":"2021-03-25T09:58:51+00:00","dateModified":"2023-08-10T14:50:53+00:00","mainEntityOfPage":{"@id":"https:\/\/pragmatiq.pl\/mniejszosciowi\/czy-udzial-w-zysku-wspolnikow-spolki-jawnej-moze-byc-okreslany-uchwala-wspolnikow\/"},"wordCount":641,"commentCount":0,"publisher":{"@id":"https:\/\/pragmatiq.pl\/mniejszosciowi\/#organization"},"image":{"@id":"https:\/\/pragmatiq.pl\/mniejszosciowi\/czy-udzial-w-zysku-wspolnikow-spolki-jawnej-moze-byc-okreslany-uchwala-wspolnikow\/#primaryimage"},"thumbnailUrl":"https:\/\/pragmatiq.pl\/mniejszosciowi\/wp-content\/uploads\/2018\/06\/mniejszosciowi_grafika_artyku\u0142-9.png","articleSection":["Artyku\u0142y","Spory wsp\u00f3lnik\u00f3w"],"inLanguage":"pl-PL","potentialAction":[{"@type":"CommentAction","name":"Comment","target":["https:\/\/pragmatiq.pl\/mniejszosciowi\/czy-udzial-w-zysku-wspolnikow-spolki-jawnej-moze-byc-okreslany-uchwala-wspolnikow\/#respond"]}]},{"@type":"WebPage","@id":"https:\/\/pragmatiq.pl\/mniejszosciowi\/czy-udzial-w-zysku-wspolnikow-spolki-jawnej-moze-byc-okreslany-uchwala-wspolnikow\/","url":"https:\/\/pragmatiq.pl\/mniejszosciowi\/czy-udzial-w-zysku-wspolnikow-spolki-jawnej-moze-byc-okreslany-uchwala-wspolnikow\/","name":"Czy udzia\u0142 w zysku wsp\u00f3lnik\u00f3w sp\u00f3\u0142ki jawnej mo\u017ce by\u0107 okre\u015blany uchwa\u0142\u0105 wsp\u00f3lnik\u00f3w? | mniejszosciowi.pl","isPartOf":{"@id":"https:\/\/pragmatiq.pl\/mniejszosciowi\/#website"},"primaryImageOfPage":{"@id":"https:\/\/pragmatiq.pl\/mniejszosciowi\/czy-udzial-w-zysku-wspolnikow-spolki-jawnej-moze-byc-okreslany-uchwala-wspolnikow\/#primaryimage"},"image":{"@id":"https:\/\/pragmatiq.pl\/mniejszosciowi\/czy-udzial-w-zysku-wspolnikow-spolki-jawnej-moze-byc-okreslany-uchwala-wspolnikow\/#primaryimage"},"thumbnailUrl":"https:\/\/pragmatiq.pl\/mniejszosciowi\/wp-content\/uploads\/2018\/06\/mniejszosciowi_grafika_artyku\u0142-9.png","datePublished":"2021-03-25T09:58:51+00:00","dateModified":"2023-08-10T14:50:53+00:00","breadcrumb":{"@id":"https:\/\/pragmatiq.pl\/mniejszosciowi\/czy-udzial-w-zysku-wspolnikow-spolki-jawnej-moze-byc-okreslany-uchwala-wspolnikow\/#breadcrumb"},"inLanguage":"pl-PL","potentialAction":[{"@type":"ReadAction","target":["https:\/\/pragmatiq.pl\/mniejszosciowi\/czy-udzial-w-zysku-wspolnikow-spolki-jawnej-moze-byc-okreslany-uchwala-wspolnikow\/"]}]},{"@type":"ImageObject","inLanguage":"pl-PL","@id":"https:\/\/pragmatiq.pl\/mniejszosciowi\/czy-udzial-w-zysku-wspolnikow-spolki-jawnej-moze-byc-okreslany-uchwala-wspolnikow\/#primaryimage","url":"https:\/\/pragmatiq.pl\/mniejszosciowi\/wp-content\/uploads\/2018\/06\/mniejszosciowi_grafika_artyku\u0142-9.png","contentUrl":"https:\/\/pragmatiq.pl\/mniejszosciowi\/wp-content\/uploads\/2018\/06\/mniejszosciowi_grafika_artyku\u0142-9.png","width":2000,"height":625},{"@type":"BreadcrumbList","@id":"https:\/\/pragmatiq.pl\/mniejszosciowi\/czy-udzial-w-zysku-wspolnikow-spolki-jawnej-moze-byc-okreslany-uchwala-wspolnikow\/#breadcrumb","itemListElement":[{"@type":"ListItem","position":1,"name":"Strona g\u0142\u00f3wna","item":"https:\/\/pragmatiq.pl\/mniejszosciowi\/"},{"@type":"ListItem","position":2,"name":"Czy&nbsp;udzia\u0142 w&nbsp;zysku wsp\u00f3lnik\u00f3w sp\u00f3\u0142ki jawnej mo\u017ce by\u0107 okre\u015blany uchwa\u0142\u0105 wsp\u00f3lnik\u00f3w?"}]},{"@type":"WebSite","@id":"https:\/\/pragmatiq.pl\/mniejszosciowi\/#website","url":"https:\/\/pragmatiq.pl\/mniejszosciowi\/","name":"Mniejszo\u015bciowi","description":"","publisher":{"@id":"https:\/\/pragmatiq.pl\/mniejszosciowi\/#organization"},"potentialAction":[{"@type":"SearchAction","target":{"@type":"EntryPoint","urlTemplate":"https:\/\/pragmatiq.pl\/mniejszosciowi\/?s={search_term_string}"},"query-input":{"@type":"PropertyValueSpecification","valueRequired":true,"valueName":"search_term_string"}}],"inLanguage":"pl-PL"},{"@type":"Organization","@id":"https:\/\/pragmatiq.pl\/mniejszosciowi\/#organization","name":"Mniejszo\u015bciowi","url":"https:\/\/pragmatiq.pl\/mniejszosciowi\/","logo":{"@type":"ImageObject","inLanguage":"pl-PL","@id":"https:\/\/pragmatiq.pl\/mniejszosciowi\/#\/schema\/logo\/image\/","url":"https:\/\/pragmatiq.pl\/mniejszosciowi\/wp-content\/uploads\/2018\/05\/cropped-logo.png","contentUrl":"https:\/\/pragmatiq.pl\/mniejszosciowi\/wp-content\/uploads\/2018\/05\/cropped-logo.png","width":952,"height":250,"caption":"Mniejszo\u015bciowi"},"image":{"@id":"https:\/\/pragmatiq.pl\/mniejszosciowi\/#\/schema\/logo\/image\/"}},{"@type":"Person","@id":"https:\/\/pragmatiq.pl\/mniejszosciowi\/#\/schema\/person\/e4d808c0488d97460824f466d576c347","name":"AleksanderG","image":{"@type":"ImageObject","inLanguage":"pl-PL","@id":"https:\/\/secure.gravatar.com\/avatar\/e0063a8a474902617274a95e9be19adbb8477e146d6b76b83e7e6e0cd7a26836?s=96&d=mm&r=g","url":"https:\/\/secure.gravatar.com\/avatar\/e0063a8a474902617274a95e9be19adbb8477e146d6b76b83e7e6e0cd7a26836?s=96&d=mm&r=g","contentUrl":"https:\/\/secure.gravatar.com\/avatar\/e0063a8a474902617274a95e9be19adbb8477e146d6b76b83e7e6e0cd7a26836?s=96&d=mm&r=g","caption":"AleksanderG"},"url":"https:\/\/pragmatiq.pl\/mniejszosciowi\/author\/aleksanderg\/"}]}},"_links":{"self":[{"href":"https:\/\/pragmatiq.pl\/mniejszosciowi\/wp-json\/wp\/v2\/posts\/408","targetHints":{"allow":["GET"]}}],"collection":[{"href":"https:\/\/pragmatiq.pl\/mniejszosciowi\/wp-json\/wp\/v2\/posts"}],"about":[{"href":"https:\/\/pragmatiq.pl\/mniejszosciowi\/wp-json\/wp\/v2\/types\/post"}],"author":[{"embeddable":true,"href":"https:\/\/pragmatiq.pl\/mniejszosciowi\/wp-json\/wp\/v2\/users\/9"}],"replies":[{"embeddable":true,"href":"https:\/\/pragmatiq.pl\/mniejszosciowi\/wp-json\/wp\/v2\/comments?post=408"}],"version-history":[{"count":3,"href":"https:\/\/pragmatiq.pl\/mniejszosciowi\/wp-json\/wp\/v2\/posts\/408\/revisions"}],"predecessor-version":[{"id":411,"href":"https:\/\/pragmatiq.pl\/mniejszosciowi\/wp-json\/wp\/v2\/posts\/408\/revisions\/411"}],"wp:featuredmedia":[{"embeddable":true,"href":"https:\/\/pragmatiq.pl\/mniejszosciowi\/wp-json\/wp\/v2\/media\/77"}],"wp:attachment":[{"href":"https:\/\/pragmatiq.pl\/mniejszosciowi\/wp-json\/wp\/v2\/media?parent=408"}],"wp:term":[{"taxonomy":"category","embeddable":true,"href":"https:\/\/pragmatiq.pl\/mniejszosciowi\/wp-json\/wp\/v2\/categories?post=408"},{"taxonomy":"post_tag","embeddable":true,"href":"https:\/\/pragmatiq.pl\/mniejszosciowi\/wp-json\/wp\/v2\/tags?post=408"}],"curies":[{"name":"wp","href":"https:\/\/api.w.org\/{rel}","templated":true}]}}