{"id":398,"date":"2020-09-28T09:32:45","date_gmt":"2020-09-28T07:32:45","guid":{"rendered":"https:\/\/mniejszosciowi.pl\/?p=398"},"modified":"2025-08-26T10:46:56","modified_gmt":"2025-08-26T08:46:56","slug":"walczymy-o-lepsza-pozycje-mniejszosciowych","status":"publish","type":"post","link":"https:\/\/pragmatiq.pl\/mniejszosciowi\/walczymy-o-lepsza-pozycje-mniejszosciowych\/","title":{"rendered":"Walczymy o lepsz\u0105 pozycj\u0119 mniejszo\u015bciowych!"},"content":{"rendered":"\n<p>28.09.2020 r.<\/p>\n\n\n\n<p><strong>Kolejny raz chcemy wesprze\u0107 wsp\u00f3lnik\u00f3w mniejszo\u015bciowych i jako Kancelaria PragmatIQ wzi\u0119li\u015bmy udzia\u0142 w konsultacjach spo\u0142ecznych nad projektem zmiany KSH, w zwi\u0105zku z wprowadzeniem tzw. prawa holdingowego.<\/strong><\/p>\n\n\n\n<p>Wykorzystuj\u0105c zdobyte do\u015bwiadczenie i wiedz\u0119, postanowili\u015bmy zabra\u0107 g\u0142os w prowadzonych konsultacjach i przygotowali\u015bmy <a href=\"https:\/\/pragmatiq.pl\/mniejszosciowi\/wp-content\/uploads\/2020\/09\/Uwagi-ogolne-do-projektu-zmiany-ustawy-KSH_PragmatIQ.pdf\" target=\"_blank\" rel=\"noreferrer noopener\">Uwagi og\u00f3lne do projektu zmiany KSH<\/a>, w kt\u00f3rych zaproponowali\u015bmy wprowadzenie mechanizm\u00f3w pozwalaj\u0105cych na wyj\u015bcie ze sp\u00f3\u0142ki z o.o. pokrzywdzonych wsp\u00f3lnik\u00f3w mniejszo\u015bciowych. Projekt ustawy obejmuje obecnie jedynie mo\u017cliwo\u015b\u0107 wyj\u015bcia ze sp\u00f3\u0142ki przez wsp\u00f3lnik\u00f3w w grupach sp\u00f3\u0142ek, co naszym zdaniem nie jest wystarczaj\u0105ce.<\/p>\n\n\n\n<h2 class=\"wp-block-heading\"><strong>Problem znany od lat<\/strong><\/h2>\n\n\n\n<p>Od wielu lat w polskim prawie sp\u00f3\u0142ek zauwa\u017calny jest problem \u201euwi\u0119zienia\u201d wsp\u00f3lnik\u00f3w mniejszo\u015bciowych w sp\u00f3\u0142kach z o.o. &#8211; szczeg\u00f3lnie w przypadkach, gdy pozostali wsp\u00f3lnicy wi\u0119kszo\u015bciowi dzia\u0142aj\u0105 na ich szkod\u0119. Winny jest brak odpowiednich regulacji dotycz\u0105cych wyj\u015bcia ze sp\u00f3\u0142ki z o.o. Taka sytuacja zastanawia tym bardziej, \u017ce przepisy dotycz\u0105ce sp\u00f3\u0142ki akcyjnej oraz wchodz\u0105ce za jaki\u015b czas w \u017cycie przepisy reguluj\u0105ce prost\u0105 sp\u00f3\u0142k\u0119 akcyjn\u0105 takie rozwi\u0105zania przewiduj\u0105. Przeczytaj r\u00f3wnie\u017c nasz artyku\u0142 <em><a href=\"https:\/\/pragmatiq.pl\/mniejszosciowi\/ustapienie-akcjonariusza-z-prostej-spolki-akcyjnej-nowa-metoda-na-wyjscie-ze-spolki\/\" target=\"_blank\" rel=\"noreferrer noopener\">Ust\u0105pienie akcjonariusza z prostej sp\u00f3\u0142ka akcyjnej \u2013 nowa metoda na wyj\u015bcie ze sp\u00f3\u0142ki <\/a><\/em><\/p>\n\n\n\n<p>Za po\u015brednictwem naszych portali b\u0119dziemy Pa\u0144stwa informowa\u0107 o post\u0119pie prowadzonych prac nad ustaw\u0105. Liczymy, \u017ce zaproponowane przez nas zmiany trafi\u0105 do ustawy i \u201euwolni\u0105\u201d pokrzywdzonych mniejszo\u015bciowych wsp\u00f3lnik\u00f3w sp\u00f3\u0142ek z o.o. Ministerstwo Aktyw\u00f3w Pa\u0144stwowych ma 60 dni na przekazanie informacji na temat wynik\u00f3w konsultacji.<\/p>\n\n\n\n<p>Kacper Chachurski<\/p>\n","protected":false},"excerpt":{"rendered":"<p>28.09.2020 r. Kolejny raz chcemy wesprze\u0107 wsp\u00f3lnik\u00f3w mniejszo\u015bciowych i jako Kancelaria PragmatIQ wzi\u0119li\u015bmy udzia\u0142 w konsultacjach spo\u0142ecznych nad projektem zmiany KSH, w zwi\u0105zku z wprowadzeniem tzw. prawa holdingowego. Wykorzystuj\u0105c zdobyte do\u015bwiadczenie i wiedz\u0119, postanowili\u015bmy zabra\u0107 g\u0142os w prowadzonych konsultacjach i przygotowali\u015bmy Uwagi og\u00f3lne do projektu zmiany KSH, w kt\u00f3rych zaproponowali\u015bmy wprowadzenie mechanizm\u00f3w pozwalaj\u0105cych na wyj\u015bcie &hellip; <\/p>\n<p class=\"link-more\"><a href=\"https:\/\/pragmatiq.pl\/mniejszosciowi\/walczymy-o-lepsza-pozycje-mniejszosciowych\/\" class=\"more-link\">Continue reading<span class=\"screen-reader-text\"> &#8222;Walczymy o lepsz\u0105 pozycj\u0119 mniejszo\u015bciowych!&#8221;<\/span><\/a><\/p>\n","protected":false},"author":9,"featured_media":402,"comment_status":"open","ping_status":"open","sticky":false,"template":"","format":"standard","meta":{"_acf_changed":false,"footnotes":""},"categories":[1,33],"tags":[14,13,15],"class_list":["post-398","post","type-post","status-publish","format-standard","has-post-thumbnail","hentry","category-bez-kategorii","category-spory-wspolnikow","tag-spolka-z-o-o","tag-wspolnicy-mniejszosciowi","tag-wyjscie-ze-spolki"],"acf":[],"yoast_head":"<!-- This site is optimized with the Yoast SEO plugin v27.3 - https:\/\/yoast.com\/product\/yoast-seo-wordpress\/ -->\n<title>Walczymy o lepsz\u0105 pozycj\u0119 mniejszo\u015bciowych! | mniejszosciowi.pl<\/title>\n<meta name=\"robots\" content=\"index, follow, max-snippet:-1, max-image-preview:large, max-video-preview:-1\" \/>\n<link rel=\"canonical\" href=\"https:\/\/pragmatiq.pl\/mniejszosciowi\/walczymy-o-lepsza-pozycje-mniejszosciowych\/\" \/>\n<meta property=\"og:locale\" content=\"pl_PL\" \/>\n<meta property=\"og:type\" content=\"article\" \/>\n<meta property=\"og:title\" content=\"Walczymy o lepsz\u0105 pozycj\u0119 mniejszo\u015bciowych! | mniejszosciowi.pl\" \/>\n<meta property=\"og:description\" content=\"28.09.2020 r. Kolejny raz chcemy wesprze\u0107 wsp\u00f3lnik\u00f3w mniejszo\u015bciowych i jako Kancelaria PragmatIQ wzi\u0119li\u015bmy udzia\u0142 w konsultacjach spo\u0142ecznych nad projektem zmiany KSH, w zwi\u0105zku z wprowadzeniem tzw. prawa holdingowego. Wykorzystuj\u0105c zdobyte do\u015bwiadczenie i wiedz\u0119, postanowili\u015bmy zabra\u0107 g\u0142os w prowadzonych konsultacjach i przygotowali\u015bmy Uwagi og\u00f3lne do projektu zmiany KSH, w kt\u00f3rych zaproponowali\u015bmy wprowadzenie mechanizm\u00f3w pozwalaj\u0105cych na wyj\u015bcie &hellip; Continue reading &quot;Walczymy o lepsz\u0105 pozycj\u0119 mniejszo\u015bciowych!&quot;\" \/>\n<meta property=\"og:url\" content=\"https:\/\/pragmatiq.pl\/mniejszosciowi\/walczymy-o-lepsza-pozycje-mniejszosciowych\/\" \/>\n<meta property=\"og:site_name\" content=\"Mniejszo\u015bciowi\" \/>\n<meta property=\"article:published_time\" content=\"2020-09-28T07:32:45+00:00\" \/>\n<meta property=\"article:modified_time\" content=\"2025-08-26T08:46:56+00:00\" \/>\n<meta property=\"og:image\" content=\"https:\/\/pragmatiq.pl\/mniejszosciowi\/wp-content\/uploads\/2020\/09\/mniejszosciowi.png\" \/>\n\t<meta property=\"og:image:width\" content=\"2000\" \/>\n\t<meta property=\"og:image:height\" content=\"625\" \/>\n\t<meta property=\"og:image:type\" content=\"image\/png\" \/>\n<meta name=\"author\" content=\"AleksanderG\" \/>\n<meta name=\"twitter:card\" content=\"summary_large_image\" \/>\n<meta name=\"twitter:label1\" content=\"Napisane przez\" \/>\n\t<meta name=\"twitter:data1\" content=\"AleksanderG\" \/>\n\t<meta name=\"twitter:label2\" content=\"Szacowany czas czytania\" \/>\n\t<meta name=\"twitter:data2\" content=\"2 minuty\" \/>\n<script type=\"application\/ld+json\" class=\"yoast-schema-graph\">{\"@context\":\"https:\\\/\\\/schema.org\",\"@graph\":[{\"@type\":\"Article\",\"@id\":\"https:\\\/\\\/pragmatiq.pl\\\/mniejszosciowi\\\/walczymy-o-lepsza-pozycje-mniejszosciowych\\\/#article\",\"isPartOf\":{\"@id\":\"https:\\\/\\\/pragmatiq.pl\\\/mniejszosciowi\\\/walczymy-o-lepsza-pozycje-mniejszosciowych\\\/\"},\"author\":{\"name\":\"AleksanderG\",\"@id\":\"https:\\\/\\\/pragmatiq.pl\\\/mniejszosciowi\\\/#\\\/schema\\\/person\\\/e4d808c0488d97460824f466d576c347\"},\"headline\":\"Walczymy o lepsz\u0105 pozycj\u0119 mniejszo\u015bciowych!\",\"datePublished\":\"2020-09-28T07:32:45+00:00\",\"dateModified\":\"2025-08-26T08:46:56+00:00\",\"mainEntityOfPage\":{\"@id\":\"https:\\\/\\\/pragmatiq.pl\\\/mniejszosciowi\\\/walczymy-o-lepsza-pozycje-mniejszosciowych\\\/\"},\"wordCount\":286,\"commentCount\":1,\"publisher\":{\"@id\":\"https:\\\/\\\/pragmatiq.pl\\\/mniejszosciowi\\\/#organization\"},\"image\":{\"@id\":\"https:\\\/\\\/pragmatiq.pl\\\/mniejszosciowi\\\/walczymy-o-lepsza-pozycje-mniejszosciowych\\\/#primaryimage\"},\"thumbnailUrl\":\"https:\\\/\\\/pragmatiq.pl\\\/mniejszosciowi\\\/wp-content\\\/uploads\\\/2020\\\/09\\\/mniejszosciowi.png\",\"keywords\":[\"sp\u00f3\u0142ka z o.o.\",\"wsp\u00f3lnicy mniejszo\u015bciowi\",\"wyj\u015bcie ze sp\u00f3\u0142ki\"],\"articleSection\":{\"1\":\"Spory wsp\u00f3lnik\u00f3w\"},\"inLanguage\":\"pl-PL\",\"potentialAction\":[{\"@type\":\"CommentAction\",\"name\":\"Comment\",\"target\":[\"https:\\\/\\\/pragmatiq.pl\\\/mniejszosciowi\\\/walczymy-o-lepsza-pozycje-mniejszosciowych\\\/#respond\"]}]},{\"@type\":\"WebPage\",\"@id\":\"https:\\\/\\\/pragmatiq.pl\\\/mniejszosciowi\\\/walczymy-o-lepsza-pozycje-mniejszosciowych\\\/\",\"url\":\"https:\\\/\\\/pragmatiq.pl\\\/mniejszosciowi\\\/walczymy-o-lepsza-pozycje-mniejszosciowych\\\/\",\"name\":\"Walczymy o lepsz\u0105 pozycj\u0119 mniejszo\u015bciowych! | mniejszosciowi.pl\",\"isPartOf\":{\"@id\":\"https:\\\/\\\/pragmatiq.pl\\\/mniejszosciowi\\\/#website\"},\"primaryImageOfPage\":{\"@id\":\"https:\\\/\\\/pragmatiq.pl\\\/mniejszosciowi\\\/walczymy-o-lepsza-pozycje-mniejszosciowych\\\/#primaryimage\"},\"image\":{\"@id\":\"https:\\\/\\\/pragmatiq.pl\\\/mniejszosciowi\\\/walczymy-o-lepsza-pozycje-mniejszosciowych\\\/#primaryimage\"},\"thumbnailUrl\":\"https:\\\/\\\/pragmatiq.pl\\\/mniejszosciowi\\\/wp-content\\\/uploads\\\/2020\\\/09\\\/mniejszosciowi.png\",\"datePublished\":\"2020-09-28T07:32:45+00:00\",\"dateModified\":\"2025-08-26T08:46:56+00:00\",\"breadcrumb\":{\"@id\":\"https:\\\/\\\/pragmatiq.pl\\\/mniejszosciowi\\\/walczymy-o-lepsza-pozycje-mniejszosciowych\\\/#breadcrumb\"},\"inLanguage\":\"pl-PL\",\"potentialAction\":[{\"@type\":\"ReadAction\",\"target\":[\"https:\\\/\\\/pragmatiq.pl\\\/mniejszosciowi\\\/walczymy-o-lepsza-pozycje-mniejszosciowych\\\/\"]}]},{\"@type\":\"ImageObject\",\"inLanguage\":\"pl-PL\",\"@id\":\"https:\\\/\\\/pragmatiq.pl\\\/mniejszosciowi\\\/walczymy-o-lepsza-pozycje-mniejszosciowych\\\/#primaryimage\",\"url\":\"https:\\\/\\\/pragmatiq.pl\\\/mniejszosciowi\\\/wp-content\\\/uploads\\\/2020\\\/09\\\/mniejszosciowi.png\",\"contentUrl\":\"https:\\\/\\\/pragmatiq.pl\\\/mniejszosciowi\\\/wp-content\\\/uploads\\\/2020\\\/09\\\/mniejszosciowi.png\",\"width\":2000,\"height\":625},{\"@type\":\"BreadcrumbList\",\"@id\":\"https:\\\/\\\/pragmatiq.pl\\\/mniejszosciowi\\\/walczymy-o-lepsza-pozycje-mniejszosciowych\\\/#breadcrumb\",\"itemListElement\":[{\"@type\":\"ListItem\",\"position\":1,\"name\":\"Strona g\u0142\u00f3wna\",\"item\":\"https:\\\/\\\/pragmatiq.pl\\\/mniejszosciowi\\\/\"},{\"@type\":\"ListItem\",\"position\":2,\"name\":\"Walczymy o lepsz\u0105 pozycj\u0119 mniejszo\u015bciowych!\"}]},{\"@type\":\"WebSite\",\"@id\":\"https:\\\/\\\/pragmatiq.pl\\\/mniejszosciowi\\\/#website\",\"url\":\"https:\\\/\\\/pragmatiq.pl\\\/mniejszosciowi\\\/\",\"name\":\"Mniejszo\u015bciowi\",\"description\":\"\",\"publisher\":{\"@id\":\"https:\\\/\\\/pragmatiq.pl\\\/mniejszosciowi\\\/#organization\"},\"potentialAction\":[{\"@type\":\"SearchAction\",\"target\":{\"@type\":\"EntryPoint\",\"urlTemplate\":\"https:\\\/\\\/pragmatiq.pl\\\/mniejszosciowi\\\/?s={search_term_string}\"},\"query-input\":{\"@type\":\"PropertyValueSpecification\",\"valueRequired\":true,\"valueName\":\"search_term_string\"}}],\"inLanguage\":\"pl-PL\"},{\"@type\":\"Organization\",\"@id\":\"https:\\\/\\\/pragmatiq.pl\\\/mniejszosciowi\\\/#organization\",\"name\":\"Mniejszo\u015bciowi\",\"url\":\"https:\\\/\\\/pragmatiq.pl\\\/mniejszosciowi\\\/\",\"logo\":{\"@type\":\"ImageObject\",\"inLanguage\":\"pl-PL\",\"@id\":\"https:\\\/\\\/pragmatiq.pl\\\/mniejszosciowi\\\/#\\\/schema\\\/logo\\\/image\\\/\",\"url\":\"https:\\\/\\\/pragmatiq.pl\\\/mniejszosciowi\\\/wp-content\\\/uploads\\\/2018\\\/05\\\/cropped-logo.png\",\"contentUrl\":\"https:\\\/\\\/pragmatiq.pl\\\/mniejszosciowi\\\/wp-content\\\/uploads\\\/2018\\\/05\\\/cropped-logo.png\",\"width\":952,\"height\":250,\"caption\":\"Mniejszo\u015bciowi\"},\"image\":{\"@id\":\"https:\\\/\\\/pragmatiq.pl\\\/mniejszosciowi\\\/#\\\/schema\\\/logo\\\/image\\\/\"}},{\"@type\":\"Person\",\"@id\":\"https:\\\/\\\/pragmatiq.pl\\\/mniejszosciowi\\\/#\\\/schema\\\/person\\\/e4d808c0488d97460824f466d576c347\",\"name\":\"AleksanderG\",\"image\":{\"@type\":\"ImageObject\",\"inLanguage\":\"pl-PL\",\"@id\":\"https:\\\/\\\/secure.gravatar.com\\\/avatar\\\/e0063a8a474902617274a95e9be19adbb8477e146d6b76b83e7e6e0cd7a26836?s=96&d=mm&r=g\",\"url\":\"https:\\\/\\\/secure.gravatar.com\\\/avatar\\\/e0063a8a474902617274a95e9be19adbb8477e146d6b76b83e7e6e0cd7a26836?s=96&d=mm&r=g\",\"contentUrl\":\"https:\\\/\\\/secure.gravatar.com\\\/avatar\\\/e0063a8a474902617274a95e9be19adbb8477e146d6b76b83e7e6e0cd7a26836?s=96&d=mm&r=g\",\"caption\":\"AleksanderG\"},\"url\":\"https:\\\/\\\/pragmatiq.pl\\\/mniejszosciowi\\\/author\\\/aleksanderg\\\/\"}]}<\/script>\n<!-- \/ Yoast SEO plugin. -->","yoast_head_json":{"title":"Walczymy o lepsz\u0105 pozycj\u0119 mniejszo\u015bciowych! | mniejszosciowi.pl","robots":{"index":"index","follow":"follow","max-snippet":"max-snippet:-1","max-image-preview":"max-image-preview:large","max-video-preview":"max-video-preview:-1"},"canonical":"https:\/\/pragmatiq.pl\/mniejszosciowi\/walczymy-o-lepsza-pozycje-mniejszosciowych\/","og_locale":"pl_PL","og_type":"article","og_title":"Walczymy o lepsz\u0105 pozycj\u0119 mniejszo\u015bciowych! | mniejszosciowi.pl","og_description":"28.09.2020 r. Kolejny raz chcemy wesprze\u0107 wsp\u00f3lnik\u00f3w mniejszo\u015bciowych i jako Kancelaria PragmatIQ wzi\u0119li\u015bmy udzia\u0142 w konsultacjach spo\u0142ecznych nad projektem zmiany KSH, w zwi\u0105zku z wprowadzeniem tzw. prawa holdingowego. Wykorzystuj\u0105c zdobyte do\u015bwiadczenie i wiedz\u0119, postanowili\u015bmy zabra\u0107 g\u0142os w prowadzonych konsultacjach i przygotowali\u015bmy Uwagi og\u00f3lne do projektu zmiany KSH, w kt\u00f3rych zaproponowali\u015bmy wprowadzenie mechanizm\u00f3w pozwalaj\u0105cych na wyj\u015bcie &hellip; Continue reading \"Walczymy o lepsz\u0105 pozycj\u0119 mniejszo\u015bciowych!\"","og_url":"https:\/\/pragmatiq.pl\/mniejszosciowi\/walczymy-o-lepsza-pozycje-mniejszosciowych\/","og_site_name":"Mniejszo\u015bciowi","article_published_time":"2020-09-28T07:32:45+00:00","article_modified_time":"2025-08-26T08:46:56+00:00","og_image":[{"width":2000,"height":625,"url":"https:\/\/pragmatiq.pl\/mniejszosciowi\/wp-content\/uploads\/2020\/09\/mniejszosciowi.png","type":"image\/png"}],"author":"AleksanderG","twitter_card":"summary_large_image","twitter_misc":{"Napisane przez":"AleksanderG","Szacowany czas czytania":"2 minuty"},"schema":{"@context":"https:\/\/schema.org","@graph":[{"@type":"Article","@id":"https:\/\/pragmatiq.pl\/mniejszosciowi\/walczymy-o-lepsza-pozycje-mniejszosciowych\/#article","isPartOf":{"@id":"https:\/\/pragmatiq.pl\/mniejszosciowi\/walczymy-o-lepsza-pozycje-mniejszosciowych\/"},"author":{"name":"AleksanderG","@id":"https:\/\/pragmatiq.pl\/mniejszosciowi\/#\/schema\/person\/e4d808c0488d97460824f466d576c347"},"headline":"Walczymy o lepsz\u0105 pozycj\u0119 mniejszo\u015bciowych!","datePublished":"2020-09-28T07:32:45+00:00","dateModified":"2025-08-26T08:46:56+00:00","mainEntityOfPage":{"@id":"https:\/\/pragmatiq.pl\/mniejszosciowi\/walczymy-o-lepsza-pozycje-mniejszosciowych\/"},"wordCount":286,"commentCount":1,"publisher":{"@id":"https:\/\/pragmatiq.pl\/mniejszosciowi\/#organization"},"image":{"@id":"https:\/\/pragmatiq.pl\/mniejszosciowi\/walczymy-o-lepsza-pozycje-mniejszosciowych\/#primaryimage"},"thumbnailUrl":"https:\/\/pragmatiq.pl\/mniejszosciowi\/wp-content\/uploads\/2020\/09\/mniejszosciowi.png","keywords":["sp\u00f3\u0142ka z o.o.","wsp\u00f3lnicy mniejszo\u015bciowi","wyj\u015bcie ze sp\u00f3\u0142ki"],"articleSection":{"1":"Spory wsp\u00f3lnik\u00f3w"},"inLanguage":"pl-PL","potentialAction":[{"@type":"CommentAction","name":"Comment","target":["https:\/\/pragmatiq.pl\/mniejszosciowi\/walczymy-o-lepsza-pozycje-mniejszosciowych\/#respond"]}]},{"@type":"WebPage","@id":"https:\/\/pragmatiq.pl\/mniejszosciowi\/walczymy-o-lepsza-pozycje-mniejszosciowych\/","url":"https:\/\/pragmatiq.pl\/mniejszosciowi\/walczymy-o-lepsza-pozycje-mniejszosciowych\/","name":"Walczymy o lepsz\u0105 pozycj\u0119 mniejszo\u015bciowych! | mniejszosciowi.pl","isPartOf":{"@id":"https:\/\/pragmatiq.pl\/mniejszosciowi\/#website"},"primaryImageOfPage":{"@id":"https:\/\/pragmatiq.pl\/mniejszosciowi\/walczymy-o-lepsza-pozycje-mniejszosciowych\/#primaryimage"},"image":{"@id":"https:\/\/pragmatiq.pl\/mniejszosciowi\/walczymy-o-lepsza-pozycje-mniejszosciowych\/#primaryimage"},"thumbnailUrl":"https:\/\/pragmatiq.pl\/mniejszosciowi\/wp-content\/uploads\/2020\/09\/mniejszosciowi.png","datePublished":"2020-09-28T07:32:45+00:00","dateModified":"2025-08-26T08:46:56+00:00","breadcrumb":{"@id":"https:\/\/pragmatiq.pl\/mniejszosciowi\/walczymy-o-lepsza-pozycje-mniejszosciowych\/#breadcrumb"},"inLanguage":"pl-PL","potentialAction":[{"@type":"ReadAction","target":["https:\/\/pragmatiq.pl\/mniejszosciowi\/walczymy-o-lepsza-pozycje-mniejszosciowych\/"]}]},{"@type":"ImageObject","inLanguage":"pl-PL","@id":"https:\/\/pragmatiq.pl\/mniejszosciowi\/walczymy-o-lepsza-pozycje-mniejszosciowych\/#primaryimage","url":"https:\/\/pragmatiq.pl\/mniejszosciowi\/wp-content\/uploads\/2020\/09\/mniejszosciowi.png","contentUrl":"https:\/\/pragmatiq.pl\/mniejszosciowi\/wp-content\/uploads\/2020\/09\/mniejszosciowi.png","width":2000,"height":625},{"@type":"BreadcrumbList","@id":"https:\/\/pragmatiq.pl\/mniejszosciowi\/walczymy-o-lepsza-pozycje-mniejszosciowych\/#breadcrumb","itemListElement":[{"@type":"ListItem","position":1,"name":"Strona g\u0142\u00f3wna","item":"https:\/\/pragmatiq.pl\/mniejszosciowi\/"},{"@type":"ListItem","position":2,"name":"Walczymy o lepsz\u0105 pozycj\u0119 mniejszo\u015bciowych!"}]},{"@type":"WebSite","@id":"https:\/\/pragmatiq.pl\/mniejszosciowi\/#website","url":"https:\/\/pragmatiq.pl\/mniejszosciowi\/","name":"Mniejszo\u015bciowi","description":"","publisher":{"@id":"https:\/\/pragmatiq.pl\/mniejszosciowi\/#organization"},"potentialAction":[{"@type":"SearchAction","target":{"@type":"EntryPoint","urlTemplate":"https:\/\/pragmatiq.pl\/mniejszosciowi\/?s={search_term_string}"},"query-input":{"@type":"PropertyValueSpecification","valueRequired":true,"valueName":"search_term_string"}}],"inLanguage":"pl-PL"},{"@type":"Organization","@id":"https:\/\/pragmatiq.pl\/mniejszosciowi\/#organization","name":"Mniejszo\u015bciowi","url":"https:\/\/pragmatiq.pl\/mniejszosciowi\/","logo":{"@type":"ImageObject","inLanguage":"pl-PL","@id":"https:\/\/pragmatiq.pl\/mniejszosciowi\/#\/schema\/logo\/image\/","url":"https:\/\/pragmatiq.pl\/mniejszosciowi\/wp-content\/uploads\/2018\/05\/cropped-logo.png","contentUrl":"https:\/\/pragmatiq.pl\/mniejszosciowi\/wp-content\/uploads\/2018\/05\/cropped-logo.png","width":952,"height":250,"caption":"Mniejszo\u015bciowi"},"image":{"@id":"https:\/\/pragmatiq.pl\/mniejszosciowi\/#\/schema\/logo\/image\/"}},{"@type":"Person","@id":"https:\/\/pragmatiq.pl\/mniejszosciowi\/#\/schema\/person\/e4d808c0488d97460824f466d576c347","name":"AleksanderG","image":{"@type":"ImageObject","inLanguage":"pl-PL","@id":"https:\/\/secure.gravatar.com\/avatar\/e0063a8a474902617274a95e9be19adbb8477e146d6b76b83e7e6e0cd7a26836?s=96&d=mm&r=g","url":"https:\/\/secure.gravatar.com\/avatar\/e0063a8a474902617274a95e9be19adbb8477e146d6b76b83e7e6e0cd7a26836?s=96&d=mm&r=g","contentUrl":"https:\/\/secure.gravatar.com\/avatar\/e0063a8a474902617274a95e9be19adbb8477e146d6b76b83e7e6e0cd7a26836?s=96&d=mm&r=g","caption":"AleksanderG"},"url":"https:\/\/pragmatiq.pl\/mniejszosciowi\/author\/aleksanderg\/"}]}},"_links":{"self":[{"href":"https:\/\/pragmatiq.pl\/mniejszosciowi\/wp-json\/wp\/v2\/posts\/398","targetHints":{"allow":["GET"]}}],"collection":[{"href":"https:\/\/pragmatiq.pl\/mniejszosciowi\/wp-json\/wp\/v2\/posts"}],"about":[{"href":"https:\/\/pragmatiq.pl\/mniejszosciowi\/wp-json\/wp\/v2\/types\/post"}],"author":[{"embeddable":true,"href":"https:\/\/pragmatiq.pl\/mniejszosciowi\/wp-json\/wp\/v2\/users\/9"}],"replies":[{"embeddable":true,"href":"https:\/\/pragmatiq.pl\/mniejszosciowi\/wp-json\/wp\/v2\/comments?post=398"}],"version-history":[{"count":5,"href":"https:\/\/pragmatiq.pl\/mniejszosciowi\/wp-json\/wp\/v2\/posts\/398\/revisions"}],"predecessor-version":[{"id":1033,"href":"https:\/\/pragmatiq.pl\/mniejszosciowi\/wp-json\/wp\/v2\/posts\/398\/revisions\/1033"}],"wp:featuredmedia":[{"embeddable":true,"href":"https:\/\/pragmatiq.pl\/mniejszosciowi\/wp-json\/wp\/v2\/media\/402"}],"wp:attachment":[{"href":"https:\/\/pragmatiq.pl\/mniejszosciowi\/wp-json\/wp\/v2\/media?parent=398"}],"wp:term":[{"taxonomy":"category","embeddable":true,"href":"https:\/\/pragmatiq.pl\/mniejszosciowi\/wp-json\/wp\/v2\/categories?post=398"},{"taxonomy":"post_tag","embeddable":true,"href":"https:\/\/pragmatiq.pl\/mniejszosciowi\/wp-json\/wp\/v2\/tags?post=398"}],"curies":[{"name":"wp","href":"https:\/\/api.w.org\/{rel}","templated":true}]}}