{"id":386,"date":"2020-06-08T14:28:38","date_gmt":"2020-06-08T12:28:38","guid":{"rendered":"https:\/\/mniejszosciowi.pl\/?p=386"},"modified":"2025-04-08T09:03:37","modified_gmt":"2025-04-08T07:03:37","slug":"zwyczajne-zgromadzenie-wspolnikow-spolki-z-o-o-jak-sie-do-niego-przygotowac","status":"publish","type":"post","link":"https:\/\/pragmatiq.pl\/mniejszosciowi\/zwyczajne-zgromadzenie-wspolnikow-spolki-z-o-o-jak-sie-do-niego-przygotowac\/","title":{"rendered":"Zwyczajne zgromadzenie wsp\u00f3lnik\u00f3w sp\u00f3\u0142ki z o.o. \u2013 jak si\u0119 do niego przygotowa\u0107?"},"content":{"rendered":"<p><strong>Zwyczajne zgromadzenie wsp\u00f3lnik\u00f3w to moment, w kt\u00f3rym wsp\u00f3lnicy sp\u00f3\u0142ki mog\u0105 dokona\u0107 oceny dzia\u0142a\u0144 zarz\u0105du w poprzednim roku. Sprawd\u017a, jak b\u0119d\u0105c wsp\u00f3lnikiem powiniene\u015b przygotowa\u0107 si\u0119 do zgromadzenia.<\/strong><\/p>\n<div id=\"ez-toc-container\" class=\"ez-toc-v2_0_82_2 counter-hierarchy ez-toc-counter ez-toc-grey ez-toc-container-direction\">\n<nav><ul class='ez-toc-list ez-toc-list-level-1 ' ><li class='ez-toc-page-1 ez-toc-heading-level-2'><a class=\"ez-toc-link ez-toc-heading-1\" href=\"https:\/\/pragmatiq.pl\/mniejszosciowi\/zwyczajne-zgromadzenie-wspolnikow-spolki-z-o-o-jak-sie-do-niego-przygotowac\/#Zapoznaj_sie_ze_sprawozdaniem_finansowym_przed_zgromadzeniem\" >Zapoznaj si\u0119 ze sprawozdaniem finansowym przed zgromadzeniem<\/a><\/li><li class='ez-toc-page-1 ez-toc-heading-level-2'><a class=\"ez-toc-link ez-toc-heading-2\" href=\"https:\/\/pragmatiq.pl\/mniejszosciowi\/zwyczajne-zgromadzenie-wspolnikow-spolki-z-o-o-jak-sie-do-niego-przygotowac\/#Sprawdz_czy_zgromadzenie_zostalo_prawidlowo_zwolane\" >Sprawd\u017a, czy zgromadzenie zosta\u0142o prawid\u0142owo zwo\u0142ane<\/a><\/li><li class='ez-toc-page-1 ez-toc-heading-level-2'><a class=\"ez-toc-link ez-toc-heading-3\" href=\"https:\/\/pragmatiq.pl\/mniejszosciowi\/zwyczajne-zgromadzenie-wspolnikow-spolki-z-o-o-jak-sie-do-niego-przygotowac\/#Poznaj_wymagania_umowy_spolki\" >Poznaj wymagania umowy sp\u00f3\u0142ki<\/a><\/li><li class='ez-toc-page-1 ez-toc-heading-level-2'><a class=\"ez-toc-link ez-toc-heading-4\" href=\"https:\/\/pragmatiq.pl\/mniejszosciowi\/zwyczajne-zgromadzenie-wspolnikow-spolki-z-o-o-jak-sie-do-niego-przygotowac\/#Nie_zapomnij_o_zgloszeniu_sprzeciwu\" >Nie zapomnij o zg\u0142oszeniu sprzeciwu<\/a><\/li><li class='ez-toc-page-1 ez-toc-heading-level-2'><a class=\"ez-toc-link ez-toc-heading-5\" href=\"https:\/\/pragmatiq.pl\/mniejszosciowi\/zwyczajne-zgromadzenie-wspolnikow-spolki-z-o-o-jak-sie-do-niego-przygotowac\/#Profesjonalny_pelnomocnik_moze_pomoc\" >Profesjonalny pe\u0142nomocnik mo\u017ce pom\u00f3c<\/a><\/li><\/ul><\/nav><\/div>\n<h2><span class=\"ez-toc-section\" id=\"Zapoznaj_sie_ze_sprawozdaniem_finansowym_przed_zgromadzeniem\"><\/span>Zapoznaj si\u0119 ze sprawozdaniem finansowym przed zgromadzeniem<span class=\"ez-toc-section-end\"><\/span><\/h2>\n<p>Obowi\u0105zkiem sp\u00f3\u0142ki jest, aby najp\u00f3\u017aniej na 15 dni przed zgromadzeniem udost\u0119pni\u0107 wszystkim wsp\u00f3lnikom sprawozdanie finansowe i sprawozdanie zarz\u0105du z dzia\u0142alno\u015bci oraz opini\u0119 bieg\u0142ego rewidenta, je\u015bli sprawozdanie podlega badaniu. Dla wsp\u00f3lnika mniejszo\u015bciowego, kt\u00f3ry nie ma bie\u017c\u0105cego wp\u0142ywu na dzia\u0142alno\u015b\u0107 sp\u00f3\u0142ki, jest to dobry moment na analiz\u0119 sytuacji finansowej sp\u00f3\u0142ki oraz przygotowanie si\u0119 do zwyczajnego zgromadzenia.<\/p>\n<p>Przed zgromadzeniem wsp\u00f3lnik powinien zapozna\u0107 si\u0119 ze wskazanymi dokumentami i oceni\u0107 dzia\u0142ania podejmowane przez zarz\u0105d w danym roku. Je\u015bli jakiekolwiek informacje zawarte w przedstawionych dokumentach budz\u0105 w\u0105tpliwo\u015bci wsp\u00f3lnika, ma on prawo do uzyskania wyja\u015bnie\u0144 w ramach \u201erozpatrzenia\u201d tych dokument\u00f3w, co jest obowi\u0105zkowym elementem ka\u017cdego zwyczajnego zgromadzenia wsp\u00f3lnik\u00f3w.<\/p>\n<h2><span class=\"ez-toc-section\" id=\"Sprawdz_czy_zgromadzenie_zostalo_prawidlowo_zwolane\"><\/span>Sprawd\u017a, czy zgromadzenie zosta\u0142o prawid\u0142owo zwo\u0142ane<span class=\"ez-toc-section-end\"><\/span><\/h2>\n<p>Zaproszenie na zgromadzenie wsp\u00f3lnik\u00f3w powinno zosta\u0107 wys\u0142ane na co najmniej 2 tygodnie przed jego zaplanowanym terminem. Zwo\u0142anie zgromadzenia z naruszeniem wskazanego terminu mo\u017ce by\u0107 podstaw\u0105 do zaskar\u017cenia podj\u0119tych uchwa\u0142.<\/p>\n<p>Wsp\u00f3lnik powinien tak\u017ce dok\u0142adnie zapozna\u0107 si\u0119 z zawartym w zaproszeniu porz\u0105dkiem obrad \u2013 bez zgody wszystkich wsp\u00f3lnik\u00f3w, zgromadzenie nie b\u0119dzie mog\u0142o podj\u0105\u0107 \u017cadnej uchwa\u0142y nieobj\u0119tej porz\u0105dkiem obrad z tego zaproszenia.<\/p>\n<p>Podobnie wa\u017cnym elementem jest miejsce odbycia zgromadzenia. W przypadku zwo\u0142ania zgromadzenia poza miejscowo\u015bci\u0105 b\u0119d\u0105c\u0105 siedzib\u0105 sp\u00f3\u0142ki wszyscy wsp\u00f3lnicy musz\u0105 wyrazi\u0107 pisemn\u0105 zgod\u0119 na odbycie si\u0119 takiego zgromadzenia w innym miejscu ni\u017c siedziba.<\/p>\n<p>Je\u017celi zastanawiasz si\u0119 czy zgromadzenie wsp\u00f3lnik\u00f3w b\u0119dzie wa\u017cne mimo nieobecno\u015bci kt\u00f3rego\u015b ze wsp\u00f3lnik\u00f3w, zapoznaj si\u0119 z naszym artyku\u0142em na portalu spolkazoo.net <a href=\"https:\/\/spolkazoo.net\/czy-mozna-odbyc-zgromadzenie-wspolnikow-bez-fizycznej-obecnosci-wszystkich-uczestnikow-w-jednym-miejscu\" target=\"_blank\" rel=\"noopener\">Czy mo\u017cna odby\u0107 zgromadzenie wsp\u00f3lnik\u00f3w bez fizycznej obecno\u015bci wszystkich uczestnik\u00f3w w jednym miejscu?<\/a><\/p>\n<h2><span class=\"ez-toc-section\" id=\"Poznaj_wymagania_umowy_spolki\"><\/span>Poznaj wymagania umowy sp\u00f3\u0142ki<span class=\"ez-toc-section-end\"><\/span><\/h2>\n<p>Warto przeanalizowa\u0107 postanowienia umowy sp\u00f3\u0142ki dotycz\u0105ce podejmowania uchwa\u0142 na zgromadzeniu wsp\u00f3lnik\u00f3w. Aby skutecznie podj\u0105\u0107 konkretn\u0105 uchwa\u0142\u0119, umowa lub przepisy mog\u0105 wymaga\u0107 zachowania kworum \u2013 tj. okre\u015blonej liczby wsp\u00f3lnik\u00f3w obecnych na zgromadzeniu. Dodatkowo, nie zawsze do podj\u0119cia uchwa\u0142 wymagana jest bezwzgl\u0119dna wi\u0119kszo\u015b\u0107 g\u0142os\u00f3w \u2013 nale\u017cy sprawdzi\u0107, czy umowa sp\u00f3\u0142ki nie przewiduje innej wi\u0119kszo\u015bci, a nawet zgody konkretnego lub wszystkich wsp\u00f3lnik\u00f3w na podj\u0119cie okre\u015blonej uchwa\u0142y.<\/p>\n<h2><span class=\"ez-toc-section\" id=\"Nie_zapomnij_o_zgloszeniu_sprzeciwu\"><\/span>Nie zapomnij o zg\u0142oszeniu sprzeciwu<span class=\"ez-toc-section-end\"><\/span><\/h2>\n<p>Je\u015bli wsp\u00f3lnik nie zgadza si\u0119 z podj\u0119t\u0105 uchwa\u0142\u0105, mo\u017ce j\u0105 zaskar\u017cy\u0107. Do zaskar\u017cenia uchwa\u0142y nie wystarczy g\u0142osowanie przeciwko niej \u2013 konieczne jest tak\u017ce zg\u0142oszenie sprzeciwu po jej podj\u0119ciu.<\/p>\n<p>Wsp\u00f3lnik, kt\u00f3ry nie zdaje sobie sprawy z konieczno\u015bci zg\u0142oszenia sprzeciwu, mo\u017ce pozbawi\u0107 si\u0119 szansy na podwa\u017cenie podj\u0119tej uchwa\u0142y. Wi\u0119cej na temat sprzeciwu wobec uchwa\u0142y piszemy na naszym portalu Doradzamy.to \u00a0w artykule: <a href=\"https:\/\/www.doradzamy.to\/artykuly\/czy-mozna-w-sposob-dorozumiany-zglosic-sprzeciw-wobec-uchwaly\" target=\"_blank\" rel=\"noopener\"><em>\u201eCzy mo\u017cna w spos\u00f3b dorozumiany zg\u0142osi\u0107 sprzeciw wobec uchwa\u0142y?\u201d\u00a0<\/em><\/a><\/p>\n<h2><span class=\"ez-toc-section\" id=\"Profesjonalny_pelnomocnik_moze_pomoc\"><\/span>Profesjonalny pe\u0142nomocnik mo\u017ce pom\u00f3c<span class=\"ez-toc-section-end\"><\/span><\/h2>\n<p>W \u015bwietle powy\u017cszych rozwa\u017ca\u0144 warto zastanowi\u0107 si\u0119 nad zwr\u00f3ceniem si\u0119 o pomoc do profesjonalnego pe\u0142nomocnika, kt\u00f3ry mo\u017ce zast\u0105pi\u0107 wsp\u00f3lnika na zwyczajnym zgromadzeniu, b\u0105d\u017a pojawi\u0107 si\u0119 razem z nim. B\u0119dzie on m\u00f3g\u0142 ch\u0142odno i bez zb\u0119dnych emocji zadba\u0107 o interesy wsp\u00f3lnika w sp\u00f3\u0142ce, a tak\u017ce skupi\u0107 si\u0119 na dostrze\u017ceniu ewentualnych b\u0142\u0119d\u00f3w w przebiegu zgromadzenia \u2013 szczeg\u00f3lnie, gdy w sp\u00f3\u0142ce toczy si\u0119 konflikt mi\u0119dzy wsp\u00f3lnikami. Wi\u0119cej na ten temat, pisali\u015bmy w artykule na naszym portalu Doradzamy.to \u00a0pt.<a href=\"https:\/\/www.doradzamy.to\/artykuly\/emocje-podczas-zgromadzenia-wspolnikow-siegaja-zenitu-wyslij-pelnomocnika\" target=\"_blank\" rel=\"noopener\"> <em>\u201eEmocje podczas zgromadzenia wsp\u00f3lnik\u00f3w si\u0119gaj\u0105 zenitu? Wy\u015blij pe\u0142nomocnika!\u201d <\/em><\/a><\/p>\n<p>Kacper Chachurski<\/p>\n","protected":false},"excerpt":{"rendered":"<p>Zwyczajne zgromadzenie wsp\u00f3lnik\u00f3w to moment, w kt\u00f3rym wsp\u00f3lnicy sp\u00f3\u0142ki mog\u0105 dokona\u0107 oceny dzia\u0142a\u0144 zarz\u0105du w poprzednim roku. Sprawd\u017a, jak b\u0119d\u0105c wsp\u00f3lnikiem powiniene\u015b przygotowa\u0107 si\u0119 do zgromadzenia. Zapoznaj si\u0119 ze sprawozdaniem finansowym przed zgromadzeniem Obowi\u0105zkiem sp\u00f3\u0142ki jest, aby najp\u00f3\u017aniej na 15 dni przed zgromadzeniem udost\u0119pni\u0107 wszystkim wsp\u00f3lnikom sprawozdanie finansowe i sprawozdanie zarz\u0105du z dzia\u0142alno\u015bci oraz opini\u0119 &hellip; <\/p>\n<p class=\"link-more\"><a href=\"https:\/\/pragmatiq.pl\/mniejszosciowi\/zwyczajne-zgromadzenie-wspolnikow-spolki-z-o-o-jak-sie-do-niego-przygotowac\/\" class=\"more-link\">Continue reading<span class=\"screen-reader-text\"> &#8222;Zwyczajne zgromadzenie wsp\u00f3lnik\u00f3w sp\u00f3\u0142ki z o.o. \u2013 jak si\u0119 do niego przygotowa\u0107?&#8221;<\/span><\/a><\/p>\n","protected":false},"author":9,"featured_media":68,"comment_status":"open","ping_status":"open","sticky":false,"template":"","format":"standard","meta":{"_acf_changed":false,"footnotes":""},"categories":[4,33],"tags":[11,12,10],"class_list":["post-386","post","type-post","status-publish","format-standard","has-post-thumbnail","hentry","category-artykuly","category-spory-wspolnikow","tag-spory-wspolnikow","tag-zaskarzanie-uchwal","tag-zgromadzenie-wspolnikow"],"acf":[],"yoast_head":"<!-- This site is optimized with the Yoast SEO plugin v27.3 - https:\/\/yoast.com\/product\/yoast-seo-wordpress\/ -->\n<title>Zwyczajne zgromadzenie wsp\u00f3lnik\u00f3w sp\u00f3\u0142ki z o.o. \u2013 jak si\u0119 do niego przygotowa\u0107? | mniejszosciowi.pl<\/title>\n<meta name=\"description\" content=\"Jak przygotowa\u0107 si\u0119 do zwyczajnego zgromadzenia wsp\u00f3lnik\u00f3w? Sprawd\u017a kluczowe zasady i obowi\u0105zki! Przeczytaj teraz.\" \/>\n<meta name=\"robots\" content=\"index, follow, max-snippet:-1, max-image-preview:large, max-video-preview:-1\" \/>\n<link rel=\"canonical\" href=\"https:\/\/pragmatiq.pl\/mniejszosciowi\/zwyczajne-zgromadzenie-wspolnikow-spolki-z-o-o-jak-sie-do-niego-przygotowac\/\" \/>\n<meta property=\"og:locale\" content=\"pl_PL\" \/>\n<meta property=\"og:type\" content=\"article\" \/>\n<meta property=\"og:title\" content=\"Zwyczajne zgromadzenie wsp\u00f3lnik\u00f3w sp\u00f3\u0142ki z o.o. \u2013 jak si\u0119 do niego przygotowa\u0107? | mniejszosciowi.pl\" \/>\n<meta property=\"og:description\" content=\"Jak przygotowa\u0107 si\u0119 do zwyczajnego zgromadzenia wsp\u00f3lnik\u00f3w? Sprawd\u017a kluczowe zasady i obowi\u0105zki! Przeczytaj teraz.\" \/>\n<meta property=\"og:url\" content=\"https:\/\/pragmatiq.pl\/mniejszosciowi\/zwyczajne-zgromadzenie-wspolnikow-spolki-z-o-o-jak-sie-do-niego-przygotowac\/\" \/>\n<meta property=\"og:site_name\" content=\"Mniejszo\u015bciowi\" \/>\n<meta property=\"article:published_time\" content=\"2020-06-08T12:28:38+00:00\" \/>\n<meta property=\"article:modified_time\" content=\"2025-04-08T07:03:37+00:00\" \/>\n<meta property=\"og:image\" content=\"https:\/\/pragmatiq.pl\/mniejszosciowi\/wp-content\/uploads\/2018\/06\/mniejszosciowi_grafika_artyku\u0142-2.png\" \/>\n\t<meta property=\"og:image:width\" content=\"2000\" \/>\n\t<meta property=\"og:image:height\" content=\"625\" \/>\n\t<meta property=\"og:image:type\" content=\"image\/png\" \/>\n<meta name=\"author\" content=\"AleksanderG\" \/>\n<meta name=\"twitter:card\" content=\"summary_large_image\" \/>\n<meta name=\"twitter:label1\" content=\"Napisane przez\" \/>\n\t<meta name=\"twitter:data1\" content=\"AleksanderG\" \/>\n\t<meta name=\"twitter:label2\" content=\"Szacowany czas czytania\" \/>\n\t<meta name=\"twitter:data2\" content=\"4 minuty\" \/>\n<script type=\"application\/ld+json\" class=\"yoast-schema-graph\">{\"@context\":\"https:\\\/\\\/schema.org\",\"@graph\":[{\"@type\":\"Article\",\"@id\":\"https:\\\/\\\/pragmatiq.pl\\\/mniejszosciowi\\\/zwyczajne-zgromadzenie-wspolnikow-spolki-z-o-o-jak-sie-do-niego-przygotowac\\\/#article\",\"isPartOf\":{\"@id\":\"https:\\\/\\\/pragmatiq.pl\\\/mniejszosciowi\\\/zwyczajne-zgromadzenie-wspolnikow-spolki-z-o-o-jak-sie-do-niego-przygotowac\\\/\"},\"author\":{\"name\":\"AleksanderG\",\"@id\":\"https:\\\/\\\/pragmatiq.pl\\\/mniejszosciowi\\\/#\\\/schema\\\/person\\\/e4d808c0488d97460824f466d576c347\"},\"headline\":\"Zwyczajne zgromadzenie wsp\u00f3lnik\u00f3w sp\u00f3\u0142ki z o.o. \u2013 jak si\u0119 do niego przygotowa\u0107?\",\"datePublished\":\"2020-06-08T12:28:38+00:00\",\"dateModified\":\"2025-04-08T07:03:37+00:00\",\"mainEntityOfPage\":{\"@id\":\"https:\\\/\\\/pragmatiq.pl\\\/mniejszosciowi\\\/zwyczajne-zgromadzenie-wspolnikow-spolki-z-o-o-jak-sie-do-niego-przygotowac\\\/\"},\"wordCount\":670,\"commentCount\":0,\"publisher\":{\"@id\":\"https:\\\/\\\/pragmatiq.pl\\\/mniejszosciowi\\\/#organization\"},\"image\":{\"@id\":\"https:\\\/\\\/pragmatiq.pl\\\/mniejszosciowi\\\/zwyczajne-zgromadzenie-wspolnikow-spolki-z-o-o-jak-sie-do-niego-przygotowac\\\/#primaryimage\"},\"thumbnailUrl\":\"https:\\\/\\\/pragmatiq.pl\\\/mniejszosciowi\\\/wp-content\\\/uploads\\\/2018\\\/06\\\/mniejszosciowi_grafika_artyku\u0142-2.png\",\"keywords\":[\"spory wsp\u00f3lnik\u00f3w\",\"zaskar\u017canie uchwa\u0142\",\"zgromadzenie wsp\u00f3lnik\u00f3w\"],\"articleSection\":[\"Artyku\u0142y\",\"Spory wsp\u00f3lnik\u00f3w\"],\"inLanguage\":\"pl-PL\",\"potentialAction\":[{\"@type\":\"CommentAction\",\"name\":\"Comment\",\"target\":[\"https:\\\/\\\/pragmatiq.pl\\\/mniejszosciowi\\\/zwyczajne-zgromadzenie-wspolnikow-spolki-z-o-o-jak-sie-do-niego-przygotowac\\\/#respond\"]}]},{\"@type\":\"WebPage\",\"@id\":\"https:\\\/\\\/pragmatiq.pl\\\/mniejszosciowi\\\/zwyczajne-zgromadzenie-wspolnikow-spolki-z-o-o-jak-sie-do-niego-przygotowac\\\/\",\"url\":\"https:\\\/\\\/pragmatiq.pl\\\/mniejszosciowi\\\/zwyczajne-zgromadzenie-wspolnikow-spolki-z-o-o-jak-sie-do-niego-przygotowac\\\/\",\"name\":\"Zwyczajne zgromadzenie wsp\u00f3lnik\u00f3w sp\u00f3\u0142ki z o.o. \u2013 jak si\u0119 do niego przygotowa\u0107? | mniejszosciowi.pl\",\"isPartOf\":{\"@id\":\"https:\\\/\\\/pragmatiq.pl\\\/mniejszosciowi\\\/#website\"},\"primaryImageOfPage\":{\"@id\":\"https:\\\/\\\/pragmatiq.pl\\\/mniejszosciowi\\\/zwyczajne-zgromadzenie-wspolnikow-spolki-z-o-o-jak-sie-do-niego-przygotowac\\\/#primaryimage\"},\"image\":{\"@id\":\"https:\\\/\\\/pragmatiq.pl\\\/mniejszosciowi\\\/zwyczajne-zgromadzenie-wspolnikow-spolki-z-o-o-jak-sie-do-niego-przygotowac\\\/#primaryimage\"},\"thumbnailUrl\":\"https:\\\/\\\/pragmatiq.pl\\\/mniejszosciowi\\\/wp-content\\\/uploads\\\/2018\\\/06\\\/mniejszosciowi_grafika_artyku\u0142-2.png\",\"datePublished\":\"2020-06-08T12:28:38+00:00\",\"dateModified\":\"2025-04-08T07:03:37+00:00\",\"description\":\"Jak przygotowa\u0107 si\u0119 do zwyczajnego zgromadzenia wsp\u00f3lnik\u00f3w? Sprawd\u017a kluczowe zasady i obowi\u0105zki! Przeczytaj teraz.\",\"breadcrumb\":{\"@id\":\"https:\\\/\\\/pragmatiq.pl\\\/mniejszosciowi\\\/zwyczajne-zgromadzenie-wspolnikow-spolki-z-o-o-jak-sie-do-niego-przygotowac\\\/#breadcrumb\"},\"inLanguage\":\"pl-PL\",\"potentialAction\":[{\"@type\":\"ReadAction\",\"target\":[\"https:\\\/\\\/pragmatiq.pl\\\/mniejszosciowi\\\/zwyczajne-zgromadzenie-wspolnikow-spolki-z-o-o-jak-sie-do-niego-przygotowac\\\/\"]}]},{\"@type\":\"ImageObject\",\"inLanguage\":\"pl-PL\",\"@id\":\"https:\\\/\\\/pragmatiq.pl\\\/mniejszosciowi\\\/zwyczajne-zgromadzenie-wspolnikow-spolki-z-o-o-jak-sie-do-niego-przygotowac\\\/#primaryimage\",\"url\":\"https:\\\/\\\/pragmatiq.pl\\\/mniejszosciowi\\\/wp-content\\\/uploads\\\/2018\\\/06\\\/mniejszosciowi_grafika_artyku\u0142-2.png\",\"contentUrl\":\"https:\\\/\\\/pragmatiq.pl\\\/mniejszosciowi\\\/wp-content\\\/uploads\\\/2018\\\/06\\\/mniejszosciowi_grafika_artyku\u0142-2.png\",\"width\":2000,\"height\":625,\"caption\":\"Brak wyp\u0142aty \u201edywidendy\u201d w sp\u00f3\u0142ce osobowej \u2013 jak z tym walczy\u0107?\"},{\"@type\":\"BreadcrumbList\",\"@id\":\"https:\\\/\\\/pragmatiq.pl\\\/mniejszosciowi\\\/zwyczajne-zgromadzenie-wspolnikow-spolki-z-o-o-jak-sie-do-niego-przygotowac\\\/#breadcrumb\",\"itemListElement\":[{\"@type\":\"ListItem\",\"position\":1,\"name\":\"Strona g\u0142\u00f3wna\",\"item\":\"https:\\\/\\\/pragmatiq.pl\\\/mniejszosciowi\\\/\"},{\"@type\":\"ListItem\",\"position\":2,\"name\":\"Zwyczajne zgromadzenie wsp\u00f3lnik\u00f3w sp\u00f3\u0142ki z o.o. \u2013 jak si\u0119 do niego przygotowa\u0107?\"}]},{\"@type\":\"WebSite\",\"@id\":\"https:\\\/\\\/pragmatiq.pl\\\/mniejszosciowi\\\/#website\",\"url\":\"https:\\\/\\\/pragmatiq.pl\\\/mniejszosciowi\\\/\",\"name\":\"Mniejszo\u015bciowi\",\"description\":\"\",\"publisher\":{\"@id\":\"https:\\\/\\\/pragmatiq.pl\\\/mniejszosciowi\\\/#organization\"},\"potentialAction\":[{\"@type\":\"SearchAction\",\"target\":{\"@type\":\"EntryPoint\",\"urlTemplate\":\"https:\\\/\\\/pragmatiq.pl\\\/mniejszosciowi\\\/?s={search_term_string}\"},\"query-input\":{\"@type\":\"PropertyValueSpecification\",\"valueRequired\":true,\"valueName\":\"search_term_string\"}}],\"inLanguage\":\"pl-PL\"},{\"@type\":\"Organization\",\"@id\":\"https:\\\/\\\/pragmatiq.pl\\\/mniejszosciowi\\\/#organization\",\"name\":\"Mniejszo\u015bciowi\",\"url\":\"https:\\\/\\\/pragmatiq.pl\\\/mniejszosciowi\\\/\",\"logo\":{\"@type\":\"ImageObject\",\"inLanguage\":\"pl-PL\",\"@id\":\"https:\\\/\\\/pragmatiq.pl\\\/mniejszosciowi\\\/#\\\/schema\\\/logo\\\/image\\\/\",\"url\":\"https:\\\/\\\/pragmatiq.pl\\\/mniejszosciowi\\\/wp-content\\\/uploads\\\/2018\\\/05\\\/cropped-logo.png\",\"contentUrl\":\"https:\\\/\\\/pragmatiq.pl\\\/mniejszosciowi\\\/wp-content\\\/uploads\\\/2018\\\/05\\\/cropped-logo.png\",\"width\":952,\"height\":250,\"caption\":\"Mniejszo\u015bciowi\"},\"image\":{\"@id\":\"https:\\\/\\\/pragmatiq.pl\\\/mniejszosciowi\\\/#\\\/schema\\\/logo\\\/image\\\/\"}},{\"@type\":\"Person\",\"@id\":\"https:\\\/\\\/pragmatiq.pl\\\/mniejszosciowi\\\/#\\\/schema\\\/person\\\/e4d808c0488d97460824f466d576c347\",\"name\":\"AleksanderG\",\"image\":{\"@type\":\"ImageObject\",\"inLanguage\":\"pl-PL\",\"@id\":\"https:\\\/\\\/secure.gravatar.com\\\/avatar\\\/e0063a8a474902617274a95e9be19adbb8477e146d6b76b83e7e6e0cd7a26836?s=96&d=mm&r=g\",\"url\":\"https:\\\/\\\/secure.gravatar.com\\\/avatar\\\/e0063a8a474902617274a95e9be19adbb8477e146d6b76b83e7e6e0cd7a26836?s=96&d=mm&r=g\",\"contentUrl\":\"https:\\\/\\\/secure.gravatar.com\\\/avatar\\\/e0063a8a474902617274a95e9be19adbb8477e146d6b76b83e7e6e0cd7a26836?s=96&d=mm&r=g\",\"caption\":\"AleksanderG\"},\"url\":\"https:\\\/\\\/pragmatiq.pl\\\/mniejszosciowi\\\/author\\\/aleksanderg\\\/\"}]}<\/script>\n<!-- \/ Yoast SEO plugin. -->","yoast_head_json":{"title":"Zwyczajne zgromadzenie wsp\u00f3lnik\u00f3w sp\u00f3\u0142ki z o.o. \u2013 jak si\u0119 do niego przygotowa\u0107? | mniejszosciowi.pl","description":"Jak przygotowa\u0107 si\u0119 do zwyczajnego zgromadzenia wsp\u00f3lnik\u00f3w? Sprawd\u017a kluczowe zasady i obowi\u0105zki! Przeczytaj teraz.","robots":{"index":"index","follow":"follow","max-snippet":"max-snippet:-1","max-image-preview":"max-image-preview:large","max-video-preview":"max-video-preview:-1"},"canonical":"https:\/\/pragmatiq.pl\/mniejszosciowi\/zwyczajne-zgromadzenie-wspolnikow-spolki-z-o-o-jak-sie-do-niego-przygotowac\/","og_locale":"pl_PL","og_type":"article","og_title":"Zwyczajne zgromadzenie wsp\u00f3lnik\u00f3w sp\u00f3\u0142ki z o.o. \u2013 jak si\u0119 do niego przygotowa\u0107? | mniejszosciowi.pl","og_description":"Jak przygotowa\u0107 si\u0119 do zwyczajnego zgromadzenia wsp\u00f3lnik\u00f3w? Sprawd\u017a kluczowe zasady i obowi\u0105zki! Przeczytaj teraz.","og_url":"https:\/\/pragmatiq.pl\/mniejszosciowi\/zwyczajne-zgromadzenie-wspolnikow-spolki-z-o-o-jak-sie-do-niego-przygotowac\/","og_site_name":"Mniejszo\u015bciowi","article_published_time":"2020-06-08T12:28:38+00:00","article_modified_time":"2025-04-08T07:03:37+00:00","og_image":[{"width":2000,"height":625,"url":"https:\/\/pragmatiq.pl\/mniejszosciowi\/wp-content\/uploads\/2018\/06\/mniejszosciowi_grafika_artyku\u0142-2.png","type":"image\/png"}],"author":"AleksanderG","twitter_card":"summary_large_image","twitter_misc":{"Napisane przez":"AleksanderG","Szacowany czas czytania":"4 minuty"},"schema":{"@context":"https:\/\/schema.org","@graph":[{"@type":"Article","@id":"https:\/\/pragmatiq.pl\/mniejszosciowi\/zwyczajne-zgromadzenie-wspolnikow-spolki-z-o-o-jak-sie-do-niego-przygotowac\/#article","isPartOf":{"@id":"https:\/\/pragmatiq.pl\/mniejszosciowi\/zwyczajne-zgromadzenie-wspolnikow-spolki-z-o-o-jak-sie-do-niego-przygotowac\/"},"author":{"name":"AleksanderG","@id":"https:\/\/pragmatiq.pl\/mniejszosciowi\/#\/schema\/person\/e4d808c0488d97460824f466d576c347"},"headline":"Zwyczajne zgromadzenie wsp\u00f3lnik\u00f3w sp\u00f3\u0142ki z o.o. \u2013 jak si\u0119 do niego przygotowa\u0107?","datePublished":"2020-06-08T12:28:38+00:00","dateModified":"2025-04-08T07:03:37+00:00","mainEntityOfPage":{"@id":"https:\/\/pragmatiq.pl\/mniejszosciowi\/zwyczajne-zgromadzenie-wspolnikow-spolki-z-o-o-jak-sie-do-niego-przygotowac\/"},"wordCount":670,"commentCount":0,"publisher":{"@id":"https:\/\/pragmatiq.pl\/mniejszosciowi\/#organization"},"image":{"@id":"https:\/\/pragmatiq.pl\/mniejszosciowi\/zwyczajne-zgromadzenie-wspolnikow-spolki-z-o-o-jak-sie-do-niego-przygotowac\/#primaryimage"},"thumbnailUrl":"https:\/\/pragmatiq.pl\/mniejszosciowi\/wp-content\/uploads\/2018\/06\/mniejszosciowi_grafika_artyku\u0142-2.png","keywords":["spory wsp\u00f3lnik\u00f3w","zaskar\u017canie uchwa\u0142","zgromadzenie wsp\u00f3lnik\u00f3w"],"articleSection":["Artyku\u0142y","Spory wsp\u00f3lnik\u00f3w"],"inLanguage":"pl-PL","potentialAction":[{"@type":"CommentAction","name":"Comment","target":["https:\/\/pragmatiq.pl\/mniejszosciowi\/zwyczajne-zgromadzenie-wspolnikow-spolki-z-o-o-jak-sie-do-niego-przygotowac\/#respond"]}]},{"@type":"WebPage","@id":"https:\/\/pragmatiq.pl\/mniejszosciowi\/zwyczajne-zgromadzenie-wspolnikow-spolki-z-o-o-jak-sie-do-niego-przygotowac\/","url":"https:\/\/pragmatiq.pl\/mniejszosciowi\/zwyczajne-zgromadzenie-wspolnikow-spolki-z-o-o-jak-sie-do-niego-przygotowac\/","name":"Zwyczajne zgromadzenie wsp\u00f3lnik\u00f3w sp\u00f3\u0142ki z o.o. \u2013 jak si\u0119 do niego przygotowa\u0107? | mniejszosciowi.pl","isPartOf":{"@id":"https:\/\/pragmatiq.pl\/mniejszosciowi\/#website"},"primaryImageOfPage":{"@id":"https:\/\/pragmatiq.pl\/mniejszosciowi\/zwyczajne-zgromadzenie-wspolnikow-spolki-z-o-o-jak-sie-do-niego-przygotowac\/#primaryimage"},"image":{"@id":"https:\/\/pragmatiq.pl\/mniejszosciowi\/zwyczajne-zgromadzenie-wspolnikow-spolki-z-o-o-jak-sie-do-niego-przygotowac\/#primaryimage"},"thumbnailUrl":"https:\/\/pragmatiq.pl\/mniejszosciowi\/wp-content\/uploads\/2018\/06\/mniejszosciowi_grafika_artyku\u0142-2.png","datePublished":"2020-06-08T12:28:38+00:00","dateModified":"2025-04-08T07:03:37+00:00","description":"Jak przygotowa\u0107 si\u0119 do zwyczajnego zgromadzenia wsp\u00f3lnik\u00f3w? Sprawd\u017a kluczowe zasady i obowi\u0105zki! Przeczytaj teraz.","breadcrumb":{"@id":"https:\/\/pragmatiq.pl\/mniejszosciowi\/zwyczajne-zgromadzenie-wspolnikow-spolki-z-o-o-jak-sie-do-niego-przygotowac\/#breadcrumb"},"inLanguage":"pl-PL","potentialAction":[{"@type":"ReadAction","target":["https:\/\/pragmatiq.pl\/mniejszosciowi\/zwyczajne-zgromadzenie-wspolnikow-spolki-z-o-o-jak-sie-do-niego-przygotowac\/"]}]},{"@type":"ImageObject","inLanguage":"pl-PL","@id":"https:\/\/pragmatiq.pl\/mniejszosciowi\/zwyczajne-zgromadzenie-wspolnikow-spolki-z-o-o-jak-sie-do-niego-przygotowac\/#primaryimage","url":"https:\/\/pragmatiq.pl\/mniejszosciowi\/wp-content\/uploads\/2018\/06\/mniejszosciowi_grafika_artyku\u0142-2.png","contentUrl":"https:\/\/pragmatiq.pl\/mniejszosciowi\/wp-content\/uploads\/2018\/06\/mniejszosciowi_grafika_artyku\u0142-2.png","width":2000,"height":625,"caption":"Brak wyp\u0142aty \u201edywidendy\u201d w sp\u00f3\u0142ce osobowej \u2013 jak z tym walczy\u0107?"},{"@type":"BreadcrumbList","@id":"https:\/\/pragmatiq.pl\/mniejszosciowi\/zwyczajne-zgromadzenie-wspolnikow-spolki-z-o-o-jak-sie-do-niego-przygotowac\/#breadcrumb","itemListElement":[{"@type":"ListItem","position":1,"name":"Strona g\u0142\u00f3wna","item":"https:\/\/pragmatiq.pl\/mniejszosciowi\/"},{"@type":"ListItem","position":2,"name":"Zwyczajne zgromadzenie wsp\u00f3lnik\u00f3w sp\u00f3\u0142ki z o.o. \u2013 jak si\u0119 do niego przygotowa\u0107?"}]},{"@type":"WebSite","@id":"https:\/\/pragmatiq.pl\/mniejszosciowi\/#website","url":"https:\/\/pragmatiq.pl\/mniejszosciowi\/","name":"Mniejszo\u015bciowi","description":"","publisher":{"@id":"https:\/\/pragmatiq.pl\/mniejszosciowi\/#organization"},"potentialAction":[{"@type":"SearchAction","target":{"@type":"EntryPoint","urlTemplate":"https:\/\/pragmatiq.pl\/mniejszosciowi\/?s={search_term_string}"},"query-input":{"@type":"PropertyValueSpecification","valueRequired":true,"valueName":"search_term_string"}}],"inLanguage":"pl-PL"},{"@type":"Organization","@id":"https:\/\/pragmatiq.pl\/mniejszosciowi\/#organization","name":"Mniejszo\u015bciowi","url":"https:\/\/pragmatiq.pl\/mniejszosciowi\/","logo":{"@type":"ImageObject","inLanguage":"pl-PL","@id":"https:\/\/pragmatiq.pl\/mniejszosciowi\/#\/schema\/logo\/image\/","url":"https:\/\/pragmatiq.pl\/mniejszosciowi\/wp-content\/uploads\/2018\/05\/cropped-logo.png","contentUrl":"https:\/\/pragmatiq.pl\/mniejszosciowi\/wp-content\/uploads\/2018\/05\/cropped-logo.png","width":952,"height":250,"caption":"Mniejszo\u015bciowi"},"image":{"@id":"https:\/\/pragmatiq.pl\/mniejszosciowi\/#\/schema\/logo\/image\/"}},{"@type":"Person","@id":"https:\/\/pragmatiq.pl\/mniejszosciowi\/#\/schema\/person\/e4d808c0488d97460824f466d576c347","name":"AleksanderG","image":{"@type":"ImageObject","inLanguage":"pl-PL","@id":"https:\/\/secure.gravatar.com\/avatar\/e0063a8a474902617274a95e9be19adbb8477e146d6b76b83e7e6e0cd7a26836?s=96&d=mm&r=g","url":"https:\/\/secure.gravatar.com\/avatar\/e0063a8a474902617274a95e9be19adbb8477e146d6b76b83e7e6e0cd7a26836?s=96&d=mm&r=g","contentUrl":"https:\/\/secure.gravatar.com\/avatar\/e0063a8a474902617274a95e9be19adbb8477e146d6b76b83e7e6e0cd7a26836?s=96&d=mm&r=g","caption":"AleksanderG"},"url":"https:\/\/pragmatiq.pl\/mniejszosciowi\/author\/aleksanderg\/"}]}},"_links":{"self":[{"href":"https:\/\/pragmatiq.pl\/mniejszosciowi\/wp-json\/wp\/v2\/posts\/386","targetHints":{"allow":["GET"]}}],"collection":[{"href":"https:\/\/pragmatiq.pl\/mniejszosciowi\/wp-json\/wp\/v2\/posts"}],"about":[{"href":"https:\/\/pragmatiq.pl\/mniejszosciowi\/wp-json\/wp\/v2\/types\/post"}],"author":[{"embeddable":true,"href":"https:\/\/pragmatiq.pl\/mniejszosciowi\/wp-json\/wp\/v2\/users\/9"}],"replies":[{"embeddable":true,"href":"https:\/\/pragmatiq.pl\/mniejszosciowi\/wp-json\/wp\/v2\/comments?post=386"}],"version-history":[{"count":3,"href":"https:\/\/pragmatiq.pl\/mniejszosciowi\/wp-json\/wp\/v2\/posts\/386\/revisions"}],"predecessor-version":[{"id":537,"href":"https:\/\/pragmatiq.pl\/mniejszosciowi\/wp-json\/wp\/v2\/posts\/386\/revisions\/537"}],"wp:featuredmedia":[{"embeddable":true,"href":"https:\/\/pragmatiq.pl\/mniejszosciowi\/wp-json\/wp\/v2\/media\/68"}],"wp:attachment":[{"href":"https:\/\/pragmatiq.pl\/mniejszosciowi\/wp-json\/wp\/v2\/media?parent=386"}],"wp:term":[{"taxonomy":"category","embeddable":true,"href":"https:\/\/pragmatiq.pl\/mniejszosciowi\/wp-json\/wp\/v2\/categories?post=386"},{"taxonomy":"post_tag","embeddable":true,"href":"https:\/\/pragmatiq.pl\/mniejszosciowi\/wp-json\/wp\/v2\/tags?post=386"}],"curies":[{"name":"wp","href":"https:\/\/api.w.org\/{rel}","templated":true}]}}