{"id":224,"date":"2018-04-05T11:32:03","date_gmt":"2018-04-05T09:32:03","guid":{"rendered":"http:\/\/mniejszosciowi.pl\/?p=224"},"modified":"2025-08-25T14:02:36","modified_gmt":"2025-08-25T12:02:36","slug":"czy-obecnosc-akcjonariusza-mniejszosciowego-na-walnym-zgromadzeniu-jest-istotna","status":"publish","type":"post","link":"https:\/\/pragmatiq.pl\/mniejszosciowi\/czy-obecnosc-akcjonariusza-mniejszosciowego-na-walnym-zgromadzeniu-jest-istotna\/","title":{"rendered":"Czy obecno\u015b\u0107 akcjonariusza mniejszo\u015bciowego na walnym zgromadzeniu jest istotna?"},"content":{"rendered":"<p><strong>S\u0105d Najwy\u017cszy w orzeczeniu z 6 czerwca 2018 r. (sygn. akt. III CSK 403\/16) wskaza\u0142, \u017ce prawo akcjonariuszy do udzia\u0142u w walnym zgromadzeniu nie sprowadza si\u0119 tylko do oddawania g\u0142os\u00f3w za lub przeciw uchwale, ale obejmuje r\u00f3wnie\u017c prawo zabierania g\u0142osu w dyskusji, kt\u00f3rej wynik mo\u017ce przes\u0105dzi\u0107 o rezultatach g\u0142osowania. To wa\u017cne rozstrzygni\u0119cie, kt\u00f3re zapewnia mniejszo\u015bciowym wsp\u00f3lnikom w\u0142a\u015bciw\u0105 ochron\u0119 ich praw.<\/strong><\/p>\n<p>S\u0105d Najwy\u017cszy ocenia\u0142 sytuacj\u0119, w kt\u00f3rej \u2013 po og\u0142oszeniu w Monitorze S\u0105dowym i Gospodarczym przymusowego wykupu akcji akcjonariuszy reprezentuj\u0105cych nie wi\u0119cej ni\u017c 5% kapita\u0142u zak\u0142adowego \u2013 osoby reprezentuj\u0105ce <strong>akcjonariusza mniejszo\u015bciowego<\/strong> nie zosta\u0142y wpuszczone na walne zgromadzenie akcjonariuszy (wi\u0119cej o samej procedurze <strong>przymusowego wykupu akcjonariuszy<\/strong> przeczytasz na portalu <em><a href=\"https:\/\/doradzamy.to\/\">Doradzamy.to<\/a> w<\/em>\u00a0artykule <em><a href=\"http:\/\/www.doradzamy.to\/artykuly\/przymusowy-wykup-akcjonariuszy-bezwzgledne-narzedzie-eliminacji-niechcianych-wspolnikow\" target=\"_blank\" rel=\"noopener\">Przymusowy wykup akcjonariuszy \u2013 bezwzgl\u0119dne narz\u0119dzie eliminacji niechcianych wsp\u00f3lnik\u00f3w?<\/a>).\u00a0<\/em><\/p>\n<p>W powy\u017cszej sytuacji pokrzywdzony <strong>wsp\u00f3lnik mniejszo\u015bciowy<\/strong> wskaza\u0142, \u017ce podj\u0119te przez walne zgromadzenie akcjonariuszy uchwa\u0142y s\u0105 niewa\u017cne. Wszystko przez to, \u017ce uchwa\u0142a zosta\u0142a podj\u0119ta sprzecznie z prawem \u2013 to jest w sytuacji, w kt\u00f3rej akcjonariusz nie mia\u0142 mo\u017cliwo\u015bci zrealizowa\u0107 przys\u0142uguj\u0105cego mu prawa g\u0142osu.<\/p>\n<div id=\"ez-toc-container\" class=\"ez-toc-v2_0_82_2 counter-hierarchy ez-toc-counter ez-toc-grey ez-toc-container-direction\">\n<nav><ul class='ez-toc-list ez-toc-list-level-1 ' ><li class='ez-toc-page-1 ez-toc-heading-level-2'><a class=\"ez-toc-link ez-toc-heading-1\" href=\"https:\/\/pragmatiq.pl\/mniejszosciowi\/czy-obecnosc-akcjonariusza-mniejszosciowego-na-walnym-zgromadzeniu-jest-istotna\/#Art_425_%C2%A7_1_KSH_%E2%80%93_tresc_uchwaly_czy_procedura_jej_podjecia\" >Art. 425 \u00a7 1 KSH \u2013 tre\u015b\u0107 uchwa\u0142y czy procedura jej podj\u0119cia?<\/a><\/li><li class='ez-toc-page-1 ez-toc-heading-level-2'><a class=\"ez-toc-link ez-toc-heading-2\" href=\"https:\/\/pragmatiq.pl\/mniejszosciowi\/czy-obecnosc-akcjonariusza-mniejszosciowego-na-walnym-zgromadzeniu-jest-istotna\/#Akcjonariusz_mniejszosciowy_ma_wplyw_na_przebieg_glosowania\" >Akcjonariusz mniejszo\u015bciowy ma wp\u0142yw na przebieg g\u0142osowania<\/a><\/li><\/ul><\/nav><\/div>\n<h2><span class=\"ez-toc-section\" id=\"Art_425_%C2%A7_1_KSH_%E2%80%93_tresc_uchwaly_czy_procedura_jej_podjecia\"><\/span><strong>Art. 425 \u00a7 1 KSH \u2013 tre\u015b\u0107 uchwa\u0142y czy procedura jej podj\u0119cia?<\/strong><span class=\"ez-toc-section-end\"><\/span><\/h2>\n<p>Pokrzywdzony akcjonariusz mniejszo\u015bciowy powo\u0142a\u0142 si\u0119 na tre\u015b\u0107 art. 425 Kodeksu sp\u00f3\u0142ek handlowych, zgodnie z kt\u00f3rym wsp\u00f3lnikowi mniejszo\u015bciowemu przys\u0142uguje prawo do wytoczenia przeciwko sp\u00f3\u0142ce pow\u00f3dztwa o stwierdzenie niewa\u017cno\u015bci uchwa\u0142y walnego zgromadzenia je\u017celi uchwa\u0142a jest sprzeczna z ustaw\u0105.<\/p>\n<p>S\u0105d Najwy\u017cszy wskaza\u0142, \u017ce co prawda z dos\u0142ownego brzmienia przepisu mo\u017cna wnioskowa\u0107, i\u017c sprzeczno\u015b\u0107 z ustaw\u0105 odnosi si\u0119 wy\u0142\u0105cznie do tre\u015bci uchwa\u0142y, jednak nie jest to jedyna przes\u0142anka do stwierdzenia, \u017ce uchwa\u0142a jest niewa\u017cna. Zgodnie z uzasadnieniem wyroku <strong>S\u0105du Najwy\u017cszego<\/strong> jako sprzeczno\u015b\u0107 z ustaw\u0105 mo\u017cna zakwalifikowa\u0107 tak\u017ce sytuacj\u0119, w kt\u00f3rej dosz\u0142o do naruszenia przepis\u00f3w okre\u015blaj\u0105cych spos\u00f3b podejmowania uchwa\u0142, o ile naruszenie to mia\u0142o wp\u0142yw na tre\u015b\u0107 podj\u0119tej uchwa\u0142y. Niedopuszczenie do udzia\u0142u w zgromadzeniu mniejszo\u015bciowego akcjonariusza zalicza si\u0119 w\u0142a\u015bnie do tego rodzaju narusze\u0144.<\/p>\n<h2><span class=\"ez-toc-section\" id=\"Akcjonariusz_mniejszosciowy_ma_wplyw_na_przebieg_glosowania\"><\/span><strong>Akcjonariusz mniejszo\u015bciowy ma wp\u0142yw na przebieg g\u0142osowania<\/strong><span class=\"ez-toc-section-end\"><\/span><\/h2>\n<p>Nie da si\u0119 wprawdzie przewidzie\u0107, jaka by\u0142aby tre\u015b\u0107 uchwa\u0142y podj\u0119tej na walnym zgromadzeniu akcjonariuszy, gdyby uczestniczy\u0142 w nim <strong>nieobecny akcjonariusz<\/strong>. Nale\u017cy jednak podobnie jak S\u0105d Najwy\u017cszy przyj\u0105\u0107, \u017ce rola ka\u017cdego akcjonariusza na walnym zgromadzeniu nie sprowadza si\u0119 wy\u0142\u0105cznie do g\u0142osowania za lub przeciw uchwale. Rol\u0105 akcjonariusza jest bowiem r\u00f3wnie\u017c udzia\u0142 w dyskusji, kt\u00f3rej przebieg mo\u017ce mie\u0107 realny wp\u0142yw na wynik g\u0142osowania.<\/p>\n<p>Argument ten wydaje si\u0119 by\u0107 tym bardziej trafny, \u017ce przedmiotem walnego zgromadzenia, kt\u00f3rego przebieg bada\u0142 S\u0105d Najwy\u017cszy, by\u0142o zatwierdzenie sprawozdania finansowego oraz udzielenie <strong>absolutorium cz\u0142onkom zarz\u0105du<\/strong>. Oczywistym jest wi\u0119c, \u017ce w sytuacji, gdy decyduje si\u0119 o ocenie prawid\u0142owo\u015bci albo nieprawid\u0142owo\u015bci wykonywania przez zarz\u0105d swoich obowi\u0105zk\u00f3w, istotne s\u0105 spostrze\u017cenia wszystkich akcjonariuszy \u2013 nie tylko tych wi\u0119kszo\u015bciowych.<\/p>\n<p>Wi\u0119cej na temat uprawnie\u0144 przys\u0142uguj\u0105cych akcjonariuszom mniejszo\u015bciowym w przypadku walnego zgromadzenia mo\u017cna znale\u017a\u0107 w artykule <a href=\"https:\/\/pragmatiq.pl\/mniejszosciowi\/wplyw-akcjonariuszy-mniejszosciowych-na-porzadek-obrad-walnego-zgromadzenia\/\" target=\"_blank\" rel=\"noopener\"><em>Wp\u0142yw akcjonariuszy mniejszo\u015bciowych na porz\u0105dek obrad walnego zgromadzenia\u00a0<\/em><\/a><\/p>\n<p>Natalia Chru\u015bcicka<\/p>\n","protected":false},"excerpt":{"rendered":"<p>S\u0105d Najwy\u017cszy w orzeczeniu z 6 czerwca 2018 r. (sygn. akt. III CSK 403\/16) wskaza\u0142, \u017ce prawo akcjonariuszy do udzia\u0142u w walnym zgromadzeniu nie sprowadza si\u0119 tylko do oddawania g\u0142os\u00f3w za lub przeciw uchwale, ale obejmuje r\u00f3wnie\u017c prawo zabierania g\u0142osu w dyskusji, kt\u00f3rej wynik mo\u017ce przes\u0105dzi\u0107 o rezultatach g\u0142osowania. To wa\u017cne rozstrzygni\u0119cie, kt\u00f3re zapewnia mniejszo\u015bciowym &hellip; <\/p>\n<p class=\"link-more\"><a href=\"https:\/\/pragmatiq.pl\/mniejszosciowi\/czy-obecnosc-akcjonariusza-mniejszosciowego-na-walnym-zgromadzeniu-jest-istotna\/\" class=\"more-link\">Continue reading<span class=\"screen-reader-text\"> &#8222;Czy obecno\u015b\u0107 akcjonariusza mniejszo\u015bciowego na walnym zgromadzeniu jest istotna?&#8221;<\/span><\/a><\/p>\n","protected":false},"author":9,"featured_media":69,"comment_status":"open","ping_status":"open","sticky":false,"template":"","format":"standard","meta":{"_acf_changed":false,"footnotes":""},"categories":[1,33],"tags":[5,8],"class_list":["post-224","post","type-post","status-publish","format-standard","has-post-thumbnail","hentry","category-bez-kategorii","category-spory-wspolnikow","tag-spolka-akcyjna","tag-wspolnik-mniejszosciowy"],"acf":[],"yoast_head":"<!-- This site is optimized with the Yoast SEO plugin v27.3 - https:\/\/yoast.com\/product\/yoast-seo-wordpress\/ -->\n<title>Czy obecno\u015b\u0107 akcjonariusza mniejszo\u015bciowego na walnym zgromadzeniu jest istotna? | mniejszosciowi.pl<\/title>\n<meta name=\"robots\" content=\"index, follow, max-snippet:-1, max-image-preview:large, max-video-preview:-1\" \/>\n<link rel=\"canonical\" href=\"https:\/\/pragmatiq.pl\/mniejszosciowi\/czy-obecnosc-akcjonariusza-mniejszosciowego-na-walnym-zgromadzeniu-jest-istotna\/\" \/>\n<meta property=\"og:locale\" content=\"pl_PL\" \/>\n<meta property=\"og:type\" content=\"article\" \/>\n<meta property=\"og:title\" content=\"Czy obecno\u015b\u0107 akcjonariusza mniejszo\u015bciowego na walnym zgromadzeniu jest istotna? | mniejszosciowi.pl\" \/>\n<meta property=\"og:description\" content=\"S\u0105d Najwy\u017cszy w orzeczeniu z 6 czerwca 2018 r. (sygn. akt. III CSK 403\/16) wskaza\u0142, \u017ce prawo akcjonariuszy do udzia\u0142u w walnym zgromadzeniu nie sprowadza si\u0119 tylko do oddawania g\u0142os\u00f3w za lub przeciw uchwale, ale obejmuje r\u00f3wnie\u017c prawo zabierania g\u0142osu w dyskusji, kt\u00f3rej wynik mo\u017ce przes\u0105dzi\u0107 o rezultatach g\u0142osowania. To wa\u017cne rozstrzygni\u0119cie, kt\u00f3re zapewnia mniejszo\u015bciowym &hellip; Continue reading &quot;Czy obecno\u015b\u0107 akcjonariusza mniejszo\u015bciowego na walnym zgromadzeniu jest istotna?&quot;\" \/>\n<meta property=\"og:url\" content=\"https:\/\/pragmatiq.pl\/mniejszosciowi\/czy-obecnosc-akcjonariusza-mniejszosciowego-na-walnym-zgromadzeniu-jest-istotna\/\" \/>\n<meta property=\"og:site_name\" content=\"Mniejszo\u015bciowi\" \/>\n<meta property=\"article:published_time\" content=\"2018-04-05T09:32:03+00:00\" \/>\n<meta property=\"article:modified_time\" content=\"2025-08-25T12:02:36+00:00\" \/>\n<meta property=\"og:image\" content=\"https:\/\/pragmatiq.pl\/mniejszosciowi\/wp-content\/uploads\/2018\/06\/mniejszosciowi_grafika_artyku\u0142-3.png\" \/>\n\t<meta property=\"og:image:width\" content=\"2000\" \/>\n\t<meta property=\"og:image:height\" content=\"625\" \/>\n\t<meta property=\"og:image:type\" content=\"image\/png\" \/>\n<meta name=\"author\" content=\"AleksanderG\" \/>\n<meta name=\"twitter:card\" content=\"summary_large_image\" \/>\n<meta name=\"twitter:label1\" content=\"Napisane przez\" \/>\n\t<meta name=\"twitter:data1\" content=\"AleksanderG\" \/>\n\t<meta name=\"twitter:label2\" content=\"Szacowany czas czytania\" \/>\n\t<meta name=\"twitter:data2\" content=\"3 minuty\" \/>\n<script type=\"application\/ld+json\" class=\"yoast-schema-graph\">{\"@context\":\"https:\\\/\\\/schema.org\",\"@graph\":[{\"@type\":\"Article\",\"@id\":\"https:\\\/\\\/pragmatiq.pl\\\/mniejszosciowi\\\/czy-obecnosc-akcjonariusza-mniejszosciowego-na-walnym-zgromadzeniu-jest-istotna\\\/#article\",\"isPartOf\":{\"@id\":\"https:\\\/\\\/pragmatiq.pl\\\/mniejszosciowi\\\/czy-obecnosc-akcjonariusza-mniejszosciowego-na-walnym-zgromadzeniu-jest-istotna\\\/\"},\"author\":{\"name\":\"AleksanderG\",\"@id\":\"https:\\\/\\\/pragmatiq.pl\\\/mniejszosciowi\\\/#\\\/schema\\\/person\\\/e4d808c0488d97460824f466d576c347\"},\"headline\":\"Czy obecno\u015b\u0107 akcjonariusza mniejszo\u015bciowego na walnym zgromadzeniu jest istotna?\",\"datePublished\":\"2018-04-05T09:32:03+00:00\",\"dateModified\":\"2025-08-25T12:02:36+00:00\",\"mainEntityOfPage\":{\"@id\":\"https:\\\/\\\/pragmatiq.pl\\\/mniejszosciowi\\\/czy-obecnosc-akcjonariusza-mniejszosciowego-na-walnym-zgromadzeniu-jest-istotna\\\/\"},\"wordCount\":573,\"commentCount\":0,\"publisher\":{\"@id\":\"https:\\\/\\\/pragmatiq.pl\\\/mniejszosciowi\\\/#organization\"},\"image\":{\"@id\":\"https:\\\/\\\/pragmatiq.pl\\\/mniejszosciowi\\\/czy-obecnosc-akcjonariusza-mniejszosciowego-na-walnym-zgromadzeniu-jest-istotna\\\/#primaryimage\"},\"thumbnailUrl\":\"https:\\\/\\\/pragmatiq.pl\\\/mniejszosciowi\\\/wp-content\\\/uploads\\\/2018\\\/06\\\/mniejszosciowi_grafika_artyku\u0142-3.png\",\"keywords\":[\"sp\u00f3\u0142ka akcyjna\",\"wsp\u00f3lnik mniejszo\u015bciowy\"],\"articleSection\":{\"1\":\"Spory wsp\u00f3lnik\u00f3w\"},\"inLanguage\":\"pl-PL\",\"potentialAction\":[{\"@type\":\"CommentAction\",\"name\":\"Comment\",\"target\":[\"https:\\\/\\\/pragmatiq.pl\\\/mniejszosciowi\\\/czy-obecnosc-akcjonariusza-mniejszosciowego-na-walnym-zgromadzeniu-jest-istotna\\\/#respond\"]}]},{\"@type\":\"WebPage\",\"@id\":\"https:\\\/\\\/pragmatiq.pl\\\/mniejszosciowi\\\/czy-obecnosc-akcjonariusza-mniejszosciowego-na-walnym-zgromadzeniu-jest-istotna\\\/\",\"url\":\"https:\\\/\\\/pragmatiq.pl\\\/mniejszosciowi\\\/czy-obecnosc-akcjonariusza-mniejszosciowego-na-walnym-zgromadzeniu-jest-istotna\\\/\",\"name\":\"Czy obecno\u015b\u0107 akcjonariusza mniejszo\u015bciowego na walnym zgromadzeniu jest istotna? | mniejszosciowi.pl\",\"isPartOf\":{\"@id\":\"https:\\\/\\\/pragmatiq.pl\\\/mniejszosciowi\\\/#website\"},\"primaryImageOfPage\":{\"@id\":\"https:\\\/\\\/pragmatiq.pl\\\/mniejszosciowi\\\/czy-obecnosc-akcjonariusza-mniejszosciowego-na-walnym-zgromadzeniu-jest-istotna\\\/#primaryimage\"},\"image\":{\"@id\":\"https:\\\/\\\/pragmatiq.pl\\\/mniejszosciowi\\\/czy-obecnosc-akcjonariusza-mniejszosciowego-na-walnym-zgromadzeniu-jest-istotna\\\/#primaryimage\"},\"thumbnailUrl\":\"https:\\\/\\\/pragmatiq.pl\\\/mniejszosciowi\\\/wp-content\\\/uploads\\\/2018\\\/06\\\/mniejszosciowi_grafika_artyku\u0142-3.png\",\"datePublished\":\"2018-04-05T09:32:03+00:00\",\"dateModified\":\"2025-08-25T12:02:36+00:00\",\"breadcrumb\":{\"@id\":\"https:\\\/\\\/pragmatiq.pl\\\/mniejszosciowi\\\/czy-obecnosc-akcjonariusza-mniejszosciowego-na-walnym-zgromadzeniu-jest-istotna\\\/#breadcrumb\"},\"inLanguage\":\"pl-PL\",\"potentialAction\":[{\"@type\":\"ReadAction\",\"target\":[\"https:\\\/\\\/pragmatiq.pl\\\/mniejszosciowi\\\/czy-obecnosc-akcjonariusza-mniejszosciowego-na-walnym-zgromadzeniu-jest-istotna\\\/\"]}]},{\"@type\":\"ImageObject\",\"inLanguage\":\"pl-PL\",\"@id\":\"https:\\\/\\\/pragmatiq.pl\\\/mniejszosciowi\\\/czy-obecnosc-akcjonariusza-mniejszosciowego-na-walnym-zgromadzeniu-jest-istotna\\\/#primaryimage\",\"url\":\"https:\\\/\\\/pragmatiq.pl\\\/mniejszosciowi\\\/wp-content\\\/uploads\\\/2018\\\/06\\\/mniejszosciowi_grafika_artyku\u0142-3.png\",\"contentUrl\":\"https:\\\/\\\/pragmatiq.pl\\\/mniejszosciowi\\\/wp-content\\\/uploads\\\/2018\\\/06\\\/mniejszosciowi_grafika_artyku\u0142-3.png\",\"width\":2000,\"height\":625},{\"@type\":\"BreadcrumbList\",\"@id\":\"https:\\\/\\\/pragmatiq.pl\\\/mniejszosciowi\\\/czy-obecnosc-akcjonariusza-mniejszosciowego-na-walnym-zgromadzeniu-jest-istotna\\\/#breadcrumb\",\"itemListElement\":[{\"@type\":\"ListItem\",\"position\":1,\"name\":\"Strona g\u0142\u00f3wna\",\"item\":\"https:\\\/\\\/pragmatiq.pl\\\/mniejszosciowi\\\/\"},{\"@type\":\"ListItem\",\"position\":2,\"name\":\"Czy obecno\u015b\u0107 akcjonariusza mniejszo\u015bciowego na walnym zgromadzeniu jest istotna?\"}]},{\"@type\":\"WebSite\",\"@id\":\"https:\\\/\\\/pragmatiq.pl\\\/mniejszosciowi\\\/#website\",\"url\":\"https:\\\/\\\/pragmatiq.pl\\\/mniejszosciowi\\\/\",\"name\":\"Mniejszo\u015bciowi\",\"description\":\"\",\"publisher\":{\"@id\":\"https:\\\/\\\/pragmatiq.pl\\\/mniejszosciowi\\\/#organization\"},\"potentialAction\":[{\"@type\":\"SearchAction\",\"target\":{\"@type\":\"EntryPoint\",\"urlTemplate\":\"https:\\\/\\\/pragmatiq.pl\\\/mniejszosciowi\\\/?s={search_term_string}\"},\"query-input\":{\"@type\":\"PropertyValueSpecification\",\"valueRequired\":true,\"valueName\":\"search_term_string\"}}],\"inLanguage\":\"pl-PL\"},{\"@type\":\"Organization\",\"@id\":\"https:\\\/\\\/pragmatiq.pl\\\/mniejszosciowi\\\/#organization\",\"name\":\"Mniejszo\u015bciowi\",\"url\":\"https:\\\/\\\/pragmatiq.pl\\\/mniejszosciowi\\\/\",\"logo\":{\"@type\":\"ImageObject\",\"inLanguage\":\"pl-PL\",\"@id\":\"https:\\\/\\\/pragmatiq.pl\\\/mniejszosciowi\\\/#\\\/schema\\\/logo\\\/image\\\/\",\"url\":\"https:\\\/\\\/pragmatiq.pl\\\/mniejszosciowi\\\/wp-content\\\/uploads\\\/2018\\\/05\\\/cropped-logo.png\",\"contentUrl\":\"https:\\\/\\\/pragmatiq.pl\\\/mniejszosciowi\\\/wp-content\\\/uploads\\\/2018\\\/05\\\/cropped-logo.png\",\"width\":952,\"height\":250,\"caption\":\"Mniejszo\u015bciowi\"},\"image\":{\"@id\":\"https:\\\/\\\/pragmatiq.pl\\\/mniejszosciowi\\\/#\\\/schema\\\/logo\\\/image\\\/\"}},{\"@type\":\"Person\",\"@id\":\"https:\\\/\\\/pragmatiq.pl\\\/mniejszosciowi\\\/#\\\/schema\\\/person\\\/e4d808c0488d97460824f466d576c347\",\"name\":\"AleksanderG\",\"image\":{\"@type\":\"ImageObject\",\"inLanguage\":\"pl-PL\",\"@id\":\"https:\\\/\\\/secure.gravatar.com\\\/avatar\\\/e0063a8a474902617274a95e9be19adbb8477e146d6b76b83e7e6e0cd7a26836?s=96&d=mm&r=g\",\"url\":\"https:\\\/\\\/secure.gravatar.com\\\/avatar\\\/e0063a8a474902617274a95e9be19adbb8477e146d6b76b83e7e6e0cd7a26836?s=96&d=mm&r=g\",\"contentUrl\":\"https:\\\/\\\/secure.gravatar.com\\\/avatar\\\/e0063a8a474902617274a95e9be19adbb8477e146d6b76b83e7e6e0cd7a26836?s=96&d=mm&r=g\",\"caption\":\"AleksanderG\"},\"url\":\"https:\\\/\\\/pragmatiq.pl\\\/mniejszosciowi\\\/author\\\/aleksanderg\\\/\"}]}<\/script>\n<!-- \/ Yoast SEO plugin. -->","yoast_head_json":{"title":"Czy obecno\u015b\u0107 akcjonariusza mniejszo\u015bciowego na walnym zgromadzeniu jest istotna? | mniejszosciowi.pl","robots":{"index":"index","follow":"follow","max-snippet":"max-snippet:-1","max-image-preview":"max-image-preview:large","max-video-preview":"max-video-preview:-1"},"canonical":"https:\/\/pragmatiq.pl\/mniejszosciowi\/czy-obecnosc-akcjonariusza-mniejszosciowego-na-walnym-zgromadzeniu-jest-istotna\/","og_locale":"pl_PL","og_type":"article","og_title":"Czy obecno\u015b\u0107 akcjonariusza mniejszo\u015bciowego na walnym zgromadzeniu jest istotna? | mniejszosciowi.pl","og_description":"S\u0105d Najwy\u017cszy w orzeczeniu z 6 czerwca 2018 r. (sygn. akt. III CSK 403\/16) wskaza\u0142, \u017ce prawo akcjonariuszy do udzia\u0142u w walnym zgromadzeniu nie sprowadza si\u0119 tylko do oddawania g\u0142os\u00f3w za lub przeciw uchwale, ale obejmuje r\u00f3wnie\u017c prawo zabierania g\u0142osu w dyskusji, kt\u00f3rej wynik mo\u017ce przes\u0105dzi\u0107 o rezultatach g\u0142osowania. To wa\u017cne rozstrzygni\u0119cie, kt\u00f3re zapewnia mniejszo\u015bciowym &hellip; Continue reading \"Czy obecno\u015b\u0107 akcjonariusza mniejszo\u015bciowego na walnym zgromadzeniu jest istotna?\"","og_url":"https:\/\/pragmatiq.pl\/mniejszosciowi\/czy-obecnosc-akcjonariusza-mniejszosciowego-na-walnym-zgromadzeniu-jest-istotna\/","og_site_name":"Mniejszo\u015bciowi","article_published_time":"2018-04-05T09:32:03+00:00","article_modified_time":"2025-08-25T12:02:36+00:00","og_image":[{"width":2000,"height":625,"url":"https:\/\/pragmatiq.pl\/mniejszosciowi\/wp-content\/uploads\/2018\/06\/mniejszosciowi_grafika_artyku\u0142-3.png","type":"image\/png"}],"author":"AleksanderG","twitter_card":"summary_large_image","twitter_misc":{"Napisane przez":"AleksanderG","Szacowany czas czytania":"3 minuty"},"schema":{"@context":"https:\/\/schema.org","@graph":[{"@type":"Article","@id":"https:\/\/pragmatiq.pl\/mniejszosciowi\/czy-obecnosc-akcjonariusza-mniejszosciowego-na-walnym-zgromadzeniu-jest-istotna\/#article","isPartOf":{"@id":"https:\/\/pragmatiq.pl\/mniejszosciowi\/czy-obecnosc-akcjonariusza-mniejszosciowego-na-walnym-zgromadzeniu-jest-istotna\/"},"author":{"name":"AleksanderG","@id":"https:\/\/pragmatiq.pl\/mniejszosciowi\/#\/schema\/person\/e4d808c0488d97460824f466d576c347"},"headline":"Czy obecno\u015b\u0107 akcjonariusza mniejszo\u015bciowego na walnym zgromadzeniu jest istotna?","datePublished":"2018-04-05T09:32:03+00:00","dateModified":"2025-08-25T12:02:36+00:00","mainEntityOfPage":{"@id":"https:\/\/pragmatiq.pl\/mniejszosciowi\/czy-obecnosc-akcjonariusza-mniejszosciowego-na-walnym-zgromadzeniu-jest-istotna\/"},"wordCount":573,"commentCount":0,"publisher":{"@id":"https:\/\/pragmatiq.pl\/mniejszosciowi\/#organization"},"image":{"@id":"https:\/\/pragmatiq.pl\/mniejszosciowi\/czy-obecnosc-akcjonariusza-mniejszosciowego-na-walnym-zgromadzeniu-jest-istotna\/#primaryimage"},"thumbnailUrl":"https:\/\/pragmatiq.pl\/mniejszosciowi\/wp-content\/uploads\/2018\/06\/mniejszosciowi_grafika_artyku\u0142-3.png","keywords":["sp\u00f3\u0142ka akcyjna","wsp\u00f3lnik mniejszo\u015bciowy"],"articleSection":{"1":"Spory wsp\u00f3lnik\u00f3w"},"inLanguage":"pl-PL","potentialAction":[{"@type":"CommentAction","name":"Comment","target":["https:\/\/pragmatiq.pl\/mniejszosciowi\/czy-obecnosc-akcjonariusza-mniejszosciowego-na-walnym-zgromadzeniu-jest-istotna\/#respond"]}]},{"@type":"WebPage","@id":"https:\/\/pragmatiq.pl\/mniejszosciowi\/czy-obecnosc-akcjonariusza-mniejszosciowego-na-walnym-zgromadzeniu-jest-istotna\/","url":"https:\/\/pragmatiq.pl\/mniejszosciowi\/czy-obecnosc-akcjonariusza-mniejszosciowego-na-walnym-zgromadzeniu-jest-istotna\/","name":"Czy obecno\u015b\u0107 akcjonariusza mniejszo\u015bciowego na walnym zgromadzeniu jest istotna? | mniejszosciowi.pl","isPartOf":{"@id":"https:\/\/pragmatiq.pl\/mniejszosciowi\/#website"},"primaryImageOfPage":{"@id":"https:\/\/pragmatiq.pl\/mniejszosciowi\/czy-obecnosc-akcjonariusza-mniejszosciowego-na-walnym-zgromadzeniu-jest-istotna\/#primaryimage"},"image":{"@id":"https:\/\/pragmatiq.pl\/mniejszosciowi\/czy-obecnosc-akcjonariusza-mniejszosciowego-na-walnym-zgromadzeniu-jest-istotna\/#primaryimage"},"thumbnailUrl":"https:\/\/pragmatiq.pl\/mniejszosciowi\/wp-content\/uploads\/2018\/06\/mniejszosciowi_grafika_artyku\u0142-3.png","datePublished":"2018-04-05T09:32:03+00:00","dateModified":"2025-08-25T12:02:36+00:00","breadcrumb":{"@id":"https:\/\/pragmatiq.pl\/mniejszosciowi\/czy-obecnosc-akcjonariusza-mniejszosciowego-na-walnym-zgromadzeniu-jest-istotna\/#breadcrumb"},"inLanguage":"pl-PL","potentialAction":[{"@type":"ReadAction","target":["https:\/\/pragmatiq.pl\/mniejszosciowi\/czy-obecnosc-akcjonariusza-mniejszosciowego-na-walnym-zgromadzeniu-jest-istotna\/"]}]},{"@type":"ImageObject","inLanguage":"pl-PL","@id":"https:\/\/pragmatiq.pl\/mniejszosciowi\/czy-obecnosc-akcjonariusza-mniejszosciowego-na-walnym-zgromadzeniu-jest-istotna\/#primaryimage","url":"https:\/\/pragmatiq.pl\/mniejszosciowi\/wp-content\/uploads\/2018\/06\/mniejszosciowi_grafika_artyku\u0142-3.png","contentUrl":"https:\/\/pragmatiq.pl\/mniejszosciowi\/wp-content\/uploads\/2018\/06\/mniejszosciowi_grafika_artyku\u0142-3.png","width":2000,"height":625},{"@type":"BreadcrumbList","@id":"https:\/\/pragmatiq.pl\/mniejszosciowi\/czy-obecnosc-akcjonariusza-mniejszosciowego-na-walnym-zgromadzeniu-jest-istotna\/#breadcrumb","itemListElement":[{"@type":"ListItem","position":1,"name":"Strona g\u0142\u00f3wna","item":"https:\/\/pragmatiq.pl\/mniejszosciowi\/"},{"@type":"ListItem","position":2,"name":"Czy obecno\u015b\u0107 akcjonariusza mniejszo\u015bciowego na walnym zgromadzeniu jest istotna?"}]},{"@type":"WebSite","@id":"https:\/\/pragmatiq.pl\/mniejszosciowi\/#website","url":"https:\/\/pragmatiq.pl\/mniejszosciowi\/","name":"Mniejszo\u015bciowi","description":"","publisher":{"@id":"https:\/\/pragmatiq.pl\/mniejszosciowi\/#organization"},"potentialAction":[{"@type":"SearchAction","target":{"@type":"EntryPoint","urlTemplate":"https:\/\/pragmatiq.pl\/mniejszosciowi\/?s={search_term_string}"},"query-input":{"@type":"PropertyValueSpecification","valueRequired":true,"valueName":"search_term_string"}}],"inLanguage":"pl-PL"},{"@type":"Organization","@id":"https:\/\/pragmatiq.pl\/mniejszosciowi\/#organization","name":"Mniejszo\u015bciowi","url":"https:\/\/pragmatiq.pl\/mniejszosciowi\/","logo":{"@type":"ImageObject","inLanguage":"pl-PL","@id":"https:\/\/pragmatiq.pl\/mniejszosciowi\/#\/schema\/logo\/image\/","url":"https:\/\/pragmatiq.pl\/mniejszosciowi\/wp-content\/uploads\/2018\/05\/cropped-logo.png","contentUrl":"https:\/\/pragmatiq.pl\/mniejszosciowi\/wp-content\/uploads\/2018\/05\/cropped-logo.png","width":952,"height":250,"caption":"Mniejszo\u015bciowi"},"image":{"@id":"https:\/\/pragmatiq.pl\/mniejszosciowi\/#\/schema\/logo\/image\/"}},{"@type":"Person","@id":"https:\/\/pragmatiq.pl\/mniejszosciowi\/#\/schema\/person\/e4d808c0488d97460824f466d576c347","name":"AleksanderG","image":{"@type":"ImageObject","inLanguage":"pl-PL","@id":"https:\/\/secure.gravatar.com\/avatar\/e0063a8a474902617274a95e9be19adbb8477e146d6b76b83e7e6e0cd7a26836?s=96&d=mm&r=g","url":"https:\/\/secure.gravatar.com\/avatar\/e0063a8a474902617274a95e9be19adbb8477e146d6b76b83e7e6e0cd7a26836?s=96&d=mm&r=g","contentUrl":"https:\/\/secure.gravatar.com\/avatar\/e0063a8a474902617274a95e9be19adbb8477e146d6b76b83e7e6e0cd7a26836?s=96&d=mm&r=g","caption":"AleksanderG"},"url":"https:\/\/pragmatiq.pl\/mniejszosciowi\/author\/aleksanderg\/"}]}},"_links":{"self":[{"href":"https:\/\/pragmatiq.pl\/mniejszosciowi\/wp-json\/wp\/v2\/posts\/224","targetHints":{"allow":["GET"]}}],"collection":[{"href":"https:\/\/pragmatiq.pl\/mniejszosciowi\/wp-json\/wp\/v2\/posts"}],"about":[{"href":"https:\/\/pragmatiq.pl\/mniejszosciowi\/wp-json\/wp\/v2\/types\/post"}],"author":[{"embeddable":true,"href":"https:\/\/pragmatiq.pl\/mniejszosciowi\/wp-json\/wp\/v2\/users\/9"}],"replies":[{"embeddable":true,"href":"https:\/\/pragmatiq.pl\/mniejszosciowi\/wp-json\/wp\/v2\/comments?post=224"}],"version-history":[{"count":4,"href":"https:\/\/pragmatiq.pl\/mniejszosciowi\/wp-json\/wp\/v2\/posts\/224\/revisions"}],"predecessor-version":[{"id":1014,"href":"https:\/\/pragmatiq.pl\/mniejszosciowi\/wp-json\/wp\/v2\/posts\/224\/revisions\/1014"}],"wp:featuredmedia":[{"embeddable":true,"href":"https:\/\/pragmatiq.pl\/mniejszosciowi\/wp-json\/wp\/v2\/media\/69"}],"wp:attachment":[{"href":"https:\/\/pragmatiq.pl\/mniejszosciowi\/wp-json\/wp\/v2\/media?parent=224"}],"wp:term":[{"taxonomy":"category","embeddable":true,"href":"https:\/\/pragmatiq.pl\/mniejszosciowi\/wp-json\/wp\/v2\/categories?post=224"},{"taxonomy":"post_tag","embeddable":true,"href":"https:\/\/pragmatiq.pl\/mniejszosciowi\/wp-json\/wp\/v2\/tags?post=224"}],"curies":[{"name":"wp","href":"https:\/\/api.w.org\/{rel}","templated":true}]}}