{"id":214,"date":"2018-01-05T16:41:30","date_gmt":"2018-01-05T15:41:30","guid":{"rendered":"http:\/\/mniejszosciowi.pl\/?p=214"},"modified":"2025-10-14T13:19:12","modified_gmt":"2025-10-14T11:19:12","slug":"autorzy-strony-mniejszosciowi-pl-tworca-roku-2019","status":"publish","type":"post","link":"https:\/\/pragmatiq.pl\/mniejszosciowi\/autorzy-strony-mniejszosciowi-pl-tworca-roku-2019\/","title":{"rendered":"Autorzy strony Mniejszosciowi.pl \u201eTw\u00f3rc\u0105 Roku 2019\u201d"},"content":{"rendered":"<p>W ramach odbywaj\u0105cego si\u0119 wydarzenia\u00a0<a href=\"https:\/\/www.facebook.com\/InfluencerLIVE\/?__tn__=K-R&amp;eid=ARAz7hJ38eaDnJT0ogeEoD1qJalhpBAWaG7YKFbKMlWKgnAsRze316hIBqm1AR8OInqfEW3c006bkv-f&amp;fref=mentions&amp;__xts__%5B0%5D=68.ARBz-eR-LCaX7nT7vM981wEHahQ5N4k76_1Up7FgAEHseVzWqiDeJXDrZqapeID539BuKTbhOS6xI5Xld5lTWyfRwER0aQHZTuXOge7AU2nns7jJlxi2aqKd7YrLpwT0I0hDub__1VM43C-6DfYPIyzjjNBdZ1kAaZ3leY_bAnsxj2b87RcPQVMHlIDGJK9ec9NEsdwkCxFD0cFl6fcSWcaXXksrGMfxNAg55ptXZasLLou8UYwnt5_SchMzHQocTTdQyIT0F8W5HD6r-etU26vLmc6SOqEeezrLYlloefMq1NPIAfxndnT4hhqQU5kP7PqiWU2t6-4cxqOSc89eXfp5nQ\">Influencer LIVE Pozna\u0144<\/a>, kilkunastu juror\u00f3w na czele z\u00a0<a href=\"https:\/\/www.facebook.com\/michal.szafranski?__tn__=K-R&amp;eid=ARDOB5OdhGcreJPBjmJf_xa6KLM-9NJ-bmOVUBHktzVHrqHRDxJs4q2BBPD9fd5eZruhPIQCb9tR_Q8S&amp;fref=mentions&amp;__xts__%5B0%5D=68.ARBz-eR-LCaX7nT7vM981wEHahQ5N4k76_1Up7FgAEHseVzWqiDeJXDrZqapeID539BuKTbhOS6xI5Xld5lTWyfRwER0aQHZTuXOge7AU2nns7jJlxi2aqKd7YrLpwT0I0hDub__1VM43C-6DfYPIyzjjNBdZ1kAaZ3leY_bAnsxj2b87RcPQVMHlIDGJK9ec9NEsdwkCxFD0cFl6fcSWcaXXksrGMfxNAg55ptXZasLLou8UYwnt5_SchMzHQocTTdQyIT0F8W5HD6r-etU26vLmc6SOqEeezrLYlloefMq1NPIAfxndnT4hhqQU5kP7PqiWU2t6-4cxqOSc89eXfp5nQ\">Micha\u0142em Szafra\u0144skim\u00a0<\/a>(<a href=\"https:\/\/finansowyninja.pl\/\">Finansowy Ninja<\/a>) przyzna\u0142o naszemu portalowi Komandytowa.pl tytu\u0142 \u201eTw\u00f3rca Roku 2019\u201d w kategorii \u201eFirmowe i finansowe\u201d. Od pocz\u0105tku istnienia Kancelarii Prawnej PragmatIQ stawiamy na warto\u015bciowe tre\u015bci. Z powodzeniem wsp\u00f3lnie tworzymy kilka portali, kt\u00f3re ciesz\u0105 si\u0119 du\u017cym powodzeniem w\u015br\u00f3d os\u00f3b chc\u0105cych zdoby\u0107 praktyczn\u0105 wiedz\u0119. 11 maja zosta\u0142y og\u0142oszone wyniki jednego z najbardziej presti\u017cowych konkurs\u00f3w \u2013 <a href=\"https:\/\/galatworcow.pl\/\" rel=\"nofollow\">\u201eGala Tw\u00f3rc\u00f3w 2019\u201d<\/a> (dawniej Blog Roku). Konkurs ten dedykowany jest tw\u00f3rcom \u2013 liderom, kt\u00f3rzy swoimi dzia\u0142aniami wyznaczaj\u0105 trendy w polskim Internecie.<\/p>\n<p><a href=\"http:\/\/komandytowa.pl\" target=\"_blank\" rel=\"noopener\">Komandytowa.pl<\/a> odnotowa\u0142a do tej pory: 2 725 187 ods\u0142on artyku\u0142\u00f3w, 866 801 u\u017cytkownik\u00f3w, 300 opublikowanych artyku\u0142\u00f3w. Blog znalaz\u0142 si\u0119 w finale w\u015br\u00f3d 33 najwi\u0119kszych influencer\u00f3w polskiej przestrzeni wirtualnej.\u00a0Komisja konkursowa zdecydowa\u0142a si\u0119 umie\u015bci\u0107 nas w najlepszej tr\u00f3jce kategorii: Firmowe i finansowe.\u00a0W finale wybrano nas jako zwyci\u0119zc\u0119\u00a0i zostali\u015bmy\u00a0&#8222;Tw\u00f3rc\u0105 roku 2019&#8221;!<\/p>\n<p>To dla nas du\u017ce wyr\u00f3\u017cnienie i dow\u00f3d uznania. Blog, ksi\u0105\u017cki, szkolenia, wyk\u0142ady, filmy na YouTubie to wiele godzin ci\u0119\u017ckiej pracy kilkudziesi\u0119ciu os\u00f3b. Dzi\u0119kujemy wszystkim zaanga\u017cowanym w ten projekt. To nasz wsp\u00f3lny sukces!\u00a0Prawnicy potrafi\u0105 by\u0107 pragmatyczni&#8230; i potrafi\u0105 &#8222;robi\u0107 Internet&#8221;!<\/p>\n","protected":false},"excerpt":{"rendered":"<p>W ramach odbywaj\u0105cego si\u0119 wydarzenia\u00a0Influencer LIVE Pozna\u0144, kilkunastu juror\u00f3w na czele z\u00a0Micha\u0142em Szafra\u0144skim\u00a0(Finansowy Ninja) przyzna\u0142o naszemu portalowi Komandytowa.pl tytu\u0142 \u201eTw\u00f3rca Roku 2019\u201d w kategorii \u201eFirmowe i finansowe\u201d. Od pocz\u0105tku istnienia Kancelarii Prawnej PragmatIQ stawiamy na warto\u015bciowe tre\u015bci. Z powodzeniem wsp\u00f3lnie tworzymy kilka portali, kt\u00f3re ciesz\u0105 si\u0119 du\u017cym powodzeniem w\u015br\u00f3d os\u00f3b chc\u0105cych zdoby\u0107 praktyczn\u0105 wiedz\u0119. 11 &hellip; <\/p>\n<p class=\"link-more\"><a href=\"https:\/\/pragmatiq.pl\/mniejszosciowi\/autorzy-strony-mniejszosciowi-pl-tworca-roku-2019\/\" class=\"more-link\">Continue reading<span class=\"screen-reader-text\"> &#8222;Autorzy strony Mniejszosciowi.pl \u201eTw\u00f3rc\u0105 Roku 2019\u201d&#8221;<\/span><\/a><\/p>\n","protected":false},"author":9,"featured_media":215,"comment_status":"open","ping_status":"open","sticky":false,"template":"","format":"standard","meta":{"_acf_changed":false,"footnotes":""},"categories":[1,33],"tags":[],"class_list":["post-214","post","type-post","status-publish","format-standard","has-post-thumbnail","hentry","category-bez-kategorii","category-spory-wspolnikow"],"acf":[],"yoast_head":"<!-- This site is optimized with the Yoast SEO plugin v27.3 - https:\/\/yoast.com\/product\/yoast-seo-wordpress\/ -->\n<title>Autorzy strony Mniejszosciowi.pl \u201eTw\u00f3rc\u0105 Roku 2019\u201d | mniejszosciowi.pl<\/title>\n<meta name=\"robots\" content=\"index, follow, max-snippet:-1, max-image-preview:large, max-video-preview:-1\" \/>\n<link rel=\"canonical\" href=\"https:\/\/pragmatiq.pl\/mniejszosciowi\/autorzy-strony-mniejszosciowi-pl-tworca-roku-2019\/\" \/>\n<meta property=\"og:locale\" content=\"pl_PL\" \/>\n<meta property=\"og:type\" content=\"article\" \/>\n<meta property=\"og:title\" content=\"Autorzy strony Mniejszosciowi.pl \u201eTw\u00f3rc\u0105 Roku 2019\u201d | mniejszosciowi.pl\" \/>\n<meta property=\"og:description\" content=\"W ramach odbywaj\u0105cego si\u0119 wydarzenia\u00a0Influencer LIVE Pozna\u0144, kilkunastu juror\u00f3w na czele z\u00a0Micha\u0142em Szafra\u0144skim\u00a0(Finansowy Ninja) przyzna\u0142o naszemu portalowi Komandytowa.pl tytu\u0142 \u201eTw\u00f3rca Roku 2019\u201d w kategorii \u201eFirmowe i finansowe\u201d. Od pocz\u0105tku istnienia Kancelarii Prawnej PragmatIQ stawiamy na warto\u015bciowe tre\u015bci. Z powodzeniem wsp\u00f3lnie tworzymy kilka portali, kt\u00f3re ciesz\u0105 si\u0119 du\u017cym powodzeniem w\u015br\u00f3d os\u00f3b chc\u0105cych zdoby\u0107 praktyczn\u0105 wiedz\u0119. 11 &hellip; Continue reading &quot;Autorzy strony Mniejszosciowi.pl \u201eTw\u00f3rc\u0105 Roku 2019\u201d&quot;\" \/>\n<meta property=\"og:url\" content=\"https:\/\/pragmatiq.pl\/mniejszosciowi\/autorzy-strony-mniejszosciowi-pl-tworca-roku-2019\/\" \/>\n<meta property=\"og:site_name\" content=\"Mniejszo\u015bciowi\" \/>\n<meta property=\"article:published_time\" content=\"2018-01-05T15:41:30+00:00\" \/>\n<meta property=\"article:modified_time\" content=\"2025-10-14T11:19:12+00:00\" \/>\n<meta property=\"og:image\" content=\"https:\/\/pragmatiq.pl\/mniejszosciowi\/wp-content\/uploads\/2019\/05\/mniejszosciowi_grafika_artyku\u0142-11kom.png\" \/>\n\t<meta property=\"og:image:width\" content=\"2000\" \/>\n\t<meta property=\"og:image:height\" content=\"625\" \/>\n\t<meta property=\"og:image:type\" content=\"image\/png\" \/>\n<meta name=\"author\" content=\"AleksanderG\" \/>\n<meta name=\"twitter:card\" content=\"summary_large_image\" \/>\n<meta name=\"twitter:label1\" content=\"Napisane przez\" \/>\n\t<meta name=\"twitter:data1\" content=\"AleksanderG\" \/>\n\t<meta name=\"twitter:label2\" content=\"Szacowany czas czytania\" \/>\n\t<meta name=\"twitter:data2\" content=\"2 minuty\" \/>\n<script type=\"application\/ld+json\" class=\"yoast-schema-graph\">{\"@context\":\"https:\\\/\\\/schema.org\",\"@graph\":[{\"@type\":\"Article\",\"@id\":\"https:\\\/\\\/pragmatiq.pl\\\/mniejszosciowi\\\/autorzy-strony-mniejszosciowi-pl-tworca-roku-2019\\\/#article\",\"isPartOf\":{\"@id\":\"https:\\\/\\\/pragmatiq.pl\\\/mniejszosciowi\\\/autorzy-strony-mniejszosciowi-pl-tworca-roku-2019\\\/\"},\"author\":{\"name\":\"AleksanderG\",\"@id\":\"https:\\\/\\\/pragmatiq.pl\\\/mniejszosciowi\\\/#\\\/schema\\\/person\\\/e4d808c0488d97460824f466d576c347\"},\"headline\":\"Autorzy strony Mniejszosciowi.pl \u201eTw\u00f3rc\u0105 Roku 2019\u201d\",\"datePublished\":\"2018-01-05T15:41:30+00:00\",\"dateModified\":\"2025-10-14T11:19:12+00:00\",\"mainEntityOfPage\":{\"@id\":\"https:\\\/\\\/pragmatiq.pl\\\/mniejszosciowi\\\/autorzy-strony-mniejszosciowi-pl-tworca-roku-2019\\\/\"},\"wordCount\":229,\"commentCount\":0,\"publisher\":{\"@id\":\"https:\\\/\\\/pragmatiq.pl\\\/mniejszosciowi\\\/#organization\"},\"image\":{\"@id\":\"https:\\\/\\\/pragmatiq.pl\\\/mniejszosciowi\\\/autorzy-strony-mniejszosciowi-pl-tworca-roku-2019\\\/#primaryimage\"},\"thumbnailUrl\":\"https:\\\/\\\/pragmatiq.pl\\\/mniejszosciowi\\\/wp-content\\\/uploads\\\/2019\\\/05\\\/mniejszosciowi_grafika_artyku\u0142-11kom.png\",\"articleSection\":{\"1\":\"Spory wsp\u00f3lnik\u00f3w\"},\"inLanguage\":\"pl-PL\",\"potentialAction\":[{\"@type\":\"CommentAction\",\"name\":\"Comment\",\"target\":[\"https:\\\/\\\/pragmatiq.pl\\\/mniejszosciowi\\\/autorzy-strony-mniejszosciowi-pl-tworca-roku-2019\\\/#respond\"]}]},{\"@type\":\"WebPage\",\"@id\":\"https:\\\/\\\/pragmatiq.pl\\\/mniejszosciowi\\\/autorzy-strony-mniejszosciowi-pl-tworca-roku-2019\\\/\",\"url\":\"https:\\\/\\\/pragmatiq.pl\\\/mniejszosciowi\\\/autorzy-strony-mniejszosciowi-pl-tworca-roku-2019\\\/\",\"name\":\"Autorzy strony Mniejszosciowi.pl \u201eTw\u00f3rc\u0105 Roku 2019\u201d | mniejszosciowi.pl\",\"isPartOf\":{\"@id\":\"https:\\\/\\\/pragmatiq.pl\\\/mniejszosciowi\\\/#website\"},\"primaryImageOfPage\":{\"@id\":\"https:\\\/\\\/pragmatiq.pl\\\/mniejszosciowi\\\/autorzy-strony-mniejszosciowi-pl-tworca-roku-2019\\\/#primaryimage\"},\"image\":{\"@id\":\"https:\\\/\\\/pragmatiq.pl\\\/mniejszosciowi\\\/autorzy-strony-mniejszosciowi-pl-tworca-roku-2019\\\/#primaryimage\"},\"thumbnailUrl\":\"https:\\\/\\\/pragmatiq.pl\\\/mniejszosciowi\\\/wp-content\\\/uploads\\\/2019\\\/05\\\/mniejszosciowi_grafika_artyku\u0142-11kom.png\",\"datePublished\":\"2018-01-05T15:41:30+00:00\",\"dateModified\":\"2025-10-14T11:19:12+00:00\",\"breadcrumb\":{\"@id\":\"https:\\\/\\\/pragmatiq.pl\\\/mniejszosciowi\\\/autorzy-strony-mniejszosciowi-pl-tworca-roku-2019\\\/#breadcrumb\"},\"inLanguage\":\"pl-PL\",\"potentialAction\":[{\"@type\":\"ReadAction\",\"target\":[\"https:\\\/\\\/pragmatiq.pl\\\/mniejszosciowi\\\/autorzy-strony-mniejszosciowi-pl-tworca-roku-2019\\\/\"]}]},{\"@type\":\"ImageObject\",\"inLanguage\":\"pl-PL\",\"@id\":\"https:\\\/\\\/pragmatiq.pl\\\/mniejszosciowi\\\/autorzy-strony-mniejszosciowi-pl-tworca-roku-2019\\\/#primaryimage\",\"url\":\"https:\\\/\\\/pragmatiq.pl\\\/mniejszosciowi\\\/wp-content\\\/uploads\\\/2019\\\/05\\\/mniejszosciowi_grafika_artyku\u0142-11kom.png\",\"contentUrl\":\"https:\\\/\\\/pragmatiq.pl\\\/mniejszosciowi\\\/wp-content\\\/uploads\\\/2019\\\/05\\\/mniejszosciowi_grafika_artyku\u0142-11kom.png\",\"width\":2000,\"height\":625,\"caption\":\"Autorzy strony Mniejszosciowi.pl \u201eTw\u00f3rc\u0105 Roku 2019\u201d\"},{\"@type\":\"BreadcrumbList\",\"@id\":\"https:\\\/\\\/pragmatiq.pl\\\/mniejszosciowi\\\/autorzy-strony-mniejszosciowi-pl-tworca-roku-2019\\\/#breadcrumb\",\"itemListElement\":[{\"@type\":\"ListItem\",\"position\":1,\"name\":\"Strona g\u0142\u00f3wna\",\"item\":\"https:\\\/\\\/pragmatiq.pl\\\/mniejszosciowi\\\/\"},{\"@type\":\"ListItem\",\"position\":2,\"name\":\"Autorzy strony Mniejszosciowi.pl \u201eTw\u00f3rc\u0105 Roku 2019\u201d\"}]},{\"@type\":\"WebSite\",\"@id\":\"https:\\\/\\\/pragmatiq.pl\\\/mniejszosciowi\\\/#website\",\"url\":\"https:\\\/\\\/pragmatiq.pl\\\/mniejszosciowi\\\/\",\"name\":\"Mniejszo\u015bciowi\",\"description\":\"\",\"publisher\":{\"@id\":\"https:\\\/\\\/pragmatiq.pl\\\/mniejszosciowi\\\/#organization\"},\"potentialAction\":[{\"@type\":\"SearchAction\",\"target\":{\"@type\":\"EntryPoint\",\"urlTemplate\":\"https:\\\/\\\/pragmatiq.pl\\\/mniejszosciowi\\\/?s={search_term_string}\"},\"query-input\":{\"@type\":\"PropertyValueSpecification\",\"valueRequired\":true,\"valueName\":\"search_term_string\"}}],\"inLanguage\":\"pl-PL\"},{\"@type\":\"Organization\",\"@id\":\"https:\\\/\\\/pragmatiq.pl\\\/mniejszosciowi\\\/#organization\",\"name\":\"Mniejszo\u015bciowi\",\"url\":\"https:\\\/\\\/pragmatiq.pl\\\/mniejszosciowi\\\/\",\"logo\":{\"@type\":\"ImageObject\",\"inLanguage\":\"pl-PL\",\"@id\":\"https:\\\/\\\/pragmatiq.pl\\\/mniejszosciowi\\\/#\\\/schema\\\/logo\\\/image\\\/\",\"url\":\"https:\\\/\\\/pragmatiq.pl\\\/mniejszosciowi\\\/wp-content\\\/uploads\\\/2018\\\/05\\\/cropped-logo.png\",\"contentUrl\":\"https:\\\/\\\/pragmatiq.pl\\\/mniejszosciowi\\\/wp-content\\\/uploads\\\/2018\\\/05\\\/cropped-logo.png\",\"width\":952,\"height\":250,\"caption\":\"Mniejszo\u015bciowi\"},\"image\":{\"@id\":\"https:\\\/\\\/pragmatiq.pl\\\/mniejszosciowi\\\/#\\\/schema\\\/logo\\\/image\\\/\"}},{\"@type\":\"Person\",\"@id\":\"https:\\\/\\\/pragmatiq.pl\\\/mniejszosciowi\\\/#\\\/schema\\\/person\\\/e4d808c0488d97460824f466d576c347\",\"name\":\"AleksanderG\",\"image\":{\"@type\":\"ImageObject\",\"inLanguage\":\"pl-PL\",\"@id\":\"https:\\\/\\\/secure.gravatar.com\\\/avatar\\\/e0063a8a474902617274a95e9be19adbb8477e146d6b76b83e7e6e0cd7a26836?s=96&d=mm&r=g\",\"url\":\"https:\\\/\\\/secure.gravatar.com\\\/avatar\\\/e0063a8a474902617274a95e9be19adbb8477e146d6b76b83e7e6e0cd7a26836?s=96&d=mm&r=g\",\"contentUrl\":\"https:\\\/\\\/secure.gravatar.com\\\/avatar\\\/e0063a8a474902617274a95e9be19adbb8477e146d6b76b83e7e6e0cd7a26836?s=96&d=mm&r=g\",\"caption\":\"AleksanderG\"},\"url\":\"https:\\\/\\\/pragmatiq.pl\\\/mniejszosciowi\\\/author\\\/aleksanderg\\\/\"}]}<\/script>\n<!-- \/ Yoast SEO plugin. -->","yoast_head_json":{"title":"Autorzy strony Mniejszosciowi.pl \u201eTw\u00f3rc\u0105 Roku 2019\u201d | mniejszosciowi.pl","robots":{"index":"index","follow":"follow","max-snippet":"max-snippet:-1","max-image-preview":"max-image-preview:large","max-video-preview":"max-video-preview:-1"},"canonical":"https:\/\/pragmatiq.pl\/mniejszosciowi\/autorzy-strony-mniejszosciowi-pl-tworca-roku-2019\/","og_locale":"pl_PL","og_type":"article","og_title":"Autorzy strony Mniejszosciowi.pl \u201eTw\u00f3rc\u0105 Roku 2019\u201d | mniejszosciowi.pl","og_description":"W ramach odbywaj\u0105cego si\u0119 wydarzenia\u00a0Influencer LIVE Pozna\u0144, kilkunastu juror\u00f3w na czele z\u00a0Micha\u0142em Szafra\u0144skim\u00a0(Finansowy Ninja) przyzna\u0142o naszemu portalowi Komandytowa.pl tytu\u0142 \u201eTw\u00f3rca Roku 2019\u201d w kategorii \u201eFirmowe i finansowe\u201d. Od pocz\u0105tku istnienia Kancelarii Prawnej PragmatIQ stawiamy na warto\u015bciowe tre\u015bci. Z powodzeniem wsp\u00f3lnie tworzymy kilka portali, kt\u00f3re ciesz\u0105 si\u0119 du\u017cym powodzeniem w\u015br\u00f3d os\u00f3b chc\u0105cych zdoby\u0107 praktyczn\u0105 wiedz\u0119. 11 &hellip; Continue reading \"Autorzy strony Mniejszosciowi.pl \u201eTw\u00f3rc\u0105 Roku 2019\u201d\"","og_url":"https:\/\/pragmatiq.pl\/mniejszosciowi\/autorzy-strony-mniejszosciowi-pl-tworca-roku-2019\/","og_site_name":"Mniejszo\u015bciowi","article_published_time":"2018-01-05T15:41:30+00:00","article_modified_time":"2025-10-14T11:19:12+00:00","og_image":[{"width":2000,"height":625,"url":"https:\/\/pragmatiq.pl\/mniejszosciowi\/wp-content\/uploads\/2019\/05\/mniejszosciowi_grafika_artyku\u0142-11kom.png","type":"image\/png"}],"author":"AleksanderG","twitter_card":"summary_large_image","twitter_misc":{"Napisane przez":"AleksanderG","Szacowany czas czytania":"2 minuty"},"schema":{"@context":"https:\/\/schema.org","@graph":[{"@type":"Article","@id":"https:\/\/pragmatiq.pl\/mniejszosciowi\/autorzy-strony-mniejszosciowi-pl-tworca-roku-2019\/#article","isPartOf":{"@id":"https:\/\/pragmatiq.pl\/mniejszosciowi\/autorzy-strony-mniejszosciowi-pl-tworca-roku-2019\/"},"author":{"name":"AleksanderG","@id":"https:\/\/pragmatiq.pl\/mniejszosciowi\/#\/schema\/person\/e4d808c0488d97460824f466d576c347"},"headline":"Autorzy strony Mniejszosciowi.pl \u201eTw\u00f3rc\u0105 Roku 2019\u201d","datePublished":"2018-01-05T15:41:30+00:00","dateModified":"2025-10-14T11:19:12+00:00","mainEntityOfPage":{"@id":"https:\/\/pragmatiq.pl\/mniejszosciowi\/autorzy-strony-mniejszosciowi-pl-tworca-roku-2019\/"},"wordCount":229,"commentCount":0,"publisher":{"@id":"https:\/\/pragmatiq.pl\/mniejszosciowi\/#organization"},"image":{"@id":"https:\/\/pragmatiq.pl\/mniejszosciowi\/autorzy-strony-mniejszosciowi-pl-tworca-roku-2019\/#primaryimage"},"thumbnailUrl":"https:\/\/pragmatiq.pl\/mniejszosciowi\/wp-content\/uploads\/2019\/05\/mniejszosciowi_grafika_artyku\u0142-11kom.png","articleSection":{"1":"Spory wsp\u00f3lnik\u00f3w"},"inLanguage":"pl-PL","potentialAction":[{"@type":"CommentAction","name":"Comment","target":["https:\/\/pragmatiq.pl\/mniejszosciowi\/autorzy-strony-mniejszosciowi-pl-tworca-roku-2019\/#respond"]}]},{"@type":"WebPage","@id":"https:\/\/pragmatiq.pl\/mniejszosciowi\/autorzy-strony-mniejszosciowi-pl-tworca-roku-2019\/","url":"https:\/\/pragmatiq.pl\/mniejszosciowi\/autorzy-strony-mniejszosciowi-pl-tworca-roku-2019\/","name":"Autorzy strony Mniejszosciowi.pl \u201eTw\u00f3rc\u0105 Roku 2019\u201d | mniejszosciowi.pl","isPartOf":{"@id":"https:\/\/pragmatiq.pl\/mniejszosciowi\/#website"},"primaryImageOfPage":{"@id":"https:\/\/pragmatiq.pl\/mniejszosciowi\/autorzy-strony-mniejszosciowi-pl-tworca-roku-2019\/#primaryimage"},"image":{"@id":"https:\/\/pragmatiq.pl\/mniejszosciowi\/autorzy-strony-mniejszosciowi-pl-tworca-roku-2019\/#primaryimage"},"thumbnailUrl":"https:\/\/pragmatiq.pl\/mniejszosciowi\/wp-content\/uploads\/2019\/05\/mniejszosciowi_grafika_artyku\u0142-11kom.png","datePublished":"2018-01-05T15:41:30+00:00","dateModified":"2025-10-14T11:19:12+00:00","breadcrumb":{"@id":"https:\/\/pragmatiq.pl\/mniejszosciowi\/autorzy-strony-mniejszosciowi-pl-tworca-roku-2019\/#breadcrumb"},"inLanguage":"pl-PL","potentialAction":[{"@type":"ReadAction","target":["https:\/\/pragmatiq.pl\/mniejszosciowi\/autorzy-strony-mniejszosciowi-pl-tworca-roku-2019\/"]}]},{"@type":"ImageObject","inLanguage":"pl-PL","@id":"https:\/\/pragmatiq.pl\/mniejszosciowi\/autorzy-strony-mniejszosciowi-pl-tworca-roku-2019\/#primaryimage","url":"https:\/\/pragmatiq.pl\/mniejszosciowi\/wp-content\/uploads\/2019\/05\/mniejszosciowi_grafika_artyku\u0142-11kom.png","contentUrl":"https:\/\/pragmatiq.pl\/mniejszosciowi\/wp-content\/uploads\/2019\/05\/mniejszosciowi_grafika_artyku\u0142-11kom.png","width":2000,"height":625,"caption":"Autorzy strony Mniejszosciowi.pl \u201eTw\u00f3rc\u0105 Roku 2019\u201d"},{"@type":"BreadcrumbList","@id":"https:\/\/pragmatiq.pl\/mniejszosciowi\/autorzy-strony-mniejszosciowi-pl-tworca-roku-2019\/#breadcrumb","itemListElement":[{"@type":"ListItem","position":1,"name":"Strona g\u0142\u00f3wna","item":"https:\/\/pragmatiq.pl\/mniejszosciowi\/"},{"@type":"ListItem","position":2,"name":"Autorzy strony Mniejszosciowi.pl \u201eTw\u00f3rc\u0105 Roku 2019\u201d"}]},{"@type":"WebSite","@id":"https:\/\/pragmatiq.pl\/mniejszosciowi\/#website","url":"https:\/\/pragmatiq.pl\/mniejszosciowi\/","name":"Mniejszo\u015bciowi","description":"","publisher":{"@id":"https:\/\/pragmatiq.pl\/mniejszosciowi\/#organization"},"potentialAction":[{"@type":"SearchAction","target":{"@type":"EntryPoint","urlTemplate":"https:\/\/pragmatiq.pl\/mniejszosciowi\/?s={search_term_string}"},"query-input":{"@type":"PropertyValueSpecification","valueRequired":true,"valueName":"search_term_string"}}],"inLanguage":"pl-PL"},{"@type":"Organization","@id":"https:\/\/pragmatiq.pl\/mniejszosciowi\/#organization","name":"Mniejszo\u015bciowi","url":"https:\/\/pragmatiq.pl\/mniejszosciowi\/","logo":{"@type":"ImageObject","inLanguage":"pl-PL","@id":"https:\/\/pragmatiq.pl\/mniejszosciowi\/#\/schema\/logo\/image\/","url":"https:\/\/pragmatiq.pl\/mniejszosciowi\/wp-content\/uploads\/2018\/05\/cropped-logo.png","contentUrl":"https:\/\/pragmatiq.pl\/mniejszosciowi\/wp-content\/uploads\/2018\/05\/cropped-logo.png","width":952,"height":250,"caption":"Mniejszo\u015bciowi"},"image":{"@id":"https:\/\/pragmatiq.pl\/mniejszosciowi\/#\/schema\/logo\/image\/"}},{"@type":"Person","@id":"https:\/\/pragmatiq.pl\/mniejszosciowi\/#\/schema\/person\/e4d808c0488d97460824f466d576c347","name":"AleksanderG","image":{"@type":"ImageObject","inLanguage":"pl-PL","@id":"https:\/\/secure.gravatar.com\/avatar\/e0063a8a474902617274a95e9be19adbb8477e146d6b76b83e7e6e0cd7a26836?s=96&d=mm&r=g","url":"https:\/\/secure.gravatar.com\/avatar\/e0063a8a474902617274a95e9be19adbb8477e146d6b76b83e7e6e0cd7a26836?s=96&d=mm&r=g","contentUrl":"https:\/\/secure.gravatar.com\/avatar\/e0063a8a474902617274a95e9be19adbb8477e146d6b76b83e7e6e0cd7a26836?s=96&d=mm&r=g","caption":"AleksanderG"},"url":"https:\/\/pragmatiq.pl\/mniejszosciowi\/author\/aleksanderg\/"}]}},"_links":{"self":[{"href":"https:\/\/pragmatiq.pl\/mniejszosciowi\/wp-json\/wp\/v2\/posts\/214","targetHints":{"allow":["GET"]}}],"collection":[{"href":"https:\/\/pragmatiq.pl\/mniejszosciowi\/wp-json\/wp\/v2\/posts"}],"about":[{"href":"https:\/\/pragmatiq.pl\/mniejszosciowi\/wp-json\/wp\/v2\/types\/post"}],"author":[{"embeddable":true,"href":"https:\/\/pragmatiq.pl\/mniejszosciowi\/wp-json\/wp\/v2\/users\/9"}],"replies":[{"embeddable":true,"href":"https:\/\/pragmatiq.pl\/mniejszosciowi\/wp-json\/wp\/v2\/comments?post=214"}],"version-history":[{"count":3,"href":"https:\/\/pragmatiq.pl\/mniejszosciowi\/wp-json\/wp\/v2\/posts\/214\/revisions"}],"predecessor-version":[{"id":1076,"href":"https:\/\/pragmatiq.pl\/mniejszosciowi\/wp-json\/wp\/v2\/posts\/214\/revisions\/1076"}],"wp:featuredmedia":[{"embeddable":true,"href":"https:\/\/pragmatiq.pl\/mniejszosciowi\/wp-json\/wp\/v2\/media\/215"}],"wp:attachment":[{"href":"https:\/\/pragmatiq.pl\/mniejszosciowi\/wp-json\/wp\/v2\/media?parent=214"}],"wp:term":[{"taxonomy":"category","embeddable":true,"href":"https:\/\/pragmatiq.pl\/mniejszosciowi\/wp-json\/wp\/v2\/categories?post=214"},{"taxonomy":"post_tag","embeddable":true,"href":"https:\/\/pragmatiq.pl\/mniejszosciowi\/wp-json\/wp\/v2\/tags?post=214"}],"curies":[{"name":"wp","href":"https:\/\/api.w.org\/{rel}","templated":true}]}}