{"id":204,"date":"2018-01-06T15:25:48","date_gmt":"2018-01-06T14:25:48","guid":{"rendered":"http:\/\/mniejszosciowi.pl\/?p=204"},"modified":"2023-08-10T16:50:54","modified_gmt":"2023-08-10T14:50:54","slug":"sprzedaz-zbycie-udzialow-w-spolce-z-o-o","status":"publish","type":"post","link":"https:\/\/pragmatiq.pl\/mniejszosciowi\/sprzedaz-zbycie-udzialow-w-spolce-z-o-o\/","title":{"rendered":"Sprzeda\u017c (zbycie) udzia\u0142\u00f3w w sp\u00f3\u0142ce z o.o."},"content":{"rendered":"<p>Zbycie udzia\u0142\u00f3w jest cz\u0119sto jedynym rozwi\u0105zaniem dla wsp\u00f3lnika mniejszo\u015bciowego, kt\u00f3ry w efekcie sporu wsp\u00f3lnik\u00f3w pragnie opu\u015bci\u0107 sp\u00f3\u0142k\u0119. W\u0142a\u015bnie dlatego tak wa\u017cne jest, \u017ceby dok\u0142adnie przygotowa\u0107 si\u0119 do transakcji sprzeda\u017cy udzia\u0142\u00f3w w sp\u00f3\u0142ce z o.o. Co zrobi\u0107, by zbycie udzia\u0142\u00f3w sta\u0142o si\u0119 mo\u017cliwe i proste?<\/p>\n<div id=\"ez-toc-container\" class=\"ez-toc-v2_0_82_2 counter-hierarchy ez-toc-counter ez-toc-grey ez-toc-container-direction\">\n<nav><ul class='ez-toc-list ez-toc-list-level-1 ' ><li class='ez-toc-page-1 ez-toc-heading-level-2'><a class=\"ez-toc-link ez-toc-heading-1\" href=\"https:\/\/pragmatiq.pl\/mniejszosciowi\/sprzedaz-zbycie-udzialow-w-spolce-z-o-o\/#Po_pierwsze_wycena\" >Po pierwsze: wycena<\/a><\/li><li class='ez-toc-page-1 ez-toc-heading-level-2'><a class=\"ez-toc-link ez-toc-heading-2\" href=\"https:\/\/pragmatiq.pl\/mniejszosciowi\/sprzedaz-zbycie-udzialow-w-spolce-z-o-o\/#Po_drugie_propozycja_sprzedazy_udzialow\" >Po drugie: propozycja sprzeda\u017cy udzia\u0142\u00f3w<\/a><\/li><li class='ez-toc-page-1 ez-toc-heading-level-2'><a class=\"ez-toc-link ez-toc-heading-3\" href=\"https:\/\/pragmatiq.pl\/mniejszosciowi\/sprzedaz-zbycie-udzialow-w-spolce-z-o-o\/#Po_trzecie_ograniczenia_sprzedazy_udzialow\" >Po trzecie: ograniczenia sprzeda\u017cy udzia\u0142\u00f3w<\/a><\/li><\/ul><\/nav><\/div>\n<h2><span class=\"ez-toc-section\" id=\"Po_pierwsze_wycena\"><\/span><strong>Po pierwsze: wycena<\/strong><span class=\"ez-toc-section-end\"><\/span><\/h2>\n<p>Zbycie udzia\u0142\u00f3w mo\u017ce okaza\u0107 si\u0119 niemo\u017cliwe lub bardzo trudne bez rzetelnej wiedzy na temat tego, ile sp\u00f3\u0142ka jest warta. W takiej sytuacji warto skorzysta\u0107 z pomocy bieg\u0142ego, kt\u00f3ry w profesjonalny spos\u00f3b oszacuje potencja\u0142 finansowy firmy. Wi\u0119cej o tym, jak wyceni\u0107 w\u0142asny biznes mo\u017cna przeczyta\u0107 w artykule <a href=\"http:\/\/www.doradzamy.to\/artykuly\/jak-wycenic-firme-oblicz-wartosc-swojego-biznesu\" target=\"_blank\" rel=\"noopener\">Jak wyceni\u0107 firm\u0119? \u2013 oblicz warto\u015b\u0107 swojego biznesu!<\/a> opublikowanym na portalu <a href=\"http:\/\/doradzamy.to\" target=\"_blank\" rel=\"noopener\">Doradzamy.to<\/a>.<\/p>\n<h2><span class=\"ez-toc-section\" id=\"Po_drugie_propozycja_sprzedazy_udzialow\"><\/span><strong>Po drugie: propozycja sprzeda\u017cy udzia\u0142\u00f3w<\/strong><span class=\"ez-toc-section-end\"><\/span><\/h2>\n<p>Propozycja sprzeda\u017cy udzia\u0142\u00f3w to kolejny krok po udanym oszacowaniu warto\u015bci sp\u00f3\u0142ki. Warto zorientowa\u0107 si\u0119, czy wsp\u00f3lnicy wi\u0119kszo\u015bciowi b\u0119d\u0105 w stanie sprosta\u0107 oczekiwaniom finansowym \u2013 je\u015bli nie, jest to dobry moment, by zaproponowa\u0107 zbycie udzia\u0142\u00f3w na rzecz zewn\u0119trznego inwestora. Jest to zdecydowanie \u0142atwiejsze w przypadku du\u017cych sp\u00f3\u0142ek o ugruntowanej pozycji na rynku.<\/p>\n<p>Wiedza na temat warto\u015bci posiadanych udzia\u0142\u00f3w pozwala tak\u017ce na dokonanie oceny, jakie s\u0105 intencje pozosta\u0142ych wsp\u00f3lnik\u00f3w oraz czy sk\u0142adane przez nich oferty nabycia udzia\u0142\u00f3w s\u0105 racjonalne, czy te\u017c krzywdz\u0105ce dla udzia\u0142owca mniejszo\u015bciowego.<\/p>\n<h2><span class=\"ez-toc-section\" id=\"Po_trzecie_ograniczenia_sprzedazy_udzialow\"><\/span><strong>Po trzecie: ograniczenia sprzeda\u017cy udzia\u0142\u00f3w<\/strong><span class=\"ez-toc-section-end\"><\/span><\/h2>\n<p>Zar\u00f3wno Kodeks sp\u00f3\u0142ek handlowych, jak i umowa sp\u00f3\u0142ki mog\u0105 wprowadza\u0107 istotne ograniczenia dotycz\u0105ce zbycia udzia\u0142\u00f3w (nale\u017cy jednak pami\u0119ta\u0107, \u017ce zupe\u0142ne wy\u0142\u0105czenie tego prawa w umowie sp\u00f3\u0142ki jest niemo\u017cliwe).<\/p>\n<p>Umowa sp\u00f3\u0142ki mo\u017ce na przyk\u0142ad uzale\u017cnia\u0107 mo\u017cliwo\u015b\u0107 zbycia udzia\u0142\u00f3w od wyra\u017cenia zgody wskazanego organu \u2013 najcz\u0119\u015bciej zarz\u0105du lub zgromadzenia wsp\u00f3lnik\u00f3w. Pozosta\u0142ym wsp\u00f3lnikom mo\u017ce tak\u017ce przys\u0142ugiwa\u0107 prawo pierwokupu albo pierwsze\u0144stwa nabycia udzia\u0142\u00f3w, kt\u00f3rego realizacja jest cz\u0119sto uci\u0105\u017cliwa dla wsp\u00f3lnika mniejszo\u015bciowego.<\/p>\n<p>Natalia Chru\u015bcicka<\/p>\n","protected":false},"excerpt":{"rendered":"<p>Zbycie udzia\u0142\u00f3w jest cz\u0119sto jedynym rozwi\u0105zaniem dla wsp\u00f3lnika mniejszo\u015bciowego, kt\u00f3ry w efekcie sporu wsp\u00f3lnik\u00f3w pragnie opu\u015bci\u0107 sp\u00f3\u0142k\u0119. W\u0142a\u015bnie dlatego tak wa\u017cne jest, \u017ceby dok\u0142adnie przygotowa\u0107 si\u0119 do transakcji sprzeda\u017cy udzia\u0142\u00f3w w sp\u00f3\u0142ce z o.o. Co zrobi\u0107, by zbycie udzia\u0142\u00f3w sta\u0142o si\u0119 mo\u017cliwe i proste? Po pierwsze: wycena Zbycie udzia\u0142\u00f3w mo\u017ce okaza\u0107 si\u0119 niemo\u017cliwe lub bardzo &hellip; <\/p>\n<p class=\"link-more\"><a href=\"https:\/\/pragmatiq.pl\/mniejszosciowi\/sprzedaz-zbycie-udzialow-w-spolce-z-o-o\/\" class=\"more-link\">Continue reading<span class=\"screen-reader-text\"> &#8222;Sprzeda\u017c (zbycie) udzia\u0142\u00f3w w sp\u00f3\u0142ce z o.o.&#8221;<\/span><\/a><\/p>\n","protected":false},"author":9,"featured_media":205,"comment_status":"open","ping_status":"open","sticky":false,"template":"","format":"standard","meta":{"_acf_changed":false,"footnotes":""},"categories":[1,33],"tags":[7,6,8],"class_list":["post-204","post","type-post","status-publish","format-standard","has-post-thumbnail","hentry","category-bez-kategorii","category-spory-wspolnikow","tag-spolka-z-ograniczona-odpowiedzialnoscia","tag-spor-wspolnikow","tag-wspolnik-mniejszosciowy"],"acf":[],"yoast_head":"<!-- This site is optimized with the Yoast SEO plugin v27.3 - https:\/\/yoast.com\/product\/yoast-seo-wordpress\/ -->\n<title>Sprzeda\u017c (zbycie) udzia\u0142\u00f3w w sp\u00f3\u0142ce z o.o. | mniejszosciowi.pl<\/title>\n<meta name=\"robots\" content=\"index, follow, max-snippet:-1, max-image-preview:large, max-video-preview:-1\" \/>\n<link rel=\"canonical\" href=\"https:\/\/pragmatiq.pl\/mniejszosciowi\/sprzedaz-zbycie-udzialow-w-spolce-z-o-o\/\" \/>\n<meta property=\"og:locale\" content=\"pl_PL\" \/>\n<meta property=\"og:type\" content=\"article\" \/>\n<meta property=\"og:title\" content=\"Sprzeda\u017c (zbycie) udzia\u0142\u00f3w w sp\u00f3\u0142ce z o.o. | mniejszosciowi.pl\" \/>\n<meta property=\"og:description\" content=\"Zbycie udzia\u0142\u00f3w jest cz\u0119sto jedynym rozwi\u0105zaniem dla wsp\u00f3lnika mniejszo\u015bciowego, kt\u00f3ry w efekcie sporu wsp\u00f3lnik\u00f3w pragnie opu\u015bci\u0107 sp\u00f3\u0142k\u0119. W\u0142a\u015bnie dlatego tak wa\u017cne jest, \u017ceby dok\u0142adnie przygotowa\u0107 si\u0119 do transakcji sprzeda\u017cy udzia\u0142\u00f3w w sp\u00f3\u0142ce z o.o. Co zrobi\u0107, by zbycie udzia\u0142\u00f3w sta\u0142o si\u0119 mo\u017cliwe i proste? Po pierwsze: wycena Zbycie udzia\u0142\u00f3w mo\u017ce okaza\u0107 si\u0119 niemo\u017cliwe lub bardzo &hellip; Continue reading &quot;Sprzeda\u017c (zbycie) udzia\u0142\u00f3w w sp\u00f3\u0142ce z o.o.&quot;\" \/>\n<meta property=\"og:url\" content=\"https:\/\/pragmatiq.pl\/mniejszosciowi\/sprzedaz-zbycie-udzialow-w-spolce-z-o-o\/\" \/>\n<meta property=\"og:site_name\" content=\"Mniejszo\u015bciowi\" \/>\n<meta property=\"article:published_time\" content=\"2018-01-06T14:25:48+00:00\" \/>\n<meta property=\"article:modified_time\" content=\"2023-08-10T14:50:54+00:00\" \/>\n<meta property=\"og:image\" content=\"https:\/\/pragmatiq.pl\/mniejszosciowi\/wp-content\/uploads\/2019\/05\/udzia\u0142y.png\" \/>\n\t<meta property=\"og:image:width\" content=\"2000\" \/>\n\t<meta property=\"og:image:height\" content=\"625\" \/>\n\t<meta property=\"og:image:type\" content=\"image\/png\" \/>\n<meta name=\"author\" content=\"AleksanderG\" \/>\n<meta name=\"twitter:card\" content=\"summary_large_image\" \/>\n<meta name=\"twitter:label1\" content=\"Napisane przez\" \/>\n\t<meta name=\"twitter:data1\" content=\"AleksanderG\" \/>\n\t<meta name=\"twitter:label2\" content=\"Szacowany czas czytania\" \/>\n\t<meta name=\"twitter:data2\" content=\"2 minuty\" \/>\n<script type=\"application\/ld+json\" class=\"yoast-schema-graph\">{\"@context\":\"https:\\\/\\\/schema.org\",\"@graph\":[{\"@type\":\"Article\",\"@id\":\"https:\\\/\\\/pragmatiq.pl\\\/mniejszosciowi\\\/sprzedaz-zbycie-udzialow-w-spolce-z-o-o\\\/#article\",\"isPartOf\":{\"@id\":\"https:\\\/\\\/pragmatiq.pl\\\/mniejszosciowi\\\/sprzedaz-zbycie-udzialow-w-spolce-z-o-o\\\/\"},\"author\":{\"name\":\"AleksanderG\",\"@id\":\"https:\\\/\\\/pragmatiq.pl\\\/mniejszosciowi\\\/#\\\/schema\\\/person\\\/e4d808c0488d97460824f466d576c347\"},\"headline\":\"Sprzeda\u017c (zbycie) udzia\u0142\u00f3w w sp\u00f3\u0142ce z o.o.\",\"datePublished\":\"2018-01-06T14:25:48+00:00\",\"dateModified\":\"2023-08-10T14:50:54+00:00\",\"mainEntityOfPage\":{\"@id\":\"https:\\\/\\\/pragmatiq.pl\\\/mniejszosciowi\\\/sprzedaz-zbycie-udzialow-w-spolce-z-o-o\\\/\"},\"wordCount\":369,\"commentCount\":0,\"publisher\":{\"@id\":\"https:\\\/\\\/pragmatiq.pl\\\/mniejszosciowi\\\/#organization\"},\"image\":{\"@id\":\"https:\\\/\\\/pragmatiq.pl\\\/mniejszosciowi\\\/sprzedaz-zbycie-udzialow-w-spolce-z-o-o\\\/#primaryimage\"},\"thumbnailUrl\":\"https:\\\/\\\/pragmatiq.pl\\\/mniejszosciowi\\\/wp-content\\\/uploads\\\/2019\\\/05\\\/udzia\u0142y.png\",\"keywords\":[\"sp\u00f3\u0142ka z ograniczon\u0105 odpowiedzialno\u015bci\u0105\",\"sp\u00f3r wsp\u00f3lnik\u00f3w\",\"wsp\u00f3lnik mniejszo\u015bciowy\"],\"articleSection\":{\"1\":\"Spory wsp\u00f3lnik\u00f3w\"},\"inLanguage\":\"pl-PL\",\"potentialAction\":[{\"@type\":\"CommentAction\",\"name\":\"Comment\",\"target\":[\"https:\\\/\\\/pragmatiq.pl\\\/mniejszosciowi\\\/sprzedaz-zbycie-udzialow-w-spolce-z-o-o\\\/#respond\"]}]},{\"@type\":\"WebPage\",\"@id\":\"https:\\\/\\\/pragmatiq.pl\\\/mniejszosciowi\\\/sprzedaz-zbycie-udzialow-w-spolce-z-o-o\\\/\",\"url\":\"https:\\\/\\\/pragmatiq.pl\\\/mniejszosciowi\\\/sprzedaz-zbycie-udzialow-w-spolce-z-o-o\\\/\",\"name\":\"Sprzeda\u017c (zbycie) udzia\u0142\u00f3w w sp\u00f3\u0142ce z o.o. | mniejszosciowi.pl\",\"isPartOf\":{\"@id\":\"https:\\\/\\\/pragmatiq.pl\\\/mniejszosciowi\\\/#website\"},\"primaryImageOfPage\":{\"@id\":\"https:\\\/\\\/pragmatiq.pl\\\/mniejszosciowi\\\/sprzedaz-zbycie-udzialow-w-spolce-z-o-o\\\/#primaryimage\"},\"image\":{\"@id\":\"https:\\\/\\\/pragmatiq.pl\\\/mniejszosciowi\\\/sprzedaz-zbycie-udzialow-w-spolce-z-o-o\\\/#primaryimage\"},\"thumbnailUrl\":\"https:\\\/\\\/pragmatiq.pl\\\/mniejszosciowi\\\/wp-content\\\/uploads\\\/2019\\\/05\\\/udzia\u0142y.png\",\"datePublished\":\"2018-01-06T14:25:48+00:00\",\"dateModified\":\"2023-08-10T14:50:54+00:00\",\"breadcrumb\":{\"@id\":\"https:\\\/\\\/pragmatiq.pl\\\/mniejszosciowi\\\/sprzedaz-zbycie-udzialow-w-spolce-z-o-o\\\/#breadcrumb\"},\"inLanguage\":\"pl-PL\",\"potentialAction\":[{\"@type\":\"ReadAction\",\"target\":[\"https:\\\/\\\/pragmatiq.pl\\\/mniejszosciowi\\\/sprzedaz-zbycie-udzialow-w-spolce-z-o-o\\\/\"]}]},{\"@type\":\"ImageObject\",\"inLanguage\":\"pl-PL\",\"@id\":\"https:\\\/\\\/pragmatiq.pl\\\/mniejszosciowi\\\/sprzedaz-zbycie-udzialow-w-spolce-z-o-o\\\/#primaryimage\",\"url\":\"https:\\\/\\\/pragmatiq.pl\\\/mniejszosciowi\\\/wp-content\\\/uploads\\\/2019\\\/05\\\/udzia\u0142y.png\",\"contentUrl\":\"https:\\\/\\\/pragmatiq.pl\\\/mniejszosciowi\\\/wp-content\\\/uploads\\\/2019\\\/05\\\/udzia\u0142y.png\",\"width\":2000,\"height\":625,\"caption\":\"Sprzeda\u017c (zbycie) udzia\u0142\u00f3w w sp\u00f3\u0142ce z o.o.\"},{\"@type\":\"BreadcrumbList\",\"@id\":\"https:\\\/\\\/pragmatiq.pl\\\/mniejszosciowi\\\/sprzedaz-zbycie-udzialow-w-spolce-z-o-o\\\/#breadcrumb\",\"itemListElement\":[{\"@type\":\"ListItem\",\"position\":1,\"name\":\"Strona g\u0142\u00f3wna\",\"item\":\"https:\\\/\\\/pragmatiq.pl\\\/mniejszosciowi\\\/\"},{\"@type\":\"ListItem\",\"position\":2,\"name\":\"Sprzeda\u017c (zbycie) udzia\u0142\u00f3w w&nbsp;sp\u00f3\u0142ce z&nbsp;o.o.\"}]},{\"@type\":\"WebSite\",\"@id\":\"https:\\\/\\\/pragmatiq.pl\\\/mniejszosciowi\\\/#website\",\"url\":\"https:\\\/\\\/pragmatiq.pl\\\/mniejszosciowi\\\/\",\"name\":\"Mniejszo\u015bciowi\",\"description\":\"\",\"publisher\":{\"@id\":\"https:\\\/\\\/pragmatiq.pl\\\/mniejszosciowi\\\/#organization\"},\"potentialAction\":[{\"@type\":\"SearchAction\",\"target\":{\"@type\":\"EntryPoint\",\"urlTemplate\":\"https:\\\/\\\/pragmatiq.pl\\\/mniejszosciowi\\\/?s={search_term_string}\"},\"query-input\":{\"@type\":\"PropertyValueSpecification\",\"valueRequired\":true,\"valueName\":\"search_term_string\"}}],\"inLanguage\":\"pl-PL\"},{\"@type\":\"Organization\",\"@id\":\"https:\\\/\\\/pragmatiq.pl\\\/mniejszosciowi\\\/#organization\",\"name\":\"Mniejszo\u015bciowi\",\"url\":\"https:\\\/\\\/pragmatiq.pl\\\/mniejszosciowi\\\/\",\"logo\":{\"@type\":\"ImageObject\",\"inLanguage\":\"pl-PL\",\"@id\":\"https:\\\/\\\/pragmatiq.pl\\\/mniejszosciowi\\\/#\\\/schema\\\/logo\\\/image\\\/\",\"url\":\"https:\\\/\\\/pragmatiq.pl\\\/mniejszosciowi\\\/wp-content\\\/uploads\\\/2018\\\/05\\\/cropped-logo.png\",\"contentUrl\":\"https:\\\/\\\/pragmatiq.pl\\\/mniejszosciowi\\\/wp-content\\\/uploads\\\/2018\\\/05\\\/cropped-logo.png\",\"width\":952,\"height\":250,\"caption\":\"Mniejszo\u015bciowi\"},\"image\":{\"@id\":\"https:\\\/\\\/pragmatiq.pl\\\/mniejszosciowi\\\/#\\\/schema\\\/logo\\\/image\\\/\"}},{\"@type\":\"Person\",\"@id\":\"https:\\\/\\\/pragmatiq.pl\\\/mniejszosciowi\\\/#\\\/schema\\\/person\\\/e4d808c0488d97460824f466d576c347\",\"name\":\"AleksanderG\",\"image\":{\"@type\":\"ImageObject\",\"inLanguage\":\"pl-PL\",\"@id\":\"https:\\\/\\\/secure.gravatar.com\\\/avatar\\\/e0063a8a474902617274a95e9be19adbb8477e146d6b76b83e7e6e0cd7a26836?s=96&d=mm&r=g\",\"url\":\"https:\\\/\\\/secure.gravatar.com\\\/avatar\\\/e0063a8a474902617274a95e9be19adbb8477e146d6b76b83e7e6e0cd7a26836?s=96&d=mm&r=g\",\"contentUrl\":\"https:\\\/\\\/secure.gravatar.com\\\/avatar\\\/e0063a8a474902617274a95e9be19adbb8477e146d6b76b83e7e6e0cd7a26836?s=96&d=mm&r=g\",\"caption\":\"AleksanderG\"},\"url\":\"https:\\\/\\\/pragmatiq.pl\\\/mniejszosciowi\\\/author\\\/aleksanderg\\\/\"}]}<\/script>\n<!-- \/ Yoast SEO plugin. -->","yoast_head_json":{"title":"Sprzeda\u017c (zbycie) udzia\u0142\u00f3w w sp\u00f3\u0142ce z o.o. | mniejszosciowi.pl","robots":{"index":"index","follow":"follow","max-snippet":"max-snippet:-1","max-image-preview":"max-image-preview:large","max-video-preview":"max-video-preview:-1"},"canonical":"https:\/\/pragmatiq.pl\/mniejszosciowi\/sprzedaz-zbycie-udzialow-w-spolce-z-o-o\/","og_locale":"pl_PL","og_type":"article","og_title":"Sprzeda\u017c (zbycie) udzia\u0142\u00f3w w sp\u00f3\u0142ce z o.o. | mniejszosciowi.pl","og_description":"Zbycie udzia\u0142\u00f3w jest cz\u0119sto jedynym rozwi\u0105zaniem dla wsp\u00f3lnika mniejszo\u015bciowego, kt\u00f3ry w efekcie sporu wsp\u00f3lnik\u00f3w pragnie opu\u015bci\u0107 sp\u00f3\u0142k\u0119. W\u0142a\u015bnie dlatego tak wa\u017cne jest, \u017ceby dok\u0142adnie przygotowa\u0107 si\u0119 do transakcji sprzeda\u017cy udzia\u0142\u00f3w w sp\u00f3\u0142ce z o.o. Co zrobi\u0107, by zbycie udzia\u0142\u00f3w sta\u0142o si\u0119 mo\u017cliwe i proste? Po pierwsze: wycena Zbycie udzia\u0142\u00f3w mo\u017ce okaza\u0107 si\u0119 niemo\u017cliwe lub bardzo &hellip; Continue reading \"Sprzeda\u017c (zbycie) udzia\u0142\u00f3w w sp\u00f3\u0142ce z o.o.\"","og_url":"https:\/\/pragmatiq.pl\/mniejszosciowi\/sprzedaz-zbycie-udzialow-w-spolce-z-o-o\/","og_site_name":"Mniejszo\u015bciowi","article_published_time":"2018-01-06T14:25:48+00:00","article_modified_time":"2023-08-10T14:50:54+00:00","og_image":[{"width":2000,"height":625,"url":"https:\/\/pragmatiq.pl\/mniejszosciowi\/wp-content\/uploads\/2019\/05\/udzia\u0142y.png","type":"image\/png"}],"author":"AleksanderG","twitter_card":"summary_large_image","twitter_misc":{"Napisane przez":"AleksanderG","Szacowany czas czytania":"2 minuty"},"schema":{"@context":"https:\/\/schema.org","@graph":[{"@type":"Article","@id":"https:\/\/pragmatiq.pl\/mniejszosciowi\/sprzedaz-zbycie-udzialow-w-spolce-z-o-o\/#article","isPartOf":{"@id":"https:\/\/pragmatiq.pl\/mniejszosciowi\/sprzedaz-zbycie-udzialow-w-spolce-z-o-o\/"},"author":{"name":"AleksanderG","@id":"https:\/\/pragmatiq.pl\/mniejszosciowi\/#\/schema\/person\/e4d808c0488d97460824f466d576c347"},"headline":"Sprzeda\u017c (zbycie) udzia\u0142\u00f3w w sp\u00f3\u0142ce z o.o.","datePublished":"2018-01-06T14:25:48+00:00","dateModified":"2023-08-10T14:50:54+00:00","mainEntityOfPage":{"@id":"https:\/\/pragmatiq.pl\/mniejszosciowi\/sprzedaz-zbycie-udzialow-w-spolce-z-o-o\/"},"wordCount":369,"commentCount":0,"publisher":{"@id":"https:\/\/pragmatiq.pl\/mniejszosciowi\/#organization"},"image":{"@id":"https:\/\/pragmatiq.pl\/mniejszosciowi\/sprzedaz-zbycie-udzialow-w-spolce-z-o-o\/#primaryimage"},"thumbnailUrl":"https:\/\/pragmatiq.pl\/mniejszosciowi\/wp-content\/uploads\/2019\/05\/udzia\u0142y.png","keywords":["sp\u00f3\u0142ka z ograniczon\u0105 odpowiedzialno\u015bci\u0105","sp\u00f3r wsp\u00f3lnik\u00f3w","wsp\u00f3lnik mniejszo\u015bciowy"],"articleSection":{"1":"Spory wsp\u00f3lnik\u00f3w"},"inLanguage":"pl-PL","potentialAction":[{"@type":"CommentAction","name":"Comment","target":["https:\/\/pragmatiq.pl\/mniejszosciowi\/sprzedaz-zbycie-udzialow-w-spolce-z-o-o\/#respond"]}]},{"@type":"WebPage","@id":"https:\/\/pragmatiq.pl\/mniejszosciowi\/sprzedaz-zbycie-udzialow-w-spolce-z-o-o\/","url":"https:\/\/pragmatiq.pl\/mniejszosciowi\/sprzedaz-zbycie-udzialow-w-spolce-z-o-o\/","name":"Sprzeda\u017c (zbycie) udzia\u0142\u00f3w w sp\u00f3\u0142ce z o.o. | mniejszosciowi.pl","isPartOf":{"@id":"https:\/\/pragmatiq.pl\/mniejszosciowi\/#website"},"primaryImageOfPage":{"@id":"https:\/\/pragmatiq.pl\/mniejszosciowi\/sprzedaz-zbycie-udzialow-w-spolce-z-o-o\/#primaryimage"},"image":{"@id":"https:\/\/pragmatiq.pl\/mniejszosciowi\/sprzedaz-zbycie-udzialow-w-spolce-z-o-o\/#primaryimage"},"thumbnailUrl":"https:\/\/pragmatiq.pl\/mniejszosciowi\/wp-content\/uploads\/2019\/05\/udzia\u0142y.png","datePublished":"2018-01-06T14:25:48+00:00","dateModified":"2023-08-10T14:50:54+00:00","breadcrumb":{"@id":"https:\/\/pragmatiq.pl\/mniejszosciowi\/sprzedaz-zbycie-udzialow-w-spolce-z-o-o\/#breadcrumb"},"inLanguage":"pl-PL","potentialAction":[{"@type":"ReadAction","target":["https:\/\/pragmatiq.pl\/mniejszosciowi\/sprzedaz-zbycie-udzialow-w-spolce-z-o-o\/"]}]},{"@type":"ImageObject","inLanguage":"pl-PL","@id":"https:\/\/pragmatiq.pl\/mniejszosciowi\/sprzedaz-zbycie-udzialow-w-spolce-z-o-o\/#primaryimage","url":"https:\/\/pragmatiq.pl\/mniejszosciowi\/wp-content\/uploads\/2019\/05\/udzia\u0142y.png","contentUrl":"https:\/\/pragmatiq.pl\/mniejszosciowi\/wp-content\/uploads\/2019\/05\/udzia\u0142y.png","width":2000,"height":625,"caption":"Sprzeda\u017c (zbycie) udzia\u0142\u00f3w w sp\u00f3\u0142ce z o.o."},{"@type":"BreadcrumbList","@id":"https:\/\/pragmatiq.pl\/mniejszosciowi\/sprzedaz-zbycie-udzialow-w-spolce-z-o-o\/#breadcrumb","itemListElement":[{"@type":"ListItem","position":1,"name":"Strona g\u0142\u00f3wna","item":"https:\/\/pragmatiq.pl\/mniejszosciowi\/"},{"@type":"ListItem","position":2,"name":"Sprzeda\u017c (zbycie) udzia\u0142\u00f3w w&nbsp;sp\u00f3\u0142ce z&nbsp;o.o."}]},{"@type":"WebSite","@id":"https:\/\/pragmatiq.pl\/mniejszosciowi\/#website","url":"https:\/\/pragmatiq.pl\/mniejszosciowi\/","name":"Mniejszo\u015bciowi","description":"","publisher":{"@id":"https:\/\/pragmatiq.pl\/mniejszosciowi\/#organization"},"potentialAction":[{"@type":"SearchAction","target":{"@type":"EntryPoint","urlTemplate":"https:\/\/pragmatiq.pl\/mniejszosciowi\/?s={search_term_string}"},"query-input":{"@type":"PropertyValueSpecification","valueRequired":true,"valueName":"search_term_string"}}],"inLanguage":"pl-PL"},{"@type":"Organization","@id":"https:\/\/pragmatiq.pl\/mniejszosciowi\/#organization","name":"Mniejszo\u015bciowi","url":"https:\/\/pragmatiq.pl\/mniejszosciowi\/","logo":{"@type":"ImageObject","inLanguage":"pl-PL","@id":"https:\/\/pragmatiq.pl\/mniejszosciowi\/#\/schema\/logo\/image\/","url":"https:\/\/pragmatiq.pl\/mniejszosciowi\/wp-content\/uploads\/2018\/05\/cropped-logo.png","contentUrl":"https:\/\/pragmatiq.pl\/mniejszosciowi\/wp-content\/uploads\/2018\/05\/cropped-logo.png","width":952,"height":250,"caption":"Mniejszo\u015bciowi"},"image":{"@id":"https:\/\/pragmatiq.pl\/mniejszosciowi\/#\/schema\/logo\/image\/"}},{"@type":"Person","@id":"https:\/\/pragmatiq.pl\/mniejszosciowi\/#\/schema\/person\/e4d808c0488d97460824f466d576c347","name":"AleksanderG","image":{"@type":"ImageObject","inLanguage":"pl-PL","@id":"https:\/\/secure.gravatar.com\/avatar\/e0063a8a474902617274a95e9be19adbb8477e146d6b76b83e7e6e0cd7a26836?s=96&d=mm&r=g","url":"https:\/\/secure.gravatar.com\/avatar\/e0063a8a474902617274a95e9be19adbb8477e146d6b76b83e7e6e0cd7a26836?s=96&d=mm&r=g","contentUrl":"https:\/\/secure.gravatar.com\/avatar\/e0063a8a474902617274a95e9be19adbb8477e146d6b76b83e7e6e0cd7a26836?s=96&d=mm&r=g","caption":"AleksanderG"},"url":"https:\/\/pragmatiq.pl\/mniejszosciowi\/author\/aleksanderg\/"}]}},"_links":{"self":[{"href":"https:\/\/pragmatiq.pl\/mniejszosciowi\/wp-json\/wp\/v2\/posts\/204","targetHints":{"allow":["GET"]}}],"collection":[{"href":"https:\/\/pragmatiq.pl\/mniejszosciowi\/wp-json\/wp\/v2\/posts"}],"about":[{"href":"https:\/\/pragmatiq.pl\/mniejszosciowi\/wp-json\/wp\/v2\/types\/post"}],"author":[{"embeddable":true,"href":"https:\/\/pragmatiq.pl\/mniejszosciowi\/wp-json\/wp\/v2\/users\/9"}],"replies":[{"embeddable":true,"href":"https:\/\/pragmatiq.pl\/mniejszosciowi\/wp-json\/wp\/v2\/comments?post=204"}],"version-history":[{"count":3,"href":"https:\/\/pragmatiq.pl\/mniejszosciowi\/wp-json\/wp\/v2\/posts\/204\/revisions"}],"predecessor-version":[{"id":264,"href":"https:\/\/pragmatiq.pl\/mniejszosciowi\/wp-json\/wp\/v2\/posts\/204\/revisions\/264"}],"wp:featuredmedia":[{"embeddable":true,"href":"https:\/\/pragmatiq.pl\/mniejszosciowi\/wp-json\/wp\/v2\/media\/205"}],"wp:attachment":[{"href":"https:\/\/pragmatiq.pl\/mniejszosciowi\/wp-json\/wp\/v2\/media?parent=204"}],"wp:term":[{"taxonomy":"category","embeddable":true,"href":"https:\/\/pragmatiq.pl\/mniejszosciowi\/wp-json\/wp\/v2\/categories?post=204"},{"taxonomy":"post_tag","embeddable":true,"href":"https:\/\/pragmatiq.pl\/mniejszosciowi\/wp-json\/wp\/v2\/tags?post=204"}],"curies":[{"name":"wp","href":"https:\/\/api.w.org\/{rel}","templated":true}]}}