{"id":168,"date":"2019-02-06T08:20:56","date_gmt":"2019-02-06T07:20:56","guid":{"rendered":"http:\/\/mniejszosciowi.pl\/?p=168"},"modified":"2025-11-28T13:00:34","modified_gmt":"2025-11-28T12:00:34","slug":"brak-wyplaty-dywidendy-w-spolce-osobowej-jak-z-tym-walczyc","status":"publish","type":"post","link":"https:\/\/pragmatiq.pl\/mniejszosciowi\/brak-wyplaty-dywidendy-w-spolce-osobowej-jak-z-tym-walczyc\/","title":{"rendered":"Brak wyp\u0142aty dywidendy w sp\u00f3\u0142ce osobowej: co zrobi\u0107, gdy wsp\u00f3lnicy blokuj\u0105 wyp\u0142at\u0119 zysku?"},"content":{"rendered":"\n<p><strong>Co do zasady ka\u017cdy ze wsp\u00f3lnik\u00f3w w sp\u00f3\u0142ce osobowej ma prawo do \u201edywidendy\u201d, czyli udzia\u0142u w zysku wypracowanym przez sp\u00f3\u0142k\u0119. O jej wysoko\u015bci decyduj\u0105 postanowienia umowy sp\u00f3\u0142ki, a w przypadku ich braku \u2013 przepisy Kodeksu sp\u00f3\u0142ek handlowych.<\/strong><\/p>\n\n\n\n<div id=\"ez-toc-container\" class=\"ez-toc-v2_0_82_2 counter-hierarchy ez-toc-counter ez-toc-grey ez-toc-container-direction\">\n<nav><ul class='ez-toc-list ez-toc-list-level-1 ' ><li class='ez-toc-page-1 ez-toc-heading-level-2'><a class=\"ez-toc-link ez-toc-heading-1\" href=\"https:\/\/pragmatiq.pl\/mniejszosciowi\/brak-wyplaty-dywidendy-w-spolce-osobowej-jak-z-tym-walczyc\/#Prawo_do_%E2%80%9Edywidendy%E2%80%9D_w_spolce_osobowej_%E2%80%93_komu_przysluguje_i_kiedy_powstaje\" >Prawo do \u201edywidendy\u201d w sp\u00f3\u0142ce osobowej \u2013 komu przys\u0142uguje i kiedy powstaje?<\/a><ul class='ez-toc-list-level-3' ><li class='ez-toc-heading-level-3'><a class=\"ez-toc-link ez-toc-heading-2\" href=\"https:\/\/pragmatiq.pl\/mniejszosciowi\/brak-wyplaty-dywidendy-w-spolce-osobowej-jak-z-tym-walczyc\/#Kiedy_nastepuje_wyplata_zysku_w_spolce_jawnej_lub_komandytowej\" >Kiedy nast\u0119puje wyp\u0142ata zysku w sp\u00f3\u0142ce jawnej lub komandytowej?<\/a><\/li><li class='ez-toc-page-1 ez-toc-heading-level-3'><a class=\"ez-toc-link ez-toc-heading-3\" href=\"https:\/\/pragmatiq.pl\/mniejszosciowi\/brak-wyplaty-dywidendy-w-spolce-osobowej-jak-z-tym-walczyc\/#Jaka_okreslic_wysokosc_dywidendy_w_spolce_osobowej\" >Jaka okre\u015bli\u0107 wysoko\u015b\u0107 dywidendy w sp\u00f3\u0142ce osobowej?<\/a><ul class='ez-toc-list-level-4' ><li class='ez-toc-heading-level-4'><a class=\"ez-toc-link ez-toc-heading-4\" href=\"https:\/\/pragmatiq.pl\/mniejszosciowi\/brak-wyplaty-dywidendy-w-spolce-osobowej-jak-z-tym-walczyc\/#Przyklady\" >Przyk\u0142ady:<\/a><\/li><\/ul><\/li><li class='ez-toc-page-1 ez-toc-heading-level-3'><a class=\"ez-toc-link ez-toc-heading-5\" href=\"https:\/\/pragmatiq.pl\/mniejszosciowi\/brak-wyplaty-dywidendy-w-spolce-osobowej-jak-z-tym-walczyc\/#Wyplata_zysku_w_spolce_komandytowo-akcyjnej\" >Wyp\u0142ata zysku w sp\u00f3\u0142ce komandytowo-akcyjnej<\/a><\/li><\/ul><\/li><li class='ez-toc-page-1 ez-toc-heading-level-2'><a class=\"ez-toc-link ez-toc-heading-6\" href=\"https:\/\/pragmatiq.pl\/mniejszosciowi\/brak-wyplaty-dywidendy-w-spolce-osobowej-jak-z-tym-walczyc\/#Brak_wyplaty_%E2%80%9Edywidendy%E2%80%9D_w_spolce_osobowej\" >Brak wyp\u0142aty \u201edywidendy\u201d w sp\u00f3\u0142ce osobowej<\/a><ul class='ez-toc-list-level-3' ><li class='ez-toc-heading-level-3'><a class=\"ez-toc-link ez-toc-heading-7\" href=\"https:\/\/pragmatiq.pl\/mniejszosciowi\/brak-wyplaty-dywidendy-w-spolce-osobowej-jak-z-tym-walczyc\/#Brak_wyplaty_%E2%80%9Edywidendy%E2%80%9D_%E2%80%93_jak_z_tym_walczyc\" >Brak wyp\u0142aty \u201edywidendy\u201d \u2013 jak z tym walczy\u0107?<\/a><ul class='ez-toc-list-level-4' ><li class='ez-toc-heading-level-4'><a class=\"ez-toc-link ez-toc-heading-8\" href=\"https:\/\/pragmatiq.pl\/mniejszosciowi\/brak-wyplaty-dywidendy-w-spolce-osobowej-jak-z-tym-walczyc\/#Skierowanie_sprawy_do_sadu\" >Skierowanie sprawy do s\u0105du<\/a><\/li><li class='ez-toc-page-1 ez-toc-heading-level-4'><a class=\"ez-toc-link ez-toc-heading-9\" href=\"https:\/\/pragmatiq.pl\/mniejszosciowi\/brak-wyplaty-dywidendy-w-spolce-osobowej-jak-z-tym-walczyc\/#Zaskarzenie_uchwaly\" >Zaskar\u017cenie uchwa\u0142y&nbsp;<\/a><\/li><li class='ez-toc-page-1 ez-toc-heading-level-4'><a class=\"ez-toc-link ez-toc-heading-10\" href=\"https:\/\/pragmatiq.pl\/mniejszosciowi\/brak-wyplaty-dywidendy-w-spolce-osobowej-jak-z-tym-walczyc\/#Inne_mozliwe_dzialania\" >Inne mo\u017cliwe dzia\u0142ania&nbsp;<\/a><\/li><\/ul><\/li><\/ul><\/li><li class='ez-toc-page-1 ez-toc-heading-level-2'><a class=\"ez-toc-link ez-toc-heading-11\" href=\"https:\/\/pragmatiq.pl\/mniejszosciowi\/brak-wyplaty-dywidendy-w-spolce-osobowej-jak-z-tym-walczyc\/#Wyplata_zysku_%E2%80%93_wymagalnosc_roszczenia\" >Wyp\u0142ata zysku \u2013 wymagalno\u015b\u0107 roszczenia<\/a><\/li><\/ul><\/nav><\/div>\n<h2 class=\"wp-block-heading\"><span class=\"ez-toc-section\" id=\"Prawo_do_%E2%80%9Edywidendy%E2%80%9D_w_spolce_osobowej_%E2%80%93_komu_przysluguje_i_kiedy_powstaje\"><\/span>Prawo do \u201edywidendy\u201d w sp\u00f3\u0142ce osobowej \u2013 komu przys\u0142uguje i kiedy powstaje?<span class=\"ez-toc-section-end\"><\/span><\/h2>\n\n\n\n<p>W sp\u00f3\u0142kach osobowych (jawnej, partnerskiej, komandytowej i komandytowo-akcyjnej) nie mamy do czynienia z typow\u0105 dywidend\u0105. Wsp\u00f3lnicy maj\u0105 jednak prawo do wyp\u0142aty zysku.&nbsp;<\/p>\n\n\n\n<p>Prawo do wyp\u0142aty &#8222;dywidendy&#8221; sp\u00f3\u0142ki osobowej powstaje z ko\u0144cem roku obrotowego \u2013 czyli z regu\u0142y z ko\u0144cem roku kalendarzowego. Przyk\u0142adowo, prawo do zysku za rok 2025 powstaje z ko\u0144cem w\u0142a\u015bnie tego roku. W przypadku sp\u00f3\u0142ki osobowej wyp\u0142ata &#8222;dywidendy&#8221; <strong>nie jest<\/strong> wi\u0119c uzale\u017cniona od podj\u0119cia przez wsp\u00f3lnik\u00f3w uchwa\u0142y o przeznaczeniu zysku do wyp\u0142aty.<\/p>\n\n\n\n<p>Co w takim razie nale\u017cy zrobi\u0107, by cieszy\u0107 si\u0119 korzy\u015bciami finansowymi z tytu\u0142u uczestnictwa w sp\u00f3\u0142ce? <strong>Wsp\u00f3lnik, kt\u00f3ry chcia\u0142by doprowadzi\u0107 do wyp\u0142aty przys\u0142uguj\u0105cego mu zysku, powinien zg\u0142osi\u0107 takie \u017c\u0105danie do sp\u00f3\u0142ki.<\/strong><\/p>\n\n\n\n<h3 class=\"wp-block-heading\"><span class=\"ez-toc-section\" id=\"Kiedy_nastepuje_wyplata_zysku_w_spolce_jawnej_lub_komandytowej\"><\/span>Kiedy nast\u0119puje wyp\u0142ata zysku w sp\u00f3\u0142ce jawnej lub komandytowej?<span class=\"ez-toc-section-end\"><\/span><\/h3>\n\n\n\n<p>W Kodeksie sp\u00f3\u0142ek handlowych brak jest przepis\u00f3w okre\u015blaj\u0105cych termin wyp\u0142aty \u201edywidendy\u201d. Kwestia ta mo\u017ce zosta\u0107 uregulowana w umowie sp\u00f3\u0142ki b\u0105d\u017a pozostawiona do okre\u015blenia w uchwale wsp\u00f3lnik\u00f3w. W razie braku jakichkolwiek postanowie\u0144 w kwestii terminu wyp\u0142aty \u201edywidendy\u201d wyp\u0142ata powinna nast\u0105pi\u0107 <strong>niezw\u0142ocznie<\/strong> po wezwaniu sp\u00f3\u0142ki do zap\u0142aty.<\/p>\n\n\n\n<h3 class=\"wp-block-heading\"><span class=\"ez-toc-section\" id=\"Jaka_okreslic_wysokosc_dywidendy_w_spolce_osobowej\"><\/span>Jaka okre\u015bli\u0107 wysoko\u015b\u0107 dywidendy w sp\u00f3\u0142ce osobowej?<span class=\"ez-toc-section-end\"><\/span><\/h3>\n\n\n\n<p>Jak natomiast okre\u015bli\u0107 wysoko\u015b\u0107 dywidendy nale\u017cnej wsp\u00f3lnikowi? Je\u017celi umowa sp\u00f3\u0142ki nie zawiera szczeg\u00f3\u0142owych postanowie\u0144 dotycz\u0105cych udzia\u0142u poszczeg\u00f3lnych wsp\u00f3lnik\u00f3w w zysku, stosowane b\u0119d\u0105 przepisy Kodeksu sp\u00f3\u0142ek handlowych. Zgodnie z nimi ka\u017cdy wsp\u00f3lnik ma prawo do r\u00f3wnego udzia\u0142u w zyskach. Wysoko\u015b\u0107 wniesionego przez wsp\u00f3lnika wk\u0142adu nie ma w tym przypadku znaczenia.&nbsp;<\/p>\n\n\n\n<h4 class=\"wp-block-heading\"><span class=\"ez-toc-section\" id=\"Przyklady\"><\/span>Przyk\u0142ady:<span class=\"ez-toc-section-end\"><\/span><\/h4>\n\n\n\n<p><strong>Przyk\u0142ad 1:<\/strong> w sp\u00f3\u0142ce Florissima sp. j. jest dwoje wsp\u00f3lnik\u00f3w \u2014 Anna Kwiatkowska i Adam B\u0142awatek. Anna Kwiatkowska wnios\u0142a do sp\u00f3\u0142ki wk\u0142ad w wysoko\u015bci 60 tys. z\u0142, a Adam B\u0142awatek w wysoko\u015bci 40 tys. z\u0142. Umowa sp\u00f3\u0142ki nie zawiera \u017cadnych postanowie\u0144 dotycz\u0105cych udzia\u0142u w zysku. Pomimo odmiennych wk\u0142ad\u00f3w, zar\u00f3wno Annie Kwiatkowskiej, jak i Adamowi B\u0142awatkowi przys\u0142uguje wi\u0119c 50% udzia\u0142u w zysku.&nbsp;<\/p>\n\n\n\n<p><strong>Przyk\u0142ad 2: <\/strong>w sp\u00f3\u0142ce Zielony Zak\u0105tek sp. j. jest dwoje wsp\u00f3lnik\u00f3w \u2014 Karolina Brzozowska i Mateusz Sosnowski. Karolina Brzozowska wnios\u0142a do sp\u00f3\u0142ki wk\u0142ad w wysoko\u015bci 70 tys. z\u0142, a Mateusz Sosnowski wk\u0142ad w wysoko\u015bci 30 tys. z\u0142. Wsp\u00f3lnicy w umowie sp\u00f3\u0142ki okre\u015blili udzia\u0142 w zysku. Zgodnie z umow\u0105 sp\u00f3\u0142ki Karolinie Brzozowskiej przypada 70% udzia\u0142u w zysku, a Mateuszowi Sosnowskiemu &#8211; 30%.&nbsp;<\/p>\n\n\n\n<p>Wi\u0119cej o podziale zysku w sp\u00f3\u0142ce osobowej na podstawie uchwa\u0142y wsp\u00f3lnik\u00f3w przeczytasz w naszym artykule dost\u0119pnym <a href=\"https:\/\/pragmatiq.pl\/mniejszosciowi\/czy-udzial-w-zysku-wspolnikow-spolki-jawnej-moze-byc-okreslany-uchwala-wspolnikow\/\">tutaj<\/a>.&nbsp;<\/p>\n\n\n\n<figure class=\"wp-block-image size-large\"><img loading=\"lazy\" decoding=\"async\" width=\"1024\" height=\"683\" src=\"https:\/\/pragmatiq.pl\/mniejszosciowi\/wp-content\/uploads\/2025\/02\/IMG_1542-1024x683.jpeg\" alt=\"Pomoc prawna\" class=\"wp-image-948\" srcset=\"https:\/\/pragmatiq.pl\/mniejszosciowi\/wp-content\/uploads\/2025\/02\/IMG_1542-1024x683.jpeg 1024w, https:\/\/pragmatiq.pl\/mniejszosciowi\/wp-content\/uploads\/2025\/02\/IMG_1542-300x200.jpeg 300w, https:\/\/pragmatiq.pl\/mniejszosciowi\/wp-content\/uploads\/2025\/02\/IMG_1542-768x512.jpeg 768w, https:\/\/pragmatiq.pl\/mniejszosciowi\/wp-content\/uploads\/2025\/02\/IMG_1542-1536x1024.jpeg 1536w, https:\/\/pragmatiq.pl\/mniejszosciowi\/wp-content\/uploads\/2025\/02\/IMG_1542-2048x1365.jpeg 2048w\" sizes=\"auto, (max-width: 767px) 89vw, (max-width: 1000px) 54vw, (max-width: 1071px) 543px, 580px\" \/><\/figure>\n\n\n\n<h3 class=\"wp-block-heading\"><span class=\"ez-toc-section\" id=\"Wyplata_zysku_w_spolce_komandytowo-akcyjnej\"><\/span>Wyp\u0142ata zysku w sp\u00f3\u0142ce komandytowo-akcyjnej<span class=\"ez-toc-section-end\"><\/span><\/h3>\n\n\n\n<p>W sp\u00f3\u0142ce komandytowo-akcyjnej o sposobie rozdysponowania wypracowanego zysku decyduje walne zgromadzenie. Trzeba jednak pami\u0119ta\u0107, \u017ce:<\/p>\n\n\n\n<ul class=\"wp-block-list\">\n<li>w cz\u0119\u015bci zysku przypadaj\u0105cej <strong>akcjonariuszom<\/strong> podzia\u0142 wymaga <strong>zgody wszystkich komplementariuszy<\/strong>,<\/li>\n\n\n\n<li>w cz\u0119\u015bci zysku przypadaj\u0105cej <strong>komplementariuszom<\/strong> \u2013 wystarczaj\u0105ca jest <strong>zgoda wi\u0119kszo\u015bci komplementariuszy<\/strong>.<\/li>\n<\/ul>\n\n\n\n<p>W sp\u00f3\u0142ce komandytowo-akcyjnej komplementariusze i akcjonariusze uczestnicz\u0105 w zysku <strong>proporcjonalnie do wniesionych wk\u0142ad\u00f3w<\/strong>, chyba \u017ce statut przewiduje inny spos\u00f3b podzia\u0142u.&nbsp;<\/p>\n\n\n\n<figure class=\"wp-block-image size-large\"><img loading=\"lazy\" decoding=\"async\" width=\"1024\" height=\"683\" src=\"https:\/\/pragmatiq.pl\/mniejszosciowi\/wp-content\/uploads\/2025\/02\/IMG_1543-1024x683.jpeg\" alt=\"\" class=\"wp-image-952\" srcset=\"https:\/\/pragmatiq.pl\/mniejszosciowi\/wp-content\/uploads\/2025\/02\/IMG_1543-1024x683.jpeg 1024w, https:\/\/pragmatiq.pl\/mniejszosciowi\/wp-content\/uploads\/2025\/02\/IMG_1543-300x200.jpeg 300w, https:\/\/pragmatiq.pl\/mniejszosciowi\/wp-content\/uploads\/2025\/02\/IMG_1543-768x512.jpeg 768w, https:\/\/pragmatiq.pl\/mniejszosciowi\/wp-content\/uploads\/2025\/02\/IMG_1543-1536x1024.jpeg 1536w, https:\/\/pragmatiq.pl\/mniejszosciowi\/wp-content\/uploads\/2025\/02\/IMG_1543-2048x1366.jpeg 2048w\" sizes=\"auto, (max-width: 767px) 89vw, (max-width: 1000px) 54vw, (max-width: 1071px) 543px, 580px\" \/><\/figure>\n\n\n\n<h2 class=\"wp-block-heading\"><span class=\"ez-toc-section\" id=\"Brak_wyplaty_%E2%80%9Edywidendy%E2%80%9D_w_spolce_osobowej\"><\/span>Brak wyp\u0142aty \u201edywidendy\u201d w sp\u00f3\u0142ce osobowej<span class=\"ez-toc-section-end\"><\/span><\/h2>\n\n\n\n<p>Kiedy wyp\u0142ata &#8222;dywidendy&#8221; sp\u00f3\u0142ki nie b\u0119dzie mo\u017cliwa? Wyp\u0142ata zysku nie b\u0119dzie mo\u017cliwa w dw\u00f3ch przypadkach:<\/p>\n\n\n\n<ul class=\"wp-block-list\">\n<li>je\u015bli sp\u00f3\u0142ka nie osi\u0105gnie w danym roku obrotowym zysku, lub<\/li>\n\n\n\n<li>gdy wsp\u00f3lnicy podejm\u0105 decyzj\u0119 o innym przeznaczeniu zysku.<\/li>\n<\/ul>\n\n\n\n<p>W takiej sytuacji \u017c\u0105danie wsp\u00f3lnika b\u0119dzie bezskuteczne i nie mo\u017ce by\u0107 mowy o podziale zysku.<\/p>\n\n\n\n<h3 class=\"wp-block-heading\"><span class=\"ez-toc-section\" id=\"Brak_wyplaty_%E2%80%9Edywidendy%E2%80%9D_%E2%80%93_jak_z_tym_walczyc\"><\/span>Brak wyp\u0142aty \u201edywidendy\u201d \u2013 jak z tym walczy\u0107?<span class=\"ez-toc-section-end\"><\/span><\/h3>\n\n\n\n<p>Zdarza si\u0119, \u017ce w razie konfliktu wsp\u00f3lnik\u00f3w zysk jest celowo zatrzymywany w sp\u00f3\u0142ce, a wsp\u00f3lnicy z premedytacj\u0105 decyduj\u0105 o jego alternatywnym przeznaczeniu. Pojawia si\u0119 wtedy pytanie: czy pomijany wsp\u00f3lnik ma jakiekolwiek narz\u0119dzia, aby skutecznie domaga\u0107 si\u0119 realizacji swojego prawa do udzia\u0142u w zysku?<\/p>\n\n\n\n<h4 class=\"wp-block-heading\"><span class=\"ez-toc-section\" id=\"Skierowanie_sprawy_do_sadu\"><\/span>Skierowanie sprawy do s\u0105du<span class=\"ez-toc-section-end\"><\/span><\/h4>\n\n\n\n<p>Oczywi\u015bcie, w sytuacji gdy sp\u00f3\u0142ka nie wyp\u0142aca nale\u017cnego zysku, pomimo skierowania wezwania do zap\u0142aty, <strong>wsp\u00f3lnik mo\u017ce skierowa\u0107 spraw\u0119 do s\u0105du<\/strong>. W pozwie wsp\u00f3lnik powinien wykaza\u0107, jaka kwota zysku (wysoko\u015b\u0107 \u201edywidendy\u201d) przys\u0142uguje mu za dany rok obrotowy.<\/p>\n\n\n\n<h4 class=\"wp-block-heading\"><span class=\"ez-toc-section\" id=\"Zaskarzenie_uchwaly\"><\/span>Zaskar\u017cenie uchwa\u0142y&nbsp;<span class=\"ez-toc-section-end\"><\/span><\/h4>\n\n\n\n<p>Bardziej skomplikowana jest sytuacja, w kt\u00f3rej zosta\u0142a podj\u0119ta uchwa\u0142a o przekazaniu zysku na inny cel. W takim przypadku wsp\u00f3lnik mo\u017ce skorzysta\u0107 z <strong>prawa do zaskar\u017cenia uchwa\u0142y<\/strong>. Samo zaskar\u017cenie uchwa\u0142y nie powoduje wstrzymania jej wykonania. Mo\u017ce jednak stanowi\u0107 \u015brodek do jej podwa\u017cenia, a tak\u017ce narz\u0119dzie nacisku podczas sporu wsp\u00f3lnik\u00f3w.<\/p>\n\n\n\n<p>Je\u015bli chcesz dowiedzie\u0107 si\u0119, jak skutecznie zaskar\u017cy\u0107 uchwa\u0142\u0119 wsp\u00f3lnik\u00f3w sp\u00f3\u0142ki osobowej przeczytaj nasz artyku\u0142 dost\u0119pny <a href=\"https:\/\/www.doradzamy.to\/artykuly\/czy-istnieje-mozliwosc-zaskarzenia-uchwal-wspolnikow\">tutaj<\/a>.&nbsp;<\/p>\n\n\n\n<h4 class=\"wp-block-heading\"><span class=\"ez-toc-section\" id=\"Inne_mozliwe_dzialania\"><\/span>Inne mo\u017cliwe dzia\u0142ania&nbsp;<span class=\"ez-toc-section-end\"><\/span><\/h4>\n\n\n\n<p>Powa\u017cny konflikt mi\u0119dzy wsp\u00f3lnikami wp\u0142ywa zwykle na funkcjonowanie sp\u00f3\u0142ki, prowadzon\u0105 przez ni\u0105 dzia\u0142alno\u015b\u0107 gospodarcz\u0105 i \u2013 w konsekwencji \u2013 na wysoko\u015b\u0107 wyp\u0142acanej dywidendy. W takiej sytuacji warto rozwa\u017cy\u0107, czy lepszy wyj\u015bciem nie b\u0119dzie <strong>rozwi\u0105zanie sp\u00f3\u0142ki albo wyst\u0105pienie ze sp\u00f3\u0142ki przez jednego ze wsp\u00f3lnik\u00f3w<\/strong>.<\/p>\n\n\n\n<h2 class=\"wp-block-heading\"><span class=\"ez-toc-section\" id=\"Wyplata_zysku_%E2%80%93_wymagalnosc_roszczenia\"><\/span>Wyp\u0142ata zysku \u2013 wymagalno\u015b\u0107 roszczenia<span class=\"ez-toc-section-end\"><\/span><\/h2>\n\n\n\n<p>Co do zasady wsp\u00f3lnicy nabywaj\u0105 prawo do udzia\u0142u w zysku <strong>z ko\u0144cem roku obrotowego<\/strong>. Nie oznacza to jednak, \u017ce ju\u017c nast\u0119pnego dnia mog\u0105 skutecznie domaga\u0107 si\u0119 od sp\u00f3\u0142ki jego wyp\u0142aty.<\/p>\n\n\n\n<p>W praktyce przyjmuje si\u0119, \u017ce roszczenie o wyp\u0142at\u0119 zysku staje si\u0119 wymagalne dopiero po:<\/p>\n\n\n\n<ul class=\"wp-block-list\">\n<li>sporz\u0105dzeniu sprawozdania finansowego za dany rok obrotowy oraz<\/li>\n\n\n\n<li>jego zatwierdzeniu przez wsp\u00f3lnik\u00f3w.<\/li>\n<\/ul>\n\n\n\n<p>Dopiero wtedy wiadomo czy sp\u00f3\u0142ka faktycznie wypracowa\u0142a zysk, jaka jest jego ostateczna wysoko\u015b\u0107 oraz jaka kwota przypada konkretnemu wsp\u00f3lnikowi. Od tego momentu mo\u017cna m\u00f3wi\u0107 o realnym, \u201epoliczalnym\u201d roszczeniu o wyp\u0142at\u0119 okre\u015blonej kwoty z tytu\u0142u udzia\u0142u w zysku.<\/p>\n\n\n\n<figure class=\"wp-block-image size-large\"><img loading=\"lazy\" decoding=\"async\" width=\"1024\" height=\"683\" src=\"https:\/\/pragmatiq.pl\/mniejszosciowi\/wp-content\/uploads\/2025\/02\/IMG_1591-1024x683.jpeg\" alt=\"\" class=\"wp-image-953\" srcset=\"https:\/\/pragmatiq.pl\/mniejszosciowi\/wp-content\/uploads\/2025\/02\/IMG_1591-1024x683.jpeg 1024w, https:\/\/pragmatiq.pl\/mniejszosciowi\/wp-content\/uploads\/2025\/02\/IMG_1591-300x200.jpeg 300w, https:\/\/pragmatiq.pl\/mniejszosciowi\/wp-content\/uploads\/2025\/02\/IMG_1591-768x512.jpeg 768w, https:\/\/pragmatiq.pl\/mniejszosciowi\/wp-content\/uploads\/2025\/02\/IMG_1591-1536x1024.jpeg 1536w, https:\/\/pragmatiq.pl\/mniejszosciowi\/wp-content\/uploads\/2025\/02\/IMG_1591-2048x1365.jpeg 2048w\" sizes=\"auto, (max-width: 767px) 89vw, (max-width: 1000px) 54vw, (max-width: 1071px) 543px, 580px\" \/><\/figure>\n\n\n\n<p>Cho\u0107 <strong>brak wyp\u0142aty dywidendy<\/strong> w sp\u00f3\u0142ce osobowej bywa dla wsp\u00f3lnika dotkliwy, istniej\u0105 skuteczne narz\u0119dzia pozwalaj\u0105ce na dochodzenie swoich praw przez wsp\u00f3lnika. Nawet gdy wsp\u00f3lnicy nie podejmuj\u0105 uchwa\u0142 w przedmiocie podzia\u0142u zysku lub przeznaczaj\u0105 go na inne cele, <strong>wsp\u00f3lnik ma narz\u0119dzia prawne pozwalaj\u0105ce mu walczy\u0107 o dywidend\u0119 przys\u0142uguj\u0105c\u0105 z tytu\u0142u uczestnictwa w sp\u00f3\u0142ce<\/strong>. Warto z nich korzysta\u0107 \u2013 prawo do udzia\u0142u w zysku jest jednym z kluczowych uprawnie\u0144 wsp\u00f3lnika, a jego realizacja cz\u0119sto decyduje o tym, czy dalsze uczestnictwo w sp\u00f3\u0142ce rzeczywi\u015bcie ma sens.<\/p>\n\n\n\n<p>Natalia Chru\u015bcicka<\/p>\n\n\n\n<p>Marta B\u0142otny &#8211; B\u0142aszak<\/p>\n","protected":false},"excerpt":{"rendered":"<p>Co do zasady ka\u017cdy ze wsp\u00f3lnik\u00f3w w sp\u00f3\u0142ce osobowej ma prawo do \u201edywidendy\u201d, czyli udzia\u0142u w zysku wypracowanym przez sp\u00f3\u0142k\u0119. O jej wysoko\u015bci decyduj\u0105 postanowienia umowy sp\u00f3\u0142ki, a w przypadku ich braku \u2013 przepisy Kodeksu sp\u00f3\u0142ek handlowych. Prawo do \u201edywidendy\u201d w sp\u00f3\u0142ce osobowej \u2013 komu przys\u0142uguje i kiedy powstaje? W sp\u00f3\u0142kach osobowych (jawnej, partnerskiej, komandytowej &hellip; <\/p>\n<p class=\"link-more\"><a href=\"https:\/\/pragmatiq.pl\/mniejszosciowi\/brak-wyplaty-dywidendy-w-spolce-osobowej-jak-z-tym-walczyc\/\" class=\"more-link\">Continue reading<span class=\"screen-reader-text\"> &#8222;Brak wyp\u0142aty dywidendy w sp\u00f3\u0142ce osobowej: co zrobi\u0107, gdy wsp\u00f3lnicy blokuj\u0105 wyp\u0142at\u0119 zysku?&#8221;<\/span><\/a><\/p>\n","protected":false},"author":9,"featured_media":68,"comment_status":"open","ping_status":"open","sticky":false,"template":"","format":"standard","meta":{"_acf_changed":false,"footnotes":""},"categories":[1,33],"tags":[],"class_list":["post-168","post","type-post","status-publish","format-standard","has-post-thumbnail","hentry","category-bez-kategorii","category-spory-wspolnikow"],"acf":[],"yoast_head":"<!-- This site is optimized with the Yoast SEO plugin v27.3 - https:\/\/yoast.com\/product\/yoast-seo-wordpress\/ -->\n<title>Brak wyp\u0142aty dywidendy w sp\u00f3\u0142ce osobowej: co zrobi\u0107, gdy wsp\u00f3lnicy blokuj\u0105 wyp\u0142at\u0119 zysku? | mniejszosciowi.pl<\/title>\n<meta name=\"description\" content=\"Brak wyp\u0142aty zysku w sp\u00f3\u0142ce osobowej nie musi oznacza\u0107 bezsilno\u015bci wsp\u00f3lnika. Sprawd\u017a, jakie kroki podj\u0105\u0107 i z jakich narz\u0119dzi prawnych skorzysta\u0107, aby skutecznie zawalczy\u0107 o swoj\u0105 \u201edywidend\u0119\u201d.\" \/>\n<meta name=\"robots\" content=\"index, follow, max-snippet:-1, max-image-preview:large, max-video-preview:-1\" \/>\n<link rel=\"canonical\" href=\"https:\/\/pragmatiq.pl\/mniejszosciowi\/brak-wyplaty-dywidendy-w-spolce-osobowej-jak-z-tym-walczyc\/\" \/>\n<meta property=\"og:locale\" content=\"pl_PL\" \/>\n<meta property=\"og:type\" content=\"article\" \/>\n<meta property=\"og:title\" content=\"Brak wyp\u0142aty dywidendy w sp\u00f3\u0142ce osobowej: co zrobi\u0107, gdy wsp\u00f3lnicy blokuj\u0105 wyp\u0142at\u0119 zysku? | mniejszosciowi.pl\" \/>\n<meta property=\"og:description\" content=\"Brak wyp\u0142aty zysku w sp\u00f3\u0142ce osobowej nie musi oznacza\u0107 bezsilno\u015bci wsp\u00f3lnika. Sprawd\u017a, jakie kroki podj\u0105\u0107 i z jakich narz\u0119dzi prawnych skorzysta\u0107, aby skutecznie zawalczy\u0107 o swoj\u0105 \u201edywidend\u0119\u201d.\" \/>\n<meta property=\"og:url\" content=\"https:\/\/pragmatiq.pl\/mniejszosciowi\/brak-wyplaty-dywidendy-w-spolce-osobowej-jak-z-tym-walczyc\/\" \/>\n<meta property=\"og:site_name\" content=\"Mniejszo\u015bciowi\" \/>\n<meta property=\"article:published_time\" content=\"2019-02-06T07:20:56+00:00\" \/>\n<meta property=\"article:modified_time\" content=\"2025-11-28T12:00:34+00:00\" \/>\n<meta property=\"og:image\" content=\"https:\/\/pragmatiq.pl\/mniejszosciowi\/wp-content\/uploads\/2018\/06\/mniejszosciowi_grafika_artyku\u0142-2.png\" \/>\n\t<meta property=\"og:image:width\" content=\"2000\" \/>\n\t<meta property=\"og:image:height\" content=\"625\" \/>\n\t<meta property=\"og:image:type\" content=\"image\/png\" \/>\n<meta name=\"author\" content=\"AleksanderG\" \/>\n<meta name=\"twitter:card\" content=\"summary_large_image\" \/>\n<meta name=\"twitter:label1\" content=\"Napisane przez\" \/>\n\t<meta name=\"twitter:data1\" content=\"AleksanderG\" \/>\n\t<meta name=\"twitter:label2\" content=\"Szacowany czas czytania\" \/>\n\t<meta name=\"twitter:data2\" content=\"7 minut\" \/>\n<script type=\"application\/ld+json\" class=\"yoast-schema-graph\">{\"@context\":\"https:\\\/\\\/schema.org\",\"@graph\":[{\"@type\":\"Article\",\"@id\":\"https:\\\/\\\/pragmatiq.pl\\\/mniejszosciowi\\\/brak-wyplaty-dywidendy-w-spolce-osobowej-jak-z-tym-walczyc\\\/#article\",\"isPartOf\":{\"@id\":\"https:\\\/\\\/pragmatiq.pl\\\/mniejszosciowi\\\/brak-wyplaty-dywidendy-w-spolce-osobowej-jak-z-tym-walczyc\\\/\"},\"author\":{\"name\":\"AleksanderG\",\"@id\":\"https:\\\/\\\/pragmatiq.pl\\\/mniejszosciowi\\\/#\\\/schema\\\/person\\\/e4d808c0488d97460824f466d576c347\"},\"headline\":\"Brak wyp\u0142aty dywidendy w sp\u00f3\u0142ce osobowej: co zrobi\u0107, gdy wsp\u00f3lnicy blokuj\u0105 wyp\u0142at\u0119 zysku?\",\"datePublished\":\"2019-02-06T07:20:56+00:00\",\"dateModified\":\"2025-11-28T12:00:34+00:00\",\"mainEntityOfPage\":{\"@id\":\"https:\\\/\\\/pragmatiq.pl\\\/mniejszosciowi\\\/brak-wyplaty-dywidendy-w-spolce-osobowej-jak-z-tym-walczyc\\\/\"},\"wordCount\":1180,\"commentCount\":0,\"publisher\":{\"@id\":\"https:\\\/\\\/pragmatiq.pl\\\/mniejszosciowi\\\/#organization\"},\"image\":{\"@id\":\"https:\\\/\\\/pragmatiq.pl\\\/mniejszosciowi\\\/brak-wyplaty-dywidendy-w-spolce-osobowej-jak-z-tym-walczyc\\\/#primaryimage\"},\"thumbnailUrl\":\"https:\\\/\\\/pragmatiq.pl\\\/mniejszosciowi\\\/wp-content\\\/uploads\\\/2018\\\/06\\\/mniejszosciowi_grafika_artyku\u0142-2.png\",\"articleSection\":{\"1\":\"Spory wsp\u00f3lnik\u00f3w\"},\"inLanguage\":\"pl-PL\",\"potentialAction\":[{\"@type\":\"CommentAction\",\"name\":\"Comment\",\"target\":[\"https:\\\/\\\/pragmatiq.pl\\\/mniejszosciowi\\\/brak-wyplaty-dywidendy-w-spolce-osobowej-jak-z-tym-walczyc\\\/#respond\"]}]},{\"@type\":\"WebPage\",\"@id\":\"https:\\\/\\\/pragmatiq.pl\\\/mniejszosciowi\\\/brak-wyplaty-dywidendy-w-spolce-osobowej-jak-z-tym-walczyc\\\/\",\"url\":\"https:\\\/\\\/pragmatiq.pl\\\/mniejszosciowi\\\/brak-wyplaty-dywidendy-w-spolce-osobowej-jak-z-tym-walczyc\\\/\",\"name\":\"Brak wyp\u0142aty dywidendy w sp\u00f3\u0142ce osobowej: co zrobi\u0107, gdy wsp\u00f3lnicy blokuj\u0105 wyp\u0142at\u0119 zysku? | mniejszosciowi.pl\",\"isPartOf\":{\"@id\":\"https:\\\/\\\/pragmatiq.pl\\\/mniejszosciowi\\\/#website\"},\"primaryImageOfPage\":{\"@id\":\"https:\\\/\\\/pragmatiq.pl\\\/mniejszosciowi\\\/brak-wyplaty-dywidendy-w-spolce-osobowej-jak-z-tym-walczyc\\\/#primaryimage\"},\"image\":{\"@id\":\"https:\\\/\\\/pragmatiq.pl\\\/mniejszosciowi\\\/brak-wyplaty-dywidendy-w-spolce-osobowej-jak-z-tym-walczyc\\\/#primaryimage\"},\"thumbnailUrl\":\"https:\\\/\\\/pragmatiq.pl\\\/mniejszosciowi\\\/wp-content\\\/uploads\\\/2018\\\/06\\\/mniejszosciowi_grafika_artyku\u0142-2.png\",\"datePublished\":\"2019-02-06T07:20:56+00:00\",\"dateModified\":\"2025-11-28T12:00:34+00:00\",\"description\":\"Brak wyp\u0142aty zysku w sp\u00f3\u0142ce osobowej nie musi oznacza\u0107 bezsilno\u015bci wsp\u00f3lnika. Sprawd\u017a, jakie kroki podj\u0105\u0107 i z jakich narz\u0119dzi prawnych skorzysta\u0107, aby skutecznie zawalczy\u0107 o swoj\u0105 \u201edywidend\u0119\u201d.\",\"breadcrumb\":{\"@id\":\"https:\\\/\\\/pragmatiq.pl\\\/mniejszosciowi\\\/brak-wyplaty-dywidendy-w-spolce-osobowej-jak-z-tym-walczyc\\\/#breadcrumb\"},\"inLanguage\":\"pl-PL\",\"potentialAction\":[{\"@type\":\"ReadAction\",\"target\":[\"https:\\\/\\\/pragmatiq.pl\\\/mniejszosciowi\\\/brak-wyplaty-dywidendy-w-spolce-osobowej-jak-z-tym-walczyc\\\/\"]}]},{\"@type\":\"ImageObject\",\"inLanguage\":\"pl-PL\",\"@id\":\"https:\\\/\\\/pragmatiq.pl\\\/mniejszosciowi\\\/brak-wyplaty-dywidendy-w-spolce-osobowej-jak-z-tym-walczyc\\\/#primaryimage\",\"url\":\"https:\\\/\\\/pragmatiq.pl\\\/mniejszosciowi\\\/wp-content\\\/uploads\\\/2018\\\/06\\\/mniejszosciowi_grafika_artyku\u0142-2.png\",\"contentUrl\":\"https:\\\/\\\/pragmatiq.pl\\\/mniejszosciowi\\\/wp-content\\\/uploads\\\/2018\\\/06\\\/mniejszosciowi_grafika_artyku\u0142-2.png\",\"width\":2000,\"height\":625,\"caption\":\"Brak wyp\u0142aty \u201edywidendy\u201d w sp\u00f3\u0142ce osobowej \u2013 jak z tym walczy\u0107?\"},{\"@type\":\"BreadcrumbList\",\"@id\":\"https:\\\/\\\/pragmatiq.pl\\\/mniejszosciowi\\\/brak-wyplaty-dywidendy-w-spolce-osobowej-jak-z-tym-walczyc\\\/#breadcrumb\",\"itemListElement\":[{\"@type\":\"ListItem\",\"position\":1,\"name\":\"Strona g\u0142\u00f3wna\",\"item\":\"https:\\\/\\\/pragmatiq.pl\\\/mniejszosciowi\\\/\"},{\"@type\":\"ListItem\",\"position\":2,\"name\":\"Brak wyp\u0142aty dywidendy w sp\u00f3\u0142ce osobowej: co zrobi\u0107, gdy wsp\u00f3lnicy blokuj\u0105 wyp\u0142at\u0119 zysku?\"}]},{\"@type\":\"WebSite\",\"@id\":\"https:\\\/\\\/pragmatiq.pl\\\/mniejszosciowi\\\/#website\",\"url\":\"https:\\\/\\\/pragmatiq.pl\\\/mniejszosciowi\\\/\",\"name\":\"Mniejszo\u015bciowi\",\"description\":\"\",\"publisher\":{\"@id\":\"https:\\\/\\\/pragmatiq.pl\\\/mniejszosciowi\\\/#organization\"},\"potentialAction\":[{\"@type\":\"SearchAction\",\"target\":{\"@type\":\"EntryPoint\",\"urlTemplate\":\"https:\\\/\\\/pragmatiq.pl\\\/mniejszosciowi\\\/?s={search_term_string}\"},\"query-input\":{\"@type\":\"PropertyValueSpecification\",\"valueRequired\":true,\"valueName\":\"search_term_string\"}}],\"inLanguage\":\"pl-PL\"},{\"@type\":\"Organization\",\"@id\":\"https:\\\/\\\/pragmatiq.pl\\\/mniejszosciowi\\\/#organization\",\"name\":\"Mniejszo\u015bciowi\",\"url\":\"https:\\\/\\\/pragmatiq.pl\\\/mniejszosciowi\\\/\",\"logo\":{\"@type\":\"ImageObject\",\"inLanguage\":\"pl-PL\",\"@id\":\"https:\\\/\\\/pragmatiq.pl\\\/mniejszosciowi\\\/#\\\/schema\\\/logo\\\/image\\\/\",\"url\":\"https:\\\/\\\/pragmatiq.pl\\\/mniejszosciowi\\\/wp-content\\\/uploads\\\/2018\\\/05\\\/cropped-logo.png\",\"contentUrl\":\"https:\\\/\\\/pragmatiq.pl\\\/mniejszosciowi\\\/wp-content\\\/uploads\\\/2018\\\/05\\\/cropped-logo.png\",\"width\":952,\"height\":250,\"caption\":\"Mniejszo\u015bciowi\"},\"image\":{\"@id\":\"https:\\\/\\\/pragmatiq.pl\\\/mniejszosciowi\\\/#\\\/schema\\\/logo\\\/image\\\/\"}},{\"@type\":\"Person\",\"@id\":\"https:\\\/\\\/pragmatiq.pl\\\/mniejszosciowi\\\/#\\\/schema\\\/person\\\/e4d808c0488d97460824f466d576c347\",\"name\":\"AleksanderG\",\"image\":{\"@type\":\"ImageObject\",\"inLanguage\":\"pl-PL\",\"@id\":\"https:\\\/\\\/secure.gravatar.com\\\/avatar\\\/e0063a8a474902617274a95e9be19adbb8477e146d6b76b83e7e6e0cd7a26836?s=96&d=mm&r=g\",\"url\":\"https:\\\/\\\/secure.gravatar.com\\\/avatar\\\/e0063a8a474902617274a95e9be19adbb8477e146d6b76b83e7e6e0cd7a26836?s=96&d=mm&r=g\",\"contentUrl\":\"https:\\\/\\\/secure.gravatar.com\\\/avatar\\\/e0063a8a474902617274a95e9be19adbb8477e146d6b76b83e7e6e0cd7a26836?s=96&d=mm&r=g\",\"caption\":\"AleksanderG\"},\"url\":\"https:\\\/\\\/pragmatiq.pl\\\/mniejszosciowi\\\/author\\\/aleksanderg\\\/\"}]}<\/script>\n<!-- \/ Yoast SEO plugin. -->","yoast_head_json":{"title":"Brak wyp\u0142aty dywidendy w sp\u00f3\u0142ce osobowej: co zrobi\u0107, gdy wsp\u00f3lnicy blokuj\u0105 wyp\u0142at\u0119 zysku? | mniejszosciowi.pl","description":"Brak wyp\u0142aty zysku w sp\u00f3\u0142ce osobowej nie musi oznacza\u0107 bezsilno\u015bci wsp\u00f3lnika. Sprawd\u017a, jakie kroki podj\u0105\u0107 i z jakich narz\u0119dzi prawnych skorzysta\u0107, aby skutecznie zawalczy\u0107 o swoj\u0105 \u201edywidend\u0119\u201d.","robots":{"index":"index","follow":"follow","max-snippet":"max-snippet:-1","max-image-preview":"max-image-preview:large","max-video-preview":"max-video-preview:-1"},"canonical":"https:\/\/pragmatiq.pl\/mniejszosciowi\/brak-wyplaty-dywidendy-w-spolce-osobowej-jak-z-tym-walczyc\/","og_locale":"pl_PL","og_type":"article","og_title":"Brak wyp\u0142aty dywidendy w sp\u00f3\u0142ce osobowej: co zrobi\u0107, gdy wsp\u00f3lnicy blokuj\u0105 wyp\u0142at\u0119 zysku? | mniejszosciowi.pl","og_description":"Brak wyp\u0142aty zysku w sp\u00f3\u0142ce osobowej nie musi oznacza\u0107 bezsilno\u015bci wsp\u00f3lnika. Sprawd\u017a, jakie kroki podj\u0105\u0107 i z jakich narz\u0119dzi prawnych skorzysta\u0107, aby skutecznie zawalczy\u0107 o swoj\u0105 \u201edywidend\u0119\u201d.","og_url":"https:\/\/pragmatiq.pl\/mniejszosciowi\/brak-wyplaty-dywidendy-w-spolce-osobowej-jak-z-tym-walczyc\/","og_site_name":"Mniejszo\u015bciowi","article_published_time":"2019-02-06T07:20:56+00:00","article_modified_time":"2025-11-28T12:00:34+00:00","og_image":[{"width":2000,"height":625,"url":"https:\/\/pragmatiq.pl\/mniejszosciowi\/wp-content\/uploads\/2018\/06\/mniejszosciowi_grafika_artyku\u0142-2.png","type":"image\/png"}],"author":"AleksanderG","twitter_card":"summary_large_image","twitter_misc":{"Napisane przez":"AleksanderG","Szacowany czas czytania":"7 minut"},"schema":{"@context":"https:\/\/schema.org","@graph":[{"@type":"Article","@id":"https:\/\/pragmatiq.pl\/mniejszosciowi\/brak-wyplaty-dywidendy-w-spolce-osobowej-jak-z-tym-walczyc\/#article","isPartOf":{"@id":"https:\/\/pragmatiq.pl\/mniejszosciowi\/brak-wyplaty-dywidendy-w-spolce-osobowej-jak-z-tym-walczyc\/"},"author":{"name":"AleksanderG","@id":"https:\/\/pragmatiq.pl\/mniejszosciowi\/#\/schema\/person\/e4d808c0488d97460824f466d576c347"},"headline":"Brak wyp\u0142aty dywidendy w sp\u00f3\u0142ce osobowej: co zrobi\u0107, gdy wsp\u00f3lnicy blokuj\u0105 wyp\u0142at\u0119 zysku?","datePublished":"2019-02-06T07:20:56+00:00","dateModified":"2025-11-28T12:00:34+00:00","mainEntityOfPage":{"@id":"https:\/\/pragmatiq.pl\/mniejszosciowi\/brak-wyplaty-dywidendy-w-spolce-osobowej-jak-z-tym-walczyc\/"},"wordCount":1180,"commentCount":0,"publisher":{"@id":"https:\/\/pragmatiq.pl\/mniejszosciowi\/#organization"},"image":{"@id":"https:\/\/pragmatiq.pl\/mniejszosciowi\/brak-wyplaty-dywidendy-w-spolce-osobowej-jak-z-tym-walczyc\/#primaryimage"},"thumbnailUrl":"https:\/\/pragmatiq.pl\/mniejszosciowi\/wp-content\/uploads\/2018\/06\/mniejszosciowi_grafika_artyku\u0142-2.png","articleSection":{"1":"Spory wsp\u00f3lnik\u00f3w"},"inLanguage":"pl-PL","potentialAction":[{"@type":"CommentAction","name":"Comment","target":["https:\/\/pragmatiq.pl\/mniejszosciowi\/brak-wyplaty-dywidendy-w-spolce-osobowej-jak-z-tym-walczyc\/#respond"]}]},{"@type":"WebPage","@id":"https:\/\/pragmatiq.pl\/mniejszosciowi\/brak-wyplaty-dywidendy-w-spolce-osobowej-jak-z-tym-walczyc\/","url":"https:\/\/pragmatiq.pl\/mniejszosciowi\/brak-wyplaty-dywidendy-w-spolce-osobowej-jak-z-tym-walczyc\/","name":"Brak wyp\u0142aty dywidendy w sp\u00f3\u0142ce osobowej: co zrobi\u0107, gdy wsp\u00f3lnicy blokuj\u0105 wyp\u0142at\u0119 zysku? | mniejszosciowi.pl","isPartOf":{"@id":"https:\/\/pragmatiq.pl\/mniejszosciowi\/#website"},"primaryImageOfPage":{"@id":"https:\/\/pragmatiq.pl\/mniejszosciowi\/brak-wyplaty-dywidendy-w-spolce-osobowej-jak-z-tym-walczyc\/#primaryimage"},"image":{"@id":"https:\/\/pragmatiq.pl\/mniejszosciowi\/brak-wyplaty-dywidendy-w-spolce-osobowej-jak-z-tym-walczyc\/#primaryimage"},"thumbnailUrl":"https:\/\/pragmatiq.pl\/mniejszosciowi\/wp-content\/uploads\/2018\/06\/mniejszosciowi_grafika_artyku\u0142-2.png","datePublished":"2019-02-06T07:20:56+00:00","dateModified":"2025-11-28T12:00:34+00:00","description":"Brak wyp\u0142aty zysku w sp\u00f3\u0142ce osobowej nie musi oznacza\u0107 bezsilno\u015bci wsp\u00f3lnika. Sprawd\u017a, jakie kroki podj\u0105\u0107 i z jakich narz\u0119dzi prawnych skorzysta\u0107, aby skutecznie zawalczy\u0107 o swoj\u0105 \u201edywidend\u0119\u201d.","breadcrumb":{"@id":"https:\/\/pragmatiq.pl\/mniejszosciowi\/brak-wyplaty-dywidendy-w-spolce-osobowej-jak-z-tym-walczyc\/#breadcrumb"},"inLanguage":"pl-PL","potentialAction":[{"@type":"ReadAction","target":["https:\/\/pragmatiq.pl\/mniejszosciowi\/brak-wyplaty-dywidendy-w-spolce-osobowej-jak-z-tym-walczyc\/"]}]},{"@type":"ImageObject","inLanguage":"pl-PL","@id":"https:\/\/pragmatiq.pl\/mniejszosciowi\/brak-wyplaty-dywidendy-w-spolce-osobowej-jak-z-tym-walczyc\/#primaryimage","url":"https:\/\/pragmatiq.pl\/mniejszosciowi\/wp-content\/uploads\/2018\/06\/mniejszosciowi_grafika_artyku\u0142-2.png","contentUrl":"https:\/\/pragmatiq.pl\/mniejszosciowi\/wp-content\/uploads\/2018\/06\/mniejszosciowi_grafika_artyku\u0142-2.png","width":2000,"height":625,"caption":"Brak wyp\u0142aty \u201edywidendy\u201d w sp\u00f3\u0142ce osobowej \u2013 jak z tym walczy\u0107?"},{"@type":"BreadcrumbList","@id":"https:\/\/pragmatiq.pl\/mniejszosciowi\/brak-wyplaty-dywidendy-w-spolce-osobowej-jak-z-tym-walczyc\/#breadcrumb","itemListElement":[{"@type":"ListItem","position":1,"name":"Strona g\u0142\u00f3wna","item":"https:\/\/pragmatiq.pl\/mniejszosciowi\/"},{"@type":"ListItem","position":2,"name":"Brak wyp\u0142aty dywidendy w sp\u00f3\u0142ce osobowej: co zrobi\u0107, gdy wsp\u00f3lnicy blokuj\u0105 wyp\u0142at\u0119 zysku?"}]},{"@type":"WebSite","@id":"https:\/\/pragmatiq.pl\/mniejszosciowi\/#website","url":"https:\/\/pragmatiq.pl\/mniejszosciowi\/","name":"Mniejszo\u015bciowi","description":"","publisher":{"@id":"https:\/\/pragmatiq.pl\/mniejszosciowi\/#organization"},"potentialAction":[{"@type":"SearchAction","target":{"@type":"EntryPoint","urlTemplate":"https:\/\/pragmatiq.pl\/mniejszosciowi\/?s={search_term_string}"},"query-input":{"@type":"PropertyValueSpecification","valueRequired":true,"valueName":"search_term_string"}}],"inLanguage":"pl-PL"},{"@type":"Organization","@id":"https:\/\/pragmatiq.pl\/mniejszosciowi\/#organization","name":"Mniejszo\u015bciowi","url":"https:\/\/pragmatiq.pl\/mniejszosciowi\/","logo":{"@type":"ImageObject","inLanguage":"pl-PL","@id":"https:\/\/pragmatiq.pl\/mniejszosciowi\/#\/schema\/logo\/image\/","url":"https:\/\/pragmatiq.pl\/mniejszosciowi\/wp-content\/uploads\/2018\/05\/cropped-logo.png","contentUrl":"https:\/\/pragmatiq.pl\/mniejszosciowi\/wp-content\/uploads\/2018\/05\/cropped-logo.png","width":952,"height":250,"caption":"Mniejszo\u015bciowi"},"image":{"@id":"https:\/\/pragmatiq.pl\/mniejszosciowi\/#\/schema\/logo\/image\/"}},{"@type":"Person","@id":"https:\/\/pragmatiq.pl\/mniejszosciowi\/#\/schema\/person\/e4d808c0488d97460824f466d576c347","name":"AleksanderG","image":{"@type":"ImageObject","inLanguage":"pl-PL","@id":"https:\/\/secure.gravatar.com\/avatar\/e0063a8a474902617274a95e9be19adbb8477e146d6b76b83e7e6e0cd7a26836?s=96&d=mm&r=g","url":"https:\/\/secure.gravatar.com\/avatar\/e0063a8a474902617274a95e9be19adbb8477e146d6b76b83e7e6e0cd7a26836?s=96&d=mm&r=g","contentUrl":"https:\/\/secure.gravatar.com\/avatar\/e0063a8a474902617274a95e9be19adbb8477e146d6b76b83e7e6e0cd7a26836?s=96&d=mm&r=g","caption":"AleksanderG"},"url":"https:\/\/pragmatiq.pl\/mniejszosciowi\/author\/aleksanderg\/"}]}},"_links":{"self":[{"href":"https:\/\/pragmatiq.pl\/mniejszosciowi\/wp-json\/wp\/v2\/posts\/168","targetHints":{"allow":["GET"]}}],"collection":[{"href":"https:\/\/pragmatiq.pl\/mniejszosciowi\/wp-json\/wp\/v2\/posts"}],"about":[{"href":"https:\/\/pragmatiq.pl\/mniejszosciowi\/wp-json\/wp\/v2\/types\/post"}],"author":[{"embeddable":true,"href":"https:\/\/pragmatiq.pl\/mniejszosciowi\/wp-json\/wp\/v2\/users\/9"}],"replies":[{"embeddable":true,"href":"https:\/\/pragmatiq.pl\/mniejszosciowi\/wp-json\/wp\/v2\/comments?post=168"}],"version-history":[{"count":10,"href":"https:\/\/pragmatiq.pl\/mniejszosciowi\/wp-json\/wp\/v2\/posts\/168\/revisions"}],"predecessor-version":[{"id":1082,"href":"https:\/\/pragmatiq.pl\/mniejszosciowi\/wp-json\/wp\/v2\/posts\/168\/revisions\/1082"}],"wp:featuredmedia":[{"embeddable":true,"href":"https:\/\/pragmatiq.pl\/mniejszosciowi\/wp-json\/wp\/v2\/media\/68"}],"wp:attachment":[{"href":"https:\/\/pragmatiq.pl\/mniejszosciowi\/wp-json\/wp\/v2\/media?parent=168"}],"wp:term":[{"taxonomy":"category","embeddable":true,"href":"https:\/\/pragmatiq.pl\/mniejszosciowi\/wp-json\/wp\/v2\/categories?post=168"},{"taxonomy":"post_tag","embeddable":true,"href":"https:\/\/pragmatiq.pl\/mniejszosciowi\/wp-json\/wp\/v2\/tags?post=168"}],"curies":[{"name":"wp","href":"https:\/\/api.w.org\/{rel}","templated":true}]}}