{"id":159,"date":"2019-02-07T09:22:37","date_gmt":"2019-02-07T08:22:37","guid":{"rendered":"http:\/\/mniejszosciowi.pl\/?p=159"},"modified":"2025-08-25T14:28:22","modified_gmt":"2025-08-25T12:28:22","slug":"w-jaki-sposob-sady-rozstrzygaja-konflikty-miedzy-wspolnikami","status":"publish","type":"post","link":"https:\/\/pragmatiq.pl\/mniejszosciowi\/w-jaki-sposob-sady-rozstrzygaja-konflikty-miedzy-wspolnikami\/","title":{"rendered":"W jaki spos\u00f3b s\u0105dy rozstrzygaj\u0105 konflikty mi\u0119dzy wsp\u00f3lnikami?"},"content":{"rendered":"<p><strong>To ju\u017c druga edycja raportu o sporach wsp\u00f3lnik\u00f3w. W nowym, zaktualizowanym raporcie przeanalizowali\u015bmy ponad 500 orzecze\u0144, \u017ceby ustali\u0107, w jaki spos\u00f3b s\u0105dy rozstrzygaj\u0105 konflikty mi\u0119dzy wsp\u00f3lnikami.<\/strong><\/p>\n<div id=\"ez-toc-container\" class=\"ez-toc-v2_0_82_2 counter-hierarchy ez-toc-counter ez-toc-grey ez-toc-container-direction\">\n<nav><ul class='ez-toc-list ez-toc-list-level-1 ' ><li class='ez-toc-page-1 ez-toc-heading-level-2'><a class=\"ez-toc-link ez-toc-heading-1\" href=\"https:\/\/pragmatiq.pl\/mniejszosciowi\/w-jaki-sposob-sady-rozstrzygaja-konflikty-miedzy-wspolnikami\/#Czy_zawsze_warto_isc_do_sadu\" >Czy zawsze warto i\u015b\u0107 do s\u0105du?<\/a><\/li><li class='ez-toc-page-1 ez-toc-heading-level-2'><a class=\"ez-toc-link ez-toc-heading-2\" href=\"https:\/\/pragmatiq.pl\/mniejszosciowi\/w-jaki-sposob-sady-rozstrzygaja-konflikty-miedzy-wspolnikami\/#Linia_orzecznicza_%E2%80%93_jak_orzekaja_sady_w_sprawach_dotyczacych_sporow_wspolnikow\" >Linia orzecznicza \u2013 jak orzekaj\u0105 s\u0105dy w sprawach dotycz\u0105cych spor\u00f3w wsp\u00f3lnik\u00f3w?<\/a><\/li><\/ul><\/nav><\/div>\n<h2><span class=\"ez-toc-section\" id=\"Czy_zawsze_warto_isc_do_sadu\"><\/span><strong>Czy zawsze warto i\u015b\u0107 do s\u0105du?<\/strong><span class=\"ez-toc-section-end\"><\/span><\/h2>\n<p>Ka\u017cda sp\u00f3\u0142ka pr\u0119dzej czy p\u00f3\u017aniej nara\u017cona jest na sytuacje, w kt\u00f3rych mi\u0119dzy wsp\u00f3lnikami dojdzie do konfliktu. Przyczyn\u0105 roz\u0142amu mog\u0105 sta\u0107 si\u0119 nawet z pozoru drobne sprawy. W najlepszym przypadku uda si\u0119 je rozwi\u0105za\u0107 na drodze do porozumienia, ale czasem znajd\u0105 sw\u00f3j fina\u0142 tak\u017ce w s\u0105dzie. To drugie rozwi\u0105zanie jest szczeg\u00f3lnie korzystne dla wsp\u00f3lnik\u00f3w mniejszo\u015bciowych, dla kt\u00f3rych negocjacje z wi\u0119kszo\u015bciowym wsp\u00f3lnikiem mog\u0105 cz\u0119sto ko\u0144czy\u0107 si\u0119 niepowodzeniem.<\/p>\n<h2><span class=\"ez-toc-section\" id=\"Linia_orzecznicza_%E2%80%93_jak_orzekaja_sady_w_sprawach_dotyczacych_sporow_wspolnikow\"><\/span><strong>Linia orzecznicza \u2013 jak orzekaj\u0105 s\u0105dy w sprawach dotycz\u0105cych spor\u00f3w wsp\u00f3lnik\u00f3w?<\/strong><span class=\"ez-toc-section-end\"><\/span><\/h2>\n<p>Przed skierowaniem sprawy do s\u0105du dobrze jest sprawdzi\u0107, jak orzekaj\u0105 s\u0105dy oraz jak d\u0142ugo potrwa\u0107 mo\u017ce post\u0119powanie. Aby odpowiedzie\u0107 na to pytanie, w drugiej edycji raportu przeanalizowali\u015bmy ponad 500 wyrok\u00f3w. Druga edycja raportu to podstawa do oceny tego, jak wygl\u0105da linia orzecznicza w s\u0105dach rejonowych, okr\u0119gowych i apelacyjnych w sprawach o zaskar\u017cenie uchwa\u0142, wy\u0142\u0105czenie wsp\u00f3lnika, rozwi\u0105zanie sp\u00f3\u0142ki oraz udost\u0119pnianie dokument\u00f3w sp\u00f3\u0142ki z o.o. II wydanie raportu o sporach wsp\u00f3lnik\u00f3w\u00a0 mo\u017ce stanowi\u0107 podstaw\u0119 do ustalenia jakie dzia\u0142ania powinien podj\u0105\u0107 wsp\u00f3lnik mniejszo\u015bciowy, aby zako\u0144czy\u0107 z korzy\u015bci\u0105 konflikt w sp\u00f3\u0142ce.<\/p>\n<p><a href=\"https:\/\/pragmatiq.pl\/mniejszosciowi\/#raport\" data-wplink-edit=\"true\">POBIERZ RAPORT &gt;&gt;&gt;<\/a><\/p>\n","protected":false},"excerpt":{"rendered":"<p>To ju\u017c druga edycja raportu o sporach wsp\u00f3lnik\u00f3w. W nowym, zaktualizowanym raporcie przeanalizowali\u015bmy ponad 500 orzecze\u0144, \u017ceby ustali\u0107, w jaki spos\u00f3b s\u0105dy rozstrzygaj\u0105 konflikty mi\u0119dzy wsp\u00f3lnikami. Czy zawsze warto i\u015b\u0107 do s\u0105du? Ka\u017cda sp\u00f3\u0142ka pr\u0119dzej czy p\u00f3\u017aniej nara\u017cona jest na sytuacje, w kt\u00f3rych mi\u0119dzy wsp\u00f3lnikami dojdzie do konfliktu. Przyczyn\u0105 roz\u0142amu mog\u0105 sta\u0107 si\u0119 nawet z &hellip; <\/p>\n<p class=\"link-more\"><a href=\"https:\/\/pragmatiq.pl\/mniejszosciowi\/w-jaki-sposob-sady-rozstrzygaja-konflikty-miedzy-wspolnikami\/\" class=\"more-link\">Continue reading<span class=\"screen-reader-text\"> &#8222;W jaki spos\u00f3b s\u0105dy rozstrzygaj\u0105 konflikty mi\u0119dzy wsp\u00f3lnikami?&#8221;<\/span><\/a><\/p>\n","protected":false},"author":9,"featured_media":162,"comment_status":"open","ping_status":"open","sticky":false,"template":"","format":"standard","meta":{"_acf_changed":false,"footnotes":""},"categories":[1,33],"tags":[],"class_list":["post-159","post","type-post","status-publish","format-standard","has-post-thumbnail","hentry","category-bez-kategorii","category-spory-wspolnikow"],"acf":[],"yoast_head":"<!-- This site is optimized with the Yoast SEO plugin v27.3 - https:\/\/yoast.com\/product\/yoast-seo-wordpress\/ -->\n<title>W jaki spos\u00f3b s\u0105dy rozstrzygaj\u0105 konflikty mi\u0119dzy wsp\u00f3lnikami? | mniejszosciowi.pl<\/title>\n<meta name=\"robots\" content=\"index, follow, max-snippet:-1, max-image-preview:large, max-video-preview:-1\" \/>\n<link rel=\"canonical\" href=\"https:\/\/pragmatiq.pl\/mniejszosciowi\/w-jaki-sposob-sady-rozstrzygaja-konflikty-miedzy-wspolnikami\/\" \/>\n<meta property=\"og:locale\" content=\"pl_PL\" \/>\n<meta property=\"og:type\" content=\"article\" \/>\n<meta property=\"og:title\" content=\"W jaki spos\u00f3b s\u0105dy rozstrzygaj\u0105 konflikty mi\u0119dzy wsp\u00f3lnikami? | mniejszosciowi.pl\" \/>\n<meta property=\"og:description\" content=\"To ju\u017c druga edycja raportu o sporach wsp\u00f3lnik\u00f3w. W nowym, zaktualizowanym raporcie przeanalizowali\u015bmy ponad 500 orzecze\u0144, \u017ceby ustali\u0107, w jaki spos\u00f3b s\u0105dy rozstrzygaj\u0105 konflikty mi\u0119dzy wsp\u00f3lnikami. Czy zawsze warto i\u015b\u0107 do s\u0105du? Ka\u017cda sp\u00f3\u0142ka pr\u0119dzej czy p\u00f3\u017aniej nara\u017cona jest na sytuacje, w kt\u00f3rych mi\u0119dzy wsp\u00f3lnikami dojdzie do konfliktu. Przyczyn\u0105 roz\u0142amu mog\u0105 sta\u0107 si\u0119 nawet z &hellip; Continue reading &quot;W jaki spos\u00f3b s\u0105dy rozstrzygaj\u0105 konflikty mi\u0119dzy wsp\u00f3lnikami?&quot;\" \/>\n<meta property=\"og:url\" content=\"https:\/\/pragmatiq.pl\/mniejszosciowi\/w-jaki-sposob-sady-rozstrzygaja-konflikty-miedzy-wspolnikami\/\" \/>\n<meta property=\"og:site_name\" content=\"Mniejszo\u015bciowi\" \/>\n<meta property=\"article:published_time\" content=\"2019-02-07T08:22:37+00:00\" \/>\n<meta property=\"article:modified_time\" content=\"2025-08-25T12:28:22+00:00\" \/>\n<meta property=\"og:image\" content=\"https:\/\/pragmatiq.pl\/mniejszosciowi\/wp-content\/uploads\/2019\/02\/mniejszosciowi_grafika_artyku\u0142.png\" \/>\n\t<meta property=\"og:image:width\" content=\"2000\" \/>\n\t<meta property=\"og:image:height\" content=\"625\" \/>\n\t<meta property=\"og:image:type\" content=\"image\/png\" \/>\n<meta name=\"author\" content=\"AleksanderG\" \/>\n<meta name=\"twitter:card\" content=\"summary_large_image\" \/>\n<meta name=\"twitter:label1\" content=\"Napisane przez\" \/>\n\t<meta name=\"twitter:data1\" content=\"AleksanderG\" \/>\n\t<meta name=\"twitter:label2\" content=\"Szacowany czas czytania\" \/>\n\t<meta name=\"twitter:data2\" content=\"2 minuty\" \/>\n<script type=\"application\/ld+json\" class=\"yoast-schema-graph\">{\"@context\":\"https:\\\/\\\/schema.org\",\"@graph\":[{\"@type\":\"Article\",\"@id\":\"https:\\\/\\\/pragmatiq.pl\\\/mniejszosciowi\\\/w-jaki-sposob-sady-rozstrzygaja-konflikty-miedzy-wspolnikami\\\/#article\",\"isPartOf\":{\"@id\":\"https:\\\/\\\/pragmatiq.pl\\\/mniejszosciowi\\\/w-jaki-sposob-sady-rozstrzygaja-konflikty-miedzy-wspolnikami\\\/\"},\"author\":{\"name\":\"AleksanderG\",\"@id\":\"https:\\\/\\\/pragmatiq.pl\\\/mniejszosciowi\\\/#\\\/schema\\\/person\\\/e4d808c0488d97460824f466d576c347\"},\"headline\":\"W jaki spos\u00f3b s\u0105dy rozstrzygaj\u0105 konflikty mi\u0119dzy wsp\u00f3lnikami?\",\"datePublished\":\"2019-02-07T08:22:37+00:00\",\"dateModified\":\"2025-08-25T12:28:22+00:00\",\"mainEntityOfPage\":{\"@id\":\"https:\\\/\\\/pragmatiq.pl\\\/mniejszosciowi\\\/w-jaki-sposob-sady-rozstrzygaja-konflikty-miedzy-wspolnikami\\\/\"},\"wordCount\":274,\"commentCount\":0,\"publisher\":{\"@id\":\"https:\\\/\\\/pragmatiq.pl\\\/mniejszosciowi\\\/#organization\"},\"image\":{\"@id\":\"https:\\\/\\\/pragmatiq.pl\\\/mniejszosciowi\\\/w-jaki-sposob-sady-rozstrzygaja-konflikty-miedzy-wspolnikami\\\/#primaryimage\"},\"thumbnailUrl\":\"https:\\\/\\\/pragmatiq.pl\\\/mniejszosciowi\\\/wp-content\\\/uploads\\\/2019\\\/02\\\/mniejszosciowi_grafika_artyku\u0142.png\",\"articleSection\":{\"1\":\"Spory wsp\u00f3lnik\u00f3w\"},\"inLanguage\":\"pl-PL\",\"potentialAction\":[{\"@type\":\"CommentAction\",\"name\":\"Comment\",\"target\":[\"https:\\\/\\\/pragmatiq.pl\\\/mniejszosciowi\\\/w-jaki-sposob-sady-rozstrzygaja-konflikty-miedzy-wspolnikami\\\/#respond\"]}]},{\"@type\":\"WebPage\",\"@id\":\"https:\\\/\\\/pragmatiq.pl\\\/mniejszosciowi\\\/w-jaki-sposob-sady-rozstrzygaja-konflikty-miedzy-wspolnikami\\\/\",\"url\":\"https:\\\/\\\/pragmatiq.pl\\\/mniejszosciowi\\\/w-jaki-sposob-sady-rozstrzygaja-konflikty-miedzy-wspolnikami\\\/\",\"name\":\"W jaki spos\u00f3b s\u0105dy rozstrzygaj\u0105 konflikty mi\u0119dzy wsp\u00f3lnikami? | mniejszosciowi.pl\",\"isPartOf\":{\"@id\":\"https:\\\/\\\/pragmatiq.pl\\\/mniejszosciowi\\\/#website\"},\"primaryImageOfPage\":{\"@id\":\"https:\\\/\\\/pragmatiq.pl\\\/mniejszosciowi\\\/w-jaki-sposob-sady-rozstrzygaja-konflikty-miedzy-wspolnikami\\\/#primaryimage\"},\"image\":{\"@id\":\"https:\\\/\\\/pragmatiq.pl\\\/mniejszosciowi\\\/w-jaki-sposob-sady-rozstrzygaja-konflikty-miedzy-wspolnikami\\\/#primaryimage\"},\"thumbnailUrl\":\"https:\\\/\\\/pragmatiq.pl\\\/mniejszosciowi\\\/wp-content\\\/uploads\\\/2019\\\/02\\\/mniejszosciowi_grafika_artyku\u0142.png\",\"datePublished\":\"2019-02-07T08:22:37+00:00\",\"dateModified\":\"2025-08-25T12:28:22+00:00\",\"breadcrumb\":{\"@id\":\"https:\\\/\\\/pragmatiq.pl\\\/mniejszosciowi\\\/w-jaki-sposob-sady-rozstrzygaja-konflikty-miedzy-wspolnikami\\\/#breadcrumb\"},\"inLanguage\":\"pl-PL\",\"potentialAction\":[{\"@type\":\"ReadAction\",\"target\":[\"https:\\\/\\\/pragmatiq.pl\\\/mniejszosciowi\\\/w-jaki-sposob-sady-rozstrzygaja-konflikty-miedzy-wspolnikami\\\/\"]}]},{\"@type\":\"ImageObject\",\"inLanguage\":\"pl-PL\",\"@id\":\"https:\\\/\\\/pragmatiq.pl\\\/mniejszosciowi\\\/w-jaki-sposob-sady-rozstrzygaja-konflikty-miedzy-wspolnikami\\\/#primaryimage\",\"url\":\"https:\\\/\\\/pragmatiq.pl\\\/mniejszosciowi\\\/wp-content\\\/uploads\\\/2019\\\/02\\\/mniejszosciowi_grafika_artyku\u0142.png\",\"contentUrl\":\"https:\\\/\\\/pragmatiq.pl\\\/mniejszosciowi\\\/wp-content\\\/uploads\\\/2019\\\/02\\\/mniejszosciowi_grafika_artyku\u0142.png\",\"width\":2000,\"height\":625,\"caption\":\"W jaki spos\u00f3b s\u0105dy rozstrzygaj\u0105 konflikty mi\u0119dzy wsp\u00f3lnikami?\"},{\"@type\":\"BreadcrumbList\",\"@id\":\"https:\\\/\\\/pragmatiq.pl\\\/mniejszosciowi\\\/w-jaki-sposob-sady-rozstrzygaja-konflikty-miedzy-wspolnikami\\\/#breadcrumb\",\"itemListElement\":[{\"@type\":\"ListItem\",\"position\":1,\"name\":\"Strona g\u0142\u00f3wna\",\"item\":\"https:\\\/\\\/pragmatiq.pl\\\/mniejszosciowi\\\/\"},{\"@type\":\"ListItem\",\"position\":2,\"name\":\"W jaki spos\u00f3b s\u0105dy rozstrzygaj\u0105 konflikty mi\u0119dzy wsp\u00f3lnikami?\"}]},{\"@type\":\"WebSite\",\"@id\":\"https:\\\/\\\/pragmatiq.pl\\\/mniejszosciowi\\\/#website\",\"url\":\"https:\\\/\\\/pragmatiq.pl\\\/mniejszosciowi\\\/\",\"name\":\"Mniejszo\u015bciowi\",\"description\":\"\",\"publisher\":{\"@id\":\"https:\\\/\\\/pragmatiq.pl\\\/mniejszosciowi\\\/#organization\"},\"potentialAction\":[{\"@type\":\"SearchAction\",\"target\":{\"@type\":\"EntryPoint\",\"urlTemplate\":\"https:\\\/\\\/pragmatiq.pl\\\/mniejszosciowi\\\/?s={search_term_string}\"},\"query-input\":{\"@type\":\"PropertyValueSpecification\",\"valueRequired\":true,\"valueName\":\"search_term_string\"}}],\"inLanguage\":\"pl-PL\"},{\"@type\":\"Organization\",\"@id\":\"https:\\\/\\\/pragmatiq.pl\\\/mniejszosciowi\\\/#organization\",\"name\":\"Mniejszo\u015bciowi\",\"url\":\"https:\\\/\\\/pragmatiq.pl\\\/mniejszosciowi\\\/\",\"logo\":{\"@type\":\"ImageObject\",\"inLanguage\":\"pl-PL\",\"@id\":\"https:\\\/\\\/pragmatiq.pl\\\/mniejszosciowi\\\/#\\\/schema\\\/logo\\\/image\\\/\",\"url\":\"https:\\\/\\\/pragmatiq.pl\\\/mniejszosciowi\\\/wp-content\\\/uploads\\\/2018\\\/05\\\/cropped-logo.png\",\"contentUrl\":\"https:\\\/\\\/pragmatiq.pl\\\/mniejszosciowi\\\/wp-content\\\/uploads\\\/2018\\\/05\\\/cropped-logo.png\",\"width\":952,\"height\":250,\"caption\":\"Mniejszo\u015bciowi\"},\"image\":{\"@id\":\"https:\\\/\\\/pragmatiq.pl\\\/mniejszosciowi\\\/#\\\/schema\\\/logo\\\/image\\\/\"}},{\"@type\":\"Person\",\"@id\":\"https:\\\/\\\/pragmatiq.pl\\\/mniejszosciowi\\\/#\\\/schema\\\/person\\\/e4d808c0488d97460824f466d576c347\",\"name\":\"AleksanderG\",\"image\":{\"@type\":\"ImageObject\",\"inLanguage\":\"pl-PL\",\"@id\":\"https:\\\/\\\/secure.gravatar.com\\\/avatar\\\/e0063a8a474902617274a95e9be19adbb8477e146d6b76b83e7e6e0cd7a26836?s=96&d=mm&r=g\",\"url\":\"https:\\\/\\\/secure.gravatar.com\\\/avatar\\\/e0063a8a474902617274a95e9be19adbb8477e146d6b76b83e7e6e0cd7a26836?s=96&d=mm&r=g\",\"contentUrl\":\"https:\\\/\\\/secure.gravatar.com\\\/avatar\\\/e0063a8a474902617274a95e9be19adbb8477e146d6b76b83e7e6e0cd7a26836?s=96&d=mm&r=g\",\"caption\":\"AleksanderG\"},\"url\":\"https:\\\/\\\/pragmatiq.pl\\\/mniejszosciowi\\\/author\\\/aleksanderg\\\/\"}]}<\/script>\n<!-- \/ Yoast SEO plugin. -->","yoast_head_json":{"title":"W jaki spos\u00f3b s\u0105dy rozstrzygaj\u0105 konflikty mi\u0119dzy wsp\u00f3lnikami? | mniejszosciowi.pl","robots":{"index":"index","follow":"follow","max-snippet":"max-snippet:-1","max-image-preview":"max-image-preview:large","max-video-preview":"max-video-preview:-1"},"canonical":"https:\/\/pragmatiq.pl\/mniejszosciowi\/w-jaki-sposob-sady-rozstrzygaja-konflikty-miedzy-wspolnikami\/","og_locale":"pl_PL","og_type":"article","og_title":"W jaki spos\u00f3b s\u0105dy rozstrzygaj\u0105 konflikty mi\u0119dzy wsp\u00f3lnikami? | mniejszosciowi.pl","og_description":"To ju\u017c druga edycja raportu o sporach wsp\u00f3lnik\u00f3w. W nowym, zaktualizowanym raporcie przeanalizowali\u015bmy ponad 500 orzecze\u0144, \u017ceby ustali\u0107, w jaki spos\u00f3b s\u0105dy rozstrzygaj\u0105 konflikty mi\u0119dzy wsp\u00f3lnikami. Czy zawsze warto i\u015b\u0107 do s\u0105du? Ka\u017cda sp\u00f3\u0142ka pr\u0119dzej czy p\u00f3\u017aniej nara\u017cona jest na sytuacje, w kt\u00f3rych mi\u0119dzy wsp\u00f3lnikami dojdzie do konfliktu. Przyczyn\u0105 roz\u0142amu mog\u0105 sta\u0107 si\u0119 nawet z &hellip; Continue reading \"W jaki spos\u00f3b s\u0105dy rozstrzygaj\u0105 konflikty mi\u0119dzy wsp\u00f3lnikami?\"","og_url":"https:\/\/pragmatiq.pl\/mniejszosciowi\/w-jaki-sposob-sady-rozstrzygaja-konflikty-miedzy-wspolnikami\/","og_site_name":"Mniejszo\u015bciowi","article_published_time":"2019-02-07T08:22:37+00:00","article_modified_time":"2025-08-25T12:28:22+00:00","og_image":[{"width":2000,"height":625,"url":"https:\/\/pragmatiq.pl\/mniejszosciowi\/wp-content\/uploads\/2019\/02\/mniejszosciowi_grafika_artyku\u0142.png","type":"image\/png"}],"author":"AleksanderG","twitter_card":"summary_large_image","twitter_misc":{"Napisane przez":"AleksanderG","Szacowany czas czytania":"2 minuty"},"schema":{"@context":"https:\/\/schema.org","@graph":[{"@type":"Article","@id":"https:\/\/pragmatiq.pl\/mniejszosciowi\/w-jaki-sposob-sady-rozstrzygaja-konflikty-miedzy-wspolnikami\/#article","isPartOf":{"@id":"https:\/\/pragmatiq.pl\/mniejszosciowi\/w-jaki-sposob-sady-rozstrzygaja-konflikty-miedzy-wspolnikami\/"},"author":{"name":"AleksanderG","@id":"https:\/\/pragmatiq.pl\/mniejszosciowi\/#\/schema\/person\/e4d808c0488d97460824f466d576c347"},"headline":"W jaki spos\u00f3b s\u0105dy rozstrzygaj\u0105 konflikty mi\u0119dzy wsp\u00f3lnikami?","datePublished":"2019-02-07T08:22:37+00:00","dateModified":"2025-08-25T12:28:22+00:00","mainEntityOfPage":{"@id":"https:\/\/pragmatiq.pl\/mniejszosciowi\/w-jaki-sposob-sady-rozstrzygaja-konflikty-miedzy-wspolnikami\/"},"wordCount":274,"commentCount":0,"publisher":{"@id":"https:\/\/pragmatiq.pl\/mniejszosciowi\/#organization"},"image":{"@id":"https:\/\/pragmatiq.pl\/mniejszosciowi\/w-jaki-sposob-sady-rozstrzygaja-konflikty-miedzy-wspolnikami\/#primaryimage"},"thumbnailUrl":"https:\/\/pragmatiq.pl\/mniejszosciowi\/wp-content\/uploads\/2019\/02\/mniejszosciowi_grafika_artyku\u0142.png","articleSection":{"1":"Spory wsp\u00f3lnik\u00f3w"},"inLanguage":"pl-PL","potentialAction":[{"@type":"CommentAction","name":"Comment","target":["https:\/\/pragmatiq.pl\/mniejszosciowi\/w-jaki-sposob-sady-rozstrzygaja-konflikty-miedzy-wspolnikami\/#respond"]}]},{"@type":"WebPage","@id":"https:\/\/pragmatiq.pl\/mniejszosciowi\/w-jaki-sposob-sady-rozstrzygaja-konflikty-miedzy-wspolnikami\/","url":"https:\/\/pragmatiq.pl\/mniejszosciowi\/w-jaki-sposob-sady-rozstrzygaja-konflikty-miedzy-wspolnikami\/","name":"W jaki spos\u00f3b s\u0105dy rozstrzygaj\u0105 konflikty mi\u0119dzy wsp\u00f3lnikami? | mniejszosciowi.pl","isPartOf":{"@id":"https:\/\/pragmatiq.pl\/mniejszosciowi\/#website"},"primaryImageOfPage":{"@id":"https:\/\/pragmatiq.pl\/mniejszosciowi\/w-jaki-sposob-sady-rozstrzygaja-konflikty-miedzy-wspolnikami\/#primaryimage"},"image":{"@id":"https:\/\/pragmatiq.pl\/mniejszosciowi\/w-jaki-sposob-sady-rozstrzygaja-konflikty-miedzy-wspolnikami\/#primaryimage"},"thumbnailUrl":"https:\/\/pragmatiq.pl\/mniejszosciowi\/wp-content\/uploads\/2019\/02\/mniejszosciowi_grafika_artyku\u0142.png","datePublished":"2019-02-07T08:22:37+00:00","dateModified":"2025-08-25T12:28:22+00:00","breadcrumb":{"@id":"https:\/\/pragmatiq.pl\/mniejszosciowi\/w-jaki-sposob-sady-rozstrzygaja-konflikty-miedzy-wspolnikami\/#breadcrumb"},"inLanguage":"pl-PL","potentialAction":[{"@type":"ReadAction","target":["https:\/\/pragmatiq.pl\/mniejszosciowi\/w-jaki-sposob-sady-rozstrzygaja-konflikty-miedzy-wspolnikami\/"]}]},{"@type":"ImageObject","inLanguage":"pl-PL","@id":"https:\/\/pragmatiq.pl\/mniejszosciowi\/w-jaki-sposob-sady-rozstrzygaja-konflikty-miedzy-wspolnikami\/#primaryimage","url":"https:\/\/pragmatiq.pl\/mniejszosciowi\/wp-content\/uploads\/2019\/02\/mniejszosciowi_grafika_artyku\u0142.png","contentUrl":"https:\/\/pragmatiq.pl\/mniejszosciowi\/wp-content\/uploads\/2019\/02\/mniejszosciowi_grafika_artyku\u0142.png","width":2000,"height":625,"caption":"W jaki spos\u00f3b s\u0105dy rozstrzygaj\u0105 konflikty mi\u0119dzy wsp\u00f3lnikami?"},{"@type":"BreadcrumbList","@id":"https:\/\/pragmatiq.pl\/mniejszosciowi\/w-jaki-sposob-sady-rozstrzygaja-konflikty-miedzy-wspolnikami\/#breadcrumb","itemListElement":[{"@type":"ListItem","position":1,"name":"Strona g\u0142\u00f3wna","item":"https:\/\/pragmatiq.pl\/mniejszosciowi\/"},{"@type":"ListItem","position":2,"name":"W jaki spos\u00f3b s\u0105dy rozstrzygaj\u0105 konflikty mi\u0119dzy wsp\u00f3lnikami?"}]},{"@type":"WebSite","@id":"https:\/\/pragmatiq.pl\/mniejszosciowi\/#website","url":"https:\/\/pragmatiq.pl\/mniejszosciowi\/","name":"Mniejszo\u015bciowi","description":"","publisher":{"@id":"https:\/\/pragmatiq.pl\/mniejszosciowi\/#organization"},"potentialAction":[{"@type":"SearchAction","target":{"@type":"EntryPoint","urlTemplate":"https:\/\/pragmatiq.pl\/mniejszosciowi\/?s={search_term_string}"},"query-input":{"@type":"PropertyValueSpecification","valueRequired":true,"valueName":"search_term_string"}}],"inLanguage":"pl-PL"},{"@type":"Organization","@id":"https:\/\/pragmatiq.pl\/mniejszosciowi\/#organization","name":"Mniejszo\u015bciowi","url":"https:\/\/pragmatiq.pl\/mniejszosciowi\/","logo":{"@type":"ImageObject","inLanguage":"pl-PL","@id":"https:\/\/pragmatiq.pl\/mniejszosciowi\/#\/schema\/logo\/image\/","url":"https:\/\/pragmatiq.pl\/mniejszosciowi\/wp-content\/uploads\/2018\/05\/cropped-logo.png","contentUrl":"https:\/\/pragmatiq.pl\/mniejszosciowi\/wp-content\/uploads\/2018\/05\/cropped-logo.png","width":952,"height":250,"caption":"Mniejszo\u015bciowi"},"image":{"@id":"https:\/\/pragmatiq.pl\/mniejszosciowi\/#\/schema\/logo\/image\/"}},{"@type":"Person","@id":"https:\/\/pragmatiq.pl\/mniejszosciowi\/#\/schema\/person\/e4d808c0488d97460824f466d576c347","name":"AleksanderG","image":{"@type":"ImageObject","inLanguage":"pl-PL","@id":"https:\/\/secure.gravatar.com\/avatar\/e0063a8a474902617274a95e9be19adbb8477e146d6b76b83e7e6e0cd7a26836?s=96&d=mm&r=g","url":"https:\/\/secure.gravatar.com\/avatar\/e0063a8a474902617274a95e9be19adbb8477e146d6b76b83e7e6e0cd7a26836?s=96&d=mm&r=g","contentUrl":"https:\/\/secure.gravatar.com\/avatar\/e0063a8a474902617274a95e9be19adbb8477e146d6b76b83e7e6e0cd7a26836?s=96&d=mm&r=g","caption":"AleksanderG"},"url":"https:\/\/pragmatiq.pl\/mniejszosciowi\/author\/aleksanderg\/"}]}},"_links":{"self":[{"href":"https:\/\/pragmatiq.pl\/mniejszosciowi\/wp-json\/wp\/v2\/posts\/159","targetHints":{"allow":["GET"]}}],"collection":[{"href":"https:\/\/pragmatiq.pl\/mniejszosciowi\/wp-json\/wp\/v2\/posts"}],"about":[{"href":"https:\/\/pragmatiq.pl\/mniejszosciowi\/wp-json\/wp\/v2\/types\/post"}],"author":[{"embeddable":true,"href":"https:\/\/pragmatiq.pl\/mniejszosciowi\/wp-json\/wp\/v2\/users\/9"}],"replies":[{"embeddable":true,"href":"https:\/\/pragmatiq.pl\/mniejszosciowi\/wp-json\/wp\/v2\/comments?post=159"}],"version-history":[{"count":7,"href":"https:\/\/pragmatiq.pl\/mniejszosciowi\/wp-json\/wp\/v2\/posts\/159\/revisions"}],"predecessor-version":[{"id":1027,"href":"https:\/\/pragmatiq.pl\/mniejszosciowi\/wp-json\/wp\/v2\/posts\/159\/revisions\/1027"}],"wp:featuredmedia":[{"embeddable":true,"href":"https:\/\/pragmatiq.pl\/mniejszosciowi\/wp-json\/wp\/v2\/media\/162"}],"wp:attachment":[{"href":"https:\/\/pragmatiq.pl\/mniejszosciowi\/wp-json\/wp\/v2\/media?parent=159"}],"wp:term":[{"taxonomy":"category","embeddable":true,"href":"https:\/\/pragmatiq.pl\/mniejszosciowi\/wp-json\/wp\/v2\/categories?post=159"},{"taxonomy":"post_tag","embeddable":true,"href":"https:\/\/pragmatiq.pl\/mniejszosciowi\/wp-json\/wp\/v2\/tags?post=159"}],"curies":[{"name":"wp","href":"https:\/\/api.w.org\/{rel}","templated":true}]}}