{"id":136,"date":"2018-03-30T09:21:53","date_gmt":"2018-03-30T07:21:53","guid":{"rendered":"http:\/\/mniejszosciowi.pl\/?p=136"},"modified":"2023-08-10T16:50:54","modified_gmt":"2023-08-10T14:50:54","slug":"wplyw-akcjonariuszy-mniejszosciowych-na-porzadek-obrad-walnego-zgromadzenia","status":"publish","type":"post","link":"https:\/\/pragmatiq.pl\/mniejszosciowi\/wplyw-akcjonariuszy-mniejszosciowych-na-porzadek-obrad-walnego-zgromadzenia\/","title":{"rendered":"Wp\u0142yw akcjonariuszy mniejszo\u015bciowych na porz\u0105dek obrad walnego zgromadzenia"},"content":{"rendered":"<p><strong>Jeste\u015b akcjonariuszem mniejszo\u015bciowym i masz poczucie, \u017ce Tw\u00f3j g\u0142os w sp\u00f3\u0142ce nie jest s\u0142yszalny?<\/strong><strong> Chcia\u0142by\u015b poruszy\u0107 na najbli\u017cszym walnym zgromadzeniu kwestie, kt\u00f3re wydaj\u0105 Ci si\u0119 istotne z perspektywy rozwoju sp\u00f3\u0142ki? Ustawodawca przewidzia\u0142 w Kodeksie sp\u00f3\u0142ek handlowych rozwi\u0105zanie, dzi\u0119ki kt\u00f3remu mo\u017cesz mie\u0107 realny wp\u0142yw na przebieg obrad walnego zgromadzenia. Dowiedz si\u0119 jak to zrobi\u0107!<\/strong><\/p>\n<p><strong>Akcjonariusze mniejszo\u015bciowi<\/strong>, reprezentuj\u0105cy co najmniej 1\/20 kapita\u0142u zak\u0142adowego, mog\u0105 \u017c\u0105da\u0107 umieszczenia okre\u015blonych spraw w <strong>porz\u0105dku obrad<\/strong> najbli\u017cszego walnego zgromadzenia \u2013 zwyczajnego lub nadzwyczajnego. Na mocy <strong>statutu sp\u00f3\u0142ki<\/strong> uprawnienie to mo\u017ce zosta\u0107 przyznane nawet mniejszej liczbie akcjonariuszy. Do z\u0142o\u017cenia takiego wniosku uprawnieni s\u0105 akcjonariusze posiadaj\u0105cy ten status w dniu sk\u0142adania \u017c\u0105dania o uzupe\u0142nienie porz\u0105dku obrad. Zastosowanie wskazanej procedury daje <strong>akcjonariuszom mniejszo\u015bciowym<\/strong> narz\u0119dzie do poddania pod g\u0142osowanie spraw, kt\u00f3re s\u0105 dla nich istotne.<\/p>\n<div id=\"ez-toc-container\" class=\"ez-toc-v2_0_82_2 counter-hierarchy ez-toc-counter ez-toc-grey ez-toc-container-direction\">\n<nav><ul class='ez-toc-list ez-toc-list-level-1 ' ><li class='ez-toc-page-1 ez-toc-heading-level-2'><a class=\"ez-toc-link ez-toc-heading-1\" href=\"https:\/\/pragmatiq.pl\/mniejszosciowi\/wplyw-akcjonariuszy-mniejszosciowych-na-porzadek-obrad-walnego-zgromadzenia\/#Jak_skorzystac_z_procedury_rozszerzenia_porzadku_obrad\" >Jak skorzysta\u0107 z procedury rozszerzenia porz\u0105dku obrad?<\/a><\/li><li class='ez-toc-page-1 ez-toc-heading-level-2'><a class=\"ez-toc-link ez-toc-heading-2\" href=\"https:\/\/pragmatiq.pl\/mniejszosciowi\/wplyw-akcjonariuszy-mniejszosciowych-na-porzadek-obrad-walnego-zgromadzenia\/#Czy_mozna_zaproponowac_wlasny_projekt_uchwaly\" >Czy mo\u017cna zaproponowa\u0107 w\u0142asny projekt uchwa\u0142y?<\/a><\/li><li class='ez-toc-page-1 ez-toc-heading-level-2'><a class=\"ez-toc-link ez-toc-heading-3\" href=\"https:\/\/pragmatiq.pl\/mniejszosciowi\/wplyw-akcjonariuszy-mniejszosciowych-na-porzadek-obrad-walnego-zgromadzenia\/#Co_z_ograniczeniami\" >Co z ograniczeniami?<\/a><\/li><\/ul><\/nav><\/div>\n<h2><span class=\"ez-toc-section\" id=\"Jak_skorzystac_z_procedury_rozszerzenia_porzadku_obrad\"><\/span><strong>Jak skorzysta\u0107 z procedury rozszerzenia porz\u0105dku obrad?<\/strong><span class=\"ez-toc-section-end\"><\/span><\/h2>\n<p>\u017b\u0105danie rozszerzenia porz\u0105dku obrad mo\u017ce zosta\u0107 z\u0142o\u017cone przez <strong>akcjonariuszy mniejszo\u015bciowych<\/strong> zar\u00f3wno w zwyk\u0142ej formie pisemnej, jak i w formie elektronicznej opatrzonej podpisem kwalifikowanym. \u017beby zg\u0142oszenie by\u0142o wa\u017cne, musi zawiera\u0107 uzasadnienie lub projekt uchwa\u0142y dotycz\u0105cej proponowanego punktu porz\u0105dku obrad \u2013 oczywi\u015bcie nic nie stoi na przeszkodzie, by zawiera\u0142o jedno i drugie. Zarz\u0105d po otrzymaniu wniosku niezw\u0142ocznie, jednak nie p\u00f3\u017aniej ni\u017c w ci\u0105gu 4 dni przed wyznaczonym terminem <strong>walnego zgromadzenia<\/strong>, og\u0142asza w porz\u0105dku obrad te zmiany, kt\u00f3re zostaj\u0105 wprowadzone na \u017c\u0105danie akcjonariuszy. Og\u0142oszenie zmian w <strong>porz\u0105dku obrad<\/strong> nast\u0119puje w taki sam spos\u00f3b jak zwo\u0142anie walnego zgromadzenia w sp\u00f3\u0142ce.<\/p>\n<h2><span class=\"ez-toc-section\" id=\"Czy_mozna_zaproponowac_wlasny_projekt_uchwaly\"><\/span><strong>Czy mo\u017cna zaproponowa\u0107 w\u0142asny projekt uchwa\u0142y?<\/strong><span class=\"ez-toc-section-end\"><\/span><\/h2>\n<p>Tak. Ka\u017cdy akcjonariusz, reprezentuj\u0105cy co najmniej 1\/20 kapita\u0142u zak\u0142adowego (lub jego mniejsz\u0105 cz\u0119\u015b\u0107, je\u015bli tak przewiduje statut), mo\u017ce zg\u0142osi\u0107 w\u0142asny projekt uchwa\u0142y, i to nie tylko w sprawach, kt\u00f3re zosta\u0142y wprowadzone do porz\u0105dku obrad na jego wniosek. Projekty mog\u0105 by\u0107 zg\u0142aszane do jednego, kilku lub wszystkich punkt\u00f3w <strong>porz\u0105dku obrad<\/strong>. Zarz\u0105d, je\u017celi zar\u00f3wno projekt, jak i jego zg\u0142oszenie spe\u0142niaj\u0105 wymogi formalne, zobowi\u0105zany jest do og\u0142oszenia proponowanej tre\u015bci uchwa\u0142 na stronie internetowej sp\u00f3\u0142ki.<\/p>\n<h2><span class=\"ez-toc-section\" id=\"Co_z_ograniczeniami\"><\/span><strong>Co z ograniczeniami?<\/strong><span class=\"ez-toc-section-end\"><\/span><\/h2>\n<p>Ustawodawca wprowadzi\u0142 pewne ograniczenia w zakresie korzystania z mo\u017cliwo\u015bci uzupe\u0142nienia porz\u0105dku obrad przez <strong>akcjonariuszy mniejszo\u015bciowych<\/strong>. Przede wszystkim uprawnienie to nie przys\u0142uguje w przypadku, w kt\u00f3rym <strong>walne zgromadzenie<\/strong> zwo\u0142ane by\u0142o za po\u015brednictwem list\u00f3w poleconych wysy\u0142anych przez Poczt\u0119 Polsk\u0105 lub firm\u0119 kuriersk\u0105. Zarz\u0105d ma prawo nie uwzgl\u0119dni\u0107 wniosku tak\u017ce je\u015bli jego przedmiotem s\u0105 sprawy, kt\u00f3re przewidziane s\u0105 jedynie dla <strong>zwyczajnego walnego zgromadzenia<\/strong>, je\u015bli zg\u0142oszone zosta\u0142o z uchybieniem terminu albo je\u015bli nie zawiera ani uzasadnienia, ani projektu uchwa\u0142y. W tym ostatnim przypadku zarz\u0105d nie jest te\u017c zobowi\u0105zany do wezwania do uzupe\u0142nienia brak\u00f3w formalnych, dlatego tak wa\u017cne jest, aby \u017c\u0105danie przygotowa\u0107 z du\u017c\u0105 staranno\u015bci\u0105.<\/p>\n<p>Akcjonariusze mniejszo\u015bciowi powinni pami\u0119ta\u0107, \u017ce zarz\u0105d co do zasady nie jest uprawniony do merytorycznego badania zasadno\u015bci \u017c\u0105dania oraz potrzeby podejmowania przez akcjonariuszy uchwa\u0142y dotycz\u0105cej materii proponowanej przez wnioskodawc\u00f3w. Poprawnie dokonane zg\u0142oszenie, kt\u00f3re nie narusza \u017cadnej z powy\u017cej wymienionych zasad, musi wi\u0119c zosta\u0107 uwzgl\u0119dnione.<\/p>\n<p>Wa\u017cne dla udzia\u0142owc\u00f3w mniejszo\u015bciowych jest przygotowanie si\u0119 do walnego zgromadzenia w taki spos\u00f3b, by da\u0107 sobie realn\u0105 szans\u0119 na podj\u0119cie korzystnej uchwa\u0142y mimo posiadania niewielkiego pakietu akcji. Poszukiwanie sojusznik\u00f3w jest szczeg\u00f3lnie wa\u017cne podczas trwaj\u0105cego sporu wsp\u00f3lnik\u00f3w. O tym, jak si\u0119 do niego przygotowa\u0107 przeczytasz wi\u0119cej w artykule <strong>Sp\u00f3r wsp\u00f3lnik\u00f3w \u2013 czyli jak przeciwdzia\u0142a\u0107 konfliktowi w sp\u00f3\u0142ce i jak wyj\u015b\u0107 z niego zwyci\u0119sko?<\/strong><\/p>\n<p>O uprawnieniach akcjonariuszy mniejszo\u015bciowych zwi\u0105zanych ze zwo\u0142ywaniem walnych zgromadze\u0144 mo\u017cesz przeczyta\u0107 natomiast w artykule <a href=\"http:\/\/www.doradzamy.to\/artykuly\/czy-zgromadzenie-wspolnikow-spolki-z-o-o-moga-zwolac-wspolnicy\" target=\"_blank\" rel=\"noopener\"><u>Wp\u0142yw akcjonariuszy mniejszo\u015bciowych na porz\u0105dek obrad walnego zgromadzenia<\/u><\/a>\u00a0opublikowanym na portalu <a href=\"http:\/\/doradzamy.to\" target=\"_blank\" rel=\"noopener\">Doradzamy.to<\/a>.<\/p>\n<p>&nbsp;<\/p>\n<p>Natalia Chru\u015bcicka<\/p>\n","protected":false},"excerpt":{"rendered":"<p>Jeste\u015b akcjonariuszem mniejszo\u015bciowym i masz poczucie, \u017ce Tw\u00f3j g\u0142os w sp\u00f3\u0142ce nie jest s\u0142yszalny? Chcia\u0142by\u015b poruszy\u0107 na najbli\u017cszym walnym zgromadzeniu kwestie, kt\u00f3re wydaj\u0105 Ci si\u0119 istotne z perspektywy rozwoju sp\u00f3\u0142ki? Ustawodawca przewidzia\u0142 w Kodeksie sp\u00f3\u0142ek handlowych rozwi\u0105zanie, dzi\u0119ki kt\u00f3remu mo\u017cesz mie\u0107 realny wp\u0142yw na przebieg obrad walnego zgromadzenia. Dowiedz si\u0119 jak to zrobi\u0107! Akcjonariusze mniejszo\u015bciowi, &hellip; <\/p>\n<p class=\"link-more\"><a href=\"https:\/\/pragmatiq.pl\/mniejszosciowi\/wplyw-akcjonariuszy-mniejszosciowych-na-porzadek-obrad-walnego-zgromadzenia\/\" class=\"more-link\">Continue reading<span class=\"screen-reader-text\"> &#8222;Wp\u0142yw akcjonariuszy mniejszo\u015bciowych na porz\u0105dek obrad walnego zgromadzenia&#8221;<\/span><\/a><\/p>\n","protected":false},"author":9,"featured_media":138,"comment_status":"open","ping_status":"open","sticky":false,"template":"","format":"standard","meta":{"_acf_changed":false,"footnotes":""},"categories":[4,33],"tags":[5,6],"class_list":["post-136","post","type-post","status-publish","format-standard","has-post-thumbnail","hentry","category-artykuly","category-spory-wspolnikow","tag-spolka-akcyjna","tag-spor-wspolnikow"],"acf":[],"yoast_head":"<!-- This site is optimized with the Yoast SEO plugin v27.3 - https:\/\/yoast.com\/product\/yoast-seo-wordpress\/ -->\n<title>Wp\u0142yw akcjonariuszy mniejszo\u015bciowych na porz\u0105dek obrad walnego zgromadzenia | mniejszosciowi.pl<\/title>\n<meta name=\"robots\" content=\"index, follow, max-snippet:-1, max-image-preview:large, max-video-preview:-1\" \/>\n<link rel=\"canonical\" href=\"https:\/\/pragmatiq.pl\/mniejszosciowi\/wplyw-akcjonariuszy-mniejszosciowych-na-porzadek-obrad-walnego-zgromadzenia\/\" \/>\n<meta property=\"og:locale\" content=\"pl_PL\" \/>\n<meta property=\"og:type\" content=\"article\" \/>\n<meta property=\"og:title\" content=\"Wp\u0142yw akcjonariuszy mniejszo\u015bciowych na porz\u0105dek obrad walnego zgromadzenia | mniejszosciowi.pl\" \/>\n<meta property=\"og:description\" content=\"Jeste\u015b akcjonariuszem mniejszo\u015bciowym i masz poczucie, \u017ce Tw\u00f3j g\u0142os w sp\u00f3\u0142ce nie jest s\u0142yszalny? Chcia\u0142by\u015b poruszy\u0107 na najbli\u017cszym walnym zgromadzeniu kwestie, kt\u00f3re wydaj\u0105 Ci si\u0119 istotne z perspektywy rozwoju sp\u00f3\u0142ki? Ustawodawca przewidzia\u0142 w Kodeksie sp\u00f3\u0142ek handlowych rozwi\u0105zanie, dzi\u0119ki kt\u00f3remu mo\u017cesz mie\u0107 realny wp\u0142yw na przebieg obrad walnego zgromadzenia. Dowiedz si\u0119 jak to zrobi\u0107! Akcjonariusze mniejszo\u015bciowi, &hellip; Continue reading &quot;Wp\u0142yw akcjonariuszy mniejszo\u015bciowych na porz\u0105dek obrad walnego zgromadzenia&quot;\" \/>\n<meta property=\"og:url\" content=\"https:\/\/pragmatiq.pl\/mniejszosciowi\/wplyw-akcjonariuszy-mniejszosciowych-na-porzadek-obrad-walnego-zgromadzenia\/\" \/>\n<meta property=\"og:site_name\" content=\"Mniejszo\u015bciowi\" \/>\n<meta property=\"article:published_time\" content=\"2018-03-30T07:21:53+00:00\" \/>\n<meta property=\"article:modified_time\" content=\"2023-08-10T14:50:54+00:00\" \/>\n<meta property=\"og:image\" content=\"https:\/\/pragmatiq.pl\/mniejszosciowi\/wp-content\/uploads\/2018\/10\/mniejszosciowi_grafika_artyku\u0142-15.png\" \/>\n\t<meta property=\"og:image:width\" content=\"2000\" \/>\n\t<meta property=\"og:image:height\" content=\"625\" \/>\n\t<meta property=\"og:image:type\" content=\"image\/png\" \/>\n<meta name=\"author\" content=\"AleksanderG\" \/>\n<meta name=\"twitter:card\" content=\"summary_large_image\" \/>\n<meta name=\"twitter:label1\" content=\"Napisane przez\" \/>\n\t<meta name=\"twitter:data1\" content=\"AleksanderG\" \/>\n\t<meta name=\"twitter:label2\" content=\"Szacowany czas czytania\" \/>\n\t<meta name=\"twitter:data2\" content=\"3 minuty\" \/>\n<script type=\"application\/ld+json\" class=\"yoast-schema-graph\">{\"@context\":\"https:\\\/\\\/schema.org\",\"@graph\":[{\"@type\":\"Article\",\"@id\":\"https:\\\/\\\/pragmatiq.pl\\\/mniejszosciowi\\\/wplyw-akcjonariuszy-mniejszosciowych-na-porzadek-obrad-walnego-zgromadzenia\\\/#article\",\"isPartOf\":{\"@id\":\"https:\\\/\\\/pragmatiq.pl\\\/mniejszosciowi\\\/wplyw-akcjonariuszy-mniejszosciowych-na-porzadek-obrad-walnego-zgromadzenia\\\/\"},\"author\":{\"name\":\"AleksanderG\",\"@id\":\"https:\\\/\\\/pragmatiq.pl\\\/mniejszosciowi\\\/#\\\/schema\\\/person\\\/e4d808c0488d97460824f466d576c347\"},\"headline\":\"Wp\u0142yw akcjonariuszy mniejszo\u015bciowych na porz\u0105dek obrad walnego zgromadzenia\",\"datePublished\":\"2018-03-30T07:21:53+00:00\",\"dateModified\":\"2023-08-10T14:50:54+00:00\",\"mainEntityOfPage\":{\"@id\":\"https:\\\/\\\/pragmatiq.pl\\\/mniejszosciowi\\\/wplyw-akcjonariuszy-mniejszosciowych-na-porzadek-obrad-walnego-zgromadzenia\\\/\"},\"wordCount\":705,\"commentCount\":1,\"publisher\":{\"@id\":\"https:\\\/\\\/pragmatiq.pl\\\/mniejszosciowi\\\/#organization\"},\"image\":{\"@id\":\"https:\\\/\\\/pragmatiq.pl\\\/mniejszosciowi\\\/wplyw-akcjonariuszy-mniejszosciowych-na-porzadek-obrad-walnego-zgromadzenia\\\/#primaryimage\"},\"thumbnailUrl\":\"https:\\\/\\\/pragmatiq.pl\\\/mniejszosciowi\\\/wp-content\\\/uploads\\\/2018\\\/10\\\/mniejszosciowi_grafika_artyku\u0142-15.png\",\"keywords\":[\"sp\u00f3\u0142ka akcyjna\",\"sp\u00f3r wsp\u00f3lnik\u00f3w\"],\"articleSection\":[\"Artyku\u0142y\",\"Spory wsp\u00f3lnik\u00f3w\"],\"inLanguage\":\"pl-PL\",\"potentialAction\":[{\"@type\":\"CommentAction\",\"name\":\"Comment\",\"target\":[\"https:\\\/\\\/pragmatiq.pl\\\/mniejszosciowi\\\/wplyw-akcjonariuszy-mniejszosciowych-na-porzadek-obrad-walnego-zgromadzenia\\\/#respond\"]}]},{\"@type\":\"WebPage\",\"@id\":\"https:\\\/\\\/pragmatiq.pl\\\/mniejszosciowi\\\/wplyw-akcjonariuszy-mniejszosciowych-na-porzadek-obrad-walnego-zgromadzenia\\\/\",\"url\":\"https:\\\/\\\/pragmatiq.pl\\\/mniejszosciowi\\\/wplyw-akcjonariuszy-mniejszosciowych-na-porzadek-obrad-walnego-zgromadzenia\\\/\",\"name\":\"Wp\u0142yw akcjonariuszy mniejszo\u015bciowych na porz\u0105dek obrad walnego zgromadzenia | mniejszosciowi.pl\",\"isPartOf\":{\"@id\":\"https:\\\/\\\/pragmatiq.pl\\\/mniejszosciowi\\\/#website\"},\"primaryImageOfPage\":{\"@id\":\"https:\\\/\\\/pragmatiq.pl\\\/mniejszosciowi\\\/wplyw-akcjonariuszy-mniejszosciowych-na-porzadek-obrad-walnego-zgromadzenia\\\/#primaryimage\"},\"image\":{\"@id\":\"https:\\\/\\\/pragmatiq.pl\\\/mniejszosciowi\\\/wplyw-akcjonariuszy-mniejszosciowych-na-porzadek-obrad-walnego-zgromadzenia\\\/#primaryimage\"},\"thumbnailUrl\":\"https:\\\/\\\/pragmatiq.pl\\\/mniejszosciowi\\\/wp-content\\\/uploads\\\/2018\\\/10\\\/mniejszosciowi_grafika_artyku\u0142-15.png\",\"datePublished\":\"2018-03-30T07:21:53+00:00\",\"dateModified\":\"2023-08-10T14:50:54+00:00\",\"breadcrumb\":{\"@id\":\"https:\\\/\\\/pragmatiq.pl\\\/mniejszosciowi\\\/wplyw-akcjonariuszy-mniejszosciowych-na-porzadek-obrad-walnego-zgromadzenia\\\/#breadcrumb\"},\"inLanguage\":\"pl-PL\",\"potentialAction\":[{\"@type\":\"ReadAction\",\"target\":[\"https:\\\/\\\/pragmatiq.pl\\\/mniejszosciowi\\\/wplyw-akcjonariuszy-mniejszosciowych-na-porzadek-obrad-walnego-zgromadzenia\\\/\"]}]},{\"@type\":\"ImageObject\",\"inLanguage\":\"pl-PL\",\"@id\":\"https:\\\/\\\/pragmatiq.pl\\\/mniejszosciowi\\\/wplyw-akcjonariuszy-mniejszosciowych-na-porzadek-obrad-walnego-zgromadzenia\\\/#primaryimage\",\"url\":\"https:\\\/\\\/pragmatiq.pl\\\/mniejszosciowi\\\/wp-content\\\/uploads\\\/2018\\\/10\\\/mniejszosciowi_grafika_artyku\u0142-15.png\",\"contentUrl\":\"https:\\\/\\\/pragmatiq.pl\\\/mniejszosciowi\\\/wp-content\\\/uploads\\\/2018\\\/10\\\/mniejszosciowi_grafika_artyku\u0142-15.png\",\"width\":2000,\"height\":625,\"caption\":\"Wp\u0142yw akcjonariuszy mniejszo\u015bciowych na porz\u0105dek obrad walnego zgromadzenia\"},{\"@type\":\"BreadcrumbList\",\"@id\":\"https:\\\/\\\/pragmatiq.pl\\\/mniejszosciowi\\\/wplyw-akcjonariuszy-mniejszosciowych-na-porzadek-obrad-walnego-zgromadzenia\\\/#breadcrumb\",\"itemListElement\":[{\"@type\":\"ListItem\",\"position\":1,\"name\":\"Strona g\u0142\u00f3wna\",\"item\":\"https:\\\/\\\/pragmatiq.pl\\\/mniejszosciowi\\\/\"},{\"@type\":\"ListItem\",\"position\":2,\"name\":\"Wp\u0142yw akcjonariuszy mniejszo\u015bciowych na&nbsp;porz\u0105dek obrad walnego zgromadzenia\"}]},{\"@type\":\"WebSite\",\"@id\":\"https:\\\/\\\/pragmatiq.pl\\\/mniejszosciowi\\\/#website\",\"url\":\"https:\\\/\\\/pragmatiq.pl\\\/mniejszosciowi\\\/\",\"name\":\"Mniejszo\u015bciowi\",\"description\":\"\",\"publisher\":{\"@id\":\"https:\\\/\\\/pragmatiq.pl\\\/mniejszosciowi\\\/#organization\"},\"potentialAction\":[{\"@type\":\"SearchAction\",\"target\":{\"@type\":\"EntryPoint\",\"urlTemplate\":\"https:\\\/\\\/pragmatiq.pl\\\/mniejszosciowi\\\/?s={search_term_string}\"},\"query-input\":{\"@type\":\"PropertyValueSpecification\",\"valueRequired\":true,\"valueName\":\"search_term_string\"}}],\"inLanguage\":\"pl-PL\"},{\"@type\":\"Organization\",\"@id\":\"https:\\\/\\\/pragmatiq.pl\\\/mniejszosciowi\\\/#organization\",\"name\":\"Mniejszo\u015bciowi\",\"url\":\"https:\\\/\\\/pragmatiq.pl\\\/mniejszosciowi\\\/\",\"logo\":{\"@type\":\"ImageObject\",\"inLanguage\":\"pl-PL\",\"@id\":\"https:\\\/\\\/pragmatiq.pl\\\/mniejszosciowi\\\/#\\\/schema\\\/logo\\\/image\\\/\",\"url\":\"https:\\\/\\\/pragmatiq.pl\\\/mniejszosciowi\\\/wp-content\\\/uploads\\\/2018\\\/05\\\/cropped-logo.png\",\"contentUrl\":\"https:\\\/\\\/pragmatiq.pl\\\/mniejszosciowi\\\/wp-content\\\/uploads\\\/2018\\\/05\\\/cropped-logo.png\",\"width\":952,\"height\":250,\"caption\":\"Mniejszo\u015bciowi\"},\"image\":{\"@id\":\"https:\\\/\\\/pragmatiq.pl\\\/mniejszosciowi\\\/#\\\/schema\\\/logo\\\/image\\\/\"}},{\"@type\":\"Person\",\"@id\":\"https:\\\/\\\/pragmatiq.pl\\\/mniejszosciowi\\\/#\\\/schema\\\/person\\\/e4d808c0488d97460824f466d576c347\",\"name\":\"AleksanderG\",\"image\":{\"@type\":\"ImageObject\",\"inLanguage\":\"pl-PL\",\"@id\":\"https:\\\/\\\/secure.gravatar.com\\\/avatar\\\/e0063a8a474902617274a95e9be19adbb8477e146d6b76b83e7e6e0cd7a26836?s=96&d=mm&r=g\",\"url\":\"https:\\\/\\\/secure.gravatar.com\\\/avatar\\\/e0063a8a474902617274a95e9be19adbb8477e146d6b76b83e7e6e0cd7a26836?s=96&d=mm&r=g\",\"contentUrl\":\"https:\\\/\\\/secure.gravatar.com\\\/avatar\\\/e0063a8a474902617274a95e9be19adbb8477e146d6b76b83e7e6e0cd7a26836?s=96&d=mm&r=g\",\"caption\":\"AleksanderG\"},\"url\":\"https:\\\/\\\/pragmatiq.pl\\\/mniejszosciowi\\\/author\\\/aleksanderg\\\/\"}]}<\/script>\n<!-- \/ Yoast SEO plugin. -->","yoast_head_json":{"title":"Wp\u0142yw akcjonariuszy mniejszo\u015bciowych na porz\u0105dek obrad walnego zgromadzenia | mniejszosciowi.pl","robots":{"index":"index","follow":"follow","max-snippet":"max-snippet:-1","max-image-preview":"max-image-preview:large","max-video-preview":"max-video-preview:-1"},"canonical":"https:\/\/pragmatiq.pl\/mniejszosciowi\/wplyw-akcjonariuszy-mniejszosciowych-na-porzadek-obrad-walnego-zgromadzenia\/","og_locale":"pl_PL","og_type":"article","og_title":"Wp\u0142yw akcjonariuszy mniejszo\u015bciowych na porz\u0105dek obrad walnego zgromadzenia | mniejszosciowi.pl","og_description":"Jeste\u015b akcjonariuszem mniejszo\u015bciowym i masz poczucie, \u017ce Tw\u00f3j g\u0142os w sp\u00f3\u0142ce nie jest s\u0142yszalny? Chcia\u0142by\u015b poruszy\u0107 na najbli\u017cszym walnym zgromadzeniu kwestie, kt\u00f3re wydaj\u0105 Ci si\u0119 istotne z perspektywy rozwoju sp\u00f3\u0142ki? Ustawodawca przewidzia\u0142 w Kodeksie sp\u00f3\u0142ek handlowych rozwi\u0105zanie, dzi\u0119ki kt\u00f3remu mo\u017cesz mie\u0107 realny wp\u0142yw na przebieg obrad walnego zgromadzenia. Dowiedz si\u0119 jak to zrobi\u0107! Akcjonariusze mniejszo\u015bciowi, &hellip; Continue reading \"Wp\u0142yw akcjonariuszy mniejszo\u015bciowych na porz\u0105dek obrad walnego zgromadzenia\"","og_url":"https:\/\/pragmatiq.pl\/mniejszosciowi\/wplyw-akcjonariuszy-mniejszosciowych-na-porzadek-obrad-walnego-zgromadzenia\/","og_site_name":"Mniejszo\u015bciowi","article_published_time":"2018-03-30T07:21:53+00:00","article_modified_time":"2023-08-10T14:50:54+00:00","og_image":[{"width":2000,"height":625,"url":"https:\/\/pragmatiq.pl\/mniejszosciowi\/wp-content\/uploads\/2018\/10\/mniejszosciowi_grafika_artyku\u0142-15.png","type":"image\/png"}],"author":"AleksanderG","twitter_card":"summary_large_image","twitter_misc":{"Napisane przez":"AleksanderG","Szacowany czas czytania":"3 minuty"},"schema":{"@context":"https:\/\/schema.org","@graph":[{"@type":"Article","@id":"https:\/\/pragmatiq.pl\/mniejszosciowi\/wplyw-akcjonariuszy-mniejszosciowych-na-porzadek-obrad-walnego-zgromadzenia\/#article","isPartOf":{"@id":"https:\/\/pragmatiq.pl\/mniejszosciowi\/wplyw-akcjonariuszy-mniejszosciowych-na-porzadek-obrad-walnego-zgromadzenia\/"},"author":{"name":"AleksanderG","@id":"https:\/\/pragmatiq.pl\/mniejszosciowi\/#\/schema\/person\/e4d808c0488d97460824f466d576c347"},"headline":"Wp\u0142yw akcjonariuszy mniejszo\u015bciowych na porz\u0105dek obrad walnego zgromadzenia","datePublished":"2018-03-30T07:21:53+00:00","dateModified":"2023-08-10T14:50:54+00:00","mainEntityOfPage":{"@id":"https:\/\/pragmatiq.pl\/mniejszosciowi\/wplyw-akcjonariuszy-mniejszosciowych-na-porzadek-obrad-walnego-zgromadzenia\/"},"wordCount":705,"commentCount":1,"publisher":{"@id":"https:\/\/pragmatiq.pl\/mniejszosciowi\/#organization"},"image":{"@id":"https:\/\/pragmatiq.pl\/mniejszosciowi\/wplyw-akcjonariuszy-mniejszosciowych-na-porzadek-obrad-walnego-zgromadzenia\/#primaryimage"},"thumbnailUrl":"https:\/\/pragmatiq.pl\/mniejszosciowi\/wp-content\/uploads\/2018\/10\/mniejszosciowi_grafika_artyku\u0142-15.png","keywords":["sp\u00f3\u0142ka akcyjna","sp\u00f3r wsp\u00f3lnik\u00f3w"],"articleSection":["Artyku\u0142y","Spory wsp\u00f3lnik\u00f3w"],"inLanguage":"pl-PL","potentialAction":[{"@type":"CommentAction","name":"Comment","target":["https:\/\/pragmatiq.pl\/mniejszosciowi\/wplyw-akcjonariuszy-mniejszosciowych-na-porzadek-obrad-walnego-zgromadzenia\/#respond"]}]},{"@type":"WebPage","@id":"https:\/\/pragmatiq.pl\/mniejszosciowi\/wplyw-akcjonariuszy-mniejszosciowych-na-porzadek-obrad-walnego-zgromadzenia\/","url":"https:\/\/pragmatiq.pl\/mniejszosciowi\/wplyw-akcjonariuszy-mniejszosciowych-na-porzadek-obrad-walnego-zgromadzenia\/","name":"Wp\u0142yw akcjonariuszy mniejszo\u015bciowych na porz\u0105dek obrad walnego zgromadzenia | mniejszosciowi.pl","isPartOf":{"@id":"https:\/\/pragmatiq.pl\/mniejszosciowi\/#website"},"primaryImageOfPage":{"@id":"https:\/\/pragmatiq.pl\/mniejszosciowi\/wplyw-akcjonariuszy-mniejszosciowych-na-porzadek-obrad-walnego-zgromadzenia\/#primaryimage"},"image":{"@id":"https:\/\/pragmatiq.pl\/mniejszosciowi\/wplyw-akcjonariuszy-mniejszosciowych-na-porzadek-obrad-walnego-zgromadzenia\/#primaryimage"},"thumbnailUrl":"https:\/\/pragmatiq.pl\/mniejszosciowi\/wp-content\/uploads\/2018\/10\/mniejszosciowi_grafika_artyku\u0142-15.png","datePublished":"2018-03-30T07:21:53+00:00","dateModified":"2023-08-10T14:50:54+00:00","breadcrumb":{"@id":"https:\/\/pragmatiq.pl\/mniejszosciowi\/wplyw-akcjonariuszy-mniejszosciowych-na-porzadek-obrad-walnego-zgromadzenia\/#breadcrumb"},"inLanguage":"pl-PL","potentialAction":[{"@type":"ReadAction","target":["https:\/\/pragmatiq.pl\/mniejszosciowi\/wplyw-akcjonariuszy-mniejszosciowych-na-porzadek-obrad-walnego-zgromadzenia\/"]}]},{"@type":"ImageObject","inLanguage":"pl-PL","@id":"https:\/\/pragmatiq.pl\/mniejszosciowi\/wplyw-akcjonariuszy-mniejszosciowych-na-porzadek-obrad-walnego-zgromadzenia\/#primaryimage","url":"https:\/\/pragmatiq.pl\/mniejszosciowi\/wp-content\/uploads\/2018\/10\/mniejszosciowi_grafika_artyku\u0142-15.png","contentUrl":"https:\/\/pragmatiq.pl\/mniejszosciowi\/wp-content\/uploads\/2018\/10\/mniejszosciowi_grafika_artyku\u0142-15.png","width":2000,"height":625,"caption":"Wp\u0142yw akcjonariuszy mniejszo\u015bciowych na porz\u0105dek obrad walnego zgromadzenia"},{"@type":"BreadcrumbList","@id":"https:\/\/pragmatiq.pl\/mniejszosciowi\/wplyw-akcjonariuszy-mniejszosciowych-na-porzadek-obrad-walnego-zgromadzenia\/#breadcrumb","itemListElement":[{"@type":"ListItem","position":1,"name":"Strona g\u0142\u00f3wna","item":"https:\/\/pragmatiq.pl\/mniejszosciowi\/"},{"@type":"ListItem","position":2,"name":"Wp\u0142yw akcjonariuszy mniejszo\u015bciowych na&nbsp;porz\u0105dek obrad walnego zgromadzenia"}]},{"@type":"WebSite","@id":"https:\/\/pragmatiq.pl\/mniejszosciowi\/#website","url":"https:\/\/pragmatiq.pl\/mniejszosciowi\/","name":"Mniejszo\u015bciowi","description":"","publisher":{"@id":"https:\/\/pragmatiq.pl\/mniejszosciowi\/#organization"},"potentialAction":[{"@type":"SearchAction","target":{"@type":"EntryPoint","urlTemplate":"https:\/\/pragmatiq.pl\/mniejszosciowi\/?s={search_term_string}"},"query-input":{"@type":"PropertyValueSpecification","valueRequired":true,"valueName":"search_term_string"}}],"inLanguage":"pl-PL"},{"@type":"Organization","@id":"https:\/\/pragmatiq.pl\/mniejszosciowi\/#organization","name":"Mniejszo\u015bciowi","url":"https:\/\/pragmatiq.pl\/mniejszosciowi\/","logo":{"@type":"ImageObject","inLanguage":"pl-PL","@id":"https:\/\/pragmatiq.pl\/mniejszosciowi\/#\/schema\/logo\/image\/","url":"https:\/\/pragmatiq.pl\/mniejszosciowi\/wp-content\/uploads\/2018\/05\/cropped-logo.png","contentUrl":"https:\/\/pragmatiq.pl\/mniejszosciowi\/wp-content\/uploads\/2018\/05\/cropped-logo.png","width":952,"height":250,"caption":"Mniejszo\u015bciowi"},"image":{"@id":"https:\/\/pragmatiq.pl\/mniejszosciowi\/#\/schema\/logo\/image\/"}},{"@type":"Person","@id":"https:\/\/pragmatiq.pl\/mniejszosciowi\/#\/schema\/person\/e4d808c0488d97460824f466d576c347","name":"AleksanderG","image":{"@type":"ImageObject","inLanguage":"pl-PL","@id":"https:\/\/secure.gravatar.com\/avatar\/e0063a8a474902617274a95e9be19adbb8477e146d6b76b83e7e6e0cd7a26836?s=96&d=mm&r=g","url":"https:\/\/secure.gravatar.com\/avatar\/e0063a8a474902617274a95e9be19adbb8477e146d6b76b83e7e6e0cd7a26836?s=96&d=mm&r=g","contentUrl":"https:\/\/secure.gravatar.com\/avatar\/e0063a8a474902617274a95e9be19adbb8477e146d6b76b83e7e6e0cd7a26836?s=96&d=mm&r=g","caption":"AleksanderG"},"url":"https:\/\/pragmatiq.pl\/mniejszosciowi\/author\/aleksanderg\/"}]}},"_links":{"self":[{"href":"https:\/\/pragmatiq.pl\/mniejszosciowi\/wp-json\/wp\/v2\/posts\/136","targetHints":{"allow":["GET"]}}],"collection":[{"href":"https:\/\/pragmatiq.pl\/mniejszosciowi\/wp-json\/wp\/v2\/posts"}],"about":[{"href":"https:\/\/pragmatiq.pl\/mniejszosciowi\/wp-json\/wp\/v2\/types\/post"}],"author":[{"embeddable":true,"href":"https:\/\/pragmatiq.pl\/mniejszosciowi\/wp-json\/wp\/v2\/users\/9"}],"replies":[{"embeddable":true,"href":"https:\/\/pragmatiq.pl\/mniejszosciowi\/wp-json\/wp\/v2\/comments?post=136"}],"version-history":[{"count":5,"href":"https:\/\/pragmatiq.pl\/mniejszosciowi\/wp-json\/wp\/v2\/posts\/136\/revisions"}],"predecessor-version":[{"id":262,"href":"https:\/\/pragmatiq.pl\/mniejszosciowi\/wp-json\/wp\/v2\/posts\/136\/revisions\/262"}],"wp:featuredmedia":[{"embeddable":true,"href":"https:\/\/pragmatiq.pl\/mniejszosciowi\/wp-json\/wp\/v2\/media\/138"}],"wp:attachment":[{"href":"https:\/\/pragmatiq.pl\/mniejszosciowi\/wp-json\/wp\/v2\/media?parent=136"}],"wp:term":[{"taxonomy":"category","embeddable":true,"href":"https:\/\/pragmatiq.pl\/mniejszosciowi\/wp-json\/wp\/v2\/categories?post=136"},{"taxonomy":"post_tag","embeddable":true,"href":"https:\/\/pragmatiq.pl\/mniejszosciowi\/wp-json\/wp\/v2\/tags?post=136"}],"curies":[{"name":"wp","href":"https:\/\/api.w.org\/{rel}","templated":true}]}}