{"id":1093,"date":"2026-02-10T09:21:48","date_gmt":"2026-02-10T08:21:48","guid":{"rendered":"https:\/\/pragmatiq.pl\/mniejszosciowi\/?p=1093"},"modified":"2026-02-10T09:29:44","modified_gmt":"2026-02-10T08:29:44","slug":"wspolnik-uwieziony-w-spolce-z-o-o-nadchodzi-dlugo-oczekiwana-zmiana-w-ksh","status":"publish","type":"post","link":"https:\/\/pragmatiq.pl\/mniejszosciowi\/wspolnik-uwieziony-w-spolce-z-o-o-nadchodzi-dlugo-oczekiwana-zmiana-w-ksh\/","title":{"rendered":"Wsp\u00f3lnik uwi\u0119ziony w sp\u00f3\u0142ce z o.o.? Nadchodzi d\u0142ugo oczekiwana zmiana w KSH!"},"content":{"rendered":"\n<p>Brak dywidendy, prawa kontroli, wp\u0142ywu na decyzje i realnej mo\u017cliwo\u015bci sprzeda\u017cy udzia\u0142\u00f3w? Dla wielu mniejszo\u015bciowych wsp\u00f3lnik\u00f3w sp\u00f3\u0142ek z o.o. to niestety codzienno\u015b\u0107. Do tej pory Kodeks sp\u00f3\u0142ek handlowych nie dawa\u0142 wsp\u00f3lnikowi instrument\u00f3w umo\u017cliwiaj\u0105cych realne rozwi\u0105zanie tego problemu. Wkr\u00f3tce mo\u017ce si\u0119 to jednak zmieni\u0107. Projekt nowelizacji KSH przewiduje wprowadzenie prawa wyst\u0105pienia wsp\u00f3lnika ze sp\u00f3\u0142ki z o.o. za sp\u0142at\u0105, je\u017celi zachodzi wa\u017cna przyczyna skutkuj\u0105ca ra\u017c\u0105cym pokrzywdzeniem praw wsp\u00f3lnika.<\/p>\n\n\n\n<div id=\"ez-toc-container\" class=\"ez-toc-v2_0_82_2 counter-hierarchy ez-toc-counter ez-toc-grey ez-toc-container-direction\">\n<nav><ul class='ez-toc-list ez-toc-list-level-1 ' ><li class='ez-toc-page-1 ez-toc-heading-level-2'><a class=\"ez-toc-link ez-toc-heading-1\" href=\"https:\/\/pragmatiq.pl\/mniejszosciowi\/wspolnik-uwieziony-w-spolce-z-o-o-nadchodzi-dlugo-oczekiwana-zmiana-w-ksh\/#%E2%80%9EUwieziony%E2%80%9D_wspolnik_to_temat_ktory_znamy_z_praktyki\" >\u201eUwi\u0119ziony\u201d wsp\u00f3lnik to temat, kt\u00f3ry znamy z praktyki<\/a><\/li><li class='ez-toc-page-1 ez-toc-heading-level-2'><a class=\"ez-toc-link ez-toc-heading-2\" href=\"https:\/\/pragmatiq.pl\/mniejszosciowi\/wspolnik-uwieziony-w-spolce-z-o-o-nadchodzi-dlugo-oczekiwana-zmiana-w-ksh\/#Projektowane_przepisy_KSH_stanowia_realna_droge_wyjscia_ze_spolki\" >Projektowane przepisy KSH stanowi\u0105 realn\u0105 drog\u0119 wyj\u015bcia ze sp\u00f3\u0142ki<\/a><\/li><li class='ez-toc-page-1 ez-toc-heading-level-2'><a class=\"ez-toc-link ez-toc-heading-3\" href=\"https:\/\/pragmatiq.pl\/mniejszosciowi\/wspolnik-uwieziony-w-spolce-z-o-o-nadchodzi-dlugo-oczekiwana-zmiana-w-ksh\/#Zmiana_o_ktora_postulowalismy_od_lat\" >Zmiana, o kt\u00f3r\u0105 postulowali\u015bmy od lat<\/a><\/li><\/ul><\/nav><\/div>\n<h2 class=\"wp-block-heading\"><span class=\"ez-toc-section\" id=\"%E2%80%9EUwieziony%E2%80%9D_wspolnik_to_temat_ktory_znamy_z_praktyki\"><\/span>\u201eUwi\u0119ziony\u201d wsp\u00f3lnik to temat, kt\u00f3ry znamy z praktyki<span class=\"ez-toc-section-end\"><\/span><\/h2>\n\n\n\n<p>W praktyce bardzo cz\u0119sto spotykamy si\u0119 z sytuacj\u0105, w kt\u00f3rej wsp\u00f3lnik mniejszo\u015bciowy pozostaje w sp\u00f3\u0142ce wy\u0142\u0105cznie \u201ena papierze\u201d. Formalnie jest wsp\u00f3lnikiem, faktycznie jednak nie ma wp\u0142ywu na prowadzenie spraw sp\u00f3\u0142ki, ma ograniczony dost\u0119p do informacji o dzia\u0142alno\u015bci sp\u00f3\u0142ki, nie otrzymuje dywidendy, mimo generowania przez sp\u00f3\u0142k\u0119 zysku. Co wi\u0119cej, wsp\u00f3lnik taki nie jest w stanie sprzeda\u0107 udzia\u0142\u00f3w za cen\u0119 odpowiadaj\u0105c\u0105 ich warto\u015bci. Je\u017celi umowa sp\u00f3\u0142ki nie przewiduje mechanizm\u00f3w wyj\u015bcia, wsp\u00f3lnik mo\u017ce przez lata pozostawa\u0107 w sytuacji faktycznego \u201euwi\u0119zienia\u201d, bez realnych instrument\u00f3w ochrony. O tym problemie mo\u017cesz przeczyta\u0107 na naszym portalu <a href=\"https:\/\/www.doradzamy.to\/\" target=\"_blank\" rel=\"noreferrer noopener\">Doradzamy.to<\/a> w artykule <em><a href=\"https:\/\/www.doradzamy.to\/artykuly\/wspolnik-jako-wiezien-spolki-o-ograniczeniach-w-obrocie-udzialami-raz-jeszcze\" target=\"_blank\" rel=\"noreferrer noopener\">Wsp\u00f3ln<\/a><\/em><a href=\"https:\/\/www.doradzamy.to\/artykuly\/wspolnik-jako-wiezien-spolki-o-ograniczeniach-w-obrocie-udzialami-raz-jeszcze\"><em>ik jako wi\u0119zie\u0144 sp\u00f3\u0142ki. O ograniczeniach w obrocie udzia\u0142ami raz jeszcze.<\/em><\/a><\/p>\n\n\n\n<p>Jako Kancelaria PragmatIQ wielokrotnie nag\u0142a\u015bniali\u015bmy ten problem, wskazuj\u0105c na brak systemowego rozwi\u0105zania dla wsp\u00f3lnik\u00f3w mniejszo\u015bciowych. Anga\u017cowali\u015bmy si\u0119 tak\u017ce w dzia\u0142ania na rzecz poprawy sytuacji wsp\u00f3lnik\u00f3w mniejszo\u015bciowych w tym zakresie, w szczeg\u00f3lno\u015bci poprzez przedstawienie swoich propozycji&nbsp; rozwi\u0105za\u0144 prawnych, o kt\u00f3rych szczeg\u00f3\u0142owo piszemy na portalu <a href=\"https:\/\/pragmatiq.pl\/mniejszosciowi\/\" target=\"_blank\" rel=\"noreferrer noopener\">Mnie<\/a><a href=\"https:\/\/pragmatiq.pl\/mniejszosciowi\/\">jszo\u015bciowi.pl<\/a> w artykule <em><a href=\"https:\/\/pragmatiq.pl\/mniejszosciowi\/walczymy-o-lepsza-pozycje-mniejszosciowych\/\" target=\"_blank\" rel=\"noreferrer noopener\">W<\/a><\/em><a href=\"https:\/\/pragmatiq.pl\/mniejszosciowi\/walczymy-o-lepsza-pozycje-mniejszosciowych\/\" target=\"_blank\" rel=\"noreferrer noopener\"><em>alczymy o lepsz\u0105 pozycj\u0119 mniejszo\u015bciowych!<\/em><\/a> Czujemy si\u0119 zatem inicjatorami przygotowywanych zmian ustawodawczych.<\/p>\n\n\n\n<h2 class=\"wp-block-heading\"><span class=\"ez-toc-section\" id=\"Projektowane_przepisy_KSH_stanowia_realna_droge_wyjscia_ze_spolki\"><\/span>Projektowane przepisy KSH stanowi\u0105 realn\u0105 drog\u0119 wyj\u015bcia ze sp\u00f3\u0142ki<span class=\"ez-toc-section-end\"><\/span><\/h2>\n\n\n\n<p>Projektowane zmiany w Kodeksie sp\u00f3\u0142ek handlowych wprowadzaj\u0105 przepis, kt\u00f3ry daje wsp\u00f3lnikowi sp\u00f3\u0142ki z o.o. mo\u017cliwo\u015b\u0107 \u017c\u0105dania s\u0105dowego ust\u0105pienia ze sp\u00f3\u0142ki. Mechanizm wyj\u015bcia ze sp\u00f3\u0142ki zosta\u0142 ju\u017c wcze\u015bniej wprowadzony w zakresie prostej sp\u00f3\u0142ki akcyjnej, o czym pisali\u015bmy na portalu <a href=\"https:\/\/pragmatiq.pl\/mniejszosciowi\/\" target=\"_blank\" rel=\"noreferrer noopener\">Mniejszo\u015bciowi.p<\/a><a href=\"https:\/\/pragmatiq.pl\/mniejszosciowi\/\">l<\/a> w artykule <a href=\"https:\/\/pragmatiq.pl\/mniejszosciowi\/ustapienie-akcjonariusza-z-prostej-spolki-akcyjnej-nowa-metoda-na-wyjscie-ze-spolki\/\" target=\"_blank\" rel=\"noreferrer noopener\"><em>Ust\u0105pienie akcjonariusza z prostej sp\u00f3\u0142ki akcyjnej \u2013 nowa metoda na wyj\u015bcie ze sp\u00f3\u0142k<\/em><\/a><em><a href=\"https:\/\/pragmatiq.pl\/mniejszosciowi\/ustapienie-akcjonariusza-z-prostej-spolki-akcyjnej-nowa-metoda-na-wyjscie-ze-spolki\/\" target=\"_blank\" rel=\"noreferrer noopener\">i<\/a><\/em>.<\/p>\n\n\n\n<p>Projekt zmian przewiduje, \u017ce w przypadku ra\u017c\u0105cego pokrzywdzenia wsp\u00f3lnika, wynikaj\u0105cego ze stosunk\u00f3w mi\u0119dzy wsp\u00f3lnikami lub mi\u0119dzy wsp\u00f3lnikiem a sp\u00f3\u0142k\u0105, s\u0105d b\u0119dzie m\u00f3g\u0142 orzec wyst\u0105pienie wsp\u00f3lnika ze sp\u00f3\u0142ki. Co istotne, udzia\u0142y wsp\u00f3lnika b\u0119d\u0105 wykupowane po warto\u015bci godziwej, a ich cen\u0119 ustali s\u0105d. Jednocze\u015bnie, mo\u017cliwe b\u0119dzie uwzgl\u0119dnienie warto\u015bci, kt\u00f3r\u0105 posiada\u0142yby udzia\u0142y, gdyby nie dosz\u0142o do ra\u017c\u0105cego pokrzywdzenia wsp\u00f3lnika.<\/p>\n\n\n\n<h2 class=\"wp-block-heading\"><span class=\"ez-toc-section\" id=\"Zmiana_o_ktora_postulowalismy_od_lat\"><\/span>Zmiana, o kt\u00f3r\u0105 postulowali\u015bmy od lat<span class=\"ez-toc-section-end\"><\/span><\/h2>\n\n\n\n<p>Jako kancelaria od dawna zwracali\u015bmy uwag\u0119 na potrzeb\u0119 stworzenia realnej drogi wyj\u015bcia dla wsp\u00f3lnik\u00f3w mniejszo\u015bciowych, kt\u00f3rzy znale\u017ali si\u0119 w sytuacji trwa\u0142ego konfliktu lub ra\u017c\u0105cego naruszenia ich praw. Piszemy o tym na portalu <a href=\"https:\/\/pragmatiq.pl\/mniejszosciowi\/\">Mniejszo\u015bciowi.pl<\/a> w artykule <em><a href=\"https:\/\/pragmatiq.pl\/mniejszosciowi\/ruszaja-prace-nad-projektem-ustawy-przewidujacej-wystapienie-wspolnikow-mniejszosciowych-ze-spolki-z-o-o\/\" target=\"_blank\" rel=\"noreferrer noopener\">Ruszaj\u0105 prace nad projektem ustawy przewiduj\u0105cej wyst\u0105pienie wsp\u00f3lnik\u00f3w mniejszo\u015bciowych ze sp\u00f3\u0142ki z o.o.!<\/a><\/em> Projektowana nowelizacja wype\u0142nia istotn\u0105 luk\u0119 i stanowi krok w stron\u0119 wi\u0119kszej r\u00f3wnowagi w relacjach korporacyjnych.<\/p>\n\n\n\n<p>B\u0119dziemy na bie\u017c\u0105co monitorowa\u0107 dalsze losy projektu i informowa\u0107 o jego praktycznych konsekwencjach dla wsp\u00f3lnik\u00f3w sp\u00f3\u0142ek z o.o.<\/p>\n\n\n\n<p>Martyna Kunke<br>Tomasz Rutkowski<br>Filip Pi\u0105tkowski<\/p>\n","protected":false},"excerpt":{"rendered":"<p>Uwi\u0119ziony wsp\u00f3lnik w sp\u00f3\u0142ce z o.o. zyska realn\u0105 drog\u0119 wyj\u015bcia. Sprawd\u017a, jak projekt nowelizacji KSH chroni mniejszo\u015bciowych wsp\u00f3lnik\u00f3w.<\/p>\n","protected":false},"author":11,"featured_media":1098,"comment_status":"open","ping_status":"open","sticky":false,"template":"","format":"standard","meta":{"_acf_changed":false,"footnotes":""},"categories":[1],"tags":[],"class_list":["post-1093","post","type-post","status-publish","format-standard","has-post-thumbnail","hentry","category-bez-kategorii"],"acf":[],"yoast_head":"<!-- This site is optimized with the Yoast SEO plugin v27.3 - https:\/\/yoast.com\/product\/yoast-seo-wordpress\/ -->\n<title>Wsp\u00f3lnik uwi\u0119ziony w sp\u00f3\u0142ce z o.o.? Nadchodzi d\u0142ugo oczekiwana zmiana w KSH! | mniejszosciowi.pl<\/title>\n<meta name=\"description\" content=\"Uwi\u0119ziony wsp\u00f3lnik w sp\u00f3\u0142ce z o.o. zyska realn\u0105 drog\u0119 wyj\u015bcia. Sprawd\u017a, jak projekt nowelizacji KSH chroni mniejszo\u015bciowych wsp\u00f3lnik\u00f3w.\" \/>\n<meta name=\"robots\" content=\"index, follow, max-snippet:-1, max-image-preview:large, max-video-preview:-1\" \/>\n<link rel=\"canonical\" href=\"https:\/\/pragmatiq.pl\/mniejszosciowi\/wspolnik-uwieziony-w-spolce-z-o-o-nadchodzi-dlugo-oczekiwana-zmiana-w-ksh\/\" \/>\n<meta property=\"og:locale\" content=\"pl_PL\" \/>\n<meta property=\"og:type\" content=\"article\" \/>\n<meta property=\"og:title\" content=\"Wsp\u00f3lnik uwi\u0119ziony w sp\u00f3\u0142ce z o.o.? Nadchodzi d\u0142ugo oczekiwana zmiana w KSH! | mniejszosciowi.pl\" \/>\n<meta property=\"og:description\" content=\"Uwi\u0119ziony wsp\u00f3lnik w sp\u00f3\u0142ce z o.o. zyska realn\u0105 drog\u0119 wyj\u015bcia. Sprawd\u017a, jak projekt nowelizacji KSH chroni mniejszo\u015bciowych wsp\u00f3lnik\u00f3w.\" \/>\n<meta property=\"og:url\" content=\"https:\/\/pragmatiq.pl\/mniejszosciowi\/wspolnik-uwieziony-w-spolce-z-o-o-nadchodzi-dlugo-oczekiwana-zmiana-w-ksh\/\" \/>\n<meta property=\"og:site_name\" content=\"Mniejszo\u015bciowi\" \/>\n<meta property=\"article:published_time\" content=\"2026-02-10T08:21:48+00:00\" \/>\n<meta property=\"article:modified_time\" content=\"2026-02-10T08:29:44+00:00\" \/>\n<meta property=\"og:image\" content=\"https:\/\/pragmatiq.pl\/mniejszosciowi\/wp-content\/uploads\/2026\/02\/mniejszosciowi-do-artykulu.png\" \/>\n\t<meta property=\"og:image:width\" content=\"2000\" \/>\n\t<meta property=\"og:image:height\" content=\"625\" \/>\n\t<meta property=\"og:image:type\" content=\"image\/png\" \/>\n<meta name=\"author\" content=\"magda\" \/>\n<meta name=\"twitter:card\" content=\"summary_large_image\" \/>\n<meta name=\"twitter:label1\" content=\"Napisane przez\" \/>\n\t<meta name=\"twitter:data1\" content=\"magda\" \/>\n\t<meta name=\"twitter:label2\" content=\"Szacowany czas czytania\" \/>\n\t<meta name=\"twitter:data2\" content=\"3 minuty\" \/>\n<script type=\"application\/ld+json\" class=\"yoast-schema-graph\">{\"@context\":\"https:\\\/\\\/schema.org\",\"@graph\":[{\"@type\":\"Article\",\"@id\":\"https:\\\/\\\/pragmatiq.pl\\\/mniejszosciowi\\\/wspolnik-uwieziony-w-spolce-z-o-o-nadchodzi-dlugo-oczekiwana-zmiana-w-ksh\\\/#article\",\"isPartOf\":{\"@id\":\"https:\\\/\\\/pragmatiq.pl\\\/mniejszosciowi\\\/wspolnik-uwieziony-w-spolce-z-o-o-nadchodzi-dlugo-oczekiwana-zmiana-w-ksh\\\/\"},\"author\":{\"name\":\"magda\",\"@id\":\"https:\\\/\\\/pragmatiq.pl\\\/mniejszosciowi\\\/#\\\/schema\\\/person\\\/ce906c20de720157b60733e123391613\"},\"headline\":\"Wsp\u00f3lnik uwi\u0119ziony w sp\u00f3\u0142ce z o.o.? Nadchodzi d\u0142ugo oczekiwana zmiana w KSH!\",\"datePublished\":\"2026-02-10T08:21:48+00:00\",\"dateModified\":\"2026-02-10T08:29:44+00:00\",\"mainEntityOfPage\":{\"@id\":\"https:\\\/\\\/pragmatiq.pl\\\/mniejszosciowi\\\/wspolnik-uwieziony-w-spolce-z-o-o-nadchodzi-dlugo-oczekiwana-zmiana-w-ksh\\\/\"},\"wordCount\":637,\"commentCount\":0,\"publisher\":{\"@id\":\"https:\\\/\\\/pragmatiq.pl\\\/mniejszosciowi\\\/#organization\"},\"image\":{\"@id\":\"https:\\\/\\\/pragmatiq.pl\\\/mniejszosciowi\\\/wspolnik-uwieziony-w-spolce-z-o-o-nadchodzi-dlugo-oczekiwana-zmiana-w-ksh\\\/#primaryimage\"},\"thumbnailUrl\":\"https:\\\/\\\/pragmatiq.pl\\\/mniejszosciowi\\\/wp-content\\\/uploads\\\/2026\\\/02\\\/mniejszosciowi-do-artykulu.png\",\"inLanguage\":\"pl-PL\",\"potentialAction\":[{\"@type\":\"CommentAction\",\"name\":\"Comment\",\"target\":[\"https:\\\/\\\/pragmatiq.pl\\\/mniejszosciowi\\\/wspolnik-uwieziony-w-spolce-z-o-o-nadchodzi-dlugo-oczekiwana-zmiana-w-ksh\\\/#respond\"]}]},{\"@type\":\"WebPage\",\"@id\":\"https:\\\/\\\/pragmatiq.pl\\\/mniejszosciowi\\\/wspolnik-uwieziony-w-spolce-z-o-o-nadchodzi-dlugo-oczekiwana-zmiana-w-ksh\\\/\",\"url\":\"https:\\\/\\\/pragmatiq.pl\\\/mniejszosciowi\\\/wspolnik-uwieziony-w-spolce-z-o-o-nadchodzi-dlugo-oczekiwana-zmiana-w-ksh\\\/\",\"name\":\"Wsp\u00f3lnik uwi\u0119ziony w sp\u00f3\u0142ce z o.o.? Nadchodzi d\u0142ugo oczekiwana zmiana w KSH! | mniejszosciowi.pl\",\"isPartOf\":{\"@id\":\"https:\\\/\\\/pragmatiq.pl\\\/mniejszosciowi\\\/#website\"},\"primaryImageOfPage\":{\"@id\":\"https:\\\/\\\/pragmatiq.pl\\\/mniejszosciowi\\\/wspolnik-uwieziony-w-spolce-z-o-o-nadchodzi-dlugo-oczekiwana-zmiana-w-ksh\\\/#primaryimage\"},\"image\":{\"@id\":\"https:\\\/\\\/pragmatiq.pl\\\/mniejszosciowi\\\/wspolnik-uwieziony-w-spolce-z-o-o-nadchodzi-dlugo-oczekiwana-zmiana-w-ksh\\\/#primaryimage\"},\"thumbnailUrl\":\"https:\\\/\\\/pragmatiq.pl\\\/mniejszosciowi\\\/wp-content\\\/uploads\\\/2026\\\/02\\\/mniejszosciowi-do-artykulu.png\",\"datePublished\":\"2026-02-10T08:21:48+00:00\",\"dateModified\":\"2026-02-10T08:29:44+00:00\",\"description\":\"Uwi\u0119ziony wsp\u00f3lnik w sp\u00f3\u0142ce z o.o. zyska realn\u0105 drog\u0119 wyj\u015bcia. Sprawd\u017a, jak projekt nowelizacji KSH chroni mniejszo\u015bciowych wsp\u00f3lnik\u00f3w.\",\"breadcrumb\":{\"@id\":\"https:\\\/\\\/pragmatiq.pl\\\/mniejszosciowi\\\/wspolnik-uwieziony-w-spolce-z-o-o-nadchodzi-dlugo-oczekiwana-zmiana-w-ksh\\\/#breadcrumb\"},\"inLanguage\":\"pl-PL\",\"potentialAction\":[{\"@type\":\"ReadAction\",\"target\":[\"https:\\\/\\\/pragmatiq.pl\\\/mniejszosciowi\\\/wspolnik-uwieziony-w-spolce-z-o-o-nadchodzi-dlugo-oczekiwana-zmiana-w-ksh\\\/\"]}]},{\"@type\":\"ImageObject\",\"inLanguage\":\"pl-PL\",\"@id\":\"https:\\\/\\\/pragmatiq.pl\\\/mniejszosciowi\\\/wspolnik-uwieziony-w-spolce-z-o-o-nadchodzi-dlugo-oczekiwana-zmiana-w-ksh\\\/#primaryimage\",\"url\":\"https:\\\/\\\/pragmatiq.pl\\\/mniejszosciowi\\\/wp-content\\\/uploads\\\/2026\\\/02\\\/mniejszosciowi-do-artykulu.png\",\"contentUrl\":\"https:\\\/\\\/pragmatiq.pl\\\/mniejszosciowi\\\/wp-content\\\/uploads\\\/2026\\\/02\\\/mniejszosciowi-do-artykulu.png\",\"width\":2000,\"height\":625},{\"@type\":\"BreadcrumbList\",\"@id\":\"https:\\\/\\\/pragmatiq.pl\\\/mniejszosciowi\\\/wspolnik-uwieziony-w-spolce-z-o-o-nadchodzi-dlugo-oczekiwana-zmiana-w-ksh\\\/#breadcrumb\",\"itemListElement\":[{\"@type\":\"ListItem\",\"position\":1,\"name\":\"Strona g\u0142\u00f3wna\",\"item\":\"https:\\\/\\\/pragmatiq.pl\\\/mniejszosciowi\\\/\"},{\"@type\":\"ListItem\",\"position\":2,\"name\":\"Wsp\u00f3lnik uwi\u0119ziony w sp\u00f3\u0142ce z o.o.? Nadchodzi d\u0142ugo oczekiwana zmiana w KSH!\"}]},{\"@type\":\"WebSite\",\"@id\":\"https:\\\/\\\/pragmatiq.pl\\\/mniejszosciowi\\\/#website\",\"url\":\"https:\\\/\\\/pragmatiq.pl\\\/mniejszosciowi\\\/\",\"name\":\"Mniejszo\u015bciowi\",\"description\":\"\",\"publisher\":{\"@id\":\"https:\\\/\\\/pragmatiq.pl\\\/mniejszosciowi\\\/#organization\"},\"potentialAction\":[{\"@type\":\"SearchAction\",\"target\":{\"@type\":\"EntryPoint\",\"urlTemplate\":\"https:\\\/\\\/pragmatiq.pl\\\/mniejszosciowi\\\/?s={search_term_string}\"},\"query-input\":{\"@type\":\"PropertyValueSpecification\",\"valueRequired\":true,\"valueName\":\"search_term_string\"}}],\"inLanguage\":\"pl-PL\"},{\"@type\":\"Organization\",\"@id\":\"https:\\\/\\\/pragmatiq.pl\\\/mniejszosciowi\\\/#organization\",\"name\":\"Mniejszo\u015bciowi\",\"url\":\"https:\\\/\\\/pragmatiq.pl\\\/mniejszosciowi\\\/\",\"logo\":{\"@type\":\"ImageObject\",\"inLanguage\":\"pl-PL\",\"@id\":\"https:\\\/\\\/pragmatiq.pl\\\/mniejszosciowi\\\/#\\\/schema\\\/logo\\\/image\\\/\",\"url\":\"https:\\\/\\\/pragmatiq.pl\\\/mniejszosciowi\\\/wp-content\\\/uploads\\\/2018\\\/05\\\/cropped-logo.png\",\"contentUrl\":\"https:\\\/\\\/pragmatiq.pl\\\/mniejszosciowi\\\/wp-content\\\/uploads\\\/2018\\\/05\\\/cropped-logo.png\",\"width\":952,\"height\":250,\"caption\":\"Mniejszo\u015bciowi\"},\"image\":{\"@id\":\"https:\\\/\\\/pragmatiq.pl\\\/mniejszosciowi\\\/#\\\/schema\\\/logo\\\/image\\\/\"}},{\"@type\":\"Person\",\"@id\":\"https:\\\/\\\/pragmatiq.pl\\\/mniejszosciowi\\\/#\\\/schema\\\/person\\\/ce906c20de720157b60733e123391613\",\"name\":\"magda\",\"image\":{\"@type\":\"ImageObject\",\"inLanguage\":\"pl-PL\",\"@id\":\"https:\\\/\\\/secure.gravatar.com\\\/avatar\\\/6d24b7dcdb2aa81c311c2677433612c2566b3bbf8d7f5abdcd807de80d5f1fdc?s=96&d=mm&r=g\",\"url\":\"https:\\\/\\\/secure.gravatar.com\\\/avatar\\\/6d24b7dcdb2aa81c311c2677433612c2566b3bbf8d7f5abdcd807de80d5f1fdc?s=96&d=mm&r=g\",\"contentUrl\":\"https:\\\/\\\/secure.gravatar.com\\\/avatar\\\/6d24b7dcdb2aa81c311c2677433612c2566b3bbf8d7f5abdcd807de80d5f1fdc?s=96&d=mm&r=g\",\"caption\":\"magda\"},\"url\":\"https:\\\/\\\/pragmatiq.pl\\\/mniejszosciowi\\\/author\\\/magda\\\/\"}]}<\/script>\n<!-- \/ Yoast SEO plugin. -->","yoast_head_json":{"title":"Wsp\u00f3lnik uwi\u0119ziony w sp\u00f3\u0142ce z o.o.? Nadchodzi d\u0142ugo oczekiwana zmiana w KSH! | mniejszosciowi.pl","description":"Uwi\u0119ziony wsp\u00f3lnik w sp\u00f3\u0142ce z o.o. zyska realn\u0105 drog\u0119 wyj\u015bcia. Sprawd\u017a, jak projekt nowelizacji KSH chroni mniejszo\u015bciowych wsp\u00f3lnik\u00f3w.","robots":{"index":"index","follow":"follow","max-snippet":"max-snippet:-1","max-image-preview":"max-image-preview:large","max-video-preview":"max-video-preview:-1"},"canonical":"https:\/\/pragmatiq.pl\/mniejszosciowi\/wspolnik-uwieziony-w-spolce-z-o-o-nadchodzi-dlugo-oczekiwana-zmiana-w-ksh\/","og_locale":"pl_PL","og_type":"article","og_title":"Wsp\u00f3lnik uwi\u0119ziony w sp\u00f3\u0142ce z o.o.? Nadchodzi d\u0142ugo oczekiwana zmiana w KSH! | mniejszosciowi.pl","og_description":"Uwi\u0119ziony wsp\u00f3lnik w sp\u00f3\u0142ce z o.o. zyska realn\u0105 drog\u0119 wyj\u015bcia. Sprawd\u017a, jak projekt nowelizacji KSH chroni mniejszo\u015bciowych wsp\u00f3lnik\u00f3w.","og_url":"https:\/\/pragmatiq.pl\/mniejszosciowi\/wspolnik-uwieziony-w-spolce-z-o-o-nadchodzi-dlugo-oczekiwana-zmiana-w-ksh\/","og_site_name":"Mniejszo\u015bciowi","article_published_time":"2026-02-10T08:21:48+00:00","article_modified_time":"2026-02-10T08:29:44+00:00","og_image":[{"width":2000,"height":625,"url":"https:\/\/pragmatiq.pl\/mniejszosciowi\/wp-content\/uploads\/2026\/02\/mniejszosciowi-do-artykulu.png","type":"image\/png"}],"author":"magda","twitter_card":"summary_large_image","twitter_misc":{"Napisane przez":"magda","Szacowany czas czytania":"3 minuty"},"schema":{"@context":"https:\/\/schema.org","@graph":[{"@type":"Article","@id":"https:\/\/pragmatiq.pl\/mniejszosciowi\/wspolnik-uwieziony-w-spolce-z-o-o-nadchodzi-dlugo-oczekiwana-zmiana-w-ksh\/#article","isPartOf":{"@id":"https:\/\/pragmatiq.pl\/mniejszosciowi\/wspolnik-uwieziony-w-spolce-z-o-o-nadchodzi-dlugo-oczekiwana-zmiana-w-ksh\/"},"author":{"name":"magda","@id":"https:\/\/pragmatiq.pl\/mniejszosciowi\/#\/schema\/person\/ce906c20de720157b60733e123391613"},"headline":"Wsp\u00f3lnik uwi\u0119ziony w sp\u00f3\u0142ce z o.o.? Nadchodzi d\u0142ugo oczekiwana zmiana w KSH!","datePublished":"2026-02-10T08:21:48+00:00","dateModified":"2026-02-10T08:29:44+00:00","mainEntityOfPage":{"@id":"https:\/\/pragmatiq.pl\/mniejszosciowi\/wspolnik-uwieziony-w-spolce-z-o-o-nadchodzi-dlugo-oczekiwana-zmiana-w-ksh\/"},"wordCount":637,"commentCount":0,"publisher":{"@id":"https:\/\/pragmatiq.pl\/mniejszosciowi\/#organization"},"image":{"@id":"https:\/\/pragmatiq.pl\/mniejszosciowi\/wspolnik-uwieziony-w-spolce-z-o-o-nadchodzi-dlugo-oczekiwana-zmiana-w-ksh\/#primaryimage"},"thumbnailUrl":"https:\/\/pragmatiq.pl\/mniejszosciowi\/wp-content\/uploads\/2026\/02\/mniejszosciowi-do-artykulu.png","inLanguage":"pl-PL","potentialAction":[{"@type":"CommentAction","name":"Comment","target":["https:\/\/pragmatiq.pl\/mniejszosciowi\/wspolnik-uwieziony-w-spolce-z-o-o-nadchodzi-dlugo-oczekiwana-zmiana-w-ksh\/#respond"]}]},{"@type":"WebPage","@id":"https:\/\/pragmatiq.pl\/mniejszosciowi\/wspolnik-uwieziony-w-spolce-z-o-o-nadchodzi-dlugo-oczekiwana-zmiana-w-ksh\/","url":"https:\/\/pragmatiq.pl\/mniejszosciowi\/wspolnik-uwieziony-w-spolce-z-o-o-nadchodzi-dlugo-oczekiwana-zmiana-w-ksh\/","name":"Wsp\u00f3lnik uwi\u0119ziony w sp\u00f3\u0142ce z o.o.? Nadchodzi d\u0142ugo oczekiwana zmiana w KSH! | mniejszosciowi.pl","isPartOf":{"@id":"https:\/\/pragmatiq.pl\/mniejszosciowi\/#website"},"primaryImageOfPage":{"@id":"https:\/\/pragmatiq.pl\/mniejszosciowi\/wspolnik-uwieziony-w-spolce-z-o-o-nadchodzi-dlugo-oczekiwana-zmiana-w-ksh\/#primaryimage"},"image":{"@id":"https:\/\/pragmatiq.pl\/mniejszosciowi\/wspolnik-uwieziony-w-spolce-z-o-o-nadchodzi-dlugo-oczekiwana-zmiana-w-ksh\/#primaryimage"},"thumbnailUrl":"https:\/\/pragmatiq.pl\/mniejszosciowi\/wp-content\/uploads\/2026\/02\/mniejszosciowi-do-artykulu.png","datePublished":"2026-02-10T08:21:48+00:00","dateModified":"2026-02-10T08:29:44+00:00","description":"Uwi\u0119ziony wsp\u00f3lnik w sp\u00f3\u0142ce z o.o. zyska realn\u0105 drog\u0119 wyj\u015bcia. Sprawd\u017a, jak projekt nowelizacji KSH chroni mniejszo\u015bciowych wsp\u00f3lnik\u00f3w.","breadcrumb":{"@id":"https:\/\/pragmatiq.pl\/mniejszosciowi\/wspolnik-uwieziony-w-spolce-z-o-o-nadchodzi-dlugo-oczekiwana-zmiana-w-ksh\/#breadcrumb"},"inLanguage":"pl-PL","potentialAction":[{"@type":"ReadAction","target":["https:\/\/pragmatiq.pl\/mniejszosciowi\/wspolnik-uwieziony-w-spolce-z-o-o-nadchodzi-dlugo-oczekiwana-zmiana-w-ksh\/"]}]},{"@type":"ImageObject","inLanguage":"pl-PL","@id":"https:\/\/pragmatiq.pl\/mniejszosciowi\/wspolnik-uwieziony-w-spolce-z-o-o-nadchodzi-dlugo-oczekiwana-zmiana-w-ksh\/#primaryimage","url":"https:\/\/pragmatiq.pl\/mniejszosciowi\/wp-content\/uploads\/2026\/02\/mniejszosciowi-do-artykulu.png","contentUrl":"https:\/\/pragmatiq.pl\/mniejszosciowi\/wp-content\/uploads\/2026\/02\/mniejszosciowi-do-artykulu.png","width":2000,"height":625},{"@type":"BreadcrumbList","@id":"https:\/\/pragmatiq.pl\/mniejszosciowi\/wspolnik-uwieziony-w-spolce-z-o-o-nadchodzi-dlugo-oczekiwana-zmiana-w-ksh\/#breadcrumb","itemListElement":[{"@type":"ListItem","position":1,"name":"Strona g\u0142\u00f3wna","item":"https:\/\/pragmatiq.pl\/mniejszosciowi\/"},{"@type":"ListItem","position":2,"name":"Wsp\u00f3lnik uwi\u0119ziony w sp\u00f3\u0142ce z o.o.? Nadchodzi d\u0142ugo oczekiwana zmiana w KSH!"}]},{"@type":"WebSite","@id":"https:\/\/pragmatiq.pl\/mniejszosciowi\/#website","url":"https:\/\/pragmatiq.pl\/mniejszosciowi\/","name":"Mniejszo\u015bciowi","description":"","publisher":{"@id":"https:\/\/pragmatiq.pl\/mniejszosciowi\/#organization"},"potentialAction":[{"@type":"SearchAction","target":{"@type":"EntryPoint","urlTemplate":"https:\/\/pragmatiq.pl\/mniejszosciowi\/?s={search_term_string}"},"query-input":{"@type":"PropertyValueSpecification","valueRequired":true,"valueName":"search_term_string"}}],"inLanguage":"pl-PL"},{"@type":"Organization","@id":"https:\/\/pragmatiq.pl\/mniejszosciowi\/#organization","name":"Mniejszo\u015bciowi","url":"https:\/\/pragmatiq.pl\/mniejszosciowi\/","logo":{"@type":"ImageObject","inLanguage":"pl-PL","@id":"https:\/\/pragmatiq.pl\/mniejszosciowi\/#\/schema\/logo\/image\/","url":"https:\/\/pragmatiq.pl\/mniejszosciowi\/wp-content\/uploads\/2018\/05\/cropped-logo.png","contentUrl":"https:\/\/pragmatiq.pl\/mniejszosciowi\/wp-content\/uploads\/2018\/05\/cropped-logo.png","width":952,"height":250,"caption":"Mniejszo\u015bciowi"},"image":{"@id":"https:\/\/pragmatiq.pl\/mniejszosciowi\/#\/schema\/logo\/image\/"}},{"@type":"Person","@id":"https:\/\/pragmatiq.pl\/mniejszosciowi\/#\/schema\/person\/ce906c20de720157b60733e123391613","name":"magda","image":{"@type":"ImageObject","inLanguage":"pl-PL","@id":"https:\/\/secure.gravatar.com\/avatar\/6d24b7dcdb2aa81c311c2677433612c2566b3bbf8d7f5abdcd807de80d5f1fdc?s=96&d=mm&r=g","url":"https:\/\/secure.gravatar.com\/avatar\/6d24b7dcdb2aa81c311c2677433612c2566b3bbf8d7f5abdcd807de80d5f1fdc?s=96&d=mm&r=g","contentUrl":"https:\/\/secure.gravatar.com\/avatar\/6d24b7dcdb2aa81c311c2677433612c2566b3bbf8d7f5abdcd807de80d5f1fdc?s=96&d=mm&r=g","caption":"magda"},"url":"https:\/\/pragmatiq.pl\/mniejszosciowi\/author\/magda\/"}]}},"_links":{"self":[{"href":"https:\/\/pragmatiq.pl\/mniejszosciowi\/wp-json\/wp\/v2\/posts\/1093","targetHints":{"allow":["GET"]}}],"collection":[{"href":"https:\/\/pragmatiq.pl\/mniejszosciowi\/wp-json\/wp\/v2\/posts"}],"about":[{"href":"https:\/\/pragmatiq.pl\/mniejszosciowi\/wp-json\/wp\/v2\/types\/post"}],"author":[{"embeddable":true,"href":"https:\/\/pragmatiq.pl\/mniejszosciowi\/wp-json\/wp\/v2\/users\/11"}],"replies":[{"embeddable":true,"href":"https:\/\/pragmatiq.pl\/mniejszosciowi\/wp-json\/wp\/v2\/comments?post=1093"}],"version-history":[{"count":6,"href":"https:\/\/pragmatiq.pl\/mniejszosciowi\/wp-json\/wp\/v2\/posts\/1093\/revisions"}],"predecessor-version":[{"id":1102,"href":"https:\/\/pragmatiq.pl\/mniejszosciowi\/wp-json\/wp\/v2\/posts\/1093\/revisions\/1102"}],"wp:featuredmedia":[{"embeddable":true,"href":"https:\/\/pragmatiq.pl\/mniejszosciowi\/wp-json\/wp\/v2\/media\/1098"}],"wp:attachment":[{"href":"https:\/\/pragmatiq.pl\/mniejszosciowi\/wp-json\/wp\/v2\/media?parent=1093"}],"wp:term":[{"taxonomy":"category","embeddable":true,"href":"https:\/\/pragmatiq.pl\/mniejszosciowi\/wp-json\/wp\/v2\/categories?post=1093"},{"taxonomy":"post_tag","embeddable":true,"href":"https:\/\/pragmatiq.pl\/mniejszosciowi\/wp-json\/wp\/v2\/tags?post=1093"}],"curies":[{"name":"wp","href":"https:\/\/api.w.org\/{rel}","templated":true}]}}