{"id":749,"date":"2020-09-01T13:39:09","date_gmt":"2020-09-01T11:39:09","guid":{"rendered":"https:\/\/kontrolowana.pl\/?p=749"},"modified":"2025-09-12T08:36:40","modified_gmt":"2025-09-12T06:36:40","slug":"kto-ponosi-odpowiedzialnosc-za-zobowiazania-podatkowe-spolki-kapitalowej","status":"publish","type":"post","link":"https:\/\/pragmatiq.pl\/kontrolowana\/kto-ponosi-odpowiedzialnosc-za-zobowiazania-podatkowe-spolki-kapitalowej\/","title":{"rendered":"Kto ponosi odpowiedzialno\u015b\u0107 za zobowi\u0105zania podatkowe sp\u00f3\u0142ki kapita\u0142owej?"},"content":{"rendered":"\n<p><strong>Pomimo i\u017c sp\u00f3\u0142ki kapita\u0142owe s\u0105 podmiotami, kt\u00f3re niezale\u017cnie i w pe\u0142ni samodzielnie dzia\u0142aj\u0105 na rynku gospodarczym Ordynacja podatkowa przewiduje, \u017ce w wyj\u0105tkowych sytuacjach odpowiedzialno\u015b\u0107 za ich zobowi\u0105zania podatkowe mog\u0105 ponosi\u0107 r\u00f3wnie\u017c osoby trzecie. Kto i na jakich zasadach mo\u017ce zatem zosta\u0107 obci\u0105\u017cony tak\u0105 odpowiedzialno\u015bci\u0105?<\/strong><\/p>\n\n\n\n<h2 class=\"wp-block-heading\">Odpowiedzialno\u015b\u0107 wsp\u00f3lnik\u00f3w sp\u00f3\u0142ek kapita\u0142owych (sp\u00f3\u0142ki z o.o., sp\u00f3\u0142ki z o.o. w organizacji, sp\u00f3\u0142ki akcyjnej oraz sp\u00f3\u0142ki akcyjnej w organizacji)<\/h2>\n\n\n\n<p>Zasadniczo za swoje zobowi\u0105zania podatkowe odpowiadaj\u0105 same sp\u00f3\u0142ki kapita\u0142owe (np. w podatku od towar\u00f3w i us\u0142ug lub w podatku dochodowym od os\u00f3b prawnych). Jednak\u017ce gdy egzekucja przeciwko sp\u00f3\u0142ce oka\u017ce si\u0119 w ca\u0142o\u015bci lub w cz\u0119\u015bci bezskuteczna (tj. gdy maj\u0105tek sp\u00f3\u0142ki nie pozwala na zap\u0142at\u0119 nale\u017cno\u015bci podatkowej), w\u00f3wczas za jej zobowi\u0105zania odpowiadaj\u0105 okre\u015blone osoby:<\/p>\n\n\n\n<ul class=\"wp-block-list\">\n<li>cz\u0142onkowie zarz\u0105du (tak\u017ce sp\u00f3\u0142ek w organizacji);<\/li>\n\n\n\n<li>pe\u0142nomocnicy sp\u00f3\u0142ek w organizacji, a je\u017celi pe\u0142nomocnik sp\u00f3\u0142ki nie zosta\u0142 powo\u0142any \u2013 wsp\u00f3lnicy sp\u00f3\u0142ki w organizacji;<\/li>\n\n\n\n<li>byli cz\u0142onkowie zarz\u0105du sp\u00f3\u0142ki oraz byli pe\u0142nomocnicy lub wsp\u00f3lnicy sp\u00f3\u0142ki w organizacji.<\/li>\n<\/ul>\n\n\n\n<p>Oznacza to, \u017ce egzekucja mo\u017ce by\u0107 prowadzona z ca\u0142ego ich maj\u0105tku. Przy czym chodzi nie tylko o maj\u0105tek odr\u0119bny, ale r\u00f3wnie\u017c o maj\u0105tek wsp\u00f3lny ma\u0142\u017conk\u00f3w, je\u017celi ww. osoby nie posiadaj\u0105 intercyzy. Odpowiedzialno\u015b\u0107 wskazanych os\u00f3b jest odpowiedzialno\u015bci\u0105 osobist\u0105 i ma charakter solidarny i subsydiarny<\/p>\n\n\n\n<p>Osoby te odpowiadaj\u0105 za zaleg\u0142o\u015bci podatkowe sp\u00f3\u0142ki z tytu\u0142u:<\/p>\n\n\n\n<ol class=\"wp-block-list\">\n<li>tych zobowi\u0105za\u0144, kt\u00f3rych termin p\u0142atno\u015bci up\u0142ywa\u0142 w czasie pe\u0142nienia przez nich obowi\u0105zk\u00f3w;<\/li>\n\n\n\n<li>nadp\u0142at lub zwrot\u00f3w podatku podlegaj\u0105cych zwrotowi bez wezwania organu podatkowego, a tak\u017ce zwrot\u00f3w wynagrodze\u0144 p\u0142atnik\u00f3w lub inkasent\u00f3w pobranych nienale\u017cnie, powsta\u0142ych w czasie pe\u0142nienia danej funkcji.<\/li>\n<\/ol>\n\n\n\n<p>Odpowiedzialno\u015b\u0107 cz\u0142onk\u00f3w zarz\u0105du obejmuje zaleg\u0142o\u015bci podatkowe z tytu\u0142u zobowi\u0105za\u0144, kt\u00f3rych termin p\u0142atno\u015bci up\u0142ywa\u0142 w czasie pe\u0142nienia przez nich obowi\u0105zk\u00f3w cz\u0142onka zarz\u0105du.<\/p>\n\n\n\n<p>Natomiast za zobowi\u0105zania podatkowe powsta\u0142e po likwidacji sp\u00f3\u0142ki, za zaleg\u0142o\u015bci podatkowe z tytu\u0142u zobowi\u0105za\u0144, kt\u00f3rych termin p\u0142atno\u015bci up\u0142ywa\u0142 po likwidacji sp\u00f3\u0142ki, oraz zaleg\u0142o\u015bci wskazane w pkt 2, powsta\u0142e po likwidacji sp\u00f3\u0142ki, odpowiadaj\u0105 osoby pe\u0142ni\u0105ce obowi\u0105zki cz\u0142onka zarz\u0105du w momencie likwidacji sp\u00f3\u0142ki.<\/p>\n\n\n\n<p>Wi\u0119cej na temat odpowiedzialno\u015bci wsp\u00f3lnik\u00f3w sp\u00f3\u0142ki z o.o. dowiesz si\u0119 z naszego portalu <a href=\"https:\/\/spolkazoo.net\/\" target=\"_blank\" rel=\"noreferrer noopener\" title=\"https:\/\/spolkazoo.net\/\">spolkazoo.net <\/a>m. in. z takich artyku\u0142\u00f3w jak <a href=\"https:\/\/spolkazoo.net\/powstanie\/ograniczona-odpowiedzialnosc-w-spolce-z-o-o-na-czym-polega\" target=\"_blank\" rel=\"noreferrer noopener\" title=\"https:\/\/spolkazoo.net\/powstanie\/ograniczona-odpowiedzialnosc-w-spolce-z-o-o-na-czym-polega\">Na czym polega \u201eograniczona odpowiedzialno\u015b\u0107 w sp\u00f3\u0142ce z o.o.?<\/a>, <a href=\"https:\/\/spolkazoo.net\/funkcjonowanie\/odpowiedzialnosc-czlonka-zarzadu-za-zobowiazania-spolki-z-o-o\" target=\"_blank\" rel=\"noreferrer noopener\" title=\"https:\/\/spolkazoo.net\/funkcjonowanie\/odpowiedzialnosc-czlonka-zarzadu-za-zobowiazania-spolki-z-o-o\">Czy cz\u0142onek zarz\u0105du sp\u00f3\u0142ki z o.o. odpowiada za jej zobowi\u0105zania?<\/a>  oraz <a href=\"https:\/\/spolkazoo.net\/odpowiedzialnosc-za-zobowiazania-podatkowe-spolki-z-o-o-kto-ja-ponosi\" target=\"_blank\" rel=\"noreferrer noopener\" title=\"https:\/\/spolkazoo.net\/odpowiedzialnosc-za-zobowiazania-podatkowe-spolki-z-o-o-kto-ja-ponosi\">Odpowiedzialno\u015b\u0107 za zobowi\u0105zania podatkowe sp\u00f3\u0142ki z o.o. \u2013 kto j\u0105 ponosi?<\/a> <\/p>\n\n\n\n<h2 class=\"wp-block-heading\">Okoliczno\u015bci uwalniaj\u0105ce od odpowiedzialno\u015bci za zobowi\u0105zania podatkowe sp\u00f3\u0142ek kapita\u0142owych<\/h2>\n\n\n\n<p>Nale\u017cy mie\u0107 jednak na wzgl\u0119dzie, \u017ce osoby te mog\u0105 uwolni\u0107 si\u0119 od odpowiedzialno\u015bci za zobowi\u0105zania sp\u00f3\u0142ki kapita\u0142owej, je\u017celi uda si\u0119 im spe\u0142ni\u0107 jeden z wymienionych warnik\u00f3w:<\/p>\n\n\n\n<ul class=\"wp-block-list\">\n<li>wykaza\u0107, \u017ce we w\u0142a\u015bciwym czasie zg\u0142oszono wniosek o og\u0142oszenie upad\u0142o\u015bci lub w tym czasie zosta\u0142o otwarte post\u0119powanie restrukturyzacyjne albo zatwierdzono uk\u0142ad w post\u0119powaniu o zatwierdzenie uk\u0142adu;<\/li>\n\n\n\n<li>wykaza\u0107, \u017ce niezg\u0142oszenie wniosku o og\u0142oszenie upad\u0142o\u015bci nast\u0105pi\u0142o bez ich winy;<\/li>\n\n\n\n<li>wskaza\u0107 mienie sp\u00f3\u0142ki, z kt\u00f3rego egzekucja umo\u017cliwi zaspokojenie zaleg\u0142o\u015bci podatkowych sp\u00f3\u0142ki w znacznej cz\u0119\u015bci.<\/li>\n<\/ul>\n\n\n\n<h2 class=\"wp-block-heading\">Odpowiedzialno\u015b\u0107 za zobowi\u0105zania sp\u00f3\u0142ek kapita\u0142owych \u2013 decyzja i termin przedawnienia<\/h2>\n\n\n\n<p>Analogicznie, jak w przypadku sp\u00f3\u0142ek osobowych \u2013 \u00a0o kt\u00f3rych pisali\u015bmy w artykule <em><a href=\"https:\/\/pragmatiq.pl\/kontrolowana\/kto-ponosi-odpowiedzialnosc-za-zobowiazania-podatkowe-spolki-osobowej\/\" target=\"_blank\" rel=\"noopener\" title=\"\">Kto ponosi odpowiedzialno\u015b\u0107 za zobowi\u0105zania podatkowe sp\u00f3\u0142ek osobowych?<\/a> <\/em>\u00a0&#8211; orzeczenie o odpowiedzialno\u015bci cz\u0142onk\u00f3w zarz\u0105du, pe\u0142nomocnik\u00f3w lub wsp\u00f3lnik\u00f3w sp\u00f3\u0142ek kapita\u0142owych powinno zosta\u0107 wydane w drodze decyzji organu podatkowego. Decyzja ta jest decyzj\u0105 ustalaj\u0105c\u0105 zobowi\u0105zanie podatkowe. Przedmiotowa decyzja mo\u017ce zosta\u0107 wydana wy\u0142\u0105cznie w post\u0119powaniu podatkowym. Warunkiem wszcz\u0119cia post\u0119powania podatkowego za zobowi\u0105zania podatkowe sp\u00f3\u0142ki jest dor\u0119czenie decyzji okre\u015blaj\u0105cej wysoko\u015b\u0107 zobowi\u0105zania podatkowego wobec samej sp\u00f3\u0142ki. O tym jak odwo\u0142a\u0107 si\u0119 od decyzji podatkowej pisali\u015bmy w artykule<a href=\"https:\/\/pragmatiq.pl\/kontrolowana\/odwolanie-od-decyzji-podatkowej\/\" target=\"_blank\" rel=\"noopener\" title=\"\"> <em>Odwo\u0142anie od decyzji podatkowej<\/em> <\/a><\/p>\n\n\n\n<p>Odpowiedzialno\u015b\u0107 za zaleg\u0142o\u015bci podatkowe sp\u00f3\u0142ek kapita\u0142owych jest r\u00f3wnie\u017c ograniczona w czasie. Zgodnie z Ordynacj\u0105 podatkow\u0105 nie mo\u017cna wyda\u0107 decyzji o odpowiedzialno\u015bci podatkowej osoby trzeciej, je\u017celi od ko\u0144ca roku kalendarzowego, w kt\u00f3rym powsta\u0142a zaleg\u0142o\u015b\u0107 podatkowa, up\u0142yn\u0119\u0142o 5 lat. Natomiast przedawnienie zobowi\u0105zania wynikaj\u0105cego z decyzji o odpowiedzialno\u015bci osoby trzeciej nast\u0119puje po up\u0142ywie 3 lat od ko\u0144ca roku kalendarzowego, w kt\u00f3rym zosta\u0142a dor\u0119czona decyzja.<\/p>\n\n\n\n<p><strong>Kwestia odpowiedzialno\u015bci za zobowi\u0105zania podatkowe sp\u00f3\u0142ek zosta\u0142a ukszta\u0142towana w taki spos\u00f3b, by organy podatkowe mog\u0142y jak najefektywniej dochodzi\u0107 roszcze\u0144 o charakterze publicznoprawnym. Szczeg\u00f3lnie widoczne jest to w przypadku sp\u00f3\u0142ek kapita\u0142owych, za zobowi\u0105zania kt\u00f3rych, pomimo i\u017c stanowi\u0105 samodzielny podmiot w stosunkach prywatno i publicznoprawnych, mog\u0105 odpowiada\u0107 tzw. osoby trzecie (czyli m.in. cz\u0142onkowie jej zarz\u0105du). Dlatego wiedza o tym, w jaki spos\u00f3b ukszta\u0142towana jest odpowiedzialno\u015b\u0107 jest kluczowa dla bezpiecze\u0144stwa prowadzonego biznesu.<\/strong><\/p>\n\n\n\n<p>Toczy si\u0119 wobec Ciebie post\u0119powanie w sprawie orzeczenia o odpowiedzialno\u015bci za zobowi\u0105zania sp\u00f3\u0142ki? Skontaktuj si\u0119 ze specjalistami z Kancelarii PragmatIQ.<\/p>\n\n\n\n<p>Paulina Sandomierz<\/p>\n","protected":false},"excerpt":{"rendered":"<p>Pomimo i\u017c sp\u00f3\u0142ki kapita\u0142owe s\u0105 podmiotami, kt\u00f3re niezale\u017cnie i w pe\u0142ni samodzielnie dzia\u0142aj\u0105 na rynku gospodarczym Ordynacja podatkowa przewiduje, \u017ce w wyj\u0105tkowych sytuacjach odpowiedzialno\u015b\u0107 za ich zobowi\u0105zania podatkowe mog\u0105 ponosi\u0107 r\u00f3wnie\u017c osoby trzecie. Kto i na jakich zasadach mo\u017ce zatem zosta\u0107 obci\u0105\u017cony tak\u0105 odpowiedzialno\u015bci\u0105? Odpowiedzialno\u015b\u0107 wsp\u00f3lnik\u00f3w sp\u00f3\u0142ek kapita\u0142owych (sp\u00f3\u0142ki z o.o., sp\u00f3\u0142ki z o.o. w &hellip; <\/p>\n<p class=\"link-more\"><a href=\"https:\/\/pragmatiq.pl\/kontrolowana\/kto-ponosi-odpowiedzialnosc-za-zobowiazania-podatkowe-spolki-kapitalowej\/\" class=\"more-link\">Continue reading<span class=\"screen-reader-text\"> &#8222;Kto ponosi odpowiedzialno\u015b\u0107 za zobowi\u0105zania podatkowe sp\u00f3\u0142ki kapita\u0142owej?&#8221;<\/span><\/a><\/p>\n","protected":false},"author":8,"featured_media":0,"comment_status":"open","ping_status":"open","sticky":false,"template":"","format":"standard","meta":{"footnotes":""},"categories":[1],"tags":[],"class_list":["post-749","post","type-post","status-publish","format-standard","hentry","category-bez-kategorii"],"aioseo_notices":[],"_links":{"self":[{"href":"https:\/\/pragmatiq.pl\/kontrolowana\/wp-json\/wp\/v2\/posts\/749","targetHints":{"allow":["GET"]}}],"collection":[{"href":"https:\/\/pragmatiq.pl\/kontrolowana\/wp-json\/wp\/v2\/posts"}],"about":[{"href":"https:\/\/pragmatiq.pl\/kontrolowana\/wp-json\/wp\/v2\/types\/post"}],"author":[{"embeddable":true,"href":"https:\/\/pragmatiq.pl\/kontrolowana\/wp-json\/wp\/v2\/users\/8"}],"replies":[{"embeddable":true,"href":"https:\/\/pragmatiq.pl\/kontrolowana\/wp-json\/wp\/v2\/comments?post=749"}],"version-history":[{"count":3,"href":"https:\/\/pragmatiq.pl\/kontrolowana\/wp-json\/wp\/v2\/posts\/749\/revisions"}],"predecessor-version":[{"id":907,"href":"https:\/\/pragmatiq.pl\/kontrolowana\/wp-json\/wp\/v2\/posts\/749\/revisions\/907"}],"wp:attachment":[{"href":"https:\/\/pragmatiq.pl\/kontrolowana\/wp-json\/wp\/v2\/media?parent=749"}],"wp:term":[{"taxonomy":"category","embeddable":true,"href":"https:\/\/pragmatiq.pl\/kontrolowana\/wp-json\/wp\/v2\/categories?post=749"},{"taxonomy":"post_tag","embeddable":true,"href":"https:\/\/pragmatiq.pl\/kontrolowana\/wp-json\/wp\/v2\/tags?post=749"}],"curies":[{"name":"wp","href":"https:\/\/api.w.org\/{rel}","templated":true}]}}