{"id":747,"date":"2020-09-01T13:31:04","date_gmt":"2020-09-01T11:31:04","guid":{"rendered":"https:\/\/kontrolowana.pl\/?p=747"},"modified":"2025-09-11T17:02:50","modified_gmt":"2025-09-11T15:02:50","slug":"kto-ponosi-odpowiedzialnosc-za-zobowiazania-podatkowe-spolki-osobowej","status":"publish","type":"post","link":"https:\/\/pragmatiq.pl\/kontrolowana\/kto-ponosi-odpowiedzialnosc-za-zobowiazania-podatkowe-spolki-osobowej\/","title":{"rendered":"Kto ponosi odpowiedzialno\u015b\u0107 za zobowi\u0105zania podatkowe sp\u00f3\u0142ki osobowej?"},"content":{"rendered":"\n<p><strong>W sp\u00f3\u0142kach osobowych zasadniczo nie ma zarz\u0105du a za zobowi\u0105zania sp\u00f3\u0142ek mog\u0105 odpowiada\u0107 ich wsp\u00f3lnicy. Jednak odpowiedzialno\u015b\u0107 ta nie jest jednakowa w ka\u017cdej sp\u00f3\u0142ce i nie zawsze dotyczy wszystkich wsp\u00f3lnik\u00f3w.<\/strong><\/p>\n\n\n\n<p>Sp\u00f3\u0142ki osobowe nie s\u0105 osobami prawnymi, jednak posiadaj\u0105 zdolno\u015b\u0107 prawn\u0105 (zdolno\u015b\u0107 do bycia podmiotem praw i obowi\u0105zk\u00f3w) oraz zdolno\u015b\u0107 procesow\u0105 (mo\u017cliwo\u015b\u0107 pozywania i bycia pozywanym). Charakterystyczn\u0105 cech\u0105 sp\u00f3\u0142ek osobowych oraz sp\u00f3\u0142ki cywilnej jest brak organ\u00f3w, kt\u00f3re reprezentowa\u0142yby je w obrocie gospodarczym (i prawnym). Sprawami tego rodzaju sp\u00f3\u0142ek \u2013 co do zasady \u2013 zajmuj\u0105 si\u0119 ich wsp\u00f3lnicy. Wyj\u0105tkiem jest sp\u00f3\u0142ka partnerska, w kt\u00f3rej wsp\u00f3lnicy mog\u0105 zdecydowa\u0107 o powierzeniu reprezentacji sp\u00f3\u0142ki zarz\u0105dowi.<\/p>\n\n\n\n<p>Ordynacja podatkowa przewiduje pe\u0142n\u0105 odpowiedzialno\u015b\u0107 wsp\u00f3lnika sp\u00f3\u0142ki cywilnej, jawnej i partnerskiej oraz komplementariusza sp\u00f3\u0142ki komandytowej albo komandytowo-akcyjnej za zobowi\u0105zania podatkowe.<\/p>\n\n\n\n<h2 class=\"wp-block-heading\">Zasady odpowiedzialno\u015bci za zobowi\u0105zania podatkowe<\/h2>\n\n\n\n<p>Sp\u00f3\u0142ki osobowe odpowiadaj\u0105 za zobowi\u0105zania podatkowe ca\u0142ym swoim maj\u0105tkiem, czyli maj\u0105tkiem wsp\u00f3lnym wsp\u00f3lnik\u00f3w wniesionym do sp\u00f3\u0142ki i wypracowanym w trakcie jej dzia\u0142alno\u015bci, stanowi\u0105cym wsp\u00f3\u0142w\u0142asno\u015b\u0107 \u0142\u0105czn\u0105.<\/p>\n\n\n\n<h2 class=\"wp-block-heading\">Co z maj\u0105tkiem prywatnym wsp\u00f3lnik\u00f3w?<\/h2>\n\n\n\n<p>Wsp\u00f3lnicy sp\u00f3\u0142ek osobowych i cywilnych za zobowi\u0105zania sp\u00f3\u0142ki odpowiadaj\u0105 ca\u0142ym swoim maj\u0105tkiem \u2013 r\u00f3wnie\u017c prywatnym. Zatem egzekwowanie przez organy podatkowe zap\u0142aty zaleg\u0142o\u015bci podatkowych sp\u00f3\u0142ki od wsp\u00f3lnik\u00f3w pozostaj\u0105cych w zwi\u0105zku ma\u0142\u017ce\u0144skim mo\u017ce dotkn\u0105\u0107 finansowo r\u00f3wnie\u017c ich ma\u0142\u017conk\u00f3w. Dochodzenie roszcze\u0144 publicznoprawnych obejmuje bowiem w takim przypadku nie tylko maj\u0105tek osobisty wsp\u00f3lnika, ale tak\u017ce mienie nale\u017c\u0105ce do maj\u0105tku wsp\u00f3lnego ma\u0142\u017conk\u00f3w.<\/p>\n\n\n\n<p>Przypomnijmy, \u017ce maj\u0105tek wsp\u00f3lny tworz\u0105 przedmioty maj\u0105tkowe nabyte przez jednego lub oboje ma\u0142\u017conk\u00f3w w czasie trwania wsp\u00f3lno\u015bci maj\u0105tkowej (np. pobrane pensje, dochody z dzia\u0142alno\u015bci gospodarczej, dochody z maj\u0105tku wsp\u00f3lnego, wniesione do maj\u0105tku wsp\u00f3lnego ruchomo\u015bci i nieruchomo\u015bci).<\/p>\n\n\n\n<h2 class=\"wp-block-heading\">Co z odpowiedzialno\u015bci\u0105 by\u0142ych wsp\u00f3lnik\u00f3w?<\/h2>\n\n\n\n<p>Odpowiedzialno\u015bci\u0105 za zaleg\u0142o\u015bci podatkowe mog\u0105 zosta\u0107 obarczeni r\u00f3wnie\u017c byli wsp\u00f3lnicy sp\u00f3\u0142ki osobowej. Odpowiadaj\u0105 oni bowiem za zaleg\u0142o\u015bci podatkowe z tytu\u0142u zobowi\u0105za\u0144, kt\u00f3rych termin p\u0142atno\u015bci up\u0142ywa\u0142 w czasie, gdy byli wsp\u00f3lnikami. Organ podatkowy mo\u017ce \u017c\u0105da\u0107 r\u00f3wnie\u017c uregulowania przez wsp\u00f3lnik\u00f3w zaleg\u0142o\u015bci \u2013 wymienionych w art. 52 oraz art. 52a Ordynacji podatkowej \u2013 powsta\u0142ych w ww. okresie (np. nienale\u017cnie otrzymanych przez sp\u00f3\u0142k\u0119 zwrot\u00f3w VAT). Za wskazane zobowi\u0105zania powsta\u0142e po rozwi\u0105zaniu sp\u00f3\u0142ki osobowej lub cywilnej odpowiedzialni b\u0119d\u0105 natomiast wsp\u00f3lnicy pe\u0142ni\u0105cy t\u0119 funkcj\u0119 w momencie jej rozwi\u0105zywania.<\/p>\n\n\n\n<h2 class=\"wp-block-heading\">Decyzja o odpowiedzialno\u015bci wsp\u00f3lnika za zobowi\u0105zania podatkowe sp\u00f3\u0142ek osobowych i sp\u00f3\u0142ki cywilnej<\/h2>\n\n\n\n<p>O odpowiedzialno\u015bci wsp\u00f3lnik\u00f3w za zaleg\u0142o\u015bci podatkowe sp\u00f3\u0142ek osobowych i sp\u00f3\u0142ki cywilnej organ podatkowy orzeka w drodze decyzji.<\/p>\n\n\n\n<p>Wspomniana wy\u017cej decyzja nie musi zosta\u0107 poprzedzona wydaniem innego orzeczenia, a mianowicie decyzji okre\u015blaj\u0105cej wysoko\u015b\u0107 zobowi\u0105zania podatkowego lub zaleg\u0142o\u015bci podatkowej, decyzji dotycz\u0105cej kwoty nale\u017cnych odsetek za zw\u0142ok\u0119, decyzji w sprawie zwrotu zaliczki naliczonego podatku VAT, czy decyzji o odpowiedzialno\u015bci p\u0142atnika. Kwestie te mog\u0105 zosta\u0107 zawarte w decyzji orzekaj\u0105cej o odpowiedzialno\u015bci wsp\u00f3lnik\u00f3w.<\/p>\n\n\n\n<p>Jednak\u017ce decyzja o odpowiedzialno\u015bci wsp\u00f3lnik\u00f3w za zaleg\u0142o\u015bci podatkowe \u00a0sp\u00f3\u0142ek nie mo\u017ce by\u0107 wydana, je\u017celi od ko\u0144ca roku kalendarzowego, w kt\u00f3rym powsta\u0142a zaleg\u0142o\u015b\u0107 podatkowa, up\u0142yn\u0119\u0142o 5 lat. Termin ten nie podlega zawieszeniu lub przerwaniu, np. z powodu wszcz\u0119cia kontroli podatkowej, o czym pisali\u015bmy w artykule <em><a href=\"https:\/\/pragmatiq.pl\/kontrolowana\/czy-kontrola-podatkowa-ma-wplyw-na-bieg-terminu-przedawnienia\/\" target=\"_blank\" rel=\"noopener\" title=\"\">Czy kontrola podatkowa ma wp\u0142yw na bieg terminu przedawnienia<\/a>? <\/em><\/p>\n\n\n\n<p>Zobowi\u0105zanie podatkowe okre\u015blone w decyzji przedawnia si\u0119 natomiast po 3 latach od ko\u0144ca roku kalendarzowego, w kt\u00f3rym zosta\u0142a ona dor\u0119czona adresatowi. Bieg tego terminu mo\u017ce ulec zawieszeniu (w przypadku odroczenia albo roz\u0142o\u017cenia na raty sp\u0142aty zobowi\u0105zania) lub przerwaniu (w wyniku og\u0142oszenia upad\u0142o\u015bci lub wszcz\u0119cia egzekucji i zastosowania \u015brodka egzekucyjnego). O biegu terminu przedawnienia mo\u017cna przeczyta\u0107 wi\u0119cej w naszym artykule <em><a href=\"https:\/\/pragmatiq.pl\/kontrolowana\/termin-przedawnienia-zobowiazania-podatkowego\/\" target=\"_blank\" rel=\"noopener\" title=\"\">Termin przedawnienia zobowi\u0105zania podatkowego<\/a> <\/em><\/p>\n\n\n\n<h2 class=\"wp-block-heading\">Sp\u00f3\u0142ka komandytowa i komandytowo-akcyjna \u2013 szczeg\u00f3lne regulacje dotycz\u0105ce odpowiedzialno\u015bci wsp\u00f3lnik\u00f3w<\/h2>\n\n\n\n<p>W sp\u00f3\u0142ce komandytowej wyst\u0119puj\u0105 dwa rodzaje wsp\u00f3lnik\u00f3w: komplementariusz i komandytariusz. Odpowiedzialno\u015b\u0107 ka\u017cdego z nich za zobowi\u0105zania sp\u00f3\u0142ki kszta\u0142tuje si\u0119 odmiennie. Zgodnie z Ordynacj\u0105 podatkow\u0105 odpowiedzialno\u015b\u0107 za zaleg\u0142o\u015bci podatkowe sp\u00f3\u0142ki komandytowej ponosi jedynie komplementariusz.<\/p>\n\n\n\n<p>W sp\u00f3\u0142ce komandytowo-akcyjnej r\u00f3wnie\u017c wyst\u0119puj\u0105 dwa rodzaje wsp\u00f3lnik\u00f3w \u2013 komplementariusze i akcjonariusze. Tak jak w poprzednim przypadku, odpowiedzialno\u015b\u0107 za zobowi\u0105zania sp\u00f3\u0142ki ponosz\u0105 wy\u0142\u0105cznie jej komplementariusze.<\/p>\n\n\n\n<p><strong>Wiedza o ewentualnej mo\u017cliwo\u015bci ponoszenia odpowiedzialno\u015bci za zobowi\u0105zania prowadzonej sp\u00f3\u0142ki osobowej jest istotna z punktu widzenia bezpiecze\u0144stwa finansowego wsp\u00f3lnik\u00f3w sp\u00f3\u0142ki.&nbsp; Dlatego skontaktuj si\u0119 z naszymi Specjalistami, kt\u00f3rzy doradz\u0105 Ci, jak bezpiecznie zaplanowa\u0107 Twoj\u0105 biznesow\u0105 przysz\u0142o\u015b\u0107.<\/strong><\/p>\n\n\n\n<p>Paulina Sandomierz<\/p>\n","protected":false},"excerpt":{"rendered":"<p>W sp\u00f3\u0142kach osobowych zasadniczo nie ma zarz\u0105du a za zobowi\u0105zania sp\u00f3\u0142ek mog\u0105 odpowiada\u0107 ich wsp\u00f3lnicy. Jednak odpowiedzialno\u015b\u0107 ta nie jest jednakowa w ka\u017cdej sp\u00f3\u0142ce i nie zawsze dotyczy wszystkich wsp\u00f3lnik\u00f3w. Sp\u00f3\u0142ki osobowe nie s\u0105 osobami prawnymi, jednak posiadaj\u0105 zdolno\u015b\u0107 prawn\u0105 (zdolno\u015b\u0107 do bycia podmiotem praw i obowi\u0105zk\u00f3w) oraz zdolno\u015b\u0107 procesow\u0105 (mo\u017cliwo\u015b\u0107 pozywania i bycia pozywanym). &hellip; <\/p>\n<p class=\"link-more\"><a href=\"https:\/\/pragmatiq.pl\/kontrolowana\/kto-ponosi-odpowiedzialnosc-za-zobowiazania-podatkowe-spolki-osobowej\/\" class=\"more-link\">Continue reading<span class=\"screen-reader-text\"> &#8222;Kto ponosi odpowiedzialno\u015b\u0107 za zobowi\u0105zania podatkowe sp\u00f3\u0142ki osobowej?&#8221;<\/span><\/a><\/p>\n","protected":false},"author":8,"featured_media":0,"comment_status":"open","ping_status":"open","sticky":false,"template":"","format":"standard","meta":{"footnotes":""},"categories":[1],"tags":[7,15,16],"class_list":["post-747","post","type-post","status-publish","format-standard","hentry","category-bez-kategorii","tag-postepowanie-podatkowe","tag-przedawnienie-zobowiazania-podatkowego","tag-spolka"],"aioseo_notices":[],"_links":{"self":[{"href":"https:\/\/pragmatiq.pl\/kontrolowana\/wp-json\/wp\/v2\/posts\/747","targetHints":{"allow":["GET"]}}],"collection":[{"href":"https:\/\/pragmatiq.pl\/kontrolowana\/wp-json\/wp\/v2\/posts"}],"about":[{"href":"https:\/\/pragmatiq.pl\/kontrolowana\/wp-json\/wp\/v2\/types\/post"}],"author":[{"embeddable":true,"href":"https:\/\/pragmatiq.pl\/kontrolowana\/wp-json\/wp\/v2\/users\/8"}],"replies":[{"embeddable":true,"href":"https:\/\/pragmatiq.pl\/kontrolowana\/wp-json\/wp\/v2\/comments?post=747"}],"version-history":[{"count":2,"href":"https:\/\/pragmatiq.pl\/kontrolowana\/wp-json\/wp\/v2\/posts\/747\/revisions"}],"predecessor-version":[{"id":905,"href":"https:\/\/pragmatiq.pl\/kontrolowana\/wp-json\/wp\/v2\/posts\/747\/revisions\/905"}],"wp:attachment":[{"href":"https:\/\/pragmatiq.pl\/kontrolowana\/wp-json\/wp\/v2\/media?parent=747"}],"wp:term":[{"taxonomy":"category","embeddable":true,"href":"https:\/\/pragmatiq.pl\/kontrolowana\/wp-json\/wp\/v2\/categories?post=747"},{"taxonomy":"post_tag","embeddable":true,"href":"https:\/\/pragmatiq.pl\/kontrolowana\/wp-json\/wp\/v2\/tags?post=747"}],"curies":[{"name":"wp","href":"https:\/\/api.w.org\/{rel}","templated":true}]}}