{"id":510,"date":"2019-07-02T17:12:22","date_gmt":"2019-07-02T15:12:22","guid":{"rendered":"http:\/\/kontrolowana.pl\/?p=510"},"modified":"2025-09-11T16:32:04","modified_gmt":"2025-09-11T14:32:04","slug":"niezlozenie-deklaracji-podatkowej-w-terminie","status":"publish","type":"post","link":"https:\/\/pragmatiq.pl\/kontrolowana\/niezlozenie-deklaracji-podatkowej-w-terminie\/","title":{"rendered":"Niez\u0142o\u017cenie deklaracji podatkowej w terminie"},"content":{"rendered":"\n<p><strong>Niez\u0142o\u017cenie przez podatnika deklaracji w terminie\nzasadniczo stanowi wykroczenie skarbowe podlegaj\u0105ce karze grzywny. W takim\nwypadku warto pami\u0119ta\u0107 o mo\u017cliwo\u015bci zawiadomienia organu o pope\u0142nieniu czynu\nzabronionego, czyli o tzw. czynnym \u017calu.<\/strong><\/p>\n\n\n\n<h2 class=\"wp-block-heading\"><strong>Konsekwencje niez\u0142o\u017cenia deklaracji podatkowej w\nterminie<\/strong><\/h2>\n\n\n\n<p>Podatnik, kt\u00f3ry mimo ujawnienia przedmiotu lub podstawy opodatkowania nie z\u0142o\u017cy\u0142 w terminie deklaracji podatkowej, zgodnie z kodeksem karnym skarbowym podlega karze grzywny za wykroczenie skarbowe. Mo\u017ce by\u0107 ona wymierzona w granicach od jednej dziesi\u0105tej do dwudziestokrotnej wysoko\u015bci minimalnego wynagrodzenia. W 2019 r. wysoko\u015b\u0107 kary za niez\u0142o\u017cenie deklaracji w terminie wynosi wi\u0119c od 225&nbsp;z\u0142 do 45&nbsp;000&nbsp;z\u0142.  Najcz\u0119\u015bciej jednak takie sprawy ko\u0144cz\u0105 si\u0119 na\u0142o\u017ceniem kilkuset z\u0142otowego mandatu.<\/p>\n\n\n\n<p>Wi\u0119cej na temat postepowania karnego skarbowego dowiesz si\u0119 w artykule <a href=\"https:\/\/pragmatiq.pl\/kontrolowana\/postepowanie-karne-skarbowe\/\" target=\"_blank\" rel=\"noopener\" title=\"\"><em>Post\u0119powanie karne \u2013 skarbowe<\/em><\/a>.<\/p>\n\n\n\n<h2 class=\"wp-block-heading\"><strong>Czynny \u017cal<\/strong><\/h2>\n\n\n\n<p>Przed karnoskarbowymi konsekwencjami niez\u0142o\u017cenia deklaracji podatkowej w terminie mo\u017ce nas uchroni\u0107 zawiadomienie organu podatkowego o pope\u0142nieniu czynu zabronionego. Takie zawiadomienie, nazywane r\u00f3wnie\u017c \u201eczynnym \u017calem\u201d, sk\u0142ada si\u0119 do naczelnika urz\u0119du skarbowego na pi\u015bmie albo przekazuje ustnie do protoko\u0142u. Obecnie czynny \u017cal mo\u017cna sk\u0142ada\u0107 r\u00f3wnie\u017c przez internet, o czym piszemy w artykule <em><a href=\"https:\/\/pragmatiq.pl\/kontrolowana\/od-kwietnia-2020-r-czynny-zal-zlozysz-rowniez-przez-internet\/\" title=\"\">Od\u00a0kwietnia 2020 r. czynny \u017cal z\u0142o\u017cysz r\u00f3wnie\u017c przez\u00a0internet<\/a><\/em>.<\/p>\n\n\n\n<p>Czynny \u017cal mo\u017cna z\u0142o\u017cy\u0107 w ka\u017cdym czasie, a\u017c do momentu\ngdy organ dowie si\u0119 o niez\u0142o\u017ceniu deklaracji w terminie. Z tego wzgl\u0119du bardzo\nwa\u017cne jest, aby zaleg\u0142ej deklaracji nie sk\u0142ada\u0107 przed czynnym \u017calem. W takim\nwypadku organ b\u0119dzie bowiem posiada\u0142 udokumentowan\u0105 wiadomo\u015b\u0107 o pope\u0142nieniu\nczynu zabronionego i nasze zawiadomienie nie b\u0119dzie skuteczne. Najlepiej jest\nzatem z\u0142o\u017cy\u0107 deklaracj\u0119 wraz z czynnym \u017calem lub ewentualnie w p\u00f3\u017aniejszym\nterminie.<\/p>\n\n\n\n<p>Sk\u0142adaj\u0105c czynny \u017cal nale\u017cy r\u00f3wnie\u017c ujawni\u0107 istotne\nokoliczno\u015bci niez\u0142o\u017cenia deklaracji w terminie (w tym m.in. poda\u0107 powody\nsp\u00f3\u017anienia) oraz w ca\u0142o\u015bci ui\u015bci\u0107 podatek. Nie ma przy tym konieczno\u015bci zap\u0142aty\npodatku wraz ze z\u0142o\u017ceniem zawiadomienia. Obowi\u0105zek ten mo\u017cemy dope\u0142ni\u0107 r\u00f3wnie\u017c\nw p\u00f3\u017aniejszym terminie wyznaczonym przez organ.<\/p>\n\n\n\n<p>Nale\u017cy r\u00f3wnie\u017c podkre\u015bli\u0107, \u017ce nie ka\u017cdy mo\u017ce skorzysta\u0107 z instytucji czynnego \u017calu. Odpowiedzialno\u015bci karnoskarbowej za niez\u0142o\u017cenie deklaracji podatkowej w terminie nie uniknie bowiem sprawca, kt\u00f3ry:<\/p>\n\n\n\n<ul class=\"wp-block-list\">\n<li>kierowa\u0142 wykonaniem ujawnionego czynu\nzabronionego;<\/li>\n\n\n\n<li>wykorzystuj\u0105c uzale\u017cnienie innej osoby od\nsiebie, poleci\u0142 jej wykonanie ujawnionego czynu zabronionego;<\/li>\n\n\n\n<li>zorganizowa\u0142 grup\u0119 albo zwi\u0105zek maj\u0105cy na celu\npope\u0142nienie przest\u0119pstwa skarbowego albo tak\u0105 grup\u0105 lub zwi\u0105zkiem kierowa\u0142\n(chyba \u017ce dokona\u0142 zawiadomienia ze wszystkimi cz\u0142onkami grupy lub zwi\u0105zku);<\/li>\n\n\n\n<li>nak\u0142ania\u0142 inn\u0105 osob\u0119 do pope\u0142nienia przest\u0119pstwa\nskarbowego lub wykroczenia skarbowego w celu skierowania przeciwko niej\npost\u0119powania o ten czyn zabroniony.<\/li>\n<\/ul>\n\n\n\n<p>Nie z\u0142o\u017cy\u0142e\u015b deklaracji podatkowej w terminie? Skontaktuj\nsi\u0119 z nami \u2013 pomo\u017cemy Ci uchroni\u0107 si\u0119 przed negatywnymi konsekwencjami.<\/p>\n\n\n\n<p>Micha\u0142 Markiewicz<\/p>\n","protected":false},"excerpt":{"rendered":"<p>Niez\u0142o\u017cenie przez podatnika deklaracji w terminie zasadniczo stanowi wykroczenie skarbowe podlegaj\u0105ce karze grzywny. W takim wypadku warto pami\u0119ta\u0107 o mo\u017cliwo\u015bci zawiadomienia organu o pope\u0142nieniu czynu zabronionego, czyli o tzw. czynnym \u017calu. Konsekwencje niez\u0142o\u017cenia deklaracji podatkowej w terminie Podatnik, kt\u00f3ry mimo ujawnienia przedmiotu lub podstawy opodatkowania nie z\u0142o\u017cy\u0142 w terminie deklaracji podatkowej, zgodnie z kodeksem karnym &hellip; <\/p>\n<p class=\"link-more\"><a href=\"https:\/\/pragmatiq.pl\/kontrolowana\/niezlozenie-deklaracji-podatkowej-w-terminie\/\" class=\"more-link\">Continue reading<span class=\"screen-reader-text\"> &#8222;Niez\u0142o\u017cenie deklaracji podatkowej w terminie&#8221;<\/span><\/a><\/p>\n","protected":false},"author":8,"featured_media":0,"comment_status":"open","ping_status":"open","sticky":false,"template":"","format":"standard","meta":{"footnotes":""},"categories":[1],"tags":[9],"class_list":["post-510","post","type-post","status-publish","format-standard","hentry","category-bez-kategorii","tag-postepowanie-karne-skarbowe"],"aioseo_notices":[],"_links":{"self":[{"href":"https:\/\/pragmatiq.pl\/kontrolowana\/wp-json\/wp\/v2\/posts\/510","targetHints":{"allow":["GET"]}}],"collection":[{"href":"https:\/\/pragmatiq.pl\/kontrolowana\/wp-json\/wp\/v2\/posts"}],"about":[{"href":"https:\/\/pragmatiq.pl\/kontrolowana\/wp-json\/wp\/v2\/types\/post"}],"author":[{"embeddable":true,"href":"https:\/\/pragmatiq.pl\/kontrolowana\/wp-json\/wp\/v2\/users\/8"}],"replies":[{"embeddable":true,"href":"https:\/\/pragmatiq.pl\/kontrolowana\/wp-json\/wp\/v2\/comments?post=510"}],"version-history":[{"count":12,"href":"https:\/\/pragmatiq.pl\/kontrolowana\/wp-json\/wp\/v2\/posts\/510\/revisions"}],"predecessor-version":[{"id":882,"href":"https:\/\/pragmatiq.pl\/kontrolowana\/wp-json\/wp\/v2\/posts\/510\/revisions\/882"}],"wp:attachment":[{"href":"https:\/\/pragmatiq.pl\/kontrolowana\/wp-json\/wp\/v2\/media?parent=510"}],"wp:term":[{"taxonomy":"category","embeddable":true,"href":"https:\/\/pragmatiq.pl\/kontrolowana\/wp-json\/wp\/v2\/categories?post=510"},{"taxonomy":"post_tag","embeddable":true,"href":"https:\/\/pragmatiq.pl\/kontrolowana\/wp-json\/wp\/v2\/tags?post=510"}],"curies":[{"name":"wp","href":"https:\/\/api.w.org\/{rel}","templated":true}]}}