{"id":446,"date":"2019-06-10T11:50:55","date_gmt":"2019-06-10T09:50:55","guid":{"rendered":"http:\/\/kontrolowana.pl\/?p=446"},"modified":"2025-09-11T16:09:38","modified_gmt":"2025-09-11T14:09:38","slug":"postepowanie-podatkowe-po-kontroli-podatkowej-lub-celno-skarbowej","status":"publish","type":"post","link":"https:\/\/pragmatiq.pl\/kontrolowana\/postepowanie-podatkowe-po-kontroli-podatkowej-lub-celno-skarbowej\/","title":{"rendered":"Post\u0119powanie podatkowe po kontroli podatkowej lub celno-skarbowej"},"content":{"rendered":"\n<p><strong>W razie niez\u0142o\u017cenia korekty deklaracji podatkowej uwzgl\u0119dniaj\u0105cej nieprawid\u0142owo\u015bci ujawnione w trakcie kontroli podatkowej organ podatkowy mo\u017ce w terminie 6 miesi\u0119cy od jej zako\u0144czenia wszcz\u0105\u0107 post\u0119powanie podatkowe. W przypadku niez\u0142o\u017cenia korekty deklaracji uwzgl\u0119dniaj\u0105cej ustalenia kontroli celno-skarbowej, kontrola ta przekszta\u0142ca si\u0119 w post\u0119powanie podatkowe \u201eautomatycznie\u201d.<\/strong><\/p>\n\n\n\n<h2 class=\"wp-block-heading\"><strong>Wszcz\u0119cie post\u0119powania podatkowego<\/strong><\/h2>\n\n\n\n<p>Dat\u0105 wszcz\u0119cia post\u0119powania lub przekszta\u0142cenia si\u0119 kontroli celno-skarbowej w post\u0119powanie podatkowe jest dzie\u0144 dor\u0119czenia podatnikowi postanowienia w tej sprawie. Organ podatkowy mo\u017ce przeprowadzi\u0107 post\u0119powanie dopiero po skutecznym dor\u0119czeniu wspomnianego wy\u017cej postanowienia.  <\/p>\n\n\n\n<p>Post\u0119powanie podatkowe po kontroli podatkowej prowadzi ten sam organ, kt\u00f3ry by\u0142 w\u0142a\u015bciwy do przeprowadzenia kontroli. Nawet je\u017celi po zako\u0144czeniu kontroli podatkowej nast\u0105pi zdarzenie powoduj\u0105ce zmian\u0119 w\u0142a\u015bciwo\u015bci organu podatkowego, w\u0142a\u015bciwy do przeprowadzenia post\u0119powania wci\u0105\u017c b\u0119dzie ten sam organ, kt\u00f3ry wszcz\u0105\u0142 kontrol\u0119. W przypadku kontroli celno-skarbowej organem w\u0142a\u015bciwym do przeprowadzenia post\u0119powania podatkowego jest ten sam naczelnik urz\u0119du celno-skarbowego, kt\u00f3ry wyda\u0142 wynik kontroli.<\/p>\n\n\n\n<h2 class=\"wp-block-heading\"><strong>Post\u0119powanie dowodowe<\/strong><\/h2>\n\n\n\n<p>Celem post\u0119powania\npodatkowego jest wymiar podatku. Z tego wzgl\u0119du organ podatkowy ma\nobowi\u0105zek podj\u0105\u0107 wszelkie niezb\u0119dne dzia\u0142ania, aby dok\u0142adnie\nustali\u0107 stan faktyczny sprawy, a w szczeg\u00f3lno\u015bci zebra\u0107 i w\nspos\u00f3b wyczerpuj\u0105cy rozpatrzy\u0107 ca\u0142y materia\u0142 dowodowy.<\/p>\n\n\n\n<p>Dowodem w post\u0119powaniu podatkowym mo\u017ce by\u0107 wszystko, co mo\u017ce przyczyni\u0107 si\u0119 do wyja\u015bnienia sprawy, a nie jest sprzeczne z prawem. Dowodu nie wymagaj\u0105 jednak fakty powszechnie znane oraz fakty znane organowi podatkowemu z urz\u0119du.<\/p>\n\n\n\n<figure class=\"wp-block-table standalone-table-nocentered\"><table><tbody><tr><td><strong>Dowodami w post\u0119powaniu podatkowym mog\u0105 by\u0107 m.in.: <\/strong><br> \n<ul>\n<li>ksi\u0119gi podatkowe,<\/li>\n<li>deklaracje z\u0142o\u017cone przez stron\u0119,<\/li>\n<li>zeznania \u015bwiadk\u00f3w,<\/li> \n<li>opinie bieg\u0142ych,<\/li>\n<li>materia\u0142y i informacje zebrane w wyniku ogl\u0119dzin,<\/li>\n<li>informacje podatkowe oraz inne dokumenty zgromadzone w toku dzia\u0142alno\u015bci analitycznej Krajowej Administracji Skarbowej, czynno\u015bci sprawdzaj\u0105cych, kontroli podatkowej lub kontroli celno-skarbowej,<\/li>\n<li>materia\u0142y zgromadzone w toku post\u0119powania karnego albo post\u0119powania w sprawach o przest\u0119pstwa skarbowe lub wykroczenia skarbowe.<\/li>\n<\/ul>\n<\/td><\/tr><\/tbody><\/table><\/figure>\n\n\n\n<p>Jako strona post\u0119powania podatkowego r\u00f3wnie\u017c mamy prawo bra\u0107 czynny udzia\u0142 w post\u0119powaniu dowodowym. W szczeg\u00f3lno\u015bci mo\u017cemy wnioskowa\u0107 o przeprowadzenie wskazanych przez nas dowod\u00f3w. Warto bowiem pami\u0119ta\u0107, \u017ce w praktyce organ z w\u0142asnej inicjatywy nigdy nie jest zainteresowany przeprowadzeniem dowod\u00f3w, kt\u00f3re mog\u0105 by\u0107 przychylne dla podatnika.<\/p>\n\n\n\n<p>Nale\u017cy przy tym podkre\u015bli\u0107, \u017ce organ nie ma obowi\u0105zku przeprowadzenia wszystkich zg\u0142aszanych dowod\u00f3w. Je\u015bli uzna, \u017ce okoliczno\u015bci maj\u0105ce istotne znaczenie dla sprawy stwierdzone s\u0105 wystarczaj\u0105co innym dowodem, nie uwzgl\u0119dni wniosku.<\/p>\n\n\n\n<h2 class=\"wp-block-heading\"><strong>Protok\u00f3\u0142 z czynno\u015bci w post\u0119powaniu podatkowym<\/strong><\/h2>\n\n\n\n<div class=\"wp-block-columns has-2-columns is-layout-flex wp-container-core-columns-is-layout-9d6595d7 wp-block-columns-is-layout-flex\">\n<div class=\"wp-block-column is-layout-flow wp-block-column-is-layout-flow\">\n<p>Z ka\u017cdej czynno\u015bci\nmaj\u0105cej istotne znaczenie dla rozstrzygni\u0119cia sprawy (np.\nprzes\u0142uchania lub ogl\u0119dzin) organ podatkowy sporz\u0105dza protok\u00f3\u0142 \u2013\nchyba \u017ce czynno\u015b\u0107 zosta\u0142a utrwalona na pi\u015bmie w inny spos\u00f3b.\nProtok\u00f3\u0142 sporz\u0105dza si\u0119 tak, aby z jego tre\u015bci wynika\u0142o, kto,\nkiedy, gdzie i jakich czynno\u015bci dokona\u0142, kto i w jakim charakterze\nby\u0142 przy nich obecny, co i w jaki spos\u00f3b w wyniku tych czynno\u015bci\nustalono i jakie uwagi zg\u0142osi\u0142y obecne osoby. Inne czynno\u015bci\nmaj\u0105ce istotne znaczenie dla sprawy, z kt\u00f3rych nie sporz\u0105dza si\u0119\nprotoko\u0142u, utrwala si\u0119 w aktach w formie adnotacji podpisanej przez\npracownika.<\/p>\n<\/div>\n\n\n\n<div class=\"wp-block-column is-layout-flow wp-block-column-is-layout-flow\">\n<figure class=\"wp-block-table standalone-table-nocentered\"><table><tbody><tr><td><strong>Protok\u00f3\u0142 sporz\u0105dza si\u0119 m.in. w przypadku:<\/strong><br> 1) przyj\u0119cia wniesionego ustnie podania;<br> 2) przes\u0142uchania strony, \u015bwiadka i bieg\u0142ego;<br> 3) ogl\u0119dzin i ekspertyz dokonywanych przy udziale pracownika organu podatkowego;<br> 4) ustnego og\u0142oszenia postanowienia;<br> 5) rozprawy.<\/td><\/tr><\/tbody><\/table><\/figure>\n<\/div>\n<\/div>\n\n\n\n<h2 class=\"wp-block-heading\"><strong>Postanowienia w post\u0119powaniu podatkowym<\/strong><\/h2>\n\n\n\n<p>Od decyzji nale\u017cy odr\u00f3\u017cni\u0107 wydawane w toku post\u0119powania podatkowego postanowienia. Dotycz\u0105 one poszczeg\u00f3lnych kwestii wynikaj\u0105cych w toku post\u0119powania podatkowego, jednak zasadniczo nie rozstrzygaj\u0105 o istocie sprawy.  <\/p>\n\n\n\n<figure class=\"wp-block-table standalone-table-nocentered\"><table><tbody><tr><td><strong>Postanowienie powinno zawiera\u0107:<\/strong><br> 1) oznaczenie organu podatkowego;<br> 2) dat\u0119 jego wydania;<br> 3) oznaczenie strony albo innych os\u00f3b bior\u0105cych udzia\u0142 w post\u0119powaniu;<br> 4) powo\u0142anie podstawy prawnej;<br> 5) rozstrzygni\u0119cie;<br> 6) uzasadnienie faktyczne i prawne \u2013 je\u017celi s\u0142u\u017cy na nie za\u017calenie lub skarga do s\u0105du administracyjnego oraz gdy wydane zosta\u0142o na skutek za\u017calenia na postanowienie;<br> 7) pouczenie, czy i w jakim trybie s\u0142u\u017cy na nie za\u017calenie lub skarga do s\u0105du administracyjnego;<br> 8) podpis osoby upowa\u017cnionej, kwalifikowany podpis elektroniczny, podpis zaufany albo podpis osobisty.<\/td><\/tr><\/tbody><\/table><\/figure>\n\n\n\n<p>Postanowienia, od kt\u00f3rych s\u0142u\u017cy za\u017calenie lub skarga do s\u0105du administracyjnego, dor\u0119cza si\u0119 na pi\u015bmie lub za pomoc\u0105 \u015brodk\u00f3w komunikacji elektronicznej. Inne postanowienia mog\u0105 by\u0107 natomiast og\u0142aszane ustnie. W praktyce postanowienia w formie ustnej spotyka si\u0119 jednak bardzo rzadko.<\/p>\n\n\n\n<h2 class=\"wp-block-heading\"><strong>Termin do wypowiedzenia si\u0119 w sprawie materia\u0142u dowodowego<\/strong><\/h2>\n\n\n\n<p>Zar\u00f3wno w trakcie, jak i po zako\u0144czeniu post\u0119powania podatkowego, mamy prawo do wgl\u0105du w akta sprawy, sporz\u0105dzania z nich notatek, odpis\u00f3w oraz kopii. Przed wydaniem decyzji organ co do zasady ma obowi\u0105zek wyznaczy\u0107 nam siedmiodniowy termin do wypowiedzenia si\u0119 w sprawie zebranego materia\u0142u dowodowego. Dzi\u0119ki temu nie tylko mamy mo\u017cliwo\u015b\u0107 zweryfikowania akt sprawy pod k\u0105tem zupe\u0142no\u015bci i kompletno\u015bci materia\u0142u dowodowego, ale r\u00f3wnie\u017c jest to ostatni moment, aby wnioskowa\u0107 o jego ewentualne poszerzenie. Wyznaczenie wy\u017cej wspomnianego terminu oznacza bowiem, \u017ce post\u0119powanie podatkowe zbli\u017ca si\u0119 ku zako\u0144czeniu i wkr\u00f3tce zostanie wydana decyzja.<\/p>\n\n\n\n<h2 class=\"wp-block-heading\"><strong>Termin zako\u0144czenia postepowania podatkowego<\/strong><\/h2>\n\n\n\n<p>Post\u0119powanie podatkowe powinno zako\u0144czy\u0107 si\u0119 bez zb\u0119dnej zw\u0142oki, jednak nie p\u00f3\u017aniej ni\u017c w ci\u0105gu miesi\u0105ca od dnia wszcz\u0119cia post\u0119powania. W szczeg\u00f3lnie skomplikowanych sprawach termin ten wynosi 2 miesi\u0105ce. O ka\u017cdym przypadku niezako\u0144czenia post\u0119powania w terminie organ podatkowy ma obowi\u0105zek nas zawiadomi\u0107, podaj\u0105c przyczyny niedotrzymania terminu i wskazuj\u0105c nowy termin zako\u0144czenia post\u0119powania. Je\u017celi z przyczyn le\u017c\u0105cych po stronie organu w terminie 3 miesi\u0119cy od dnia wszcz\u0119cia post\u0119powania nie zostanie dor\u0119czona decyzja, za okres od dnia wszcz\u0119cia post\u0119powania podatkowego do dnia dor\u0119czenia decyzji nie zostan\u0105 naliczone odsetki za zw\u0142ok\u0119.<\/p>\n\n\n\n<p>Pami\u0119taj, \u017ce otrzymanie decyzji okre\u015blaj\u0105cej lub ustalaj\u0105cej zobowi\u0105zanie podatkowe nie zawsze oznacza, \u017ce od razu musisz zap\u0142aci\u0107 podatek. Wi\u0119cej na ten temat dowiesz si\u0119 w artykule <a href=\"https:\/\/pragmatiq.pl\/kontrolowana\/decyzja-organu-podatkowego\/\" target=\"_blank\" rel=\"noopener\" title=\"\"><em>Decyzja organu podatkowego<\/em><\/a>.<\/p>\n\n\n\n<p>Wojciech Czernik<br>Micha\u0142 Markiewicz<\/p>\n","protected":false},"excerpt":{"rendered":"<p>W razie niez\u0142o\u017cenia korekty deklaracji podatkowej uwzgl\u0119dniaj\u0105cej nieprawid\u0142owo\u015bci ujawnione w trakcie kontroli podatkowej organ podatkowy mo\u017ce w terminie 6 miesi\u0119cy od jej zako\u0144czenia wszcz\u0105\u0107 post\u0119powanie podatkowe. W przypadku niez\u0142o\u017cenia korekty deklaracji uwzgl\u0119dniaj\u0105cej ustalenia kontroli celno-skarbowej, kontrola ta przekszta\u0142ca si\u0119 w post\u0119powanie podatkowe \u201eautomatycznie\u201d. Wszcz\u0119cie post\u0119powania podatkowego Dat\u0105 wszcz\u0119cia post\u0119powania lub przekszta\u0142cenia si\u0119 kontroli celno-skarbowej w &hellip; <\/p>\n<p class=\"link-more\"><a href=\"https:\/\/pragmatiq.pl\/kontrolowana\/postepowanie-podatkowe-po-kontroli-podatkowej-lub-celno-skarbowej\/\" class=\"more-link\">Continue reading<span class=\"screen-reader-text\"> &#8222;Post\u0119powanie podatkowe po kontroli podatkowej lub celno-skarbowej&#8221;<\/span><\/a><\/p>\n","protected":false},"author":8,"featured_media":0,"comment_status":"open","ping_status":"open","sticky":false,"template":"","format":"standard","meta":{"footnotes":""},"categories":[1],"tags":[7],"class_list":["post-446","post","type-post","status-publish","format-standard","hentry","category-bez-kategorii","tag-postepowanie-podatkowe"],"aioseo_notices":[],"_links":{"self":[{"href":"https:\/\/pragmatiq.pl\/kontrolowana\/wp-json\/wp\/v2\/posts\/446","targetHints":{"allow":["GET"]}}],"collection":[{"href":"https:\/\/pragmatiq.pl\/kontrolowana\/wp-json\/wp\/v2\/posts"}],"about":[{"href":"https:\/\/pragmatiq.pl\/kontrolowana\/wp-json\/wp\/v2\/types\/post"}],"author":[{"embeddable":true,"href":"https:\/\/pragmatiq.pl\/kontrolowana\/wp-json\/wp\/v2\/users\/8"}],"replies":[{"embeddable":true,"href":"https:\/\/pragmatiq.pl\/kontrolowana\/wp-json\/wp\/v2\/comments?post=446"}],"version-history":[{"count":7,"href":"https:\/\/pragmatiq.pl\/kontrolowana\/wp-json\/wp\/v2\/posts\/446\/revisions"}],"predecessor-version":[{"id":865,"href":"https:\/\/pragmatiq.pl\/kontrolowana\/wp-json\/wp\/v2\/posts\/446\/revisions\/865"}],"wp:attachment":[{"href":"https:\/\/pragmatiq.pl\/kontrolowana\/wp-json\/wp\/v2\/media?parent=446"}],"wp:term":[{"taxonomy":"category","embeddable":true,"href":"https:\/\/pragmatiq.pl\/kontrolowana\/wp-json\/wp\/v2\/categories?post=446"},{"taxonomy":"post_tag","embeddable":true,"href":"https:\/\/pragmatiq.pl\/kontrolowana\/wp-json\/wp\/v2\/tags?post=446"}],"curies":[{"name":"wp","href":"https:\/\/api.w.org\/{rel}","templated":true}]}}