{"id":436,"date":"2019-06-10T11:13:19","date_gmt":"2019-06-10T09:13:19","guid":{"rendered":"http:\/\/kontrolowana.pl\/?p=436"},"modified":"2025-09-11T16:00:42","modified_gmt":"2025-09-11T14:00:42","slug":"miejsce-i-czas-prowadzenia-kontroli-celno-skarbowej","status":"publish","type":"post","link":"https:\/\/pragmatiq.pl\/kontrolowana\/miejsce-i-czas-prowadzenia-kontroli-celno-skarbowej\/","title":{"rendered":"Miejsce i czas prowadzenia kontroli celno-skarbowej"},"content":{"rendered":"\n<p><strong>Podobnie jak w przypadku kontroli podatkowej, czynno\u015bci w ramach kontroli celno-skarbowej mog\u0105 by\u0107 przeprowadzane jedynie w okre\u015blonych miejscach. Co istotne, do kontroli celno-skarbowej nie stosuje si\u0119 przepis\u00f3w ustawy Prawo przedsi\u0119biorc\u00f3w w zakresie limitu \u0142\u0105cznego czasu trwania kontroli w ci\u0105gu roku kalendarzowego.<\/strong><\/p>\n\n\n\n<h2 class=\"wp-block-heading\"><strong>Miejsce prowadzenia kontroli<\/strong><\/h2>\n\n\n\n<p>Czynno\u015bci kontrolne w ramach kontroli celno-skarbowej mog\u0105 by\u0107 wykonywane w: <\/p>\n\n\n\n<ul class=\"wp-block-list\">\n<li> urz\u0119dzie celno-skarbowym, <\/li>\n\n\n\n<li> siedzibie kontrolowanego, <\/li>\n\n\n\n<li> miejscu prowadzenia lub przechowywania ksi\u0105g podatkowych, <\/li>\n\n\n\n<li> ka\u017cdym innym miejscu zwi\u0105zanym z prowadzon\u0105 przez kontrolowanego dzia\u0142alno\u015bci\u0105 <br> (w tym w lokalu mieszkalnym lub w miejscach, w kt\u00f3rych mog\u0105 si\u0119 znajdowa\u0107 urz\u0105dzenia, towary lub dokumenty dotycz\u0105ce tych urz\u0105dze\u0144, towar\u00f3w lub czynno\u015bci podlegaj\u0105cych kontroli), <\/li>\n\n\n\n<li> innych urz\u0119dach obs\u0142uguj\u0105cych organy Krajowej Administracji Skarbowej. <\/li>\n<\/ul>\n\n\n\n<h2 class=\"wp-block-heading\"><strong>Czas prowadzenia kontroli<\/strong><\/h2>\n\n\n\n<p>Kontrola celno-skarbowa powinna by\u0107 zako\u0144czona bez zb\u0119dnej zw\u0142oki, jednak nie p\u00f3\u017aniej ni\u017c w terminie 3 miesi\u0119cy od dnia jej wszcz\u0119cia. Przy czym podobnie jak w przypadku kontroli podatkowej, organ podatkowy mo\u017ce ten termin przed\u0142u\u017cy\u0107. O ka\u017cdym przypadku niezako\u0144czenia kontroli celno-skarbowej we w\u0142a\u015bciwym terminie powinni\u015bmy jednak zosta\u0107 zawiadomieni na pi\u015bmie, ze wskazaniem przyczyn przed\u0142u\u017cenia terminu zako\u0144czenia kontroli celno-skarbowej i nowego terminu jej zako\u0144czenia.  <\/p>\n\n\n\n<p>Je\u017celi nie zosta\u0142 wskazany nowy termin zako\u0144czenia kontroli, dokumenty zgromadzone po up\u0142ywie powy\u017cszych termin\u00f3w nie stanowi\u0105 dowodu w kontroli celno-skarbowej, post\u0119powaniu podatkowym, post\u0119powaniu celnym lub post\u0119powaniu karnym skarbowym. Nie dotyczy to jednak dokument\u00f3w, o kt\u00f3rych udost\u0119pnienie wyst\u0105piono przed ich up\u0142ywem.<\/p>\n\n\n\n<p>Kontrola celno-skarbowa ko\u0144czy si\u0119 wraz z dor\u0119czeniem wyniku kontroli. Wi\u0119cej na ten temat dowiesz si\u0119 w artykule <a href=\"https:\/\/pragmatiq.pl\/kontrolowana\/wynik-kontroli-celno-skarbowej\/\" target=\"_blank\" rel=\"noopener\" title=\"\"><em>Wynik kontroli celno-skarbowej<\/em><\/a>.<\/p>\n\n\n\n<figure class=\"wp-block-table standalone-table\"><table><tbody><tr><td><strong>WA\u017bNE<\/strong><br> Do kontroli celno-skarbowej nie stosuje si\u0119 przepis\u00f3w ustawy<br> Prawo przedsi\u0119biorc\u00f3w w zakresie dot. limitu \u0142\u0105cznego czasu<br> trwania kontroli w ci\u0105gu roku kalendarzowego.<\/td><\/tr><\/tbody><\/table><\/figure>\n\n\n\n<p>Wy\u0142\u0105czenie stosowania przepis\u00f3w dot. limitu czasu trwania kontroli w ci\u0105gu roku oznacza, \u017ce organy podatkowe zwi\u0105zane s\u0105 jedynie 3 miesi\u0119cznym terminem, o kt\u00f3rym mowa w ustawie o Krajowej Administracji Skarbowej. Z uwagi na mo\u017cliwo\u015b\u0107 przed\u0142u\u017cania tego terminu, kontrola celno-skarbowa u przedsi\u0119biorc\u00f3w trwa miesi\u0105cami lub nawet latami.<\/p>\n\n\n\n<p>Czeka Ci\u0119 kontrola rozlicze\u0144 podatkowych? Skontaktuj si\u0119 z ekspertami z PragmatIQ.<\/p>\n\n\n\n<p>Wojciech Czernik<br>Micha\u0142 Markiewicz <\/p>\n\n\n\n<p><\/p>\n","protected":false},"excerpt":{"rendered":"<p>Podobnie jak w przypadku kontroli podatkowej, czynno\u015bci w ramach kontroli celno-skarbowej mog\u0105 by\u0107 przeprowadzane jedynie w okre\u015blonych miejscach. Co istotne, do kontroli celno-skarbowej nie stosuje si\u0119 przepis\u00f3w ustawy Prawo przedsi\u0119biorc\u00f3w w zakresie limitu \u0142\u0105cznego czasu trwania kontroli w ci\u0105gu roku kalendarzowego. Miejsce prowadzenia kontroli Czynno\u015bci kontrolne w ramach kontroli celno-skarbowej mog\u0105 by\u0107 wykonywane w: Czas &hellip; <\/p>\n<p class=\"link-more\"><a href=\"https:\/\/pragmatiq.pl\/kontrolowana\/miejsce-i-czas-prowadzenia-kontroli-celno-skarbowej\/\" class=\"more-link\">Continue reading<span class=\"screen-reader-text\"> &#8222;Miejsce i czas prowadzenia kontroli celno-skarbowej&#8221;<\/span><\/a><\/p>\n","protected":false},"author":8,"featured_media":0,"comment_status":"open","ping_status":"open","sticky":false,"template":"","format":"standard","meta":{"footnotes":""},"categories":[1],"tags":[10],"class_list":["post-436","post","type-post","status-publish","format-standard","hentry","category-bez-kategorii","tag-kontrola-celno-skarbowa"],"aioseo_notices":[],"_links":{"self":[{"href":"https:\/\/pragmatiq.pl\/kontrolowana\/wp-json\/wp\/v2\/posts\/436","targetHints":{"allow":["GET"]}}],"collection":[{"href":"https:\/\/pragmatiq.pl\/kontrolowana\/wp-json\/wp\/v2\/posts"}],"about":[{"href":"https:\/\/pragmatiq.pl\/kontrolowana\/wp-json\/wp\/v2\/types\/post"}],"author":[{"embeddable":true,"href":"https:\/\/pragmatiq.pl\/kontrolowana\/wp-json\/wp\/v2\/users\/8"}],"replies":[{"embeddable":true,"href":"https:\/\/pragmatiq.pl\/kontrolowana\/wp-json\/wp\/v2\/comments?post=436"}],"version-history":[{"count":10,"href":"https:\/\/pragmatiq.pl\/kontrolowana\/wp-json\/wp\/v2\/posts\/436\/revisions"}],"predecessor-version":[{"id":859,"href":"https:\/\/pragmatiq.pl\/kontrolowana\/wp-json\/wp\/v2\/posts\/436\/revisions\/859"}],"wp:attachment":[{"href":"https:\/\/pragmatiq.pl\/kontrolowana\/wp-json\/wp\/v2\/media?parent=436"}],"wp:term":[{"taxonomy":"category","embeddable":true,"href":"https:\/\/pragmatiq.pl\/kontrolowana\/wp-json\/wp\/v2\/categories?post=436"},{"taxonomy":"post_tag","embeddable":true,"href":"https:\/\/pragmatiq.pl\/kontrolowana\/wp-json\/wp\/v2\/tags?post=436"}],"curies":[{"name":"wp","href":"https:\/\/api.w.org\/{rel}","templated":true}]}}