{"id":25,"date":"2019-03-12T15:27:35","date_gmt":"2019-03-12T14:27:35","guid":{"rendered":"http:\/\/kontrolowana.pl\/?p=25"},"modified":"2025-09-11T15:30:07","modified_gmt":"2025-09-11T13:30:07","slug":"skarga-do-sadu-administracyjnego-2","status":"publish","type":"post","link":"https:\/\/pragmatiq.pl\/kontrolowana\/skarga-do-sadu-administracyjnego-2\/","title":{"rendered":"Skarga do s\u0105du administracyjnego"},"content":{"rendered":"\n<p><strong>Na decyzj\u0119 wydan\u0105 przez dyrektora izby administracji skarbowej, czy te\u017c naczelnika urz\u0119du celno-skarbowego &#8211; dzia\u0142aj\u0105cego jako&nbsp;organ drugiej instancji &#8211; przys\u0142uguje skarga do wojew\u00f3dzkiego s\u0105du administracyjnego. Aby jednak s\u0105d rozpatrzy\u0142 nasz\u0105 skarg\u0119, musi ona spe\u0142nia\u0107 szereg wymog\u00f3w dotycz\u0105cych tre\u015bci oraz terminu i sposobu jej wniesienia.<\/strong><\/p>\n\n\n\n<h2 class=\"wp-block-heading\"><strong>Skarga na decyzj\u0119\norganu podatkowego<\/strong><\/h2>\n\n\n\n<p>Je\u017celi nie zgadzamy si\u0119 z\nrozstrzygni\u0119ciem organu drugiej instancji, mo\u017cemy zaskar\u017cy\u0107 wydan\u0105 decyzj\u0119 do\nwojew\u00f3dzkiego s\u0105du administracyjnego. Termin na wniesienie skargi wynosi 30 dni\nod dnia dor\u0119czenia decyzji przez ten organ. Co wa\u017cne, skarg\u0119 wnosi si\u0119 za\npo\u015brednictwem organu, kt\u00f3ry wyda\u0142 decyzj\u0119. Nast\u0119pnie organ ten ma obowi\u0105zek\nprzekaza\u0107 j\u0105 w\u0142a\u015bciwemu s\u0105dowi wraz z aktami sprawy oraz odpowiedzi\u0105 na skarg\u0119.\nPodobnie jak odwo\u0142anie od decyzji, skarga do s\u0105du administracyjnego powinna\nspe\u0142nia\u0107 okre\u015blone wymogi formalne.<\/p>\n\n\n\n<p>O wymogach formalnych odwo\u0142ania od decyzji dowiesz si\u0119 w artykule <em><a href=\"https:\/\/pragmatiq.pl\/kontrolowana\/odwolanie-od-decyzji-podatkowej\/\" target=\"_blank\" rel=\"noopener\" title=\"\">Odwo\u0142anie od decyzji podatkowej<\/a><\/em>.<\/p>\n\n\n\n<center><table class=\"wp-block-table\" style=\"margin-bottom: 25px; width:auto\"><tbody><tr><td style=\"border: 1px solid #000;padding: 20px;\"><strong>Skarga do wojew\u00f3dzkiego s\u0105du administracyjnego powinna zawiera\u0107:<\/strong><br>1) oznaczenie s\u0105du, do kt\u00f3rego kierowana jest skarga; <br>2) imi\u0119 i nazwisko (lub nazw\u0119) oraz adres skar\u017c\u0105cego, jego przedstawiciela ustawowego i pe\u0142nomocnik\u00f3w; <br>3) oznaczenie (nazw\u0119 i adres) organu, kt\u00f3rego dzia\u0142ania dotyczy skarga; <br>4) wskazanie zaskar\u017conej decyzji; <br>5) okre\u015blenie warto\u015bci przedmiotu zaskar\u017cenia (je\u017celi przedmiotem sporu s\u0105 nale\u017cno\u015bci pieni\u0119\u017cne); <br>6) oznaczenie rodzaju pisma (skarga) oraz zasadnicz\u0105 tre\u015b\u0107; <br>7) okre\u015blenie naruszenia prawa lub interesu prawnego; <br>8) podpis skar\u017c\u0105cego albo przedstawiciela ustawowego lub pe\u0142nomocnika; <br>9) wymienienie za\u0142\u0105cznik\u00f3w.<br><\/td><\/tr><\/tbody><\/table><\/center>\n\n\n\n<p><\/p>\n\n\n\n<p>Od skargi do s\u0105du administracyjnego pobiera si\u0119 wpis. W sprawach dotycz\u0105cych nale\u017cno\u015bci pieni\u0119\u017cnych pobierany jest wpis stosunkowy, kt\u00f3rego wysoko\u015b\u0107 uzale\u017cniona jest od warto\u015bci przedmiotu zaskar\u017cenia. W pozosta\u0142ych sprawach pobiera si\u0119 natomiast wpis sta\u0142y. Do skargi nale\u017cy do\u0142\u0105czy\u0107 potwierdzenie uiszczenia ww. op\u0142aty. W przypadku, gdy stron\u0105 skar\u017c\u0105c\u0105 jest sp\u00f3\u0142ka, do skargi za\u0142\u0105cza si\u0119 r\u00f3wnie\u017c odpis z rejestru przedsi\u0119biorc\u00f3w KRS. Co wi\u0119cej, do skargi zawsze nale\u017cy do\u0142\u0105czy\u0107 tak\u017ce jej odpis wraz z odpisami za\u0142\u0105cznik\u00f3w.<\/p>\n\n\n\n<p>Je\u015bli skarga nie spe\u0142nia\npowy\u017cszych wymog\u00f3w, s\u0105d wzywa do jej uzupe\u0142nienia lub poprawienia. Termin na\nuzupe\u0142nienie brak\u00f3w formalnych wynosi 7 dni od dnia dor\u0119czenia wezwania. W razie\nniedochowania tego terminu skarga pozostanie bez rozpoznania. <\/p>\n\n\n\n<h2 class=\"wp-block-heading\"><strong>Wyrok s\u0105du\nadministracyjnego<\/strong><\/h2>\n\n\n\n<p>Wojew\u00f3dzki s\u0105d administracyjny\nrozstrzyga spraw\u0119 wyrokiem. Og\u0142oszenie wyroku powinno nast\u0105pi\u0107 na posiedzeniu,\nna kt\u00f3rym zamkni\u0119to rozpraw\u0119. W zawi\u0142ej sprawie s\u0105d mo\u017ce odroczy\u0107 jednak\nog\u0142oszenie wyroku na czas do czternastu dni. Termin ten mo\u017ce by\u0107 przed\u0142u\u017cony\ntylko raz i co najwy\u017cej o siedem dni.<\/p>\n\n\n\n<p><strong>W wyroku s\u0105d mo\u017ce uchyli\u0107 decyzj\u0119 w ca\u0142o\u015bci lub w cz\u0119\u015bci, stwierdzi\u0107\nniewa\u017cno\u015b\u0107 decyzji albo stwierdzi\u0107 wydanie decyzji z naruszeniem prawa. W razie\nnieuwzgl\u0119dnienia skargi s\u0105d oddala skarg\u0119 w ca\u0142o\u015bci lub w cz\u0119\u015bci.<\/strong><\/p>\n\n\n\n<p>S\u0105d co do zasady w terminie 14\ndni od dnia og\u0142oszenia wyroku sporz\u0105dza jego uzasadnienie. W sprawach, w\nkt\u00f3rych skarg\u0119 oddalono, uzasadnienie wyroku sporz\u0105dzane jest na wniosek\nstrony. Termin na zg\u0142oszenie wniosku o sporz\u0105dzenie uzasadnienia wynosi 7 dni\nod dnia og\u0142oszenia wyroku albo dor\u0119czenia odpisu sentencji. Jest to bardzo\nistotne, poniewa\u017c w przypadku niezg\u0142oszenia wniosku w wyznaczonym terminie nie\nb\u0119dziemy mieli mo\u017cliwo\u015bci wniesienia skargi kasacyjnej do Naczelnego S\u0105du\nAdministracyjnego, a wyrok wojew\u00f3dzkiego s\u0105du administracyjnego stanie si\u0119\nprawomocny.<\/p>\n\n\n\n<p>Nie zgadzasz si\u0119 z decyzj\u0105 organu podatkowego i chcia\u0142by\u015b wnie\u015b\u0107 skarg\u0119 do s\u0105du administracyjnego? Skontaktuj si\u0119 ze specjalistami Kancelarii PragmatIQ.<\/p>\n\n\n\n<p>Wojciech Czernik<br>Micha\u0142 Markiewicz<\/p>\n\n\n\n<p><\/p>\n","protected":false},"excerpt":{"rendered":"<p>Na decyzj\u0119 wydan\u0105 przez dyrektora izby administracji skarbowej, czy te\u017c naczelnika urz\u0119du celno-skarbowego &#8211; dzia\u0142aj\u0105cego jako&nbsp;organ drugiej instancji &#8211; przys\u0142uguje skarga do wojew\u00f3dzkiego s\u0105du administracyjnego. Aby jednak s\u0105d rozpatrzy\u0142 nasz\u0105 skarg\u0119, musi ona spe\u0142nia\u0107 szereg wymog\u00f3w dotycz\u0105cych tre\u015bci oraz terminu i sposobu jej wniesienia. Skarga na decyzj\u0119 organu podatkowego Je\u017celi nie zgadzamy si\u0119 z rozstrzygni\u0119ciem &hellip; <\/p>\n<p class=\"link-more\"><a href=\"https:\/\/pragmatiq.pl\/kontrolowana\/skarga-do-sadu-administracyjnego-2\/\" class=\"more-link\">Continue reading<span class=\"screen-reader-text\"> &#8222;Skarga do s\u0105du administracyjnego&#8221;<\/span><\/a><\/p>\n","protected":false},"author":8,"featured_media":44,"comment_status":"open","ping_status":"open","sticky":false,"template":"","format":"standard","meta":{"footnotes":""},"categories":[13],"tags":[4,12],"class_list":["post-25","post","type-post","status-publish","format-standard","has-post-thumbnail","hentry","category-home","tag-kontrola-podatkowa","tag-protokol-kontroli"],"aioseo_notices":[],"_links":{"self":[{"href":"https:\/\/pragmatiq.pl\/kontrolowana\/wp-json\/wp\/v2\/posts\/25","targetHints":{"allow":["GET"]}}],"collection":[{"href":"https:\/\/pragmatiq.pl\/kontrolowana\/wp-json\/wp\/v2\/posts"}],"about":[{"href":"https:\/\/pragmatiq.pl\/kontrolowana\/wp-json\/wp\/v2\/types\/post"}],"author":[{"embeddable":true,"href":"https:\/\/pragmatiq.pl\/kontrolowana\/wp-json\/wp\/v2\/users\/8"}],"replies":[{"embeddable":true,"href":"https:\/\/pragmatiq.pl\/kontrolowana\/wp-json\/wp\/v2\/comments?post=25"}],"version-history":[{"count":14,"href":"https:\/\/pragmatiq.pl\/kontrolowana\/wp-json\/wp\/v2\/posts\/25\/revisions"}],"predecessor-version":[{"id":840,"href":"https:\/\/pragmatiq.pl\/kontrolowana\/wp-json\/wp\/v2\/posts\/25\/revisions\/840"}],"wp:featuredmedia":[{"embeddable":true,"href":"https:\/\/pragmatiq.pl\/kontrolowana\/wp-json\/wp\/v2\/media\/44"}],"wp:attachment":[{"href":"https:\/\/pragmatiq.pl\/kontrolowana\/wp-json\/wp\/v2\/media?parent=25"}],"wp:term":[{"taxonomy":"category","embeddable":true,"href":"https:\/\/pragmatiq.pl\/kontrolowana\/wp-json\/wp\/v2\/categories?post=25"},{"taxonomy":"post_tag","embeddable":true,"href":"https:\/\/pragmatiq.pl\/kontrolowana\/wp-json\/wp\/v2\/tags?post=25"}],"curies":[{"name":"wp","href":"https:\/\/api.w.org\/{rel}","templated":true}]}}